
{"id":23734,"date":"2013-11-12T09:40:41","date_gmt":"2013-11-12T11:40:41","guid":{"rendered":"http:\/\/www.oarcanjo.net\/site\/?p=23734"},"modified":"2013-11-12T09:46:41","modified_gmt":"2013-11-12T11:46:41","slug":"frutos-do-ano-da-fe","status":"publish","type":"post","link":"https:\/\/www.oarcanjo.net\/site\/frutos-do-ano-da-fe\/","title":{"rendered":"Frutos do Ano da F\u00e9"},"content":{"rendered":"<p><em>Cardeal Odilo Pedro Scherer<\/em><\/p>\n<p><em>No pr\u00f3ximo dia 24 de novembro, Domingo de Cristo Rei, ser\u00e1 celebrado o encerramento do Ano da F\u00e9. Em muitas igrejas, mais uma vez, as comunidades far\u00e3o a solene renova\u00e7\u00e3o da profiss\u00e3o da f\u00e9.<\/em><\/p>\n<p>H\u00e1, nesse ato, uma for\u00e7a testemunhal muito expressiva: de fato, n\u00e3o cremos apenas de modo individual e subjetivo, mas em comunidade, juntamente com muitos outros, que professam a mesma f\u00e9. A Igreja \u00e9 uma grande comunidade de f\u00e9, formada de in\u00fameras comunidades menores e, finalmente, de pessoas, que cr\u00eaem pessoalmente e vivem a comunh\u00e3o de f\u00e9 com grande comunidade eclesial.<\/p>\n<p>N\u00e3o cremos sozinhos, mas com a Igreja toda; e cremos como a Igreja cr\u00ea &#8211; a Igreja que vive hoje neste mundo e tamb\u00e9m a Igreja celeste! S\u00e3o incalcul\u00e1veis aqueles que viveram esta mesma f\u00e9 e j\u00e1 nos precederam na \u201ccasa do Pai\u201d. Eles s\u00e3o nossos irm\u00e3os na f\u00e9, testemunhas e exemplos de f\u00e9, que continuam a nos ajudar a prosseguir e perseverar no caminho da f\u00e9. Estamos, pois em boa companhia e bem amparados!<\/p>\n<p>O Ano da F\u00e9 foi uma b\u00ean\u00e7\u00e3o, pois nos ajudou a tomar consci\u00eancia renovada da preciosidade da f\u00e9 da Igreja e da import\u00e2ncia de profess\u00e1-la com convic\u00e7\u00e3o e alegria. O Ano da F\u00e9 termina, mas a viv\u00eancia da f\u00e9 continua; temos agora o nosso compromisso de testemunhar a f\u00e9 com intensidade e de traduzir a f\u00e9 em frutos de vida crist\u00e3. N\u00e3o basta ter iniciado bem o caminho: \u00e9 preciso perseverar nele, para alcan\u00e7ar a meta da nossa f\u00e9: a vida eterna e a comunh\u00e3o plena com Deus.<\/p>\n<p>Primeiros frutos da f\u00e9 deveriam ser a gratid\u00e3o e alegria. A f\u00e9 \u00e9 um dom precioso, recebido de Deus, e que requer a nossa resposta di\u00e1ria atrav\u00e9s das atitudes de f\u00e9. A f\u00e9 leva a viver em cont\u00ednua sintonia e comunh\u00e3o com Deus e a ter as luzes de Deus (\u201clumen fidei\u201d), para iluminar todas as circunst\u00e2ncias da vida. A f\u00e9 ajuda a discernir para fazer as escolhas certas. Viver a f\u00e9 \u00e9 viver unidos a Deus; \u00e9 viver \u201cpor Cristo, com Cristo e em Cristo\u201d, para usar a express\u00e3o de S\u00e3o Paulo.<\/p>\n<p>Outra conseq\u00fc\u00eancia do Ano da F\u00e9 dever\u00e1 ser o cultivo da f\u00e9. Podemos imaginar a f\u00e9 como uma planta, que precisa ser cultivada para viver, florescer e produzir frutos. A f\u00e9 precisa ser alimentada no encontro pessoal frequente com Deus na ora\u00e7\u00e3o. Sem ora\u00e7\u00e3o, a f\u00e9 enfraquece e morre, como a planta, que n\u00e3o recebe \u00e1gua. Alimento essencial da f\u00e9 \u00e9 tamb\u00e9m a Palavra de Deus, acolhida quer na Liturgia, quer em outras ocasi\u00f5es, como tamb\u00e9m na leitura pessoal e orante da Sagrada Escritura.<\/p>\n<p>Para crescer e amadurecer, a f\u00e9 precisa ser esclarecida mediante o estudo; de fato, nossa f\u00e9 tamb\u00e9m se expressa em conte\u00fados e afirma\u00e7\u00f5es; n\u00e3o \u00e9 mero sentimento, mas tamb\u00e9m afirma\u00e7\u00e3o e convic\u00e7\u00e3o. Para ter uma compreens\u00e3o melhor da f\u00e9 da nossa Igreja, \u00e9 importante ler e conhecer o Catecismo da Igreja Cat\u00f3lica; ele \u00e9 a explica\u00e7\u00e3o que a pr\u00f3pria Igreja d\u00e1 oficialmente sobre os motivos e as bases da nossa f\u00e9, sobre seus conte\u00fados, sobre como a f\u00e9 \u00e9 celebrada na Liturgia e nos Sacramentos, sobre as conseq\u00fc\u00eancias da f\u00e9 para sua vida, mediante a observ\u00e2ncia dos mandamentos e sobre como a f\u00e9 \u00e9 traduzida no testemunho e na viv\u00eancia di\u00e1ria.<\/p>\n<p>Finalmente, a f\u00e9 verdadeira produz frutos, que s\u00e3o as \u201cobras da f\u00e9\u201d, sem as quais ela seria est\u00e9ril: \u201ca f\u00e9 , sem obras, \u00e9 morta em sim mesma\u201d, afirma S.Tiago. Frutos da f\u00e9 s\u00e3o as boas obras da justi\u00e7a, caridade e solidariedade, que revelam a fecundidade e autenticidade da f\u00e9. S\u00e3o ainda as virtudes humanas e crist\u00e3s, que traduzem o jeito de viver de quem est\u00e1 em sintonia com Deus. \u00c9 tamb\u00e9m a pr\u00e1tica sincera e perseverante da religi\u00e3o, express\u00e3o da adora\u00e7\u00e3o e do louvor de Deus.<\/p>\n<p><em>Publicado em O S\u00c3O PAULO, ed. 12\/11\/2013<\/em><\/p>\n<div id=\"themify_builder_content-23734\" data-postid=\"23734\" class=\"themify_builder_content themify_builder_content-23734 themify_builder themify_builder_front\">\n\t<\/div>\n<!-- \/themify_builder_content -->","protected":false},"excerpt":{"rendered":"<p>Cardeal Odilo Pedro Scherer No pr\u00f3ximo dia 24 de novembro, Domingo de Cristo Rei, ser\u00e1 celebrado o encerramento do Ano da F\u00e9. Em muitas igrejas, mais uma vez, as comunidades far\u00e3o a solene renova\u00e7\u00e3o da profiss\u00e3o da f\u00e9. H\u00e1, nesse ato, uma for\u00e7a testemunhal muito expressiva: de fato, n\u00e3o cremos apenas de modo individual e [&hellip;]<\/p>\n","protected":false},"author":5,"featured_media":0,"comment_status":"open","ping_status":"open","sticky":false,"template":"","format":"standard","meta":{"ngg_post_thumbnail":0,"footnotes":""},"categories":[9],"tags":[3213,156,24,2752,2812,2813,481],"yoast_head":"<!-- This site is optimized with the Yoast SEO plugin v23.5 - https:\/\/yoast.com\/wordpress\/plugins\/seo\/ -->\n<title>Frutos do Ano da F\u00e9 - O Arcanjo no ar<\/title>\n<meta name=\"robots\" content=\"index, follow, max-snippet:-1, max-image-preview:large, max-video-preview:-1\" \/>\n<link rel=\"canonical\" href=\"https:\/\/www.oarcanjo.net\/site\/frutos-do-ano-da-fe\/\" \/>\n<meta property=\"og:locale\" content=\"pt_BR\" \/>\n<meta property=\"og:type\" content=\"article\" \/>\n<meta property=\"og:title\" content=\"Frutos do Ano da F\u00e9 - O Arcanjo no ar\" \/>\n<meta property=\"og:description\" content=\"Cardeal Odilo Pedro Scherer No pr\u00f3ximo dia 24 de novembro, Domingo de Cristo Rei, ser\u00e1 celebrado o encerramento do Ano da F\u00e9. Em muitas igrejas, mais uma vez, as comunidades far\u00e3o a solene renova\u00e7\u00e3o da profiss\u00e3o da f\u00e9. H\u00e1, nesse ato, uma for\u00e7a testemunhal muito expressiva: de fato, n\u00e3o cremos apenas de modo individual e [&hellip;]\" \/>\n<meta property=\"og:url\" content=\"https:\/\/www.oarcanjo.net\/site\/frutos-do-ano-da-fe\/\" \/>\n<meta property=\"og:site_name\" content=\"O Arcanjo no ar\" \/>\n<meta property=\"article:publisher\" content=\"https:\/\/www.facebook.com\/OArcanjoNoAr\/\" \/>\n<meta property=\"article:published_time\" content=\"2013-11-12T11:40:41+00:00\" \/>\n<meta property=\"article:modified_time\" content=\"2013-11-12T11:46:41+00:00\" \/>\n<meta property=\"og:image\" content=\"https:\/\/www.oarcanjo.net\/site\/wp-content\/uploads\/logo-o-arcanjo-no-ar-facebook.png\" \/>\n\t<meta property=\"og:image:width\" content=\"300\" \/>\n\t<meta property=\"og:image:height\" content=\"300\" \/>\n\t<meta property=\"og:image:type\" content=\"image\/png\" \/>\n<meta name=\"author\" content=\"editor\" \/>\n<meta name=\"twitter:card\" content=\"summary_large_image\" \/>\n<meta name=\"twitter:label1\" content=\"Escrito por\" \/>\n\t<meta name=\"twitter:data1\" content=\"editor\" \/>\n\t<meta name=\"twitter:label2\" content=\"Est. tempo de leitura\" \/>\n\t<meta name=\"twitter:data2\" content=\"3 minutos\" \/>\n<script type=\"application\/ld+json\" class=\"yoast-schema-graph\">{\"@context\":\"https:\/\/schema.org\",\"@graph\":[{\"@type\":\"Article\",\"@id\":\"https:\/\/www.oarcanjo.net\/site\/frutos-do-ano-da-fe\/#article\",\"isPartOf\":{\"@id\":\"https:\/\/www.oarcanjo.net\/site\/frutos-do-ano-da-fe\/\"},\"author\":{\"name\":\"editor\",\"@id\":\"https:\/\/www.oarcanjo.net\/site\/#\/schema\/person\/f7024d007863202483a31326673a0838\"},\"headline\":\"Frutos do Ano da F\u00e9\",\"datePublished\":\"2013-11-12T11:40:41+00:00\",\"dateModified\":\"2013-11-12T11:46:41+00:00\",\"mainEntityOfPage\":{\"@id\":\"https:\/\/www.oarcanjo.net\/site\/frutos-do-ano-da-fe\/\"},\"wordCount\":701,\"commentCount\":0,\"publisher\":{\"@id\":\"https:\/\/www.oarcanjo.net\/site\/#organization\"},\"keywords\":[\"Ano da F\u00e9\",\"comunh\u00e3o\",\"comunidade\",\"Domingo de Cristo Rei\",\"Obras da f\u00e9\",\"Profiss\u00e3o da f\u00e9\",\"renova\u00e7\u00e3o\"],\"articleSection\":[\"Reflex\u00f5es\"],\"inLanguage\":\"pt-BR\",\"potentialAction\":[{\"@type\":\"CommentAction\",\"name\":\"Comment\",\"target\":[\"https:\/\/www.oarcanjo.net\/site\/frutos-do-ano-da-fe\/#respond\"]}]},{\"@type\":\"WebPage\",\"@id\":\"https:\/\/www.oarcanjo.net\/site\/frutos-do-ano-da-fe\/\",\"url\":\"https:\/\/www.oarcanjo.net\/site\/frutos-do-ano-da-fe\/\",\"name\":\"Frutos do Ano da F\u00e9 - O Arcanjo no ar\",\"isPartOf\":{\"@id\":\"https:\/\/www.oarcanjo.net\/site\/#website\"},\"datePublished\":\"2013-11-12T11:40:41+00:00\",\"dateModified\":\"2013-11-12T11:46:41+00:00\",\"breadcrumb\":{\"@id\":\"https:\/\/www.oarcanjo.net\/site\/frutos-do-ano-da-fe\/#breadcrumb\"},\"inLanguage\":\"pt-BR\",\"potentialAction\":[{\"@type\":\"ReadAction\",\"target\":[\"https:\/\/www.oarcanjo.net\/site\/frutos-do-ano-da-fe\/\"]}]},{\"@type\":\"BreadcrumbList\",\"@id\":\"https:\/\/www.oarcanjo.net\/site\/frutos-do-ano-da-fe\/#breadcrumb\",\"itemListElement\":[{\"@type\":\"ListItem\",\"position\":1,\"name\":\"In\u00edcio\",\"item\":\"https:\/\/www.oarcanjo.net\/site\/\"},{\"@type\":\"ListItem\",\"position\":2,\"name\":\"Frutos do Ano da F\u00e9\"}]},{\"@type\":\"WebSite\",\"@id\":\"https:\/\/www.oarcanjo.net\/site\/#website\",\"url\":\"https:\/\/www.oarcanjo.net\/site\/\",\"name\":\"O Arcanjo no ar\",\"description\":\"Site da Par\u00f3quia S\u00e3o Miguel Arcanjo (Arquidiocese de SP)\",\"publisher\":{\"@id\":\"https:\/\/www.oarcanjo.net\/site\/#organization\"},\"potentialAction\":[{\"@type\":\"SearchAction\",\"target\":{\"@type\":\"EntryPoint\",\"urlTemplate\":\"https:\/\/www.oarcanjo.net\/site\/?s={search_term_string}\"},\"query-input\":{\"@type\":\"PropertyValueSpecification\",\"valueRequired\":true,\"valueName\":\"search_term_string\"}}],\"inLanguage\":\"pt-BR\"},{\"@type\":\"Organization\",\"@id\":\"https:\/\/www.oarcanjo.net\/site\/#organization\",\"name\":\"Par\u00f3quia S\u00e3o Miguel Arcanjo\",\"url\":\"https:\/\/www.oarcanjo.net\/site\/\",\"logo\":{\"@type\":\"ImageObject\",\"inLanguage\":\"pt-BR\",\"@id\":\"https:\/\/www.oarcanjo.net\/site\/#\/schema\/logo\/image\/\",\"url\":\"https:\/\/www.oarcanjo.net\/site\/wp-content\/uploads\/LogoOArcanjo.png\",\"contentUrl\":\"https:\/\/www.oarcanjo.net\/site\/wp-content\/uploads\/LogoOArcanjo.png\",\"width\":319,\"height\":99,\"caption\":\"Par\u00f3quia S\u00e3o Miguel Arcanjo\"},\"image\":{\"@id\":\"https:\/\/www.oarcanjo.net\/site\/#\/schema\/logo\/image\/\"},\"sameAs\":[\"https:\/\/www.facebook.com\/OArcanjoNoAr\/\"]},{\"@type\":\"Person\",\"@id\":\"https:\/\/www.oarcanjo.net\/site\/#\/schema\/person\/f7024d007863202483a31326673a0838\",\"name\":\"editor\",\"sameAs\":[\"http:\/\/www.oarcanjo.net\"]}]}<\/script>\n<!-- \/ Yoast SEO plugin. -->","yoast_head_json":{"title":"Frutos do Ano da F\u00e9 - O Arcanjo no ar","robots":{"index":"index","follow":"follow","max-snippet":"max-snippet:-1","max-image-preview":"max-image-preview:large","max-video-preview":"max-video-preview:-1"},"canonical":"https:\/\/www.oarcanjo.net\/site\/frutos-do-ano-da-fe\/","og_locale":"pt_BR","og_type":"article","og_title":"Frutos do Ano da F\u00e9 - O Arcanjo no ar","og_description":"Cardeal Odilo Pedro Scherer No pr\u00f3ximo dia 24 de novembro, Domingo de Cristo Rei, ser\u00e1 celebrado o encerramento do Ano da F\u00e9. Em muitas igrejas, mais uma vez, as comunidades far\u00e3o a solene renova\u00e7\u00e3o da profiss\u00e3o da f\u00e9. H\u00e1, nesse ato, uma for\u00e7a testemunhal muito expressiva: de fato, n\u00e3o cremos apenas de modo individual e [&hellip;]","og_url":"https:\/\/www.oarcanjo.net\/site\/frutos-do-ano-da-fe\/","og_site_name":"O Arcanjo no ar","article_publisher":"https:\/\/www.facebook.com\/OArcanjoNoAr\/","article_published_time":"2013-11-12T11:40:41+00:00","article_modified_time":"2013-11-12T11:46:41+00:00","og_image":[{"width":300,"height":300,"url":"https:\/\/www.oarcanjo.net\/site\/wp-content\/uploads\/logo-o-arcanjo-no-ar-facebook.png","type":"image\/png"}],"author":"editor","twitter_card":"summary_large_image","twitter_misc":{"Escrito por":"editor","Est. tempo de leitura":"3 minutos"},"schema":{"@context":"https:\/\/schema.org","@graph":[{"@type":"Article","@id":"https:\/\/www.oarcanjo.net\/site\/frutos-do-ano-da-fe\/#article","isPartOf":{"@id":"https:\/\/www.oarcanjo.net\/site\/frutos-do-ano-da-fe\/"},"author":{"name":"editor","@id":"https:\/\/www.oarcanjo.net\/site\/#\/schema\/person\/f7024d007863202483a31326673a0838"},"headline":"Frutos do Ano da F\u00e9","datePublished":"2013-11-12T11:40:41+00:00","dateModified":"2013-11-12T11:46:41+00:00","mainEntityOfPage":{"@id":"https:\/\/www.oarcanjo.net\/site\/frutos-do-ano-da-fe\/"},"wordCount":701,"commentCount":0,"publisher":{"@id":"https:\/\/www.oarcanjo.net\/site\/#organization"},"keywords":["Ano da F\u00e9","comunh\u00e3o","comunidade","Domingo de Cristo Rei","Obras da f\u00e9","Profiss\u00e3o da f\u00e9","renova\u00e7\u00e3o"],"articleSection":["Reflex\u00f5es"],"inLanguage":"pt-BR","potentialAction":[{"@type":"CommentAction","name":"Comment","target":["https:\/\/www.oarcanjo.net\/site\/frutos-do-ano-da-fe\/#respond"]}]},{"@type":"WebPage","@id":"https:\/\/www.oarcanjo.net\/site\/frutos-do-ano-da-fe\/","url":"https:\/\/www.oarcanjo.net\/site\/frutos-do-ano-da-fe\/","name":"Frutos do Ano da F\u00e9 - O Arcanjo no ar","isPartOf":{"@id":"https:\/\/www.oarcanjo.net\/site\/#website"},"datePublished":"2013-11-12T11:40:41+00:00","dateModified":"2013-11-12T11:46:41+00:00","breadcrumb":{"@id":"https:\/\/www.oarcanjo.net\/site\/frutos-do-ano-da-fe\/#breadcrumb"},"inLanguage":"pt-BR","potentialAction":[{"@type":"ReadAction","target":["https:\/\/www.oarcanjo.net\/site\/frutos-do-ano-da-fe\/"]}]},{"@type":"BreadcrumbList","@id":"https:\/\/www.oarcanjo.net\/site\/frutos-do-ano-da-fe\/#breadcrumb","itemListElement":[{"@type":"ListItem","position":1,"name":"In\u00edcio","item":"https:\/\/www.oarcanjo.net\/site\/"},{"@type":"ListItem","position":2,"name":"Frutos do Ano da F\u00e9"}]},{"@type":"WebSite","@id":"https:\/\/www.oarcanjo.net\/site\/#website","url":"https:\/\/www.oarcanjo.net\/site\/","name":"O Arcanjo no ar","description":"Site da Par\u00f3quia S\u00e3o Miguel Arcanjo (Arquidiocese de SP)","publisher":{"@id":"https:\/\/www.oarcanjo.net\/site\/#organization"},"potentialAction":[{"@type":"SearchAction","target":{"@type":"EntryPoint","urlTemplate":"https:\/\/www.oarcanjo.net\/site\/?s={search_term_string}"},"query-input":{"@type":"PropertyValueSpecification","valueRequired":true,"valueName":"search_term_string"}}],"inLanguage":"pt-BR"},{"@type":"Organization","@id":"https:\/\/www.oarcanjo.net\/site\/#organization","name":"Par\u00f3quia S\u00e3o Miguel Arcanjo","url":"https:\/\/www.oarcanjo.net\/site\/","logo":{"@type":"ImageObject","inLanguage":"pt-BR","@id":"https:\/\/www.oarcanjo.net\/site\/#\/schema\/logo\/image\/","url":"https:\/\/www.oarcanjo.net\/site\/wp-content\/uploads\/LogoOArcanjo.png","contentUrl":"https:\/\/www.oarcanjo.net\/site\/wp-content\/uploads\/LogoOArcanjo.png","width":319,"height":99,"caption":"Par\u00f3quia S\u00e3o Miguel Arcanjo"},"image":{"@id":"https:\/\/www.oarcanjo.net\/site\/#\/schema\/logo\/image\/"},"sameAs":["https:\/\/www.facebook.com\/OArcanjoNoAr\/"]},{"@type":"Person","@id":"https:\/\/www.oarcanjo.net\/site\/#\/schema\/person\/f7024d007863202483a31326673a0838","name":"editor","sameAs":["http:\/\/www.oarcanjo.net"]}]}},"publishpress_future_action":{"enabled":false,"date":"2026-05-09 00:28:52","action":"category","newStatus":"draft","terms":[],"taxonomy":"category"},"publishpress_future_workflow_manual_trigger":{"enabledWorkflows":[]},"_links":{"self":[{"href":"https:\/\/www.oarcanjo.net\/site\/wp-json\/wp\/v2\/posts\/23734"}],"collection":[{"href":"https:\/\/www.oarcanjo.net\/site\/wp-json\/wp\/v2\/posts"}],"about":[{"href":"https:\/\/www.oarcanjo.net\/site\/wp-json\/wp\/v2\/types\/post"}],"author":[{"embeddable":true,"href":"https:\/\/www.oarcanjo.net\/site\/wp-json\/wp\/v2\/users\/5"}],"replies":[{"embeddable":true,"href":"https:\/\/www.oarcanjo.net\/site\/wp-json\/wp\/v2\/comments?post=23734"}],"version-history":[{"count":0,"href":"https:\/\/www.oarcanjo.net\/site\/wp-json\/wp\/v2\/posts\/23734\/revisions"}],"wp:attachment":[{"href":"https:\/\/www.oarcanjo.net\/site\/wp-json\/wp\/v2\/media?parent=23734"}],"wp:term":[{"taxonomy":"category","embeddable":true,"href":"https:\/\/www.oarcanjo.net\/site\/wp-json\/wp\/v2\/categories?post=23734"},{"taxonomy":"post_tag","embeddable":true,"href":"https:\/\/www.oarcanjo.net\/site\/wp-json\/wp\/v2\/tags?post=23734"}],"curies":[{"name":"wp","href":"https:\/\/api.w.org\/{rel}","templated":true}]}}