
{"id":23741,"date":"2013-11-12T15:04:43","date_gmt":"2013-11-12T17:04:43","guid":{"rendered":"http:\/\/www.oarcanjo.net\/site\/?p=23741"},"modified":"2013-11-12T15:04:43","modified_gmt":"2013-11-12T17:04:43","slug":"crescer-na-fe-programando-a-pastoral-e-a-vida","status":"publish","type":"post","link":"https:\/\/www.oarcanjo.net\/site\/crescer-na-fe-programando-a-pastoral-e-a-vida\/","title":{"rendered":"Crescer na F\u00e9, programando a pastoral e a vida"},"content":{"rendered":"<p><em>Dom Edmar Peron<\/em><\/p>\n<p>O t\u00e9rmino do ano civil aproxima-se rapidamente, mas antes concluiremos o Ano Lit\u00fargico e o Ano da F\u00e9. As pessoas e as fam\u00edlias planejam como pagar as contas ou, sendo otimista, como fazer algum passeio ou viagem. Na Arquidiocese, s\u00e3o muitas as assembleias pastorais, realizadas nos diferentes n\u00edveis, com o intuito \u2013 espero! \u2013 de tornar concreto o grande horizonte proposto pelo 11\u00ba Plano de Pastoral: Arquidiocese de S\u00e3o Paulo, testemunha de Jesus Cristo na Cidade.<\/p>\n<p>Nesse contexto, quero recordar o grande papa Jo\u00e3o Paulo II, retomando sua Carta apost\u00f3lica <em>Novo Millennio Ineunte<\/em> (01\/02\/2001), o 3\u00ba cap\u00edtulo, <em>Partir de Cristo, <\/em>nn. 29-41. Naquela ocasi\u00e3o, o encerramento do Jubileu do Ano 2000, ele reprop\u00f4s a toda a Igreja a necessidade de um \u201crelan\u00e7amento pastoral\u201d, cujo \u201cprograma\u201d \u00e9 sempre Cristo: conhec\u00ea-lo, am\u00e1-lo, imit\u00e1-lo \u201cpara n&#8217;Ele viver a vida trinit\u00e1ria e com Ele transformar a hist\u00f3ria at\u00e9 a sua plenitude na Jerusal\u00e9m celeste\u201d. Esse \u201cprograma\u201d, por\u00e9m, precisa ser traduzido em \u201c<em>orienta\u00e7\u00f5es pastorais ajustadas \u00e0s condi\u00e7\u00f5es de cada comunidade\u201d<\/em>; nessas orienta\u00e7\u00f5es, a primeira prioridade deve ser a \u201csantidade\u201d: \u201cn\u00e3o hesito em dizer que o horizonte para que deve tender todo o caminho pastoral \u00e9 a<em> santidade\u201d<\/em>. Surpreendente, pois o centro n\u00e3o s\u00e3o as atividades \u2013 como normalmente pensamos \u2013 mas a vida crist\u00e3.<\/p>\n<p>Essa \u201cprioridade\u201d encontrava inspira\u00e7\u00e3o eclesial no 5\u00ba cap\u00edtulo da Constitui\u00e7\u00e3o Dogm\u00e1tica sobre a Igreja, <em>Lumen gentium: Voca\u00e7\u00e3o Universal \u00e0 Santidade na Igreja. <\/em>Todos os membros da Igreja \u2013 leigos e leigas, religiosos e religiosas, bispos, presb\u00edteros e di\u00e1conos \u2013 s\u00e3o chamados \u00e0 santidade. N\u00e3o podemos nos contentar com o m\u00ednimo, afirma o papa: \u201cseria um contra-senso contentar-se com uma vida med\u00edocre, pautada por uma \u00e9tica minimalista e uma religiosidade superficial\u201d. Esse caminho de santidade n\u00e3o \u00e9 apenas para alguns, mas \u00e9 a \u201cmedida alta da vida crist\u00e3 ordin\u00e1ria: toda a vida da comunidade eclesial e das fam\u00edlias crist\u00e3s deve apontar nesta dire\u00e7\u00e3o\u201d. Essa prioridade da santidade requer renovado empenho: na ora\u00e7\u00e3o (32 e 38); na liturgia, como \u201cmeta para a qual se encaminha a a\u00e7\u00e3o da Igreja e a fonte donde promana toda a sua for\u00e7a\u201d (SC 10), destacando o Dia do Senhor, o Domingo, e os sacramentos da Eucaristia e da Penit\u00eancia (35-37); na renovada <em>escuta da palavra de Deus<\/em> (39); no servi\u00e7o \u00e0 Palavra, anunciando-a no \u201ctrabalho da evangeliza\u00e7\u00e3o\u201d (40).<\/p>\n<p>Esse caminho \u00e9 exigente, sem d\u00favida, mas n\u00e3o imposs\u00edvel; ele faz parte da escolha que voc\u00ea e eu somos chamados a fazer cada dia por Cristo e seu Evangelho, ou seja, pelo Reino de Deus (cf. Mt 6,33). Ent\u00e3o, nos perguntemos: as nossas muitas atividades e os diferentes compromissos nos ajudam a acolher o Reino de Deus e viv\u00ea-lo ou apenas passamos de reuni\u00f5es em reuni\u00f5es, sem assumir seriamente um caminho de santidade, de crescimento na f\u00e9?<\/p>\n<p>A conclus\u00e3o do Ano da F\u00e9, no pr\u00f3ximo dia 24 de novembro, nos impulsione para o futuro, para um crescimento cont\u00ednuo, a fim de que, tendo passado pela <em>Porta da F\u00e9<\/em> (At 14,27) sejamos sempre mais iluminados pela <em>Luz da F\u00e9: <\/em>\u201cEu vim ao mundo como luz, para que todo o que cr\u00ea em Mim n\u00e3o fique nas trevas\u201d (<em>Jo <\/em>12, 46).<\/p>\n<div id=\"themify_builder_content-23741\" data-postid=\"23741\" class=\"themify_builder_content themify_builder_content-23741 themify_builder themify_builder_front\">\n\t<\/div>\n<!-- \/themify_builder_content -->","protected":false},"excerpt":{"rendered":"<p>Dom Edmar Peron O t\u00e9rmino do ano civil aproxima-se rapidamente, mas antes concluiremos o Ano Lit\u00fargico e o Ano da F\u00e9. As pessoas e as fam\u00edlias planejam como pagar as contas ou, sendo otimista, como fazer algum passeio ou viagem. Na Arquidiocese, s\u00e3o muitas as assembleias pastorais, realizadas nos diferentes n\u00edveis, com o intuito \u2013 [&hellip;]<\/p>\n","protected":false},"author":5,"featured_media":0,"comment_status":"open","ping_status":"open","sticky":false,"template":"","format":"standard","meta":{"ngg_post_thumbnail":0,"footnotes":""},"categories":[9],"tags":[2379,3213,122,239,2814,2815],"yoast_head":"<!-- This site is optimized with the Yoast SEO plugin v23.5 - https:\/\/yoast.com\/wordpress\/plugins\/seo\/ -->\n<title>Crescer na F\u00e9, programando a pastoral e a vida - O Arcanjo no ar<\/title>\n<meta name=\"robots\" content=\"index, follow, max-snippet:-1, max-image-preview:large, max-video-preview:-1\" \/>\n<link rel=\"canonical\" href=\"https:\/\/www.oarcanjo.net\/site\/crescer-na-fe-programando-a-pastoral-e-a-vida\/\" \/>\n<meta property=\"og:locale\" content=\"pt_BR\" \/>\n<meta property=\"og:type\" content=\"article\" \/>\n<meta property=\"og:title\" content=\"Crescer na F\u00e9, programando a pastoral e a vida - O Arcanjo no ar\" \/>\n<meta property=\"og:description\" content=\"Dom Edmar Peron O t\u00e9rmino do ano civil aproxima-se rapidamente, mas antes concluiremos o Ano Lit\u00fargico e o Ano da F\u00e9. As pessoas e as fam\u00edlias planejam como pagar as contas ou, sendo otimista, como fazer algum passeio ou viagem. Na Arquidiocese, s\u00e3o muitas as assembleias pastorais, realizadas nos diferentes n\u00edveis, com o intuito \u2013 [&hellip;]\" \/>\n<meta property=\"og:url\" content=\"https:\/\/www.oarcanjo.net\/site\/crescer-na-fe-programando-a-pastoral-e-a-vida\/\" \/>\n<meta property=\"og:site_name\" content=\"O Arcanjo no ar\" \/>\n<meta property=\"article:publisher\" content=\"https:\/\/www.facebook.com\/OArcanjoNoAr\/\" \/>\n<meta property=\"article:published_time\" content=\"2013-11-12T17:04:43+00:00\" \/>\n<meta property=\"og:image\" content=\"https:\/\/www.oarcanjo.net\/site\/wp-content\/uploads\/logo-o-arcanjo-no-ar-facebook.png\" \/>\n\t<meta property=\"og:image:width\" content=\"300\" \/>\n\t<meta property=\"og:image:height\" content=\"300\" \/>\n\t<meta property=\"og:image:type\" content=\"image\/png\" \/>\n<meta name=\"author\" content=\"editor\" \/>\n<meta name=\"twitter:card\" content=\"summary_large_image\" \/>\n<meta name=\"twitter:label1\" content=\"Escrito por\" \/>\n\t<meta name=\"twitter:data1\" content=\"editor\" \/>\n\t<meta name=\"twitter:label2\" content=\"Est. tempo de leitura\" \/>\n\t<meta name=\"twitter:data2\" content=\"3 minutos\" \/>\n<script type=\"application\/ld+json\" class=\"yoast-schema-graph\">{\"@context\":\"https:\/\/schema.org\",\"@graph\":[{\"@type\":\"Article\",\"@id\":\"https:\/\/www.oarcanjo.net\/site\/crescer-na-fe-programando-a-pastoral-e-a-vida\/#article\",\"isPartOf\":{\"@id\":\"https:\/\/www.oarcanjo.net\/site\/crescer-na-fe-programando-a-pastoral-e-a-vida\/\"},\"author\":{\"name\":\"editor\",\"@id\":\"https:\/\/www.oarcanjo.net\/site\/#\/schema\/person\/f7024d007863202483a31326673a0838\"},\"headline\":\"Crescer na F\u00e9, programando a pastoral e a vida\",\"datePublished\":\"2013-11-12T17:04:43+00:00\",\"dateModified\":\"2013-11-12T17:04:43+00:00\",\"mainEntityOfPage\":{\"@id\":\"https:\/\/www.oarcanjo.net\/site\/crescer-na-fe-programando-a-pastoral-e-a-vida\/\"},\"wordCount\":561,\"commentCount\":0,\"publisher\":{\"@id\":\"https:\/\/www.oarcanjo.net\/site\/#organization\"},\"keywords\":[\"11\u00ba Plano de Pastoral\",\"Ano da F\u00e9\",\"ano lit\u00fargico\",\"Arquidiocese de S\u00e3o Paulo\",\"Jubileu do Ano 2000\",\"Testemunha de Jesus Cristo na Cidade\"],\"articleSection\":[\"Reflex\u00f5es\"],\"inLanguage\":\"pt-BR\",\"potentialAction\":[{\"@type\":\"CommentAction\",\"name\":\"Comment\",\"target\":[\"https:\/\/www.oarcanjo.net\/site\/crescer-na-fe-programando-a-pastoral-e-a-vida\/#respond\"]}]},{\"@type\":\"WebPage\",\"@id\":\"https:\/\/www.oarcanjo.net\/site\/crescer-na-fe-programando-a-pastoral-e-a-vida\/\",\"url\":\"https:\/\/www.oarcanjo.net\/site\/crescer-na-fe-programando-a-pastoral-e-a-vida\/\",\"name\":\"Crescer na F\u00e9, programando a pastoral e a vida - O Arcanjo no ar\",\"isPartOf\":{\"@id\":\"https:\/\/www.oarcanjo.net\/site\/#website\"},\"datePublished\":\"2013-11-12T17:04:43+00:00\",\"dateModified\":\"2013-11-12T17:04:43+00:00\",\"breadcrumb\":{\"@id\":\"https:\/\/www.oarcanjo.net\/site\/crescer-na-fe-programando-a-pastoral-e-a-vida\/#breadcrumb\"},\"inLanguage\":\"pt-BR\",\"potentialAction\":[{\"@type\":\"ReadAction\",\"target\":[\"https:\/\/www.oarcanjo.net\/site\/crescer-na-fe-programando-a-pastoral-e-a-vida\/\"]}]},{\"@type\":\"BreadcrumbList\",\"@id\":\"https:\/\/www.oarcanjo.net\/site\/crescer-na-fe-programando-a-pastoral-e-a-vida\/#breadcrumb\",\"itemListElement\":[{\"@type\":\"ListItem\",\"position\":1,\"name\":\"In\u00edcio\",\"item\":\"https:\/\/www.oarcanjo.net\/site\/\"},{\"@type\":\"ListItem\",\"position\":2,\"name\":\"Crescer na F\u00e9, programando a pastoral e a vida\"}]},{\"@type\":\"WebSite\",\"@id\":\"https:\/\/www.oarcanjo.net\/site\/#website\",\"url\":\"https:\/\/www.oarcanjo.net\/site\/\",\"name\":\"O Arcanjo no ar\",\"description\":\"Site da Par\u00f3quia S\u00e3o Miguel Arcanjo (Arquidiocese de SP)\",\"publisher\":{\"@id\":\"https:\/\/www.oarcanjo.net\/site\/#organization\"},\"potentialAction\":[{\"@type\":\"SearchAction\",\"target\":{\"@type\":\"EntryPoint\",\"urlTemplate\":\"https:\/\/www.oarcanjo.net\/site\/?s={search_term_string}\"},\"query-input\":{\"@type\":\"PropertyValueSpecification\",\"valueRequired\":true,\"valueName\":\"search_term_string\"}}],\"inLanguage\":\"pt-BR\"},{\"@type\":\"Organization\",\"@id\":\"https:\/\/www.oarcanjo.net\/site\/#organization\",\"name\":\"Par\u00f3quia S\u00e3o Miguel Arcanjo\",\"url\":\"https:\/\/www.oarcanjo.net\/site\/\",\"logo\":{\"@type\":\"ImageObject\",\"inLanguage\":\"pt-BR\",\"@id\":\"https:\/\/www.oarcanjo.net\/site\/#\/schema\/logo\/image\/\",\"url\":\"https:\/\/www.oarcanjo.net\/site\/wp-content\/uploads\/LogoOArcanjo.png\",\"contentUrl\":\"https:\/\/www.oarcanjo.net\/site\/wp-content\/uploads\/LogoOArcanjo.png\",\"width\":319,\"height\":99,\"caption\":\"Par\u00f3quia S\u00e3o Miguel Arcanjo\"},\"image\":{\"@id\":\"https:\/\/www.oarcanjo.net\/site\/#\/schema\/logo\/image\/\"},\"sameAs\":[\"https:\/\/www.facebook.com\/OArcanjoNoAr\/\"]},{\"@type\":\"Person\",\"@id\":\"https:\/\/www.oarcanjo.net\/site\/#\/schema\/person\/f7024d007863202483a31326673a0838\",\"name\":\"editor\",\"sameAs\":[\"http:\/\/www.oarcanjo.net\"]}]}<\/script>\n<!-- \/ Yoast SEO plugin. -->","yoast_head_json":{"title":"Crescer na F\u00e9, programando a pastoral e a vida - O Arcanjo no ar","robots":{"index":"index","follow":"follow","max-snippet":"max-snippet:-1","max-image-preview":"max-image-preview:large","max-video-preview":"max-video-preview:-1"},"canonical":"https:\/\/www.oarcanjo.net\/site\/crescer-na-fe-programando-a-pastoral-e-a-vida\/","og_locale":"pt_BR","og_type":"article","og_title":"Crescer na F\u00e9, programando a pastoral e a vida - O Arcanjo no ar","og_description":"Dom Edmar Peron O t\u00e9rmino do ano civil aproxima-se rapidamente, mas antes concluiremos o Ano Lit\u00fargico e o Ano da F\u00e9. As pessoas e as fam\u00edlias planejam como pagar as contas ou, sendo otimista, como fazer algum passeio ou viagem. Na Arquidiocese, s\u00e3o muitas as assembleias pastorais, realizadas nos diferentes n\u00edveis, com o intuito \u2013 [&hellip;]","og_url":"https:\/\/www.oarcanjo.net\/site\/crescer-na-fe-programando-a-pastoral-e-a-vida\/","og_site_name":"O Arcanjo no ar","article_publisher":"https:\/\/www.facebook.com\/OArcanjoNoAr\/","article_published_time":"2013-11-12T17:04:43+00:00","og_image":[{"width":300,"height":300,"url":"https:\/\/www.oarcanjo.net\/site\/wp-content\/uploads\/logo-o-arcanjo-no-ar-facebook.png","type":"image\/png"}],"author":"editor","twitter_card":"summary_large_image","twitter_misc":{"Escrito por":"editor","Est. tempo de leitura":"3 minutos"},"schema":{"@context":"https:\/\/schema.org","@graph":[{"@type":"Article","@id":"https:\/\/www.oarcanjo.net\/site\/crescer-na-fe-programando-a-pastoral-e-a-vida\/#article","isPartOf":{"@id":"https:\/\/www.oarcanjo.net\/site\/crescer-na-fe-programando-a-pastoral-e-a-vida\/"},"author":{"name":"editor","@id":"https:\/\/www.oarcanjo.net\/site\/#\/schema\/person\/f7024d007863202483a31326673a0838"},"headline":"Crescer na F\u00e9, programando a pastoral e a vida","datePublished":"2013-11-12T17:04:43+00:00","dateModified":"2013-11-12T17:04:43+00:00","mainEntityOfPage":{"@id":"https:\/\/www.oarcanjo.net\/site\/crescer-na-fe-programando-a-pastoral-e-a-vida\/"},"wordCount":561,"commentCount":0,"publisher":{"@id":"https:\/\/www.oarcanjo.net\/site\/#organization"},"keywords":["11\u00ba Plano de Pastoral","Ano da F\u00e9","ano lit\u00fargico","Arquidiocese de S\u00e3o Paulo","Jubileu do Ano 2000","Testemunha de Jesus Cristo na Cidade"],"articleSection":["Reflex\u00f5es"],"inLanguage":"pt-BR","potentialAction":[{"@type":"CommentAction","name":"Comment","target":["https:\/\/www.oarcanjo.net\/site\/crescer-na-fe-programando-a-pastoral-e-a-vida\/#respond"]}]},{"@type":"WebPage","@id":"https:\/\/www.oarcanjo.net\/site\/crescer-na-fe-programando-a-pastoral-e-a-vida\/","url":"https:\/\/www.oarcanjo.net\/site\/crescer-na-fe-programando-a-pastoral-e-a-vida\/","name":"Crescer na F\u00e9, programando a pastoral e a vida - O Arcanjo no ar","isPartOf":{"@id":"https:\/\/www.oarcanjo.net\/site\/#website"},"datePublished":"2013-11-12T17:04:43+00:00","dateModified":"2013-11-12T17:04:43+00:00","breadcrumb":{"@id":"https:\/\/www.oarcanjo.net\/site\/crescer-na-fe-programando-a-pastoral-e-a-vida\/#breadcrumb"},"inLanguage":"pt-BR","potentialAction":[{"@type":"ReadAction","target":["https:\/\/www.oarcanjo.net\/site\/crescer-na-fe-programando-a-pastoral-e-a-vida\/"]}]},{"@type":"BreadcrumbList","@id":"https:\/\/www.oarcanjo.net\/site\/crescer-na-fe-programando-a-pastoral-e-a-vida\/#breadcrumb","itemListElement":[{"@type":"ListItem","position":1,"name":"In\u00edcio","item":"https:\/\/www.oarcanjo.net\/site\/"},{"@type":"ListItem","position":2,"name":"Crescer na F\u00e9, programando a pastoral e a vida"}]},{"@type":"WebSite","@id":"https:\/\/www.oarcanjo.net\/site\/#website","url":"https:\/\/www.oarcanjo.net\/site\/","name":"O Arcanjo no ar","description":"Site da Par\u00f3quia S\u00e3o Miguel Arcanjo (Arquidiocese de SP)","publisher":{"@id":"https:\/\/www.oarcanjo.net\/site\/#organization"},"potentialAction":[{"@type":"SearchAction","target":{"@type":"EntryPoint","urlTemplate":"https:\/\/www.oarcanjo.net\/site\/?s={search_term_string}"},"query-input":{"@type":"PropertyValueSpecification","valueRequired":true,"valueName":"search_term_string"}}],"inLanguage":"pt-BR"},{"@type":"Organization","@id":"https:\/\/www.oarcanjo.net\/site\/#organization","name":"Par\u00f3quia S\u00e3o Miguel Arcanjo","url":"https:\/\/www.oarcanjo.net\/site\/","logo":{"@type":"ImageObject","inLanguage":"pt-BR","@id":"https:\/\/www.oarcanjo.net\/site\/#\/schema\/logo\/image\/","url":"https:\/\/www.oarcanjo.net\/site\/wp-content\/uploads\/LogoOArcanjo.png","contentUrl":"https:\/\/www.oarcanjo.net\/site\/wp-content\/uploads\/LogoOArcanjo.png","width":319,"height":99,"caption":"Par\u00f3quia S\u00e3o Miguel Arcanjo"},"image":{"@id":"https:\/\/www.oarcanjo.net\/site\/#\/schema\/logo\/image\/"},"sameAs":["https:\/\/www.facebook.com\/OArcanjoNoAr\/"]},{"@type":"Person","@id":"https:\/\/www.oarcanjo.net\/site\/#\/schema\/person\/f7024d007863202483a31326673a0838","name":"editor","sameAs":["http:\/\/www.oarcanjo.net"]}]}},"publishpress_future_action":{"enabled":false,"date":"2026-05-09 00:28:53","action":"category","newStatus":"draft","terms":[],"taxonomy":"category"},"publishpress_future_workflow_manual_trigger":{"enabledWorkflows":[]},"_links":{"self":[{"href":"https:\/\/www.oarcanjo.net\/site\/wp-json\/wp\/v2\/posts\/23741"}],"collection":[{"href":"https:\/\/www.oarcanjo.net\/site\/wp-json\/wp\/v2\/posts"}],"about":[{"href":"https:\/\/www.oarcanjo.net\/site\/wp-json\/wp\/v2\/types\/post"}],"author":[{"embeddable":true,"href":"https:\/\/www.oarcanjo.net\/site\/wp-json\/wp\/v2\/users\/5"}],"replies":[{"embeddable":true,"href":"https:\/\/www.oarcanjo.net\/site\/wp-json\/wp\/v2\/comments?post=23741"}],"version-history":[{"count":0,"href":"https:\/\/www.oarcanjo.net\/site\/wp-json\/wp\/v2\/posts\/23741\/revisions"}],"wp:attachment":[{"href":"https:\/\/www.oarcanjo.net\/site\/wp-json\/wp\/v2\/media?parent=23741"}],"wp:term":[{"taxonomy":"category","embeddable":true,"href":"https:\/\/www.oarcanjo.net\/site\/wp-json\/wp\/v2\/categories?post=23741"},{"taxonomy":"post_tag","embeddable":true,"href":"https:\/\/www.oarcanjo.net\/site\/wp-json\/wp\/v2\/tags?post=23741"}],"curies":[{"name":"wp","href":"https:\/\/api.w.org\/{rel}","templated":true}]}}