
{"id":23743,"date":"2013-11-12T17:09:33","date_gmt":"2013-11-12T19:09:33","guid":{"rendered":"http:\/\/www.oarcanjo.net\/site\/?p=23743"},"modified":"2013-12-04T12:23:58","modified_gmt":"2013-12-04T14:23:58","slug":"caritas-internacional-promove-campanha-de-solidariedade-as-vitimas-de-tufao-nas-filipinas","status":"publish","type":"post","link":"https:\/\/www.oarcanjo.net\/site\/caritas-internacional-promove-campanha-de-solidariedade-as-vitimas-de-tufao-nas-filipinas\/","title":{"rendered":"C\u00e1ritas Internacional promove campanha de solidariedade \u00e0s v\u00edtimas de tuf\u00e3o nas Filipinas"},"content":{"rendered":"<p>A estimativa da C\u00e1ritas nas Filipinas \u00e9 de que 9,5 milh\u00f5es de pessoas foram afetadas pelo tuf\u00e3o \u201cHaiyan\u201d que devastou o arquip\u00e9lago na \u00faltima sexta-feira, 8 de novembro. Mais de 3 milh\u00f5es de pessoas na regi\u00e3o onde o n\u00edvel de destrui\u00e7\u00e3o \u00e9 considerado m\u00e1ximo e as comunidades afetadas n\u00e3o t\u00eam acesso a \u00e1gua pot\u00e1vel, comida e eletricidade.<\/p>\n<p>\u201c\u00c9 uma grande cat\u00e1strofe, mas nosso plano de emerg\u00eancia j\u00e1 est\u00e1 em marcha\u201d, afirmou, em entrevista \u00e0 R\u00e1dio Vaticano, o secret\u00e1rio executivo da C\u00e1ritas Filipinas, padre Edwin Gariguez. Desde o dia 11, as equipes da C\u00e1ritas Internacional est\u00e3o presentes na regi\u00e3o para avaliar as necessidades mais urgentes. O governo filipino avalia que \u00e1gua pot\u00e1vel, produtos de higiene e limpeza, alimentos, rem\u00e9dios e abrigos s\u00e3o as prioridades imediatas, assim como a retirada dos escombros e o restabelecimento das comunidades.<\/p>\n<p>A organiza\u00e7\u00e3o lan\u00e7ou uma campanha internacional de arrecada\u00e7\u00e3o de donativos\u00a0<a title=\"C\u00e1ritas Internacional\" href=\"http:\/\/caritas.org\/index.html\" target=\"_blank\">em seu site<\/a>, e coordena os esfor\u00e7os de ajuda com a colabora\u00e7\u00e3o das dioceses pr\u00f3ximas com capacidade para fornecer os suprimentos de emerg\u00eancia. O presidente da Caritas Internacional, cardeal Oscar Rodr\u00edguez Maradiaga, declarou que \u201co povo filipino pode contar com o apoio e suporte da C\u00e1ritas em todo o mundo.\u201d<\/p>\n<p><a title=\"Site C\u00e1ritas Internacional\" href=\"http:\/\/caritas.org\/index.html\" target=\"_blank\"><img loading=\"lazy\" decoding=\"async\" class=\"alignnone size-full wp-image-23744\" title=\"Campanha C\u00e1ritas Internacional pelas v\u00edtimas da trag\u00e9dia nas Filipinas\" src=\"http:\/\/www.oarcanjo.net\/site\/wp-content\/uploads\/site-apelo-caritas-internacional-filipinas.jpg\" alt=\"Campanha C\u00e1ritas Internacional pelas v\u00edtimas da trag\u00e9dia nas Filipinas\" width=\"600\" height=\"450\" srcset=\"https:\/\/www.oarcanjo.net\/site\/wp-content\/uploads\/site-apelo-caritas-internacional-filipinas.jpg 600w, https:\/\/www.oarcanjo.net\/site\/wp-content\/uploads\/site-apelo-caritas-internacional-filipinas-300x225.jpg 300w\" sizes=\"(max-width: 600px) 100vw, 600px\" \/><\/a><\/p>\n<p>As 96 dioceses filipinas est\u00e3o em alerta. Para o diretor regional da C\u00e1ritas dos Estados Unidos, que estava nas Filipinas no momento da trag\u00e9dia, \u201ca dor causada por esse novo desastre \u00e9 devastadora\u201d. Ele explica que a organiza\u00e7\u00e3o est\u00e1 enviando barracas para cidade de Ceb\u00fa para que sirvam de abrigo tempor\u00e1rio a 8 mil fam\u00edlias.<\/p>\n<p>&nbsp;<\/p>\n<div id=\"themify_builder_content-23743\" data-postid=\"23743\" class=\"themify_builder_content themify_builder_content-23743 themify_builder themify_builder_front\">\n\t<\/div>\n<!-- \/themify_builder_content -->","protected":false},"excerpt":{"rendered":"<p>A estimativa da C\u00e1ritas nas Filipinas \u00e9 de que 9,5 milh\u00f5es de pessoas foram afetadas pelo tuf\u00e3o \u201cHaiyan\u201d que devastou o arquip\u00e9lago na \u00faltima sexta-feira, 8 de novembro. Mais de 3 milh\u00f5es de pessoas na regi\u00e3o onde o n\u00edvel de destrui\u00e7\u00e3o \u00e9 considerado m\u00e1ximo e as comunidades afetadas n\u00e3o t\u00eam acesso a \u00e1gua pot\u00e1vel, comida [&hellip;]<\/p>\n","protected":false},"author":5,"featured_media":0,"comment_status":"open","ping_status":"open","sticky":false,"template":"","format":"standard","meta":{"ngg_post_thumbnail":0,"footnotes":""},"categories":[8],"tags":[2816,2817,2802,133,2818],"yoast_head":"<!-- This site is optimized with the Yoast SEO plugin v23.5 - https:\/\/yoast.com\/wordpress\/plugins\/seo\/ -->\n<title>C\u00e1ritas Internacional promove campanha de solidariedade \u00e0s v\u00edtimas de tuf\u00e3o nas Filipinas - O Arcanjo no ar<\/title>\n<meta name=\"robots\" content=\"index, follow, max-snippet:-1, max-image-preview:large, max-video-preview:-1\" \/>\n<link rel=\"canonical\" href=\"https:\/\/www.oarcanjo.net\/site\/caritas-internacional-promove-campanha-de-solidariedade-as-vitimas-de-tufao-nas-filipinas\/\" \/>\n<meta property=\"og:locale\" content=\"pt_BR\" \/>\n<meta property=\"og:type\" content=\"article\" \/>\n<meta property=\"og:title\" content=\"C\u00e1ritas Internacional promove campanha de solidariedade \u00e0s v\u00edtimas de tuf\u00e3o nas Filipinas - O Arcanjo no ar\" \/>\n<meta property=\"og:description\" content=\"A estimativa da C\u00e1ritas nas Filipinas \u00e9 de que 9,5 milh\u00f5es de pessoas foram afetadas pelo tuf\u00e3o \u201cHaiyan\u201d que devastou o arquip\u00e9lago na \u00faltima sexta-feira, 8 de novembro. Mais de 3 milh\u00f5es de pessoas na regi\u00e3o onde o n\u00edvel de destrui\u00e7\u00e3o \u00e9 considerado m\u00e1ximo e as comunidades afetadas n\u00e3o t\u00eam acesso a \u00e1gua pot\u00e1vel, comida [&hellip;]\" \/>\n<meta property=\"og:url\" content=\"https:\/\/www.oarcanjo.net\/site\/caritas-internacional-promove-campanha-de-solidariedade-as-vitimas-de-tufao-nas-filipinas\/\" \/>\n<meta property=\"og:site_name\" content=\"O Arcanjo no ar\" \/>\n<meta property=\"article:publisher\" content=\"https:\/\/www.facebook.com\/OArcanjoNoAr\/\" \/>\n<meta property=\"article:published_time\" content=\"2013-11-12T19:09:33+00:00\" \/>\n<meta property=\"article:modified_time\" content=\"2013-12-04T14:23:58+00:00\" \/>\n<meta property=\"og:image\" content=\"http:\/\/www.oarcanjo.net\/site\/wp-content\/uploads\/site-apelo-caritas-internacional-filipinas.jpg\" \/>\n<meta name=\"author\" content=\"editor\" \/>\n<meta name=\"twitter:card\" content=\"summary_large_image\" \/>\n<meta name=\"twitter:label1\" content=\"Escrito por\" \/>\n\t<meta name=\"twitter:data1\" content=\"editor\" \/>\n\t<meta name=\"twitter:label2\" content=\"Est. tempo de leitura\" \/>\n\t<meta name=\"twitter:data2\" content=\"1 minuto\" \/>\n<script type=\"application\/ld+json\" class=\"yoast-schema-graph\">{\"@context\":\"https:\/\/schema.org\",\"@graph\":[{\"@type\":\"Article\",\"@id\":\"https:\/\/www.oarcanjo.net\/site\/caritas-internacional-promove-campanha-de-solidariedade-as-vitimas-de-tufao-nas-filipinas\/#article\",\"isPartOf\":{\"@id\":\"https:\/\/www.oarcanjo.net\/site\/caritas-internacional-promove-campanha-de-solidariedade-as-vitimas-de-tufao-nas-filipinas\/\"},\"author\":{\"name\":\"editor\",\"@id\":\"https:\/\/www.oarcanjo.net\/site\/#\/schema\/person\/f7024d007863202483a31326673a0838\"},\"headline\":\"C\u00e1ritas Internacional promove campanha de solidariedade \u00e0s v\u00edtimas de tuf\u00e3o nas Filipinas\",\"datePublished\":\"2013-11-12T19:09:33+00:00\",\"dateModified\":\"2013-12-04T14:23:58+00:00\",\"mainEntityOfPage\":{\"@id\":\"https:\/\/www.oarcanjo.net\/site\/caritas-internacional-promove-campanha-de-solidariedade-as-vitimas-de-tufao-nas-filipinas\/\"},\"wordCount\":293,\"commentCount\":0,\"publisher\":{\"@id\":\"https:\/\/www.oarcanjo.net\/site\/#organization\"},\"image\":{\"@id\":\"https:\/\/www.oarcanjo.net\/site\/caritas-internacional-promove-campanha-de-solidariedade-as-vitimas-de-tufao-nas-filipinas\/#primaryimage\"},\"thumbnailUrl\":\"http:\/\/www.oarcanjo.net\/site\/wp-content\/uploads\/site-apelo-caritas-internacional-filipinas.jpg\",\"keywords\":[\"C\u00e1ritas Internacional\",\"Cat\u00e1strofe\",\"Filipinas\",\"trag\u00e9dia\",\"Tuf\u00e3o \u201cHaiyan\u201d\"],\"articleSection\":[\"Not\u00edcias\"],\"inLanguage\":\"pt-BR\",\"potentialAction\":[{\"@type\":\"CommentAction\",\"name\":\"Comment\",\"target\":[\"https:\/\/www.oarcanjo.net\/site\/caritas-internacional-promove-campanha-de-solidariedade-as-vitimas-de-tufao-nas-filipinas\/#respond\"]}]},{\"@type\":\"WebPage\",\"@id\":\"https:\/\/www.oarcanjo.net\/site\/caritas-internacional-promove-campanha-de-solidariedade-as-vitimas-de-tufao-nas-filipinas\/\",\"url\":\"https:\/\/www.oarcanjo.net\/site\/caritas-internacional-promove-campanha-de-solidariedade-as-vitimas-de-tufao-nas-filipinas\/\",\"name\":\"C\u00e1ritas Internacional promove campanha de solidariedade \u00e0s v\u00edtimas de tuf\u00e3o nas Filipinas - O Arcanjo no ar\",\"isPartOf\":{\"@id\":\"https:\/\/www.oarcanjo.net\/site\/#website\"},\"primaryImageOfPage\":{\"@id\":\"https:\/\/www.oarcanjo.net\/site\/caritas-internacional-promove-campanha-de-solidariedade-as-vitimas-de-tufao-nas-filipinas\/#primaryimage\"},\"image\":{\"@id\":\"https:\/\/www.oarcanjo.net\/site\/caritas-internacional-promove-campanha-de-solidariedade-as-vitimas-de-tufao-nas-filipinas\/#primaryimage\"},\"thumbnailUrl\":\"http:\/\/www.oarcanjo.net\/site\/wp-content\/uploads\/site-apelo-caritas-internacional-filipinas.jpg\",\"datePublished\":\"2013-11-12T19:09:33+00:00\",\"dateModified\":\"2013-12-04T14:23:58+00:00\",\"breadcrumb\":{\"@id\":\"https:\/\/www.oarcanjo.net\/site\/caritas-internacional-promove-campanha-de-solidariedade-as-vitimas-de-tufao-nas-filipinas\/#breadcrumb\"},\"inLanguage\":\"pt-BR\",\"potentialAction\":[{\"@type\":\"ReadAction\",\"target\":[\"https:\/\/www.oarcanjo.net\/site\/caritas-internacional-promove-campanha-de-solidariedade-as-vitimas-de-tufao-nas-filipinas\/\"]}]},{\"@type\":\"ImageObject\",\"inLanguage\":\"pt-BR\",\"@id\":\"https:\/\/www.oarcanjo.net\/site\/caritas-internacional-promove-campanha-de-solidariedade-as-vitimas-de-tufao-nas-filipinas\/#primaryimage\",\"url\":\"https:\/\/www.oarcanjo.net\/site\/wp-content\/uploads\/site-apelo-caritas-internacional-filipinas.jpg\",\"contentUrl\":\"https:\/\/www.oarcanjo.net\/site\/wp-content\/uploads\/site-apelo-caritas-internacional-filipinas.jpg\",\"width\":\"600\",\"height\":\"450\",\"caption\":\"Campanha C\u00e1ritas Internacional pelas v\u00edtimas da trag\u00e9dia nas Filipinas\"},{\"@type\":\"BreadcrumbList\",\"@id\":\"https:\/\/www.oarcanjo.net\/site\/caritas-internacional-promove-campanha-de-solidariedade-as-vitimas-de-tufao-nas-filipinas\/#breadcrumb\",\"itemListElement\":[{\"@type\":\"ListItem\",\"position\":1,\"name\":\"In\u00edcio\",\"item\":\"https:\/\/www.oarcanjo.net\/site\/\"},{\"@type\":\"ListItem\",\"position\":2,\"name\":\"C\u00e1ritas Internacional promove campanha de solidariedade \u00e0s v\u00edtimas de tuf\u00e3o nas Filipinas\"}]},{\"@type\":\"WebSite\",\"@id\":\"https:\/\/www.oarcanjo.net\/site\/#website\",\"url\":\"https:\/\/www.oarcanjo.net\/site\/\",\"name\":\"O Arcanjo no ar\",\"description\":\"Site da Par\u00f3quia S\u00e3o Miguel Arcanjo (Arquidiocese de SP)\",\"publisher\":{\"@id\":\"https:\/\/www.oarcanjo.net\/site\/#organization\"},\"potentialAction\":[{\"@type\":\"SearchAction\",\"target\":{\"@type\":\"EntryPoint\",\"urlTemplate\":\"https:\/\/www.oarcanjo.net\/site\/?s={search_term_string}\"},\"query-input\":{\"@type\":\"PropertyValueSpecification\",\"valueRequired\":true,\"valueName\":\"search_term_string\"}}],\"inLanguage\":\"pt-BR\"},{\"@type\":\"Organization\",\"@id\":\"https:\/\/www.oarcanjo.net\/site\/#organization\",\"name\":\"Par\u00f3quia S\u00e3o Miguel Arcanjo\",\"url\":\"https:\/\/www.oarcanjo.net\/site\/\",\"logo\":{\"@type\":\"ImageObject\",\"inLanguage\":\"pt-BR\",\"@id\":\"https:\/\/www.oarcanjo.net\/site\/#\/schema\/logo\/image\/\",\"url\":\"https:\/\/www.oarcanjo.net\/site\/wp-content\/uploads\/LogoOArcanjo.png\",\"contentUrl\":\"https:\/\/www.oarcanjo.net\/site\/wp-content\/uploads\/LogoOArcanjo.png\",\"width\":319,\"height\":99,\"caption\":\"Par\u00f3quia S\u00e3o Miguel Arcanjo\"},\"image\":{\"@id\":\"https:\/\/www.oarcanjo.net\/site\/#\/schema\/logo\/image\/\"},\"sameAs\":[\"https:\/\/www.facebook.com\/OArcanjoNoAr\/\"]},{\"@type\":\"Person\",\"@id\":\"https:\/\/www.oarcanjo.net\/site\/#\/schema\/person\/f7024d007863202483a31326673a0838\",\"name\":\"editor\",\"sameAs\":[\"http:\/\/www.oarcanjo.net\"]}]}<\/script>\n<!-- \/ Yoast SEO plugin. -->","yoast_head_json":{"title":"C\u00e1ritas Internacional promove campanha de solidariedade \u00e0s v\u00edtimas de tuf\u00e3o nas Filipinas - O Arcanjo no ar","robots":{"index":"index","follow":"follow","max-snippet":"max-snippet:-1","max-image-preview":"max-image-preview:large","max-video-preview":"max-video-preview:-1"},"canonical":"https:\/\/www.oarcanjo.net\/site\/caritas-internacional-promove-campanha-de-solidariedade-as-vitimas-de-tufao-nas-filipinas\/","og_locale":"pt_BR","og_type":"article","og_title":"C\u00e1ritas Internacional promove campanha de solidariedade \u00e0s v\u00edtimas de tuf\u00e3o nas Filipinas - O Arcanjo no ar","og_description":"A estimativa da C\u00e1ritas nas Filipinas \u00e9 de que 9,5 milh\u00f5es de pessoas foram afetadas pelo tuf\u00e3o \u201cHaiyan\u201d que devastou o arquip\u00e9lago na \u00faltima sexta-feira, 8 de novembro. Mais de 3 milh\u00f5es de pessoas na regi\u00e3o onde o n\u00edvel de destrui\u00e7\u00e3o \u00e9 considerado m\u00e1ximo e as comunidades afetadas n\u00e3o t\u00eam acesso a \u00e1gua pot\u00e1vel, comida [&hellip;]","og_url":"https:\/\/www.oarcanjo.net\/site\/caritas-internacional-promove-campanha-de-solidariedade-as-vitimas-de-tufao-nas-filipinas\/","og_site_name":"O Arcanjo no ar","article_publisher":"https:\/\/www.facebook.com\/OArcanjoNoAr\/","article_published_time":"2013-11-12T19:09:33+00:00","article_modified_time":"2013-12-04T14:23:58+00:00","og_image":[{"url":"http:\/\/www.oarcanjo.net\/site\/wp-content\/uploads\/site-apelo-caritas-internacional-filipinas.jpg"}],"author":"editor","twitter_card":"summary_large_image","twitter_misc":{"Escrito por":"editor","Est. tempo de leitura":"1 minuto"},"schema":{"@context":"https:\/\/schema.org","@graph":[{"@type":"Article","@id":"https:\/\/www.oarcanjo.net\/site\/caritas-internacional-promove-campanha-de-solidariedade-as-vitimas-de-tufao-nas-filipinas\/#article","isPartOf":{"@id":"https:\/\/www.oarcanjo.net\/site\/caritas-internacional-promove-campanha-de-solidariedade-as-vitimas-de-tufao-nas-filipinas\/"},"author":{"name":"editor","@id":"https:\/\/www.oarcanjo.net\/site\/#\/schema\/person\/f7024d007863202483a31326673a0838"},"headline":"C\u00e1ritas Internacional promove campanha de solidariedade \u00e0s v\u00edtimas de tuf\u00e3o nas Filipinas","datePublished":"2013-11-12T19:09:33+00:00","dateModified":"2013-12-04T14:23:58+00:00","mainEntityOfPage":{"@id":"https:\/\/www.oarcanjo.net\/site\/caritas-internacional-promove-campanha-de-solidariedade-as-vitimas-de-tufao-nas-filipinas\/"},"wordCount":293,"commentCount":0,"publisher":{"@id":"https:\/\/www.oarcanjo.net\/site\/#organization"},"image":{"@id":"https:\/\/www.oarcanjo.net\/site\/caritas-internacional-promove-campanha-de-solidariedade-as-vitimas-de-tufao-nas-filipinas\/#primaryimage"},"thumbnailUrl":"http:\/\/www.oarcanjo.net\/site\/wp-content\/uploads\/site-apelo-caritas-internacional-filipinas.jpg","keywords":["C\u00e1ritas Internacional","Cat\u00e1strofe","Filipinas","trag\u00e9dia","Tuf\u00e3o \u201cHaiyan\u201d"],"articleSection":["Not\u00edcias"],"inLanguage":"pt-BR","potentialAction":[{"@type":"CommentAction","name":"Comment","target":["https:\/\/www.oarcanjo.net\/site\/caritas-internacional-promove-campanha-de-solidariedade-as-vitimas-de-tufao-nas-filipinas\/#respond"]}]},{"@type":"WebPage","@id":"https:\/\/www.oarcanjo.net\/site\/caritas-internacional-promove-campanha-de-solidariedade-as-vitimas-de-tufao-nas-filipinas\/","url":"https:\/\/www.oarcanjo.net\/site\/caritas-internacional-promove-campanha-de-solidariedade-as-vitimas-de-tufao-nas-filipinas\/","name":"C\u00e1ritas Internacional promove campanha de solidariedade \u00e0s v\u00edtimas de tuf\u00e3o nas Filipinas - O Arcanjo no ar","isPartOf":{"@id":"https:\/\/www.oarcanjo.net\/site\/#website"},"primaryImageOfPage":{"@id":"https:\/\/www.oarcanjo.net\/site\/caritas-internacional-promove-campanha-de-solidariedade-as-vitimas-de-tufao-nas-filipinas\/#primaryimage"},"image":{"@id":"https:\/\/www.oarcanjo.net\/site\/caritas-internacional-promove-campanha-de-solidariedade-as-vitimas-de-tufao-nas-filipinas\/#primaryimage"},"thumbnailUrl":"http:\/\/www.oarcanjo.net\/site\/wp-content\/uploads\/site-apelo-caritas-internacional-filipinas.jpg","datePublished":"2013-11-12T19:09:33+00:00","dateModified":"2013-12-04T14:23:58+00:00","breadcrumb":{"@id":"https:\/\/www.oarcanjo.net\/site\/caritas-internacional-promove-campanha-de-solidariedade-as-vitimas-de-tufao-nas-filipinas\/#breadcrumb"},"inLanguage":"pt-BR","potentialAction":[{"@type":"ReadAction","target":["https:\/\/www.oarcanjo.net\/site\/caritas-internacional-promove-campanha-de-solidariedade-as-vitimas-de-tufao-nas-filipinas\/"]}]},{"@type":"ImageObject","inLanguage":"pt-BR","@id":"https:\/\/www.oarcanjo.net\/site\/caritas-internacional-promove-campanha-de-solidariedade-as-vitimas-de-tufao-nas-filipinas\/#primaryimage","url":"https:\/\/www.oarcanjo.net\/site\/wp-content\/uploads\/site-apelo-caritas-internacional-filipinas.jpg","contentUrl":"https:\/\/www.oarcanjo.net\/site\/wp-content\/uploads\/site-apelo-caritas-internacional-filipinas.jpg","width":"600","height":"450","caption":"Campanha C\u00e1ritas Internacional pelas v\u00edtimas da trag\u00e9dia nas Filipinas"},{"@type":"BreadcrumbList","@id":"https:\/\/www.oarcanjo.net\/site\/caritas-internacional-promove-campanha-de-solidariedade-as-vitimas-de-tufao-nas-filipinas\/#breadcrumb","itemListElement":[{"@type":"ListItem","position":1,"name":"In\u00edcio","item":"https:\/\/www.oarcanjo.net\/site\/"},{"@type":"ListItem","position":2,"name":"C\u00e1ritas Internacional promove campanha de solidariedade \u00e0s v\u00edtimas de tuf\u00e3o nas Filipinas"}]},{"@type":"WebSite","@id":"https:\/\/www.oarcanjo.net\/site\/#website","url":"https:\/\/www.oarcanjo.net\/site\/","name":"O Arcanjo no ar","description":"Site da Par\u00f3quia S\u00e3o Miguel Arcanjo (Arquidiocese de SP)","publisher":{"@id":"https:\/\/www.oarcanjo.net\/site\/#organization"},"potentialAction":[{"@type":"SearchAction","target":{"@type":"EntryPoint","urlTemplate":"https:\/\/www.oarcanjo.net\/site\/?s={search_term_string}"},"query-input":{"@type":"PropertyValueSpecification","valueRequired":true,"valueName":"search_term_string"}}],"inLanguage":"pt-BR"},{"@type":"Organization","@id":"https:\/\/www.oarcanjo.net\/site\/#organization","name":"Par\u00f3quia S\u00e3o Miguel Arcanjo","url":"https:\/\/www.oarcanjo.net\/site\/","logo":{"@type":"ImageObject","inLanguage":"pt-BR","@id":"https:\/\/www.oarcanjo.net\/site\/#\/schema\/logo\/image\/","url":"https:\/\/www.oarcanjo.net\/site\/wp-content\/uploads\/LogoOArcanjo.png","contentUrl":"https:\/\/www.oarcanjo.net\/site\/wp-content\/uploads\/LogoOArcanjo.png","width":319,"height":99,"caption":"Par\u00f3quia S\u00e3o Miguel Arcanjo"},"image":{"@id":"https:\/\/www.oarcanjo.net\/site\/#\/schema\/logo\/image\/"},"sameAs":["https:\/\/www.facebook.com\/OArcanjoNoAr\/"]},{"@type":"Person","@id":"https:\/\/www.oarcanjo.net\/site\/#\/schema\/person\/f7024d007863202483a31326673a0838","name":"editor","sameAs":["http:\/\/www.oarcanjo.net"]}]}},"publishpress_future_action":{"enabled":false,"date":"2026-05-10 05:10:23","action":"category","newStatus":"draft","terms":[],"taxonomy":"category"},"publishpress_future_workflow_manual_trigger":{"enabledWorkflows":[]},"_links":{"self":[{"href":"https:\/\/www.oarcanjo.net\/site\/wp-json\/wp\/v2\/posts\/23743"}],"collection":[{"href":"https:\/\/www.oarcanjo.net\/site\/wp-json\/wp\/v2\/posts"}],"about":[{"href":"https:\/\/www.oarcanjo.net\/site\/wp-json\/wp\/v2\/types\/post"}],"author":[{"embeddable":true,"href":"https:\/\/www.oarcanjo.net\/site\/wp-json\/wp\/v2\/users\/5"}],"replies":[{"embeddable":true,"href":"https:\/\/www.oarcanjo.net\/site\/wp-json\/wp\/v2\/comments?post=23743"}],"version-history":[{"count":0,"href":"https:\/\/www.oarcanjo.net\/site\/wp-json\/wp\/v2\/posts\/23743\/revisions"}],"wp:attachment":[{"href":"https:\/\/www.oarcanjo.net\/site\/wp-json\/wp\/v2\/media?parent=23743"}],"wp:term":[{"taxonomy":"category","embeddable":true,"href":"https:\/\/www.oarcanjo.net\/site\/wp-json\/wp\/v2\/categories?post=23743"},{"taxonomy":"post_tag","embeddable":true,"href":"https:\/\/www.oarcanjo.net\/site\/wp-json\/wp\/v2\/tags?post=23743"}],"curies":[{"name":"wp","href":"https:\/\/api.w.org\/{rel}","templated":true}]}}