
{"id":23751,"date":"2013-11-12T19:56:03","date_gmt":"2013-11-12T21:56:03","guid":{"rendered":"http:\/\/www.oarcanjo.net\/site\/?p=23751"},"modified":"2013-11-12T19:56:47","modified_gmt":"2013-11-12T21:56:47","slug":"e-a-familia-como-vai","status":"publish","type":"post","link":"https:\/\/www.oarcanjo.net\/site\/e-a-familia-como-vai\/","title":{"rendered":"E a fam\u00edlia, como vai?"},"content":{"rendered":"<p><em>Maria Clara Bingemer<\/em><\/p>\n<p>O Vaticano acaba de divulgar o documento preparat\u00f3rio do pr\u00f3ximo S\u00ednodo dos Bispos, previsto para outubro de 2014. Neste texto, que dever\u00e1 ser trabalhado em v\u00e1rias inst\u00e2ncias da comunidade eclesial, Roma prop\u00f5e pautas de reflex\u00e3o sobre a institui\u00e7\u00e3o familiar. Estas depois ser\u00e3o encaminhadas aos padres sinodais, que ter\u00e3o, assim, oportunidade de escutar as bases da Igreja sobre a tem\u00e1tica do S\u00ednodo.<\/p>\n<p>O documento come\u00e7a destacando os problemas &#8220;in\u00e9ditos\u201d sobre a fam\u00edlia e o casamento que a Igreja tem de enfrentar hoje. N\u00e3o \u00e9 de admirar que por a\u00ed comecem as preocupa\u00e7\u00f5es do Vaticano. Nos \u00faltimos tempos, poucas institui\u00e7\u00f5es t\u00eam conhecido t\u00e3o profundas e radicais mudan\u00e7as como esta que, para a Igreja, sempre foi a c\u00e9lula mater da evangeliza\u00e7\u00e3o.<\/p>\n<p>O texto, apresentado em seis l\u00ednguas, declara em sua parte inicial: &#8220;Hoje se perfilam problem\u00e1ticas at\u00e9 h\u00e1 poucos anos in\u00e9ditas, desde a difus\u00e3o dos casais de fato, que n\u00e3o acedem ao matrim\u00f4nio e \u00e0s vezes excluem esta pr\u00f3pria ideia, at\u00e9 as uni\u00f5es entre pessoas do mesmo sexo, \u00e0s quais n\u00e3o raramente \u00e9 permitida a ado\u00e7\u00e3o de filhos\u201d.<\/p>\n<p>Embora reafirme as linhas de for\u00e7a do ensinamento tradicional cat\u00f3lico sobre a fam\u00edlia, qual sejam: o matrim\u00f4nio indissol\u00favel e a primordialidade da procria\u00e7\u00e3o como fim do casamento entre o homem e a mulher, sente-se um tom de maior abertura e uma atitude de maior escuta do que em ocasi\u00f5es anteriores.<\/p>\n<p>Sem afastar-se daquilo que considera pontos n\u00e3o negoci\u00e1veis de sua doutrina sobre o matrim\u00f4nio e a fam\u00edlia, a Igreja demonstra preocupa\u00e7\u00e3o com os fi\u00e9is que, por viverem situa\u00e7\u00f5es matrimoniais e familiares irregulares, encontram-se afastados dos sacramentos. Alude, por exemplo, ao fato de que muitos adolescentes e jovens, &#8220;nascidos de matrim\u00f4nios irregulares\u201d, poder\u00e3o &#8220;nunca ver os seus pais aproximar-se dos sacramentos\u201d. E declara que &#8220;na \u00e9poca em que vivemos, a evidente crise social e espiritual torna-se um desafio pastoral, que interpela a miss\u00e3o evangelizadora da Igreja para a fam\u00edlia, n\u00facleo vital da sociedade e da comunidade eclesial\u201d. A partir da\u00ed, o documento salienta a import\u00e2ncia do desafio que a partir da fam\u00edlia \u00e9 apresentado hoje \u00e0 Igreja para realizar sua miss\u00e3o de evangelizar.<\/p>\n<p>O texto deixa transpirar ainda uma preocupa\u00e7\u00e3o evidente com o sofrimento que muitos cat\u00f3licos, vivendo em situa\u00e7\u00e3o matrimonial e familiar irregular, experimentariam pelo fato de n\u00e3o poderem se aproximar dos sacramentos. A preocupa\u00e7\u00e3o de que isso os fa\u00e7a sentir-se marginalizados deixa entrever a esperan\u00e7a de que o S\u00ednodo se empenhar\u00e1 por encontrar vias de solu\u00e7\u00e3o para tal problema, flexibilizando uma atitude que at\u00e9 os dias de hoje nunca admitiu muitos questionamentos.<\/p>\n<p>Alude ainda a &#8220;situa\u00e7\u00f5es matrimoniais dif\u00edceis\u201d, como a conviv\u00eancia \u2018ad experimentum\u2019 (experimental), as &#8220;uni\u00f5es livres de fato\u201d, os &#8220;separados e os divorciados recasados\u201d, para perguntar \u2013 com preocupa\u00e7\u00e3o maternal &#8211; &#8220;como vivem os batizados a sua irregularidade\u201d. E pergunta-se ainda se a simplifica\u00e7\u00e3o do processo de reconhecimento da &#8220;nulidade do v\u00ednculo matrimonial\u201d poderia oferecer uma &#8220;contribui\u00e7\u00e3o positiva real para a solu\u00e7\u00e3o das problem\u00e1ticas das pessoas interessadas\u201d.<\/p>\n<p>H\u00e1 um ponto, por\u00e9m, que me parece central na reflex\u00e3o que o S\u00ednodo possa fazer sobre a fam\u00edlia. Trata-se da identidade desta institui\u00e7\u00e3o que \u00e9 chamada a entrar em di\u00e1logo com a Igreja. Esta, investida da miss\u00e3o de proclamar a Boa Not\u00edcia do Evangelho, est\u00e1 hoje mais que nunca chamada a n\u00e3o esquecer que a fam\u00edlia n\u00e3o existe para si mesma ou para construir-se e comprazer-se na sua pr\u00f3pria excel\u00eancia comunit\u00e1ria. Embora os la\u00e7os afetivos e a conviv\u00eancia relacional sejam fundamentais para o crescimento pessoal, o equil\u00edbrio emocional e a realiza\u00e7\u00e3o das plenas potencialidades dos membros do n\u00facleo familiar, toda fam\u00edlia estar\u00e1 fracassando em sua voca\u00e7\u00e3o n\u00e3o apenas crist\u00e3, mas humana, se sucumbir \u00e0 tenta\u00e7\u00e3o do modelo burgu\u00eas, fechado em si mesmo, confinado \u00e0 esfera do privado, instaurando uma dicotomia mals\u00e3 entre o privado do interior do lar e a dimens\u00e3o p\u00fablica do mundo e da sociedade.<\/p>\n<p>A fam\u00edlia existe no mundo e para o mundo. E \u00e9 atenta \u00e0s necessidades e prioridades deste mundo e desta sociedade que deve desenvolver sua identidade e suas prioridades formativas e ativas. A fam\u00edlia n\u00e3o \u00e9 um fim em si mesma, mas existe para que o mundo seja melhor e mais humano. O documento de prepara\u00e7\u00e3o nos permite esperar que este ponto forme parte integral e constitutiva do acontecimento sinodal que acontecer\u00e1 no pr\u00f3ximo ano.<\/p>\n<div id=\"themify_builder_content-23751\" data-postid=\"23751\" class=\"themify_builder_content themify_builder_content-23751 themify_builder themify_builder_front\">\n\t<\/div>\n<!-- \/themify_builder_content -->","protected":false},"excerpt":{"rendered":"<p>Maria Clara Bingemer O Vaticano acaba de divulgar o documento preparat\u00f3rio do pr\u00f3ximo S\u00ednodo dos Bispos, previsto para outubro de 2014. Neste texto, que dever\u00e1 ser trabalhado em v\u00e1rias inst\u00e2ncias da comunidade eclesial, Roma prop\u00f5e pautas de reflex\u00e3o sobre a institui\u00e7\u00e3o familiar. Estas depois ser\u00e3o encaminhadas aos padres sinodais, que ter\u00e3o, assim, oportunidade de escutar [&hellip;]<\/p>\n","protected":false},"author":5,"featured_media":0,"comment_status":"open","ping_status":"open","sticky":false,"template":"","format":"standard","meta":{"ngg_post_thumbnail":0,"footnotes":""},"categories":[9],"tags":[119,2433,32],"yoast_head":"<!-- This site is optimized with the Yoast SEO plugin v23.5 - https:\/\/yoast.com\/wordpress\/plugins\/seo\/ -->\n<title>E a fam\u00edlia, como vai? - O Arcanjo no ar<\/title>\n<meta name=\"robots\" content=\"index, follow, max-snippet:-1, max-image-preview:large, max-video-preview:-1\" \/>\n<link rel=\"canonical\" href=\"https:\/\/www.oarcanjo.net\/site\/e-a-familia-como-vai\/\" \/>\n<meta property=\"og:locale\" content=\"pt_BR\" \/>\n<meta property=\"og:type\" content=\"article\" \/>\n<meta property=\"og:title\" content=\"E a fam\u00edlia, como vai? - O Arcanjo no ar\" \/>\n<meta property=\"og:description\" content=\"Maria Clara Bingemer O Vaticano acaba de divulgar o documento preparat\u00f3rio do pr\u00f3ximo S\u00ednodo dos Bispos, previsto para outubro de 2014. Neste texto, que dever\u00e1 ser trabalhado em v\u00e1rias inst\u00e2ncias da comunidade eclesial, Roma prop\u00f5e pautas de reflex\u00e3o sobre a institui\u00e7\u00e3o familiar. Estas depois ser\u00e3o encaminhadas aos padres sinodais, que ter\u00e3o, assim, oportunidade de escutar [&hellip;]\" \/>\n<meta property=\"og:url\" content=\"https:\/\/www.oarcanjo.net\/site\/e-a-familia-como-vai\/\" \/>\n<meta property=\"og:site_name\" content=\"O Arcanjo no ar\" \/>\n<meta property=\"article:publisher\" content=\"https:\/\/www.facebook.com\/OArcanjoNoAr\/\" \/>\n<meta property=\"article:published_time\" content=\"2013-11-12T21:56:03+00:00\" \/>\n<meta property=\"article:modified_time\" content=\"2013-11-12T21:56:47+00:00\" \/>\n<meta property=\"og:image\" content=\"https:\/\/www.oarcanjo.net\/site\/wp-content\/uploads\/logo-o-arcanjo-no-ar-facebook.png\" \/>\n\t<meta property=\"og:image:width\" content=\"300\" \/>\n\t<meta property=\"og:image:height\" content=\"300\" \/>\n\t<meta property=\"og:image:type\" content=\"image\/png\" \/>\n<meta name=\"author\" content=\"editor\" \/>\n<meta name=\"twitter:card\" content=\"summary_large_image\" \/>\n<meta name=\"twitter:label1\" content=\"Escrito por\" \/>\n\t<meta name=\"twitter:data1\" content=\"editor\" \/>\n\t<meta name=\"twitter:label2\" content=\"Est. tempo de leitura\" \/>\n\t<meta name=\"twitter:data2\" content=\"4 minutos\" \/>\n<script type=\"application\/ld+json\" class=\"yoast-schema-graph\">{\"@context\":\"https:\/\/schema.org\",\"@graph\":[{\"@type\":\"Article\",\"@id\":\"https:\/\/www.oarcanjo.net\/site\/e-a-familia-como-vai\/#article\",\"isPartOf\":{\"@id\":\"https:\/\/www.oarcanjo.net\/site\/e-a-familia-como-vai\/\"},\"author\":{\"name\":\"editor\",\"@id\":\"https:\/\/www.oarcanjo.net\/site\/#\/schema\/person\/f7024d007863202483a31326673a0838\"},\"headline\":\"E a fam\u00edlia, como vai?\",\"datePublished\":\"2013-11-12T21:56:03+00:00\",\"dateModified\":\"2013-11-12T21:56:47+00:00\",\"mainEntityOfPage\":{\"@id\":\"https:\/\/www.oarcanjo.net\/site\/e-a-familia-como-vai\/\"},\"wordCount\":809,\"commentCount\":0,\"publisher\":{\"@id\":\"https:\/\/www.oarcanjo.net\/site\/#organization\"},\"keywords\":[\"fam\u00edlia\",\"Papa Francisco\",\"s\u00ednodo\"],\"articleSection\":[\"Reflex\u00f5es\"],\"inLanguage\":\"pt-BR\",\"potentialAction\":[{\"@type\":\"CommentAction\",\"name\":\"Comment\",\"target\":[\"https:\/\/www.oarcanjo.net\/site\/e-a-familia-como-vai\/#respond\"]}]},{\"@type\":\"WebPage\",\"@id\":\"https:\/\/www.oarcanjo.net\/site\/e-a-familia-como-vai\/\",\"url\":\"https:\/\/www.oarcanjo.net\/site\/e-a-familia-como-vai\/\",\"name\":\"E a fam\u00edlia, como vai? - O Arcanjo no ar\",\"isPartOf\":{\"@id\":\"https:\/\/www.oarcanjo.net\/site\/#website\"},\"datePublished\":\"2013-11-12T21:56:03+00:00\",\"dateModified\":\"2013-11-12T21:56:47+00:00\",\"breadcrumb\":{\"@id\":\"https:\/\/www.oarcanjo.net\/site\/e-a-familia-como-vai\/#breadcrumb\"},\"inLanguage\":\"pt-BR\",\"potentialAction\":[{\"@type\":\"ReadAction\",\"target\":[\"https:\/\/www.oarcanjo.net\/site\/e-a-familia-como-vai\/\"]}]},{\"@type\":\"BreadcrumbList\",\"@id\":\"https:\/\/www.oarcanjo.net\/site\/e-a-familia-como-vai\/#breadcrumb\",\"itemListElement\":[{\"@type\":\"ListItem\",\"position\":1,\"name\":\"In\u00edcio\",\"item\":\"https:\/\/www.oarcanjo.net\/site\/\"},{\"@type\":\"ListItem\",\"position\":2,\"name\":\"E a fam\u00edlia, como vai?\"}]},{\"@type\":\"WebSite\",\"@id\":\"https:\/\/www.oarcanjo.net\/site\/#website\",\"url\":\"https:\/\/www.oarcanjo.net\/site\/\",\"name\":\"O Arcanjo no ar\",\"description\":\"Site da Par\u00f3quia S\u00e3o Miguel Arcanjo (Arquidiocese de SP)\",\"publisher\":{\"@id\":\"https:\/\/www.oarcanjo.net\/site\/#organization\"},\"potentialAction\":[{\"@type\":\"SearchAction\",\"target\":{\"@type\":\"EntryPoint\",\"urlTemplate\":\"https:\/\/www.oarcanjo.net\/site\/?s={search_term_string}\"},\"query-input\":{\"@type\":\"PropertyValueSpecification\",\"valueRequired\":true,\"valueName\":\"search_term_string\"}}],\"inLanguage\":\"pt-BR\"},{\"@type\":\"Organization\",\"@id\":\"https:\/\/www.oarcanjo.net\/site\/#organization\",\"name\":\"Par\u00f3quia S\u00e3o Miguel Arcanjo\",\"url\":\"https:\/\/www.oarcanjo.net\/site\/\",\"logo\":{\"@type\":\"ImageObject\",\"inLanguage\":\"pt-BR\",\"@id\":\"https:\/\/www.oarcanjo.net\/site\/#\/schema\/logo\/image\/\",\"url\":\"https:\/\/www.oarcanjo.net\/site\/wp-content\/uploads\/LogoOArcanjo.png\",\"contentUrl\":\"https:\/\/www.oarcanjo.net\/site\/wp-content\/uploads\/LogoOArcanjo.png\",\"width\":319,\"height\":99,\"caption\":\"Par\u00f3quia S\u00e3o Miguel Arcanjo\"},\"image\":{\"@id\":\"https:\/\/www.oarcanjo.net\/site\/#\/schema\/logo\/image\/\"},\"sameAs\":[\"https:\/\/www.facebook.com\/OArcanjoNoAr\/\"]},{\"@type\":\"Person\",\"@id\":\"https:\/\/www.oarcanjo.net\/site\/#\/schema\/person\/f7024d007863202483a31326673a0838\",\"name\":\"editor\",\"sameAs\":[\"http:\/\/www.oarcanjo.net\"]}]}<\/script>\n<!-- \/ Yoast SEO plugin. -->","yoast_head_json":{"title":"E a fam\u00edlia, como vai? - O Arcanjo no ar","robots":{"index":"index","follow":"follow","max-snippet":"max-snippet:-1","max-image-preview":"max-image-preview:large","max-video-preview":"max-video-preview:-1"},"canonical":"https:\/\/www.oarcanjo.net\/site\/e-a-familia-como-vai\/","og_locale":"pt_BR","og_type":"article","og_title":"E a fam\u00edlia, como vai? - O Arcanjo no ar","og_description":"Maria Clara Bingemer O Vaticano acaba de divulgar o documento preparat\u00f3rio do pr\u00f3ximo S\u00ednodo dos Bispos, previsto para outubro de 2014. Neste texto, que dever\u00e1 ser trabalhado em v\u00e1rias inst\u00e2ncias da comunidade eclesial, Roma prop\u00f5e pautas de reflex\u00e3o sobre a institui\u00e7\u00e3o familiar. Estas depois ser\u00e3o encaminhadas aos padres sinodais, que ter\u00e3o, assim, oportunidade de escutar [&hellip;]","og_url":"https:\/\/www.oarcanjo.net\/site\/e-a-familia-como-vai\/","og_site_name":"O Arcanjo no ar","article_publisher":"https:\/\/www.facebook.com\/OArcanjoNoAr\/","article_published_time":"2013-11-12T21:56:03+00:00","article_modified_time":"2013-11-12T21:56:47+00:00","og_image":[{"width":300,"height":300,"url":"https:\/\/www.oarcanjo.net\/site\/wp-content\/uploads\/logo-o-arcanjo-no-ar-facebook.png","type":"image\/png"}],"author":"editor","twitter_card":"summary_large_image","twitter_misc":{"Escrito por":"editor","Est. tempo de leitura":"4 minutos"},"schema":{"@context":"https:\/\/schema.org","@graph":[{"@type":"Article","@id":"https:\/\/www.oarcanjo.net\/site\/e-a-familia-como-vai\/#article","isPartOf":{"@id":"https:\/\/www.oarcanjo.net\/site\/e-a-familia-como-vai\/"},"author":{"name":"editor","@id":"https:\/\/www.oarcanjo.net\/site\/#\/schema\/person\/f7024d007863202483a31326673a0838"},"headline":"E a fam\u00edlia, como vai?","datePublished":"2013-11-12T21:56:03+00:00","dateModified":"2013-11-12T21:56:47+00:00","mainEntityOfPage":{"@id":"https:\/\/www.oarcanjo.net\/site\/e-a-familia-como-vai\/"},"wordCount":809,"commentCount":0,"publisher":{"@id":"https:\/\/www.oarcanjo.net\/site\/#organization"},"keywords":["fam\u00edlia","Papa Francisco","s\u00ednodo"],"articleSection":["Reflex\u00f5es"],"inLanguage":"pt-BR","potentialAction":[{"@type":"CommentAction","name":"Comment","target":["https:\/\/www.oarcanjo.net\/site\/e-a-familia-como-vai\/#respond"]}]},{"@type":"WebPage","@id":"https:\/\/www.oarcanjo.net\/site\/e-a-familia-como-vai\/","url":"https:\/\/www.oarcanjo.net\/site\/e-a-familia-como-vai\/","name":"E a fam\u00edlia, como vai? - O Arcanjo no ar","isPartOf":{"@id":"https:\/\/www.oarcanjo.net\/site\/#website"},"datePublished":"2013-11-12T21:56:03+00:00","dateModified":"2013-11-12T21:56:47+00:00","breadcrumb":{"@id":"https:\/\/www.oarcanjo.net\/site\/e-a-familia-como-vai\/#breadcrumb"},"inLanguage":"pt-BR","potentialAction":[{"@type":"ReadAction","target":["https:\/\/www.oarcanjo.net\/site\/e-a-familia-como-vai\/"]}]},{"@type":"BreadcrumbList","@id":"https:\/\/www.oarcanjo.net\/site\/e-a-familia-como-vai\/#breadcrumb","itemListElement":[{"@type":"ListItem","position":1,"name":"In\u00edcio","item":"https:\/\/www.oarcanjo.net\/site\/"},{"@type":"ListItem","position":2,"name":"E a fam\u00edlia, como vai?"}]},{"@type":"WebSite","@id":"https:\/\/www.oarcanjo.net\/site\/#website","url":"https:\/\/www.oarcanjo.net\/site\/","name":"O Arcanjo no ar","description":"Site da Par\u00f3quia S\u00e3o Miguel Arcanjo (Arquidiocese de SP)","publisher":{"@id":"https:\/\/www.oarcanjo.net\/site\/#organization"},"potentialAction":[{"@type":"SearchAction","target":{"@type":"EntryPoint","urlTemplate":"https:\/\/www.oarcanjo.net\/site\/?s={search_term_string}"},"query-input":{"@type":"PropertyValueSpecification","valueRequired":true,"valueName":"search_term_string"}}],"inLanguage":"pt-BR"},{"@type":"Organization","@id":"https:\/\/www.oarcanjo.net\/site\/#organization","name":"Par\u00f3quia S\u00e3o Miguel Arcanjo","url":"https:\/\/www.oarcanjo.net\/site\/","logo":{"@type":"ImageObject","inLanguage":"pt-BR","@id":"https:\/\/www.oarcanjo.net\/site\/#\/schema\/logo\/image\/","url":"https:\/\/www.oarcanjo.net\/site\/wp-content\/uploads\/LogoOArcanjo.png","contentUrl":"https:\/\/www.oarcanjo.net\/site\/wp-content\/uploads\/LogoOArcanjo.png","width":319,"height":99,"caption":"Par\u00f3quia S\u00e3o Miguel Arcanjo"},"image":{"@id":"https:\/\/www.oarcanjo.net\/site\/#\/schema\/logo\/image\/"},"sameAs":["https:\/\/www.facebook.com\/OArcanjoNoAr\/"]},{"@type":"Person","@id":"https:\/\/www.oarcanjo.net\/site\/#\/schema\/person\/f7024d007863202483a31326673a0838","name":"editor","sameAs":["http:\/\/www.oarcanjo.net"]}]}},"publishpress_future_action":{"enabled":false,"date":"2026-05-09 00:28:05","action":"category","newStatus":"draft","terms":[],"taxonomy":"category"},"publishpress_future_workflow_manual_trigger":{"enabledWorkflows":[]},"_links":{"self":[{"href":"https:\/\/www.oarcanjo.net\/site\/wp-json\/wp\/v2\/posts\/23751"}],"collection":[{"href":"https:\/\/www.oarcanjo.net\/site\/wp-json\/wp\/v2\/posts"}],"about":[{"href":"https:\/\/www.oarcanjo.net\/site\/wp-json\/wp\/v2\/types\/post"}],"author":[{"embeddable":true,"href":"https:\/\/www.oarcanjo.net\/site\/wp-json\/wp\/v2\/users\/5"}],"replies":[{"embeddable":true,"href":"https:\/\/www.oarcanjo.net\/site\/wp-json\/wp\/v2\/comments?post=23751"}],"version-history":[{"count":0,"href":"https:\/\/www.oarcanjo.net\/site\/wp-json\/wp\/v2\/posts\/23751\/revisions"}],"wp:attachment":[{"href":"https:\/\/www.oarcanjo.net\/site\/wp-json\/wp\/v2\/media?parent=23751"}],"wp:term":[{"taxonomy":"category","embeddable":true,"href":"https:\/\/www.oarcanjo.net\/site\/wp-json\/wp\/v2\/categories?post=23751"},{"taxonomy":"post_tag","embeddable":true,"href":"https:\/\/www.oarcanjo.net\/site\/wp-json\/wp\/v2\/tags?post=23751"}],"curies":[{"name":"wp","href":"https:\/\/api.w.org\/{rel}","templated":true}]}}