
{"id":23756,"date":"2013-11-13T19:20:55","date_gmt":"2013-11-13T21:20:55","guid":{"rendered":"http:\/\/www.oarcanjo.net\/site\/?p=23756"},"modified":"2013-11-13T19:20:55","modified_gmt":"2013-11-13T21:20:55","slug":"o-batismo-e-a-porta-da-fe-e-da-vida-crista-disse-o-papa-nesta-quarta-feira","status":"publish","type":"post","link":"https:\/\/www.oarcanjo.net\/site\/o-batismo-e-a-porta-da-fe-e-da-vida-crista-disse-o-papa-nesta-quarta-feira\/","title":{"rendered":"O Batismo \u00e9 a porta da f\u00e9 e da vida crist\u00e3, disse o Papa nesta quarta-feira"},"content":{"rendered":"<p>F\u00e9, alegria, entusiasmo e esperan\u00e7a s\u00e3o alguns dos sentimentos que as multid\u00f5es trazem \u00e0 Pra\u00e7a de S\u00e3o Pedro nas audi\u00eancias gerais de quarta-feira: \u201cno Credo, atrav\u00e9s do qual em cada domingo fazemos a nossa profiss\u00e3o de f\u00e9, n\u00f3s afirmamos: \u2018Professo um s\u00f3 batismo para o perd\u00e3o dos pecados\u2019. Trata-se da \u00fanica refer\u00eancia expl\u00edcita a um Sacramento no interior do Credo. Efetivamente o Batismo \u00e9 a porta da f\u00e9 e da vida crist\u00e3.\u201d<\/p>\n<p>A porta da f\u00e9 e da vida crist\u00e3 \u00e9 o Batismo e este \u00e9 o \u00fanico Sacramento referido no Credo. O Papa Francisco apontou tr\u00eas elementos fundamentais: Professo; um s\u00f3 batismo; e remiss\u00e3o dos pecados.<\/p>\n<p>O primeiro elemento \u00e9 \u2013 diz-nos o Papa Francisco \u2013\u00a0professo. Quando no Credo dizemos que \u201cprofesso um s\u00f3 Batismo para a remiss\u00e3o dos pecados\u201d,\u00a0afirmamos que este sacramento \u00e9, em certo sentido, o bilhete de identidade do crist\u00e3o: um novo nascimento, o ponto de partida de um caminho de convers\u00e3o, que se estende por toda a vida.<\/p>\n<p>\u201cNeste sentido o dia do nosso Batismo \u00e9 o ponto de partida de um caminho de convers\u00e3o que dura toda a vida e que \u00e9 continuamente sustentado pelo Sacramento da Penit\u00eancia.\u201d<\/p>\n<p>O Santo Padre apresentou, ent\u00e3o, o segundo elemento: um s\u00f3 batismo. \u201cSegundo elemento: \u2018um s\u00f3 batismo\u2019. Esta express\u00e3o recorda-nos aquela de S\u00e3o Paulo: Um s\u00f3 Senhor, uma s\u00f3 f\u00e9, um s\u00f3 batismo. A palavra batismo significa literalmente \u2018imers\u00e3o\u2019 e, com efeito, este sacramento constitui uma verdadeira imers\u00e3o espiritual na morte de Cristo, da qual se ressuscita com Ele como novas criaturas.\u201d<\/p>\n<p>Este novo nascimento \u2013 afirmou o Santo Padre &#8211; d\u00e1-se atrav\u00e9s de uma verdadeira imers\u00e3o espiritual na morte de Cristo, pois, batismo significa imers\u00e3o, para que possamos ressuscitar com Ele para uma vida nova.<\/p>\n<p>Terceiro e \u00faltimo elemento: a remiss\u00e3o dos pecados. \u201cFinalmente, um breve apontamento sobre o terceiro elemento: para a remiss\u00e3o dos pecados. No sacramento do Batismo s\u00e3o remidos todos os pecados, o pecado original e todos os pecados pessoais, como tamb\u00e9m todas as penas do pecado.\u201d<\/p>\n<p>Assim, o Batismo \u2013 continuou o Santo Padre &#8211; representa uma poderosa interven\u00e7\u00e3o da miseric\u00f3rdia divina na nossa vida, que nos garante o perd\u00e3o de todos os pecados: do pecado original e de todos os pecados pessoais.<\/p>\n<p>O Papa Francisco dirigiu nesta audi\u00eancia uma cordial sauda\u00e7\u00e3o aos peregrinos de l\u00edngua portuguesa, nomeadamente a uma delega\u00e7\u00e3o de Mo\u00e7ambique e a diversos grupos de brasileiros.<\/p>\n<p>No final da audi\u00eancia o Papa Francisco lan\u00e7ou um apelo pelas crian\u00e7as mortas na S\u00edria devido a tiros de morteiro que atingiram o autocarro que as transportava. O Papa pediu: Por favor, que estas trag\u00e9dias n\u00e3o voltem a acontecer, rezemos fortemente.<\/p>\n<p>O Santo Padre recordou ainda as v\u00edtimas do tuf\u00e3o nas Filipinas. E afirmou serem estas as batalhas a combater: pela vida e nunca pela morte! (RS)<\/p>\n<p><em>Fonte: Arquidiocese de S\u00e3o Paulo<\/em><\/p>\n<div id=\"themify_builder_content-23756\" data-postid=\"23756\" class=\"themify_builder_content themify_builder_content-23756 themify_builder themify_builder_front\">\n\t<\/div>\n<!-- \/themify_builder_content -->","protected":false},"excerpt":{"rendered":"<p>F\u00e9, alegria, entusiasmo e esperan\u00e7a s\u00e3o alguns dos sentimentos que as multid\u00f5es trazem \u00e0 Pra\u00e7a de S\u00e3o Pedro nas audi\u00eancias gerais de quarta-feira: \u201cno Credo, atrav\u00e9s do qual em cada domingo fazemos a nossa profiss\u00e3o de f\u00e9, n\u00f3s afirmamos: \u2018Professo um s\u00f3 batismo para o perd\u00e3o dos pecados\u2019. Trata-se da \u00fanica refer\u00eancia expl\u00edcita a um [&hellip;]<\/p>\n","protected":false},"author":5,"featured_media":0,"comment_status":"open","ping_status":"open","sticky":false,"template":"","format":"standard","meta":{"ngg_post_thumbnail":0,"footnotes":""},"categories":[8],"tags":[154,2433,278],"yoast_head":"<!-- This site is optimized with the Yoast SEO plugin v23.5 - https:\/\/yoast.com\/wordpress\/plugins\/seo\/ -->\n<title>O Batismo \u00e9 a porta da f\u00e9 e da vida crist\u00e3, disse o Papa nesta quarta-feira - O Arcanjo no ar<\/title>\n<meta name=\"robots\" content=\"index, follow, max-snippet:-1, max-image-preview:large, max-video-preview:-1\" \/>\n<link rel=\"canonical\" href=\"https:\/\/www.oarcanjo.net\/site\/o-batismo-e-a-porta-da-fe-e-da-vida-crista-disse-o-papa-nesta-quarta-feira\/\" \/>\n<meta property=\"og:locale\" content=\"pt_BR\" \/>\n<meta property=\"og:type\" content=\"article\" \/>\n<meta property=\"og:title\" content=\"O Batismo \u00e9 a porta da f\u00e9 e da vida crist\u00e3, disse o Papa nesta quarta-feira - O Arcanjo no ar\" \/>\n<meta property=\"og:description\" content=\"F\u00e9, alegria, entusiasmo e esperan\u00e7a s\u00e3o alguns dos sentimentos que as multid\u00f5es trazem \u00e0 Pra\u00e7a de S\u00e3o Pedro nas audi\u00eancias gerais de quarta-feira: \u201cno Credo, atrav\u00e9s do qual em cada domingo fazemos a nossa profiss\u00e3o de f\u00e9, n\u00f3s afirmamos: \u2018Professo um s\u00f3 batismo para o perd\u00e3o dos pecados\u2019. Trata-se da \u00fanica refer\u00eancia expl\u00edcita a um [&hellip;]\" \/>\n<meta property=\"og:url\" content=\"https:\/\/www.oarcanjo.net\/site\/o-batismo-e-a-porta-da-fe-e-da-vida-crista-disse-o-papa-nesta-quarta-feira\/\" \/>\n<meta property=\"og:site_name\" content=\"O Arcanjo no ar\" \/>\n<meta property=\"article:publisher\" content=\"https:\/\/www.facebook.com\/OArcanjoNoAr\/\" \/>\n<meta property=\"article:published_time\" content=\"2013-11-13T21:20:55+00:00\" \/>\n<meta property=\"og:image\" content=\"https:\/\/www.oarcanjo.net\/site\/wp-content\/uploads\/logo-o-arcanjo-no-ar-facebook.png\" \/>\n\t<meta property=\"og:image:width\" content=\"300\" \/>\n\t<meta property=\"og:image:height\" content=\"300\" \/>\n\t<meta property=\"og:image:type\" content=\"image\/png\" \/>\n<meta name=\"author\" content=\"editor\" \/>\n<meta name=\"twitter:card\" content=\"summary_large_image\" \/>\n<meta name=\"twitter:label1\" content=\"Escrito por\" \/>\n\t<meta name=\"twitter:data1\" content=\"editor\" \/>\n\t<meta name=\"twitter:label2\" content=\"Est. tempo de leitura\" \/>\n\t<meta name=\"twitter:data2\" content=\"3 minutos\" \/>\n<script type=\"application\/ld+json\" class=\"yoast-schema-graph\">{\"@context\":\"https:\/\/schema.org\",\"@graph\":[{\"@type\":\"Article\",\"@id\":\"https:\/\/www.oarcanjo.net\/site\/o-batismo-e-a-porta-da-fe-e-da-vida-crista-disse-o-papa-nesta-quarta-feira\/#article\",\"isPartOf\":{\"@id\":\"https:\/\/www.oarcanjo.net\/site\/o-batismo-e-a-porta-da-fe-e-da-vida-crista-disse-o-papa-nesta-quarta-feira\/\"},\"author\":{\"name\":\"editor\",\"@id\":\"https:\/\/www.oarcanjo.net\/site\/#\/schema\/person\/f7024d007863202483a31326673a0838\"},\"headline\":\"O Batismo \u00e9 a porta da f\u00e9 e da vida crist\u00e3, disse o Papa nesta quarta-feira\",\"datePublished\":\"2013-11-13T21:20:55+00:00\",\"dateModified\":\"2013-11-13T21:20:55+00:00\",\"mainEntityOfPage\":{\"@id\":\"https:\/\/www.oarcanjo.net\/site\/o-batismo-e-a-porta-da-fe-e-da-vida-crista-disse-o-papa-nesta-quarta-feira\/\"},\"wordCount\":523,\"commentCount\":0,\"publisher\":{\"@id\":\"https:\/\/www.oarcanjo.net\/site\/#organization\"},\"keywords\":[\"Batismo\",\"Papa Francisco\",\"sacramento\"],\"articleSection\":[\"Not\u00edcias\"],\"inLanguage\":\"pt-BR\",\"potentialAction\":[{\"@type\":\"CommentAction\",\"name\":\"Comment\",\"target\":[\"https:\/\/www.oarcanjo.net\/site\/o-batismo-e-a-porta-da-fe-e-da-vida-crista-disse-o-papa-nesta-quarta-feira\/#respond\"]}]},{\"@type\":\"WebPage\",\"@id\":\"https:\/\/www.oarcanjo.net\/site\/o-batismo-e-a-porta-da-fe-e-da-vida-crista-disse-o-papa-nesta-quarta-feira\/\",\"url\":\"https:\/\/www.oarcanjo.net\/site\/o-batismo-e-a-porta-da-fe-e-da-vida-crista-disse-o-papa-nesta-quarta-feira\/\",\"name\":\"O Batismo \u00e9 a porta da f\u00e9 e da vida crist\u00e3, disse o Papa nesta quarta-feira - O Arcanjo no ar\",\"isPartOf\":{\"@id\":\"https:\/\/www.oarcanjo.net\/site\/#website\"},\"datePublished\":\"2013-11-13T21:20:55+00:00\",\"dateModified\":\"2013-11-13T21:20:55+00:00\",\"breadcrumb\":{\"@id\":\"https:\/\/www.oarcanjo.net\/site\/o-batismo-e-a-porta-da-fe-e-da-vida-crista-disse-o-papa-nesta-quarta-feira\/#breadcrumb\"},\"inLanguage\":\"pt-BR\",\"potentialAction\":[{\"@type\":\"ReadAction\",\"target\":[\"https:\/\/www.oarcanjo.net\/site\/o-batismo-e-a-porta-da-fe-e-da-vida-crista-disse-o-papa-nesta-quarta-feira\/\"]}]},{\"@type\":\"BreadcrumbList\",\"@id\":\"https:\/\/www.oarcanjo.net\/site\/o-batismo-e-a-porta-da-fe-e-da-vida-crista-disse-o-papa-nesta-quarta-feira\/#breadcrumb\",\"itemListElement\":[{\"@type\":\"ListItem\",\"position\":1,\"name\":\"In\u00edcio\",\"item\":\"https:\/\/www.oarcanjo.net\/site\/\"},{\"@type\":\"ListItem\",\"position\":2,\"name\":\"O Batismo \u00e9 a porta da f\u00e9 e da vida crist\u00e3, disse o Papa nesta quarta-feira\"}]},{\"@type\":\"WebSite\",\"@id\":\"https:\/\/www.oarcanjo.net\/site\/#website\",\"url\":\"https:\/\/www.oarcanjo.net\/site\/\",\"name\":\"O Arcanjo no ar\",\"description\":\"Site da Par\u00f3quia S\u00e3o Miguel Arcanjo (Arquidiocese de SP)\",\"publisher\":{\"@id\":\"https:\/\/www.oarcanjo.net\/site\/#organization\"},\"potentialAction\":[{\"@type\":\"SearchAction\",\"target\":{\"@type\":\"EntryPoint\",\"urlTemplate\":\"https:\/\/www.oarcanjo.net\/site\/?s={search_term_string}\"},\"query-input\":{\"@type\":\"PropertyValueSpecification\",\"valueRequired\":true,\"valueName\":\"search_term_string\"}}],\"inLanguage\":\"pt-BR\"},{\"@type\":\"Organization\",\"@id\":\"https:\/\/www.oarcanjo.net\/site\/#organization\",\"name\":\"Par\u00f3quia S\u00e3o Miguel Arcanjo\",\"url\":\"https:\/\/www.oarcanjo.net\/site\/\",\"logo\":{\"@type\":\"ImageObject\",\"inLanguage\":\"pt-BR\",\"@id\":\"https:\/\/www.oarcanjo.net\/site\/#\/schema\/logo\/image\/\",\"url\":\"https:\/\/www.oarcanjo.net\/site\/wp-content\/uploads\/LogoOArcanjo.png\",\"contentUrl\":\"https:\/\/www.oarcanjo.net\/site\/wp-content\/uploads\/LogoOArcanjo.png\",\"width\":319,\"height\":99,\"caption\":\"Par\u00f3quia S\u00e3o Miguel Arcanjo\"},\"image\":{\"@id\":\"https:\/\/www.oarcanjo.net\/site\/#\/schema\/logo\/image\/\"},\"sameAs\":[\"https:\/\/www.facebook.com\/OArcanjoNoAr\/\"]},{\"@type\":\"Person\",\"@id\":\"https:\/\/www.oarcanjo.net\/site\/#\/schema\/person\/f7024d007863202483a31326673a0838\",\"name\":\"editor\",\"sameAs\":[\"http:\/\/www.oarcanjo.net\"]}]}<\/script>\n<!-- \/ Yoast SEO plugin. -->","yoast_head_json":{"title":"O Batismo \u00e9 a porta da f\u00e9 e da vida crist\u00e3, disse o Papa nesta quarta-feira - O Arcanjo no ar","robots":{"index":"index","follow":"follow","max-snippet":"max-snippet:-1","max-image-preview":"max-image-preview:large","max-video-preview":"max-video-preview:-1"},"canonical":"https:\/\/www.oarcanjo.net\/site\/o-batismo-e-a-porta-da-fe-e-da-vida-crista-disse-o-papa-nesta-quarta-feira\/","og_locale":"pt_BR","og_type":"article","og_title":"O Batismo \u00e9 a porta da f\u00e9 e da vida crist\u00e3, disse o Papa nesta quarta-feira - O Arcanjo no ar","og_description":"F\u00e9, alegria, entusiasmo e esperan\u00e7a s\u00e3o alguns dos sentimentos que as multid\u00f5es trazem \u00e0 Pra\u00e7a de S\u00e3o Pedro nas audi\u00eancias gerais de quarta-feira: \u201cno Credo, atrav\u00e9s do qual em cada domingo fazemos a nossa profiss\u00e3o de f\u00e9, n\u00f3s afirmamos: \u2018Professo um s\u00f3 batismo para o perd\u00e3o dos pecados\u2019. Trata-se da \u00fanica refer\u00eancia expl\u00edcita a um [&hellip;]","og_url":"https:\/\/www.oarcanjo.net\/site\/o-batismo-e-a-porta-da-fe-e-da-vida-crista-disse-o-papa-nesta-quarta-feira\/","og_site_name":"O Arcanjo no ar","article_publisher":"https:\/\/www.facebook.com\/OArcanjoNoAr\/","article_published_time":"2013-11-13T21:20:55+00:00","og_image":[{"width":300,"height":300,"url":"https:\/\/www.oarcanjo.net\/site\/wp-content\/uploads\/logo-o-arcanjo-no-ar-facebook.png","type":"image\/png"}],"author":"editor","twitter_card":"summary_large_image","twitter_misc":{"Escrito por":"editor","Est. tempo de leitura":"3 minutos"},"schema":{"@context":"https:\/\/schema.org","@graph":[{"@type":"Article","@id":"https:\/\/www.oarcanjo.net\/site\/o-batismo-e-a-porta-da-fe-e-da-vida-crista-disse-o-papa-nesta-quarta-feira\/#article","isPartOf":{"@id":"https:\/\/www.oarcanjo.net\/site\/o-batismo-e-a-porta-da-fe-e-da-vida-crista-disse-o-papa-nesta-quarta-feira\/"},"author":{"name":"editor","@id":"https:\/\/www.oarcanjo.net\/site\/#\/schema\/person\/f7024d007863202483a31326673a0838"},"headline":"O Batismo \u00e9 a porta da f\u00e9 e da vida crist\u00e3, disse o Papa nesta quarta-feira","datePublished":"2013-11-13T21:20:55+00:00","dateModified":"2013-11-13T21:20:55+00:00","mainEntityOfPage":{"@id":"https:\/\/www.oarcanjo.net\/site\/o-batismo-e-a-porta-da-fe-e-da-vida-crista-disse-o-papa-nesta-quarta-feira\/"},"wordCount":523,"commentCount":0,"publisher":{"@id":"https:\/\/www.oarcanjo.net\/site\/#organization"},"keywords":["Batismo","Papa Francisco","sacramento"],"articleSection":["Not\u00edcias"],"inLanguage":"pt-BR","potentialAction":[{"@type":"CommentAction","name":"Comment","target":["https:\/\/www.oarcanjo.net\/site\/o-batismo-e-a-porta-da-fe-e-da-vida-crista-disse-o-papa-nesta-quarta-feira\/#respond"]}]},{"@type":"WebPage","@id":"https:\/\/www.oarcanjo.net\/site\/o-batismo-e-a-porta-da-fe-e-da-vida-crista-disse-o-papa-nesta-quarta-feira\/","url":"https:\/\/www.oarcanjo.net\/site\/o-batismo-e-a-porta-da-fe-e-da-vida-crista-disse-o-papa-nesta-quarta-feira\/","name":"O Batismo \u00e9 a porta da f\u00e9 e da vida crist\u00e3, disse o Papa nesta quarta-feira - O Arcanjo no ar","isPartOf":{"@id":"https:\/\/www.oarcanjo.net\/site\/#website"},"datePublished":"2013-11-13T21:20:55+00:00","dateModified":"2013-11-13T21:20:55+00:00","breadcrumb":{"@id":"https:\/\/www.oarcanjo.net\/site\/o-batismo-e-a-porta-da-fe-e-da-vida-crista-disse-o-papa-nesta-quarta-feira\/#breadcrumb"},"inLanguage":"pt-BR","potentialAction":[{"@type":"ReadAction","target":["https:\/\/www.oarcanjo.net\/site\/o-batismo-e-a-porta-da-fe-e-da-vida-crista-disse-o-papa-nesta-quarta-feira\/"]}]},{"@type":"BreadcrumbList","@id":"https:\/\/www.oarcanjo.net\/site\/o-batismo-e-a-porta-da-fe-e-da-vida-crista-disse-o-papa-nesta-quarta-feira\/#breadcrumb","itemListElement":[{"@type":"ListItem","position":1,"name":"In\u00edcio","item":"https:\/\/www.oarcanjo.net\/site\/"},{"@type":"ListItem","position":2,"name":"O Batismo \u00e9 a porta da f\u00e9 e da vida crist\u00e3, disse o Papa nesta quarta-feira"}]},{"@type":"WebSite","@id":"https:\/\/www.oarcanjo.net\/site\/#website","url":"https:\/\/www.oarcanjo.net\/site\/","name":"O Arcanjo no ar","description":"Site da Par\u00f3quia S\u00e3o Miguel Arcanjo (Arquidiocese de SP)","publisher":{"@id":"https:\/\/www.oarcanjo.net\/site\/#organization"},"potentialAction":[{"@type":"SearchAction","target":{"@type":"EntryPoint","urlTemplate":"https:\/\/www.oarcanjo.net\/site\/?s={search_term_string}"},"query-input":{"@type":"PropertyValueSpecification","valueRequired":true,"valueName":"search_term_string"}}],"inLanguage":"pt-BR"},{"@type":"Organization","@id":"https:\/\/www.oarcanjo.net\/site\/#organization","name":"Par\u00f3quia S\u00e3o Miguel Arcanjo","url":"https:\/\/www.oarcanjo.net\/site\/","logo":{"@type":"ImageObject","inLanguage":"pt-BR","@id":"https:\/\/www.oarcanjo.net\/site\/#\/schema\/logo\/image\/","url":"https:\/\/www.oarcanjo.net\/site\/wp-content\/uploads\/LogoOArcanjo.png","contentUrl":"https:\/\/www.oarcanjo.net\/site\/wp-content\/uploads\/LogoOArcanjo.png","width":319,"height":99,"caption":"Par\u00f3quia S\u00e3o Miguel Arcanjo"},"image":{"@id":"https:\/\/www.oarcanjo.net\/site\/#\/schema\/logo\/image\/"},"sameAs":["https:\/\/www.facebook.com\/OArcanjoNoAr\/"]},{"@type":"Person","@id":"https:\/\/www.oarcanjo.net\/site\/#\/schema\/person\/f7024d007863202483a31326673a0838","name":"editor","sameAs":["http:\/\/www.oarcanjo.net"]}]}},"publishpress_future_action":{"enabled":false,"date":"2026-05-10 08:23:16","action":"category","newStatus":"draft","terms":[],"taxonomy":"category"},"publishpress_future_workflow_manual_trigger":{"enabledWorkflows":[]},"_links":{"self":[{"href":"https:\/\/www.oarcanjo.net\/site\/wp-json\/wp\/v2\/posts\/23756"}],"collection":[{"href":"https:\/\/www.oarcanjo.net\/site\/wp-json\/wp\/v2\/posts"}],"about":[{"href":"https:\/\/www.oarcanjo.net\/site\/wp-json\/wp\/v2\/types\/post"}],"author":[{"embeddable":true,"href":"https:\/\/www.oarcanjo.net\/site\/wp-json\/wp\/v2\/users\/5"}],"replies":[{"embeddable":true,"href":"https:\/\/www.oarcanjo.net\/site\/wp-json\/wp\/v2\/comments?post=23756"}],"version-history":[{"count":0,"href":"https:\/\/www.oarcanjo.net\/site\/wp-json\/wp\/v2\/posts\/23756\/revisions"}],"wp:attachment":[{"href":"https:\/\/www.oarcanjo.net\/site\/wp-json\/wp\/v2\/media?parent=23756"}],"wp:term":[{"taxonomy":"category","embeddable":true,"href":"https:\/\/www.oarcanjo.net\/site\/wp-json\/wp\/v2\/categories?post=23756"},{"taxonomy":"post_tag","embeddable":true,"href":"https:\/\/www.oarcanjo.net\/site\/wp-json\/wp\/v2\/tags?post=23756"}],"curies":[{"name":"wp","href":"https:\/\/api.w.org\/{rel}","templated":true}]}}