
{"id":23758,"date":"2013-11-13T19:30:30","date_gmt":"2013-11-13T21:30:30","guid":{"rendered":"http:\/\/www.oarcanjo.net\/site\/?p=23758"},"modified":"2013-11-13T19:30:30","modified_gmt":"2013-11-13T21:30:30","slug":"papa-francisco-as-maos-de-deus-sao-maos-chagadas-por-amor","status":"publish","type":"post","link":"https:\/\/www.oarcanjo.net\/site\/papa-francisco-as-maos-de-deus-sao-maos-chagadas-por-amor\/","title":{"rendered":"Papa Francisco: &#8220;as m\u00e3os de Deus s\u00e3o m\u00e3os chagadas por amor!&#8221;"},"content":{"rendered":"<p>\u201cEntreguemo-nos a Deus assim como uma crian\u00e7a confia em seu pai\u201d. Esta foi a ess\u00eancia da homilia feita pelo Papa na missa matutina celebrada na Casa Santa Marta. Francisco reiterou que o Senhor nunca nos abandona e lembrou que mesmo quando nos repreende, Deus n\u00e3o d\u00e1 tapas, mas carinho.<\/p>\n<p>O Papa desenvolveu sua homilia a partir da Primeira Leitura, um trecho do Livro da Sabedoria que recorda a nossa cria\u00e7\u00e3o. \u201cFoi a inveja do diabo que provocou a guerra, este caminho que termina com a morte\u201d.<\/p>\n<p>\u201cTodos devemos passar pela morte, mas uma coisa \u00e9 atravessar esta experi\u00eancia com a perten\u00e7a ao diabo e outra \u00e9 passar por ela pelas m\u00e3os de Deus. Estamos nas m\u00e3os de Deus desde o in\u00edcio. Foram elas que nos criaram. Deus era um artes\u00e3o, que nos construiu e n\u00e3o nos abandonou\u201d.<\/p>\n<p>Francisco prosseguiu citando a B\u00edblia, quando o Senhor diz ao seu povo: \u201cEu caminhei com voc\u00eas como um pai com seu filho, levando-o pelas m\u00e3os\u201d.<\/p>\n<p>\u201cNosso Pai, como um Pai com seu Filho, nos ensina a caminhar; nos ensina a adentrar a estrada da vida e da salva\u00e7\u00e3o. S\u00e3o as m\u00e3os de Deus que nos acariciam nos momentos de dor, e nos confortam. E neste carinho, muitas vezes, existe o perd\u00e3o\u201d.<\/p>\n<p>O Pont\u00edfice continuou lembrando que muitas vezes se ouvem pessoas dizendo \u201cMe entrego \u00e0s m\u00e3os de Deus\u201d, o que \u00e9 bonito porque \u201cl\u00e1 estamos seguros, porque nosso Pai nos quer bem, e suas m\u00e3os nos curam tamb\u00e9m das doen\u00e7as espirituais\u201d:<\/p>\n<p>\u201cPensemos nas m\u00e3os de Jesus quando tocava os doentes e os curava\u2026 Ele nos repreende quando \u00e9 preciso, mas jamais nos fere. Ele \u00e9 Pai e as almas dos justos est\u00e3o em suas m\u00e3os. Ele nos criou e nos deu a sa\u00fade eterna; suas m\u00e3os nos acompanham nos caminhos da vida. Confiemo-nos \u00e0s m\u00e3os de Deus como uma crian\u00e7a se entrega \u00e0s m\u00e3os de seu pai. \u00c9 uma m\u00e3o segura!\u201d.<\/p>\n<p><em>Fonte: News.Va<\/em><\/p>\n<div id=\"themify_builder_content-23758\" data-postid=\"23758\" class=\"themify_builder_content themify_builder_content-23758 themify_builder themify_builder_front\">\n\t<\/div>\n<!-- \/themify_builder_content -->","protected":false},"excerpt":{"rendered":"<p>\u201cEntreguemo-nos a Deus assim como uma crian\u00e7a confia em seu pai\u201d. Esta foi a ess\u00eancia da homilia feita pelo Papa na missa matutina celebrada na Casa Santa Marta. Francisco reiterou que o Senhor nunca nos abandona e lembrou que mesmo quando nos repreende, Deus n\u00e3o d\u00e1 tapas, mas carinho. O Papa desenvolveu sua homilia a [&hellip;]<\/p>\n","protected":false},"author":5,"featured_media":0,"comment_status":"open","ping_status":"open","sticky":false,"template":"","format":"standard","meta":{"ngg_post_thumbnail":0,"footnotes":""},"categories":[8],"tags":[107,2821,2718,83,2822,2433],"yoast_head":"<!-- This site is optimized with the Yoast SEO plugin v23.5 - https:\/\/yoast.com\/wordpress\/plugins\/seo\/ -->\n<title>Papa Francisco: &quot;as m\u00e3os de Deus s\u00e3o m\u00e3os chagadas por amor!&quot; - O Arcanjo no ar<\/title>\n<meta name=\"robots\" content=\"index, follow, max-snippet:-1, max-image-preview:large, max-video-preview:-1\" \/>\n<link rel=\"canonical\" href=\"https:\/\/www.oarcanjo.net\/site\/papa-francisco-as-maos-de-deus-sao-maos-chagadas-por-amor\/\" \/>\n<meta property=\"og:locale\" content=\"pt_BR\" \/>\n<meta property=\"og:type\" content=\"article\" \/>\n<meta property=\"og:title\" content=\"Papa Francisco: &quot;as m\u00e3os de Deus s\u00e3o m\u00e3os chagadas por amor!&quot; - O Arcanjo no ar\" \/>\n<meta property=\"og:description\" content=\"\u201cEntreguemo-nos a Deus assim como uma crian\u00e7a confia em seu pai\u201d. Esta foi a ess\u00eancia da homilia feita pelo Papa na missa matutina celebrada na Casa Santa Marta. Francisco reiterou que o Senhor nunca nos abandona e lembrou que mesmo quando nos repreende, Deus n\u00e3o d\u00e1 tapas, mas carinho. O Papa desenvolveu sua homilia a [&hellip;]\" \/>\n<meta property=\"og:url\" content=\"https:\/\/www.oarcanjo.net\/site\/papa-francisco-as-maos-de-deus-sao-maos-chagadas-por-amor\/\" \/>\n<meta property=\"og:site_name\" content=\"O Arcanjo no ar\" \/>\n<meta property=\"article:publisher\" content=\"https:\/\/www.facebook.com\/OArcanjoNoAr\/\" \/>\n<meta property=\"article:published_time\" content=\"2013-11-13T21:30:30+00:00\" \/>\n<meta property=\"og:image\" content=\"https:\/\/www.oarcanjo.net\/site\/wp-content\/uploads\/logo-o-arcanjo-no-ar-facebook.png\" \/>\n\t<meta property=\"og:image:width\" content=\"300\" \/>\n\t<meta property=\"og:image:height\" content=\"300\" \/>\n\t<meta property=\"og:image:type\" content=\"image\/png\" \/>\n<meta name=\"author\" content=\"editor\" \/>\n<meta name=\"twitter:card\" content=\"summary_large_image\" \/>\n<meta name=\"twitter:label1\" content=\"Escrito por\" \/>\n\t<meta name=\"twitter:data1\" content=\"editor\" \/>\n\t<meta name=\"twitter:label2\" content=\"Est. tempo de leitura\" \/>\n\t<meta name=\"twitter:data2\" content=\"2 minutos\" \/>\n<script type=\"application\/ld+json\" class=\"yoast-schema-graph\">{\"@context\":\"https:\/\/schema.org\",\"@graph\":[{\"@type\":\"Article\",\"@id\":\"https:\/\/www.oarcanjo.net\/site\/papa-francisco-as-maos-de-deus-sao-maos-chagadas-por-amor\/#article\",\"isPartOf\":{\"@id\":\"https:\/\/www.oarcanjo.net\/site\/papa-francisco-as-maos-de-deus-sao-maos-chagadas-por-amor\/\"},\"author\":{\"name\":\"editor\",\"@id\":\"https:\/\/www.oarcanjo.net\/site\/#\/schema\/person\/f7024d007863202483a31326673a0838\"},\"headline\":\"Papa Francisco: &#8220;as m\u00e3os de Deus s\u00e3o m\u00e3os chagadas por amor!&#8221;\",\"datePublished\":\"2013-11-13T21:30:30+00:00\",\"dateModified\":\"2013-11-13T21:30:30+00:00\",\"mainEntityOfPage\":{\"@id\":\"https:\/\/www.oarcanjo.net\/site\/papa-francisco-as-maos-de-deus-sao-maos-chagadas-por-amor\/\"},\"wordCount\":361,\"commentCount\":0,\"publisher\":{\"@id\":\"https:\/\/www.oarcanjo.net\/site\/#organization\"},\"keywords\":[\"amor\",\"Car\u00edcias\",\"Casa Santa Marta\",\"confian\u00e7a\",\"M\u00e3os de Deus\",\"Papa Francisco\"],\"articleSection\":[\"Not\u00edcias\"],\"inLanguage\":\"pt-BR\",\"potentialAction\":[{\"@type\":\"CommentAction\",\"name\":\"Comment\",\"target\":[\"https:\/\/www.oarcanjo.net\/site\/papa-francisco-as-maos-de-deus-sao-maos-chagadas-por-amor\/#respond\"]}]},{\"@type\":\"WebPage\",\"@id\":\"https:\/\/www.oarcanjo.net\/site\/papa-francisco-as-maos-de-deus-sao-maos-chagadas-por-amor\/\",\"url\":\"https:\/\/www.oarcanjo.net\/site\/papa-francisco-as-maos-de-deus-sao-maos-chagadas-por-amor\/\",\"name\":\"Papa Francisco: \\\"as m\u00e3os de Deus s\u00e3o m\u00e3os chagadas por amor!\\\" - O Arcanjo no ar\",\"isPartOf\":{\"@id\":\"https:\/\/www.oarcanjo.net\/site\/#website\"},\"datePublished\":\"2013-11-13T21:30:30+00:00\",\"dateModified\":\"2013-11-13T21:30:30+00:00\",\"breadcrumb\":{\"@id\":\"https:\/\/www.oarcanjo.net\/site\/papa-francisco-as-maos-de-deus-sao-maos-chagadas-por-amor\/#breadcrumb\"},\"inLanguage\":\"pt-BR\",\"potentialAction\":[{\"@type\":\"ReadAction\",\"target\":[\"https:\/\/www.oarcanjo.net\/site\/papa-francisco-as-maos-de-deus-sao-maos-chagadas-por-amor\/\"]}]},{\"@type\":\"BreadcrumbList\",\"@id\":\"https:\/\/www.oarcanjo.net\/site\/papa-francisco-as-maos-de-deus-sao-maos-chagadas-por-amor\/#breadcrumb\",\"itemListElement\":[{\"@type\":\"ListItem\",\"position\":1,\"name\":\"In\u00edcio\",\"item\":\"https:\/\/www.oarcanjo.net\/site\/\"},{\"@type\":\"ListItem\",\"position\":2,\"name\":\"Papa Francisco: &#8220;as m\u00e3os de Deus s\u00e3o m\u00e3os chagadas por amor!&#8221;\"}]},{\"@type\":\"WebSite\",\"@id\":\"https:\/\/www.oarcanjo.net\/site\/#website\",\"url\":\"https:\/\/www.oarcanjo.net\/site\/\",\"name\":\"O Arcanjo no ar\",\"description\":\"Site da Par\u00f3quia S\u00e3o Miguel Arcanjo (Arquidiocese de SP)\",\"publisher\":{\"@id\":\"https:\/\/www.oarcanjo.net\/site\/#organization\"},\"potentialAction\":[{\"@type\":\"SearchAction\",\"target\":{\"@type\":\"EntryPoint\",\"urlTemplate\":\"https:\/\/www.oarcanjo.net\/site\/?s={search_term_string}\"},\"query-input\":{\"@type\":\"PropertyValueSpecification\",\"valueRequired\":true,\"valueName\":\"search_term_string\"}}],\"inLanguage\":\"pt-BR\"},{\"@type\":\"Organization\",\"@id\":\"https:\/\/www.oarcanjo.net\/site\/#organization\",\"name\":\"Par\u00f3quia S\u00e3o Miguel Arcanjo\",\"url\":\"https:\/\/www.oarcanjo.net\/site\/\",\"logo\":{\"@type\":\"ImageObject\",\"inLanguage\":\"pt-BR\",\"@id\":\"https:\/\/www.oarcanjo.net\/site\/#\/schema\/logo\/image\/\",\"url\":\"https:\/\/www.oarcanjo.net\/site\/wp-content\/uploads\/LogoOArcanjo.png\",\"contentUrl\":\"https:\/\/www.oarcanjo.net\/site\/wp-content\/uploads\/LogoOArcanjo.png\",\"width\":319,\"height\":99,\"caption\":\"Par\u00f3quia S\u00e3o Miguel Arcanjo\"},\"image\":{\"@id\":\"https:\/\/www.oarcanjo.net\/site\/#\/schema\/logo\/image\/\"},\"sameAs\":[\"https:\/\/www.facebook.com\/OArcanjoNoAr\/\"]},{\"@type\":\"Person\",\"@id\":\"https:\/\/www.oarcanjo.net\/site\/#\/schema\/person\/f7024d007863202483a31326673a0838\",\"name\":\"editor\",\"sameAs\":[\"http:\/\/www.oarcanjo.net\"]}]}<\/script>\n<!-- \/ Yoast SEO plugin. -->","yoast_head_json":{"title":"Papa Francisco: \"as m\u00e3os de Deus s\u00e3o m\u00e3os chagadas por amor!\" - O Arcanjo no ar","robots":{"index":"index","follow":"follow","max-snippet":"max-snippet:-1","max-image-preview":"max-image-preview:large","max-video-preview":"max-video-preview:-1"},"canonical":"https:\/\/www.oarcanjo.net\/site\/papa-francisco-as-maos-de-deus-sao-maos-chagadas-por-amor\/","og_locale":"pt_BR","og_type":"article","og_title":"Papa Francisco: \"as m\u00e3os de Deus s\u00e3o m\u00e3os chagadas por amor!\" - O Arcanjo no ar","og_description":"\u201cEntreguemo-nos a Deus assim como uma crian\u00e7a confia em seu pai\u201d. Esta foi a ess\u00eancia da homilia feita pelo Papa na missa matutina celebrada na Casa Santa Marta. Francisco reiterou que o Senhor nunca nos abandona e lembrou que mesmo quando nos repreende, Deus n\u00e3o d\u00e1 tapas, mas carinho. O Papa desenvolveu sua homilia a [&hellip;]","og_url":"https:\/\/www.oarcanjo.net\/site\/papa-francisco-as-maos-de-deus-sao-maos-chagadas-por-amor\/","og_site_name":"O Arcanjo no ar","article_publisher":"https:\/\/www.facebook.com\/OArcanjoNoAr\/","article_published_time":"2013-11-13T21:30:30+00:00","og_image":[{"width":300,"height":300,"url":"https:\/\/www.oarcanjo.net\/site\/wp-content\/uploads\/logo-o-arcanjo-no-ar-facebook.png","type":"image\/png"}],"author":"editor","twitter_card":"summary_large_image","twitter_misc":{"Escrito por":"editor","Est. tempo de leitura":"2 minutos"},"schema":{"@context":"https:\/\/schema.org","@graph":[{"@type":"Article","@id":"https:\/\/www.oarcanjo.net\/site\/papa-francisco-as-maos-de-deus-sao-maos-chagadas-por-amor\/#article","isPartOf":{"@id":"https:\/\/www.oarcanjo.net\/site\/papa-francisco-as-maos-de-deus-sao-maos-chagadas-por-amor\/"},"author":{"name":"editor","@id":"https:\/\/www.oarcanjo.net\/site\/#\/schema\/person\/f7024d007863202483a31326673a0838"},"headline":"Papa Francisco: &#8220;as m\u00e3os de Deus s\u00e3o m\u00e3os chagadas por amor!&#8221;","datePublished":"2013-11-13T21:30:30+00:00","dateModified":"2013-11-13T21:30:30+00:00","mainEntityOfPage":{"@id":"https:\/\/www.oarcanjo.net\/site\/papa-francisco-as-maos-de-deus-sao-maos-chagadas-por-amor\/"},"wordCount":361,"commentCount":0,"publisher":{"@id":"https:\/\/www.oarcanjo.net\/site\/#organization"},"keywords":["amor","Car\u00edcias","Casa Santa Marta","confian\u00e7a","M\u00e3os de Deus","Papa Francisco"],"articleSection":["Not\u00edcias"],"inLanguage":"pt-BR","potentialAction":[{"@type":"CommentAction","name":"Comment","target":["https:\/\/www.oarcanjo.net\/site\/papa-francisco-as-maos-de-deus-sao-maos-chagadas-por-amor\/#respond"]}]},{"@type":"WebPage","@id":"https:\/\/www.oarcanjo.net\/site\/papa-francisco-as-maos-de-deus-sao-maos-chagadas-por-amor\/","url":"https:\/\/www.oarcanjo.net\/site\/papa-francisco-as-maos-de-deus-sao-maos-chagadas-por-amor\/","name":"Papa Francisco: \"as m\u00e3os de Deus s\u00e3o m\u00e3os chagadas por amor!\" - O Arcanjo no ar","isPartOf":{"@id":"https:\/\/www.oarcanjo.net\/site\/#website"},"datePublished":"2013-11-13T21:30:30+00:00","dateModified":"2013-11-13T21:30:30+00:00","breadcrumb":{"@id":"https:\/\/www.oarcanjo.net\/site\/papa-francisco-as-maos-de-deus-sao-maos-chagadas-por-amor\/#breadcrumb"},"inLanguage":"pt-BR","potentialAction":[{"@type":"ReadAction","target":["https:\/\/www.oarcanjo.net\/site\/papa-francisco-as-maos-de-deus-sao-maos-chagadas-por-amor\/"]}]},{"@type":"BreadcrumbList","@id":"https:\/\/www.oarcanjo.net\/site\/papa-francisco-as-maos-de-deus-sao-maos-chagadas-por-amor\/#breadcrumb","itemListElement":[{"@type":"ListItem","position":1,"name":"In\u00edcio","item":"https:\/\/www.oarcanjo.net\/site\/"},{"@type":"ListItem","position":2,"name":"Papa Francisco: &#8220;as m\u00e3os de Deus s\u00e3o m\u00e3os chagadas por amor!&#8221;"}]},{"@type":"WebSite","@id":"https:\/\/www.oarcanjo.net\/site\/#website","url":"https:\/\/www.oarcanjo.net\/site\/","name":"O Arcanjo no ar","description":"Site da Par\u00f3quia S\u00e3o Miguel Arcanjo (Arquidiocese de SP)","publisher":{"@id":"https:\/\/www.oarcanjo.net\/site\/#organization"},"potentialAction":[{"@type":"SearchAction","target":{"@type":"EntryPoint","urlTemplate":"https:\/\/www.oarcanjo.net\/site\/?s={search_term_string}"},"query-input":{"@type":"PropertyValueSpecification","valueRequired":true,"valueName":"search_term_string"}}],"inLanguage":"pt-BR"},{"@type":"Organization","@id":"https:\/\/www.oarcanjo.net\/site\/#organization","name":"Par\u00f3quia S\u00e3o Miguel Arcanjo","url":"https:\/\/www.oarcanjo.net\/site\/","logo":{"@type":"ImageObject","inLanguage":"pt-BR","@id":"https:\/\/www.oarcanjo.net\/site\/#\/schema\/logo\/image\/","url":"https:\/\/www.oarcanjo.net\/site\/wp-content\/uploads\/LogoOArcanjo.png","contentUrl":"https:\/\/www.oarcanjo.net\/site\/wp-content\/uploads\/LogoOArcanjo.png","width":319,"height":99,"caption":"Par\u00f3quia S\u00e3o Miguel Arcanjo"},"image":{"@id":"https:\/\/www.oarcanjo.net\/site\/#\/schema\/logo\/image\/"},"sameAs":["https:\/\/www.facebook.com\/OArcanjoNoAr\/"]},{"@type":"Person","@id":"https:\/\/www.oarcanjo.net\/site\/#\/schema\/person\/f7024d007863202483a31326673a0838","name":"editor","sameAs":["http:\/\/www.oarcanjo.net"]}]}},"publishpress_future_action":{"enabled":false,"date":"2026-05-10 10:05:14","action":"category","newStatus":"draft","terms":[],"taxonomy":"category"},"publishpress_future_workflow_manual_trigger":{"enabledWorkflows":[]},"_links":{"self":[{"href":"https:\/\/www.oarcanjo.net\/site\/wp-json\/wp\/v2\/posts\/23758"}],"collection":[{"href":"https:\/\/www.oarcanjo.net\/site\/wp-json\/wp\/v2\/posts"}],"about":[{"href":"https:\/\/www.oarcanjo.net\/site\/wp-json\/wp\/v2\/types\/post"}],"author":[{"embeddable":true,"href":"https:\/\/www.oarcanjo.net\/site\/wp-json\/wp\/v2\/users\/5"}],"replies":[{"embeddable":true,"href":"https:\/\/www.oarcanjo.net\/site\/wp-json\/wp\/v2\/comments?post=23758"}],"version-history":[{"count":0,"href":"https:\/\/www.oarcanjo.net\/site\/wp-json\/wp\/v2\/posts\/23758\/revisions"}],"wp:attachment":[{"href":"https:\/\/www.oarcanjo.net\/site\/wp-json\/wp\/v2\/media?parent=23758"}],"wp:term":[{"taxonomy":"category","embeddable":true,"href":"https:\/\/www.oarcanjo.net\/site\/wp-json\/wp\/v2\/categories?post=23758"},{"taxonomy":"post_tag","embeddable":true,"href":"https:\/\/www.oarcanjo.net\/site\/wp-json\/wp\/v2\/tags?post=23758"}],"curies":[{"name":"wp","href":"https:\/\/api.w.org\/{rel}","templated":true}]}}