
{"id":23765,"date":"2013-11-18T11:48:09","date_gmt":"2013-11-18T13:48:09","guid":{"rendered":"http:\/\/www.oarcanjo.net\/site\/?p=23765"},"modified":"2013-11-18T11:48:09","modified_gmt":"2013-11-18T13:48:09","slug":"papa-no-angelus-nao-se-deixar-arrastar-e-enganar-pelos-falsos-messias","status":"publish","type":"post","link":"https:\/\/www.oarcanjo.net\/site\/papa-no-angelus-nao-se-deixar-arrastar-e-enganar-pelos-falsos-messias\/","title":{"rendered":"Papa no Angelus: n\u00e3o se deixar arrastar e enganar pelos falsos messias"},"content":{"rendered":"<p>Papa Francisco assomou, ao meio-dia, deste domingo (17), \u00e0 janela da Resid\u00eancia Apost\u00f3lica, no Vaticano, que d\u00e1 para a Pra\u00e7a S\u00e3o Pedro, para rezar a ora\u00e7\u00e3o mariana do Angelus, com os numerosos peregrinos e fi\u00e9is presentes.<\/p>\n<p>Em sua alocu\u00e7\u00e3o dominical, o Santo Padre partiu da Liturgia do dia, falando sobre a primeira parte de um discurso de Jesus, narrado no Evangelho, ou seja, sobre o fim dos tempos.<\/p>\n<p>Jesus pronunciou este discurso no Templo de Jerusal\u00e9m, inspirando-se nas pessoas que comentavam sobre a grandeza e beleza daquele Templo. Ent\u00e3o, Jesus disse: &#8220;Dias vir\u00e3o em que, tudo o que se v\u00ea agora, n\u00e3o ficar\u00e1 pedra sobre pedra&#8221;. Naturalmente, os disc\u00edpulos lhe perguntaram: quando isso vai acontecer? Quais ser\u00e3o os sinais? Mas, Jesus, disse o Papa, desvia a aten\u00e7\u00e3o destes aspectos secund\u00e1rios \u201cquando acontecer\u00e1\u201d, \u201ccomo ser\u00e1\u201d, para falar de quest\u00f5es mais s\u00e9rias.<\/p>\n<p>\u201cPrimeiro, n\u00e3o se deixar enganar pelos falsos messias e n\u00e3o se deixar paralisar pelo medo. Segundo, viver o tempo de espera como tempo de testemunho e de perseveran\u00e7a\u201d.<\/p>\n<p>Este discurso de Jesus, explicou o Pont\u00edfice, \u00e9 sempre atual, sobretudo para n\u00f3s, que vivemos no s\u00e9culo XXI. De fato, Jesus nos repete: &#8220;Cuidado para n\u00e3o se deixar enganar. Muitos vir\u00e3o em meu nome&#8221;. Eis um convite ao discernimento: \u201cAinda hoje, na verdade, existem falsos &#8220;salvadores&#8221;, que tentam substituir Jesus: l\u00edderes deste mundo, santarr\u00f5es, personagens que querem atrair os cora\u00e7\u00f5es e as mentes, especialmente os jovens. Mas, Jesus nos adverte: &#8220;N\u00e3o os sigam\u201d!<\/p>\n<p>O Senhor, acrescentou o Pont\u00edfice, nos ajuda a n\u00e3o termos medo diante das guerras, das revolu\u00e7\u00f5es, mas tamb\u00e9m das cat\u00e1strofes naturais, das epidemias, pois nos livra do fatalismo e das falsas vis\u00f5es apocal\u00edpticas. E, explicando o segundo aspecto, ou seja, para viver o tempo de espera como tempo de testemunho e de perseveran\u00e7a, o Santo Padre disse:<\/p>\n<p>\u201cO segundo aspecto nos interpela, precisamente, como crist\u00e3os e como Igreja: Jesus preanuncia as prova\u00e7\u00f5es dolorosas e as persegui\u00e7\u00f5es, pelas quais seus disc\u00edpulos deveriam passar por sua causa. No entanto, ele nos assegura que estamos totalmente nas m\u00e3os de Deus!\u201d.<\/p>\n<p>Com efeito, precisou o Papa, as adversidades que encontramos, por causa da nossa f\u00e9 e da nossa ades\u00e3o ao Evangelho, s\u00e3o ocasi\u00f5es de testemunho; elas n\u00e3o devem nos afastar do Senhor, pelo contr\u00e1rio, devem nos levar a nos abandonar ainda mais em suas m\u00e3os, no poder do seu Esp\u00edrito e na sua gra\u00e7a.<\/p>\n<p>Aqui, o Bispo de Roma dirigiu seu pensamento aos numerosos irm\u00e3os e irm\u00e3s crist\u00e3os, que sofrem persegui\u00e7\u00f5es, por causa da sua f\u00e9, em v\u00e1rias partes do mundo. S\u00e3o tantos, disse, talvez bem mais que nos primeiros s\u00e9culos do cristianismo. Por isso, convidou os presentes a admirarem sua coragem e testemunho e a permanecerem unidos a eles na ora\u00e7\u00e3o e na solidariedade.<\/p>\n<p>Neste sentido, o Pont\u00edfice recordou a promessa que Jesus nos faz, que \u00e9 uma verdadeira garantia de vit\u00f3ria: \u201cPela sua perseveran\u00e7a voc\u00eas salvar\u00e3o suas vidas. Quanta esperan\u00e7a nestas palavras! Elas s\u00e3o um convite \u00e0 esperan\u00e7a e \u00e0 paci\u00eancia, a sermos capazes de esperar os frutos seguros da salva\u00e7\u00e3o, confiantes no sentido profundo da vida e da hist\u00f3ria\u201d.<\/p>\n<p>De fato, afirmou o Pont\u00edfice, as prova\u00e7\u00f5es e as dificuldades fazem parte de um des\u00edgnio bem maior, pois o Senhor, dono da hist\u00f3ria, leva tudo a seu cumprimento. Apesar das desordens e das calamidades que se abatem sobre o mundo, o designo da bondade e de miseric\u00f3rdia de Deus se cumprir\u00e1.<\/p>\n<p>Papa Francisco concluiu sua alocu\u00e7\u00e3o dominical, afirmando que esta mensagem de Jesus nos faz refletir sobre o nosso presente e nos d\u00e1 a for\u00e7a para enfrent\u00e1-lo, com coragem e esperan\u00e7a, na companhia de Nossa Senhora, que sempre caminha conosco.<\/p>\n<p>Ao t\u00e9rmino da sua reflex\u00e3o, o Bispo de Roma passou a cumprimentar alguns grupos de peregrinos, provenientes de diversas localidades. Mas, antes, convidou a todos a levarem para casa uma caixinha, chamada \u201cMisericordina\u201d, contendo um Ter\u00e7o, uma esp\u00e9cie de caixinha de rem\u00e9dio, que alguns volunt\u00e1rios distribu\u00edam, gratuitamente, na Pra\u00e7a S\u00e3o Pedro, no final do encontro mariano.<\/p>\n<p>Por fim, o Papa se despediu dos fi\u00e9is, desejando a todos \u201cbom domingo e bom apetite\u201d, concedendo-lhes a sua B\u00ean\u00e7\u00e3o Apost\u00f3lica! (MT)<\/p>\n<p><em>Fonte: News.VA<\/em><\/p>\n<div id=\"themify_builder_content-23765\" data-postid=\"23765\" class=\"themify_builder_content themify_builder_content-23765 themify_builder themify_builder_front\">\n\t<\/div>\n<!-- \/themify_builder_content -->","protected":false},"excerpt":{"rendered":"<p>Papa Francisco assomou, ao meio-dia, deste domingo (17), \u00e0 janela da Resid\u00eancia Apost\u00f3lica, no Vaticano, que d\u00e1 para a Pra\u00e7a S\u00e3o Pedro, para rezar a ora\u00e7\u00e3o mariana do Angelus, com os numerosos peregrinos e fi\u00e9is presentes. Em sua alocu\u00e7\u00e3o dominical, o Santo Padre partiu da Liturgia do dia, falando sobre a primeira parte de um [&hellip;]<\/p>\n","protected":false},"author":5,"featured_media":0,"comment_status":"open","ping_status":"open","sticky":false,"template":"","format":"standard","meta":{"ngg_post_thumbnail":0,"footnotes":""},"categories":[8],"tags":[2264,83,2823,441,248,2824,2433,845,2479],"yoast_head":"<!-- This site is optimized with the Yoast SEO plugin v23.5 - https:\/\/yoast.com\/wordpress\/plugins\/seo\/ -->\n<title>Papa no Angelus: n\u00e3o se deixar arrastar e enganar pelos falsos messias - O Arcanjo no ar<\/title>\n<meta name=\"robots\" content=\"index, follow, max-snippet:-1, max-image-preview:large, max-video-preview:-1\" \/>\n<link rel=\"canonical\" href=\"https:\/\/www.oarcanjo.net\/site\/papa-no-angelus-nao-se-deixar-arrastar-e-enganar-pelos-falsos-messias\/\" \/>\n<meta property=\"og:locale\" content=\"pt_BR\" \/>\n<meta property=\"og:type\" content=\"article\" \/>\n<meta property=\"og:title\" content=\"Papa no Angelus: n\u00e3o se deixar arrastar e enganar pelos falsos messias - O Arcanjo no ar\" \/>\n<meta property=\"og:description\" content=\"Papa Francisco assomou, ao meio-dia, deste domingo (17), \u00e0 janela da Resid\u00eancia Apost\u00f3lica, no Vaticano, que d\u00e1 para a Pra\u00e7a S\u00e3o Pedro, para rezar a ora\u00e7\u00e3o mariana do Angelus, com os numerosos peregrinos e fi\u00e9is presentes. Em sua alocu\u00e7\u00e3o dominical, o Santo Padre partiu da Liturgia do dia, falando sobre a primeira parte de um [&hellip;]\" \/>\n<meta property=\"og:url\" content=\"https:\/\/www.oarcanjo.net\/site\/papa-no-angelus-nao-se-deixar-arrastar-e-enganar-pelos-falsos-messias\/\" \/>\n<meta property=\"og:site_name\" content=\"O Arcanjo no ar\" \/>\n<meta property=\"article:publisher\" content=\"https:\/\/www.facebook.com\/OArcanjoNoAr\/\" \/>\n<meta property=\"article:published_time\" content=\"2013-11-18T13:48:09+00:00\" \/>\n<meta property=\"og:image\" content=\"https:\/\/www.oarcanjo.net\/site\/wp-content\/uploads\/logo-o-arcanjo-no-ar-facebook.png\" \/>\n\t<meta property=\"og:image:width\" content=\"300\" \/>\n\t<meta property=\"og:image:height\" content=\"300\" \/>\n\t<meta property=\"og:image:type\" content=\"image\/png\" \/>\n<meta name=\"author\" content=\"editor\" \/>\n<meta name=\"twitter:card\" content=\"summary_large_image\" \/>\n<meta name=\"twitter:label1\" content=\"Escrito por\" \/>\n\t<meta name=\"twitter:data1\" content=\"editor\" \/>\n\t<meta name=\"twitter:label2\" content=\"Est. tempo de leitura\" \/>\n\t<meta name=\"twitter:data2\" content=\"4 minutos\" \/>\n<script type=\"application\/ld+json\" class=\"yoast-schema-graph\">{\"@context\":\"https:\/\/schema.org\",\"@graph\":[{\"@type\":\"Article\",\"@id\":\"https:\/\/www.oarcanjo.net\/site\/papa-no-angelus-nao-se-deixar-arrastar-e-enganar-pelos-falsos-messias\/#article\",\"isPartOf\":{\"@id\":\"https:\/\/www.oarcanjo.net\/site\/papa-no-angelus-nao-se-deixar-arrastar-e-enganar-pelos-falsos-messias\/\"},\"author\":{\"name\":\"editor\",\"@id\":\"https:\/\/www.oarcanjo.net\/site\/#\/schema\/person\/f7024d007863202483a31326673a0838\"},\"headline\":\"Papa no Angelus: n\u00e3o se deixar arrastar e enganar pelos falsos messias\",\"datePublished\":\"2013-11-18T13:48:09+00:00\",\"dateModified\":\"2013-11-18T13:48:09+00:00\",\"mainEntityOfPage\":{\"@id\":\"https:\/\/www.oarcanjo.net\/site\/papa-no-angelus-nao-se-deixar-arrastar-e-enganar-pelos-falsos-messias\/\"},\"wordCount\":778,\"commentCount\":0,\"publisher\":{\"@id\":\"https:\/\/www.oarcanjo.net\/site\/#organization\"},\"keywords\":[\"Angelus\",\"confian\u00e7a\",\"Falsos messias\",\"f\u00e9\",\"miseric\u00f3rdia\",\"Misericordina\",\"Papa Francisco\",\"perseveran\u00e7a\",\"Pra\u00e7a S\u00e3o Pedro\"],\"articleSection\":[\"Not\u00edcias\"],\"inLanguage\":\"pt-BR\",\"potentialAction\":[{\"@type\":\"CommentAction\",\"name\":\"Comment\",\"target\":[\"https:\/\/www.oarcanjo.net\/site\/papa-no-angelus-nao-se-deixar-arrastar-e-enganar-pelos-falsos-messias\/#respond\"]}]},{\"@type\":\"WebPage\",\"@id\":\"https:\/\/www.oarcanjo.net\/site\/papa-no-angelus-nao-se-deixar-arrastar-e-enganar-pelos-falsos-messias\/\",\"url\":\"https:\/\/www.oarcanjo.net\/site\/papa-no-angelus-nao-se-deixar-arrastar-e-enganar-pelos-falsos-messias\/\",\"name\":\"Papa no Angelus: n\u00e3o se deixar arrastar e enganar pelos falsos messias - O Arcanjo no ar\",\"isPartOf\":{\"@id\":\"https:\/\/www.oarcanjo.net\/site\/#website\"},\"datePublished\":\"2013-11-18T13:48:09+00:00\",\"dateModified\":\"2013-11-18T13:48:09+00:00\",\"breadcrumb\":{\"@id\":\"https:\/\/www.oarcanjo.net\/site\/papa-no-angelus-nao-se-deixar-arrastar-e-enganar-pelos-falsos-messias\/#breadcrumb\"},\"inLanguage\":\"pt-BR\",\"potentialAction\":[{\"@type\":\"ReadAction\",\"target\":[\"https:\/\/www.oarcanjo.net\/site\/papa-no-angelus-nao-se-deixar-arrastar-e-enganar-pelos-falsos-messias\/\"]}]},{\"@type\":\"BreadcrumbList\",\"@id\":\"https:\/\/www.oarcanjo.net\/site\/papa-no-angelus-nao-se-deixar-arrastar-e-enganar-pelos-falsos-messias\/#breadcrumb\",\"itemListElement\":[{\"@type\":\"ListItem\",\"position\":1,\"name\":\"In\u00edcio\",\"item\":\"https:\/\/www.oarcanjo.net\/site\/\"},{\"@type\":\"ListItem\",\"position\":2,\"name\":\"Papa no Angelus: n\u00e3o se deixar arrastar e enganar pelos falsos messias\"}]},{\"@type\":\"WebSite\",\"@id\":\"https:\/\/www.oarcanjo.net\/site\/#website\",\"url\":\"https:\/\/www.oarcanjo.net\/site\/\",\"name\":\"O Arcanjo no ar\",\"description\":\"Site da Par\u00f3quia S\u00e3o Miguel Arcanjo (Arquidiocese de SP)\",\"publisher\":{\"@id\":\"https:\/\/www.oarcanjo.net\/site\/#organization\"},\"potentialAction\":[{\"@type\":\"SearchAction\",\"target\":{\"@type\":\"EntryPoint\",\"urlTemplate\":\"https:\/\/www.oarcanjo.net\/site\/?s={search_term_string}\"},\"query-input\":{\"@type\":\"PropertyValueSpecification\",\"valueRequired\":true,\"valueName\":\"search_term_string\"}}],\"inLanguage\":\"pt-BR\"},{\"@type\":\"Organization\",\"@id\":\"https:\/\/www.oarcanjo.net\/site\/#organization\",\"name\":\"Par\u00f3quia S\u00e3o Miguel Arcanjo\",\"url\":\"https:\/\/www.oarcanjo.net\/site\/\",\"logo\":{\"@type\":\"ImageObject\",\"inLanguage\":\"pt-BR\",\"@id\":\"https:\/\/www.oarcanjo.net\/site\/#\/schema\/logo\/image\/\",\"url\":\"https:\/\/www.oarcanjo.net\/site\/wp-content\/uploads\/LogoOArcanjo.png\",\"contentUrl\":\"https:\/\/www.oarcanjo.net\/site\/wp-content\/uploads\/LogoOArcanjo.png\",\"width\":319,\"height\":99,\"caption\":\"Par\u00f3quia S\u00e3o Miguel Arcanjo\"},\"image\":{\"@id\":\"https:\/\/www.oarcanjo.net\/site\/#\/schema\/logo\/image\/\"},\"sameAs\":[\"https:\/\/www.facebook.com\/OArcanjoNoAr\/\"]},{\"@type\":\"Person\",\"@id\":\"https:\/\/www.oarcanjo.net\/site\/#\/schema\/person\/f7024d007863202483a31326673a0838\",\"name\":\"editor\",\"sameAs\":[\"http:\/\/www.oarcanjo.net\"]}]}<\/script>\n<!-- \/ Yoast SEO plugin. -->","yoast_head_json":{"title":"Papa no Angelus: n\u00e3o se deixar arrastar e enganar pelos falsos messias - O Arcanjo no ar","robots":{"index":"index","follow":"follow","max-snippet":"max-snippet:-1","max-image-preview":"max-image-preview:large","max-video-preview":"max-video-preview:-1"},"canonical":"https:\/\/www.oarcanjo.net\/site\/papa-no-angelus-nao-se-deixar-arrastar-e-enganar-pelos-falsos-messias\/","og_locale":"pt_BR","og_type":"article","og_title":"Papa no Angelus: n\u00e3o se deixar arrastar e enganar pelos falsos messias - O Arcanjo no ar","og_description":"Papa Francisco assomou, ao meio-dia, deste domingo (17), \u00e0 janela da Resid\u00eancia Apost\u00f3lica, no Vaticano, que d\u00e1 para a Pra\u00e7a S\u00e3o Pedro, para rezar a ora\u00e7\u00e3o mariana do Angelus, com os numerosos peregrinos e fi\u00e9is presentes. Em sua alocu\u00e7\u00e3o dominical, o Santo Padre partiu da Liturgia do dia, falando sobre a primeira parte de um [&hellip;]","og_url":"https:\/\/www.oarcanjo.net\/site\/papa-no-angelus-nao-se-deixar-arrastar-e-enganar-pelos-falsos-messias\/","og_site_name":"O Arcanjo no ar","article_publisher":"https:\/\/www.facebook.com\/OArcanjoNoAr\/","article_published_time":"2013-11-18T13:48:09+00:00","og_image":[{"width":300,"height":300,"url":"https:\/\/www.oarcanjo.net\/site\/wp-content\/uploads\/logo-o-arcanjo-no-ar-facebook.png","type":"image\/png"}],"author":"editor","twitter_card":"summary_large_image","twitter_misc":{"Escrito por":"editor","Est. tempo de leitura":"4 minutos"},"schema":{"@context":"https:\/\/schema.org","@graph":[{"@type":"Article","@id":"https:\/\/www.oarcanjo.net\/site\/papa-no-angelus-nao-se-deixar-arrastar-e-enganar-pelos-falsos-messias\/#article","isPartOf":{"@id":"https:\/\/www.oarcanjo.net\/site\/papa-no-angelus-nao-se-deixar-arrastar-e-enganar-pelos-falsos-messias\/"},"author":{"name":"editor","@id":"https:\/\/www.oarcanjo.net\/site\/#\/schema\/person\/f7024d007863202483a31326673a0838"},"headline":"Papa no Angelus: n\u00e3o se deixar arrastar e enganar pelos falsos messias","datePublished":"2013-11-18T13:48:09+00:00","dateModified":"2013-11-18T13:48:09+00:00","mainEntityOfPage":{"@id":"https:\/\/www.oarcanjo.net\/site\/papa-no-angelus-nao-se-deixar-arrastar-e-enganar-pelos-falsos-messias\/"},"wordCount":778,"commentCount":0,"publisher":{"@id":"https:\/\/www.oarcanjo.net\/site\/#organization"},"keywords":["Angelus","confian\u00e7a","Falsos messias","f\u00e9","miseric\u00f3rdia","Misericordina","Papa Francisco","perseveran\u00e7a","Pra\u00e7a S\u00e3o Pedro"],"articleSection":["Not\u00edcias"],"inLanguage":"pt-BR","potentialAction":[{"@type":"CommentAction","name":"Comment","target":["https:\/\/www.oarcanjo.net\/site\/papa-no-angelus-nao-se-deixar-arrastar-e-enganar-pelos-falsos-messias\/#respond"]}]},{"@type":"WebPage","@id":"https:\/\/www.oarcanjo.net\/site\/papa-no-angelus-nao-se-deixar-arrastar-e-enganar-pelos-falsos-messias\/","url":"https:\/\/www.oarcanjo.net\/site\/papa-no-angelus-nao-se-deixar-arrastar-e-enganar-pelos-falsos-messias\/","name":"Papa no Angelus: n\u00e3o se deixar arrastar e enganar pelos falsos messias - O Arcanjo no ar","isPartOf":{"@id":"https:\/\/www.oarcanjo.net\/site\/#website"},"datePublished":"2013-11-18T13:48:09+00:00","dateModified":"2013-11-18T13:48:09+00:00","breadcrumb":{"@id":"https:\/\/www.oarcanjo.net\/site\/papa-no-angelus-nao-se-deixar-arrastar-e-enganar-pelos-falsos-messias\/#breadcrumb"},"inLanguage":"pt-BR","potentialAction":[{"@type":"ReadAction","target":["https:\/\/www.oarcanjo.net\/site\/papa-no-angelus-nao-se-deixar-arrastar-e-enganar-pelos-falsos-messias\/"]}]},{"@type":"BreadcrumbList","@id":"https:\/\/www.oarcanjo.net\/site\/papa-no-angelus-nao-se-deixar-arrastar-e-enganar-pelos-falsos-messias\/#breadcrumb","itemListElement":[{"@type":"ListItem","position":1,"name":"In\u00edcio","item":"https:\/\/www.oarcanjo.net\/site\/"},{"@type":"ListItem","position":2,"name":"Papa no Angelus: n\u00e3o se deixar arrastar e enganar pelos falsos messias"}]},{"@type":"WebSite","@id":"https:\/\/www.oarcanjo.net\/site\/#website","url":"https:\/\/www.oarcanjo.net\/site\/","name":"O Arcanjo no ar","description":"Site da Par\u00f3quia S\u00e3o Miguel Arcanjo (Arquidiocese de SP)","publisher":{"@id":"https:\/\/www.oarcanjo.net\/site\/#organization"},"potentialAction":[{"@type":"SearchAction","target":{"@type":"EntryPoint","urlTemplate":"https:\/\/www.oarcanjo.net\/site\/?s={search_term_string}"},"query-input":{"@type":"PropertyValueSpecification","valueRequired":true,"valueName":"search_term_string"}}],"inLanguage":"pt-BR"},{"@type":"Organization","@id":"https:\/\/www.oarcanjo.net\/site\/#organization","name":"Par\u00f3quia S\u00e3o Miguel Arcanjo","url":"https:\/\/www.oarcanjo.net\/site\/","logo":{"@type":"ImageObject","inLanguage":"pt-BR","@id":"https:\/\/www.oarcanjo.net\/site\/#\/schema\/logo\/image\/","url":"https:\/\/www.oarcanjo.net\/site\/wp-content\/uploads\/LogoOArcanjo.png","contentUrl":"https:\/\/www.oarcanjo.net\/site\/wp-content\/uploads\/LogoOArcanjo.png","width":319,"height":99,"caption":"Par\u00f3quia S\u00e3o Miguel Arcanjo"},"image":{"@id":"https:\/\/www.oarcanjo.net\/site\/#\/schema\/logo\/image\/"},"sameAs":["https:\/\/www.facebook.com\/OArcanjoNoAr\/"]},{"@type":"Person","@id":"https:\/\/www.oarcanjo.net\/site\/#\/schema\/person\/f7024d007863202483a31326673a0838","name":"editor","sameAs":["http:\/\/www.oarcanjo.net"]}]}},"publishpress_future_action":{"enabled":false,"date":"2026-05-10 11:46:20","action":"category","newStatus":"draft","terms":[],"taxonomy":"category"},"publishpress_future_workflow_manual_trigger":{"enabledWorkflows":[]},"_links":{"self":[{"href":"https:\/\/www.oarcanjo.net\/site\/wp-json\/wp\/v2\/posts\/23765"}],"collection":[{"href":"https:\/\/www.oarcanjo.net\/site\/wp-json\/wp\/v2\/posts"}],"about":[{"href":"https:\/\/www.oarcanjo.net\/site\/wp-json\/wp\/v2\/types\/post"}],"author":[{"embeddable":true,"href":"https:\/\/www.oarcanjo.net\/site\/wp-json\/wp\/v2\/users\/5"}],"replies":[{"embeddable":true,"href":"https:\/\/www.oarcanjo.net\/site\/wp-json\/wp\/v2\/comments?post=23765"}],"version-history":[{"count":0,"href":"https:\/\/www.oarcanjo.net\/site\/wp-json\/wp\/v2\/posts\/23765\/revisions"}],"wp:attachment":[{"href":"https:\/\/www.oarcanjo.net\/site\/wp-json\/wp\/v2\/media?parent=23765"}],"wp:term":[{"taxonomy":"category","embeddable":true,"href":"https:\/\/www.oarcanjo.net\/site\/wp-json\/wp\/v2\/categories?post=23765"},{"taxonomy":"post_tag","embeddable":true,"href":"https:\/\/www.oarcanjo.net\/site\/wp-json\/wp\/v2\/tags?post=23765"}],"curies":[{"name":"wp","href":"https:\/\/api.w.org\/{rel}","templated":true}]}}