
{"id":23785,"date":"2013-11-18T17:32:34","date_gmt":"2013-11-18T19:32:34","guid":{"rendered":"http:\/\/www.oarcanjo.net\/site\/?p=23785"},"modified":"2013-11-18T17:33:43","modified_gmt":"2013-11-18T19:33:43","slug":"e-permanecendo-firmes-que-ireis-ganhar-a-vida","status":"publish","type":"post","link":"https:\/\/www.oarcanjo.net\/site\/e-permanecendo-firmes-que-ireis-ganhar-a-vida\/","title":{"rendered":"\u00c9 permanecendo firmes que ireis ganhar a vida!"},"content":{"rendered":"<p><em>Coment\u00e1rio de Pe. Alberto Maggi OSM ao Evangelho<\/em><\/p>\n<p><strong>XXXIII DOMINGO do TEMPO COMUM \u2013 17 de novembro de 2013<\/strong><\/p>\n<p style=\"padding-left: 30px;\"><em>Lc 21,5-19<\/em><\/p>\n<p style=\"padding-left: 30px;\"><em>Naquele tempo, 5algumas pessoas comentavam a respeito do templo que era enfeitado com belas pedras e com ofertas votivas. Jesus disse: 6\u201cV\u00f3s admirais estas coisas? Dias vir\u00e3o em que n\u00e3o ficar\u00e1 pedra sobre pedra. Tudo ser\u00e1 destru\u00eddo\u201d. 7Mas eles perguntaram: \u201cMestre, quando acontecer\u00e1 isto? E qual vai ser o sinal de que estas coisas est\u00e3o para acontecer?\u201d<\/em><\/p>\n<p style=\"padding-left: 30px;\"><em>8Jesus respondeu: \u201cCuidado para n\u00e3o serdes enganados, porque muitos vir\u00e3o em meu nome, dizendo: \u2018Sou eu\u2019 e ainda: \u2018O tempo est\u00e1 pr\u00f3ximo\u2019. N\u00e3o sigais essa gente! 9Quando ouvirdes falar de guerras e revolu\u00e7\u00f5es, n\u00e3o fiqueis apavorados. \u00c9 preciso que estas coisas aconte\u00e7am primeiro, mas n\u00e3o ser\u00e1 logo o fim\u201d.<\/em><\/p>\n<p style=\"padding-left: 30px;\"><em>10E Jesus continuou: \u201cUm povo se levantar\u00e1 contra outro povo, um pa\u00eds atacar\u00e1 outro pa\u00eds. 11Haver\u00e1 grandes terremotos, fomes e pestes em muitos lugares; acontecer\u00e3o coisas pavorosas e grandes sinais ser\u00e3o vistos no c\u00e9u. 12Antes, por\u00e9m, que estas coisas aconte\u00e7am, sereis presos e perseguidos; sereis entregues \u00e0s sinagogas e postos na pris\u00e3o; sereis levados diante de reis e governadores por causa do meu nome. 13Esta ser\u00e1 a ocasi\u00e3o em que testemunhareis a vossa f\u00e9. 14Fazei o firme prop\u00f3sito de n\u00e3o planejar com anteced\u00eancia a pr\u00f3pria defesa; 15porque eu vos darei palavras t\u00e3o acertadas, que nenhum dos inimigos vos poder\u00e1 resistir ou rebater. 16Sereis entregues at\u00e9 mesmo pelos pr\u00f3prios pais, irm\u00e3os, parentes e amigos. E eles matar\u00e3o alguns de v\u00f3s. 17Todos vos odiar\u00e3o por causa do meu nome. 18Mas v\u00f3s n\u00e3o perdereis um s\u00f3 fio de cabelo da vossa cabe\u00e7a. 19\u00c9 permanecendo firmes que ireis ganhar a vida!\u201d<\/em><\/p>\n<p>A liturgia que este domingo nos apresenta quer ser um grande encorajamento para as comunidades crist\u00e3s que est\u00e3o sujeitas a ataques externos por parte da religi\u00e3o e por parte dos governantes, mas tamb\u00e9m a ataques internos por parte dos pr\u00f3prios familiares. Portanto, as palavras de Jesus n\u00e3o querem colocar medo, mas tir\u00e1-lo, n\u00e3o querem desencorajar os crist\u00e3os, e sim incentiv\u00e1-los.<\/p>\n<p>O trecho come\u00e7a com a \u201cadmira\u00e7\u00e3o\u201d que os disc\u00edpulos &#8211; que ainda n\u00e3o haviam compreendido a novidade trazida por Jesus &#8211; t\u00eam para com o templo. O evangelista escreve: \u201cAlgumas pessoas &#8211; Jesus se refere aos disc\u00edpulos &#8211; comentavam a respeito do templo que era enfeitado com belas pedras e com ofertas votivas\u201d.<\/p>\n<p>Pois bem, Jesus havia declarado (Lc 19,45-48) que o templo era \u201cuma toca de ladr\u00f5es!\u201d. Isto \u00e9, um templo onde Deus se tornara uma sanguessuga, que retirava a vida aos seus fi\u00e9is, em vez de comunic\u00e1-la, como \u00e9 relatado no epis\u00f3dio que precede essa passagem (Lc 21, 1-4), o da vi\u00fava, aquela pobre mulher que se sangrava para manter em vida o Deus que a explorava!<\/p>\n<p>De fato, no Antigo Testamento, na Lei, Deus havia previsto que com a esmola no templo se devia ajudar exatamente aquelas categorias de pessoas mais vulner\u00e1veis, representadas aqui por essa vi\u00fava. Pois bem, a institui\u00e7\u00e3o religiosa havia desfigurado a tal ponto o rosto de Deus, que, n\u00e3o s\u00f3 n\u00e3o eram mantidas as vi\u00favas com os rendimentos do templo, mas eram as vi\u00favas, isto \u00e9, a parte mais necessitada da sociedade, que devia se sangrar para manter em vida esse Deus vampiro!<\/p>\n<p>Jesus n\u00e3o tolera nada disso! Ent\u00e3o, diante da admira\u00e7\u00e3o dos disc\u00edpulos, Jesus diz: \u201cV\u00f3s admirais estas coisas? Dias vir\u00e3o em que n\u00e3o ficar\u00e1 pedra sobre pedra. Tudo ser\u00e1 destru\u00eddo\u201d.<\/p>\n<p>Esta \u00e9 a primeira das grandes mudan\u00e7as que ir\u00e3o acontecer na hist\u00f3ria. Cada institui\u00e7\u00e3o religiosa ou civil que se op\u00f5e ao bem do homem, que explora o homem ou que humilha o ser humano, Jesus nos assegura &#8211; e essa \u00e9 a grande esperan\u00e7a, a grande certeza dos crist\u00e3os &#8211; que ir\u00e1 cair, mesmo que isso possa aparecer uma coisa imposs\u00edvel, como aconteceu com o templo de Jerusal\u00e9m, uma das maravilhas do mundo, um esplendor admirado at\u00e9 pelos disc\u00edpulos: tudo ir\u00e1 cair!<\/p>\n<p>N\u00e3o existe um sistema de poder econ\u00f4mico, pol\u00edtico ou religioso que explore os humanos ou tente esmag\u00e1-los e humilh\u00e1-los que n\u00e3o veja o seu pr\u00f3prio fim!<\/p>\n<p>Portanto, Jesus usa palavras de encorajamento para os seus seguidores, para a comunidade crist\u00e3, mas advertindo que isso n\u00e3o ser\u00e1 f\u00e1cil e nem sem dores, porque esta sociedade se revirar\u00e1 contra os disc\u00edpulos de Jesus que anunciam e constroem um mundo novo.<\/p>\n<p>Jesus &#8211; e nisso Jesus decepciona seus disc\u00edpulos &#8211; n\u00e3o veio para restaurar o velho e acabado Reino de Israel com os seus sonhos de grandeza, pelo contr\u00e1rio, Ele veio para inaugurar o Reino de Deus, isto \u00e9, uma nova sociedade alternativa. E os principais inimigos desse Reino ser\u00e3o aqueles tr\u00eas pilares sagrados de toda a velha sociedade, pilares que se alicer\u00e7am naqueles valores considerados t\u00e3o sagrados que, para a defesa deles, se pode at\u00e9 dar a pr\u00f3pria vida ou se pode tirar a vida dos outros: s\u00e3o eles Deus, a P\u00e1tria e a Fam\u00edlia. Sistemas sociais de poder baseados na obedi\u00eancia.<\/p>\n<p>A Deus a obedi\u00eancia do crente, atrav\u00e9s dos representantes religiosos; \u00e0 P\u00e1tria o cidad\u00e3o deve obedi\u00eancia atrav\u00e9s dos governadores; e \u00e0 fam\u00edlia, onde a mulher deve obedecer ao marido e os filhos ao pai!<\/p>\n<p>Pois bem, esses tr\u00eas eixos ser\u00e3o aqueles que se revoltar\u00e3o contra Jesus e contra os seus disc\u00edpulos, porque Jesus apresentou um Deus diferente, um Deus que n\u00e3o comanda, mas que serve, sobretudo um Deus que n\u00e3o pede obedi\u00eancia, mas vida \u00e0 semelhan\u00e7a do seu Amor.<\/p>\n<p>Ent\u00e3o, essas tr\u00eas \u00e1reas dominadas pelo poder e pela obedi\u00eancia ir\u00e3o revoltar-se contra os disc\u00edpulos de Jesus, que com o an\u00fancio de uma sociedade alternativa e a proposta de um modelo de vida completamente diferente, por\u00e3o em crise as pr\u00f3prias bases e as ra\u00edzes desta sociedade autorit\u00e1ria! \u00c9 por isso que Jesus diz: \u201cSereis entregues \u00e0s sinagogas (&#8230;), sereis levados diante de reis e governadores (&#8230;), sereis entregues at\u00e9 mesmo pelos pr\u00f3prios pais, irm\u00e3os, parentes e amigos. E eles matar\u00e3o alguns de v\u00f3s\u201d.<\/p>\n<p>Porqu\u00ea? Porque a ades\u00e3o a Jesus ser\u00e1 considerada um crime t\u00e3o grave que conseguir\u00e1 at\u00e9 mesmo cancelar os la\u00e7os de sangue. Mas Jesus nos garante: \u201cApesar desses sofrimentos, apesar dessas inevit\u00e1veis tribula\u00e7\u00f5es e persegui\u00e7\u00f5es, voc\u00eas ser\u00e3o os vencedores\u201d!<\/p>\n<p>E conclui: \u201c\u00c9 permanecendo firmes que voc\u00eas ganhar\u00e3o a vida!\u201d.<\/p>\n<p>Jesus ainda garante que: \u201cvoc\u00eas n\u00e3o perder\u00e3o um s\u00f3 fio de cabelo da vossa cabe\u00e7a\u201d. Quer dizer, nada ser\u00e1 perdido, nem mesmo a menor parte de vossa pessoa!<\/p>\n<p>Portanto, quem colabora \u00e0 mensagem de Jesus, \u00e0 inaugura\u00e7\u00e3o do Reino de Deus, j\u00e1 \u00e9 vencedor contra essas for\u00e7as que parecem esmagadoras, tentam aniquilar tudo e se apresentam como indestrut\u00edveis. Mas n\u00e3o \u00e9! Jesus nos assegura: \u201cTrabalhem para o Reino de Deus, e tenham a certeza que uma depois da outra, a partir do templo de Jerusal\u00e9m, todas essas institui\u00e7\u00f5es se dissolver\u00e3o no nada\u201d.<\/p>\n<p>O trecho do evangelista continua com o vers\u00edculo 28, que confirma tudo isso com uma imagem de esperan\u00e7a e de salva\u00e7\u00e3o e n\u00e3o de medo. Jesus proclama: &#8220;Quando estas coisas come\u00e7arem a acontecer levantem-se e ergam as cabe\u00e7as, porque a vossa reden\u00e7\u00e3o est\u00e1 pr\u00f3xima\u201d. Portanto, n\u00e3o an\u00fancio de desastres para dar medo ao grupo de disc\u00edpulos, mas an\u00fancio de uma grande verdade: tudo o que domina, tudo o que oprime e humilha o ser humano, \u00e0 medida que o tempo passa tudo, na hist\u00f3ria, ir\u00e1 cair!<\/p>\n<p>Tudo isto ir\u00e1 resultar em sofrimentos inevit\u00e1veis para os membros da comunidade crist\u00e3, mas isso n\u00e3o dever\u00e1 desanim\u00e1-los, porque eles j\u00e1 s\u00e3o vencedores.<\/p>\n<p><em>Fonte:\u00a0CENTRO DE ESTUDIOS BIBLICOS &#8220;G. VANNUCCI&#8221;<br \/>\n<a href=\"http:\/\/www.studibiblici.it\/PORTOGHESE\/indicepor.html\">http:\/\/www.studibiblici.it\/PORTOGHESE\/indicepor.html<\/a> <\/em><\/p>\n<div id=\"themify_builder_content-23785\" data-postid=\"23785\" class=\"themify_builder_content themify_builder_content-23785 themify_builder themify_builder_front\">\n\t<\/div>\n<!-- \/themify_builder_content -->","protected":false},"excerpt":{"rendered":"<p>Coment\u00e1rio de Pe. Alberto Maggi OSM ao Evangelho XXXIII DOMINGO do TEMPO COMUM \u2013 17 de novembro de 2013 Lc 21,5-19 Naquele tempo, 5algumas pessoas comentavam a respeito do templo que era enfeitado com belas pedras e com ofertas votivas. Jesus disse: 6\u201cV\u00f3s admirais estas coisas? Dias vir\u00e3o em que n\u00e3o ficar\u00e1 pedra sobre pedra. [&hellip;]<\/p>\n","protected":false},"author":5,"featured_media":0,"comment_status":"open","ping_status":"open","sticky":false,"template":"","format":"standard","meta":{"ngg_post_thumbnail":0,"footnotes":""},"categories":[9],"tags":[2827,2830,2829,2828,17],"yoast_head":"<!-- This site is optimized with the Yoast SEO plugin v23.5 - https:\/\/yoast.com\/wordpress\/plugins\/seo\/ -->\n<title>\u00c9 permanecendo firmes que ireis ganhar a vida! - O Arcanjo no ar<\/title>\n<meta name=\"robots\" content=\"index, follow, max-snippet:-1, max-image-preview:large, max-video-preview:-1\" \/>\n<link rel=\"canonical\" href=\"https:\/\/www.oarcanjo.net\/site\/e-permanecendo-firmes-que-ireis-ganhar-a-vida\/\" \/>\n<meta property=\"og:locale\" content=\"pt_BR\" \/>\n<meta property=\"og:type\" content=\"article\" \/>\n<meta property=\"og:title\" content=\"\u00c9 permanecendo firmes que ireis ganhar a vida! - O Arcanjo no ar\" \/>\n<meta property=\"og:description\" content=\"Coment\u00e1rio de Pe. Alberto Maggi OSM ao Evangelho XXXIII DOMINGO do TEMPO COMUM \u2013 17 de novembro de 2013 Lc 21,5-19 Naquele tempo, 5algumas pessoas comentavam a respeito do templo que era enfeitado com belas pedras e com ofertas votivas. Jesus disse: 6\u201cV\u00f3s admirais estas coisas? Dias vir\u00e3o em que n\u00e3o ficar\u00e1 pedra sobre pedra. [&hellip;]\" \/>\n<meta property=\"og:url\" content=\"https:\/\/www.oarcanjo.net\/site\/e-permanecendo-firmes-que-ireis-ganhar-a-vida\/\" \/>\n<meta property=\"og:site_name\" content=\"O Arcanjo no ar\" \/>\n<meta property=\"article:publisher\" content=\"https:\/\/www.facebook.com\/OArcanjoNoAr\/\" \/>\n<meta property=\"article:published_time\" content=\"2013-11-18T19:32:34+00:00\" \/>\n<meta property=\"article:modified_time\" content=\"2013-11-18T19:33:43+00:00\" \/>\n<meta property=\"og:image\" content=\"https:\/\/www.oarcanjo.net\/site\/wp-content\/uploads\/logo-o-arcanjo-no-ar-facebook.png\" \/>\n\t<meta property=\"og:image:width\" content=\"300\" \/>\n\t<meta property=\"og:image:height\" content=\"300\" \/>\n\t<meta property=\"og:image:type\" content=\"image\/png\" \/>\n<meta name=\"author\" content=\"editor\" \/>\n<meta name=\"twitter:card\" content=\"summary_large_image\" \/>\n<meta name=\"twitter:label1\" content=\"Escrito por\" \/>\n\t<meta name=\"twitter:data1\" content=\"editor\" \/>\n\t<meta name=\"twitter:label2\" content=\"Est. tempo de leitura\" \/>\n\t<meta name=\"twitter:data2\" content=\"7 minutos\" \/>\n<script type=\"application\/ld+json\" class=\"yoast-schema-graph\">{\"@context\":\"https:\/\/schema.org\",\"@graph\":[{\"@type\":\"Article\",\"@id\":\"https:\/\/www.oarcanjo.net\/site\/e-permanecendo-firmes-que-ireis-ganhar-a-vida\/#article\",\"isPartOf\":{\"@id\":\"https:\/\/www.oarcanjo.net\/site\/e-permanecendo-firmes-que-ireis-ganhar-a-vida\/\"},\"author\":{\"name\":\"editor\",\"@id\":\"https:\/\/www.oarcanjo.net\/site\/#\/schema\/person\/f7024d007863202483a31326673a0838\"},\"headline\":\"\u00c9 permanecendo firmes que ireis ganhar a vida!\",\"datePublished\":\"2013-11-18T19:32:34+00:00\",\"dateModified\":\"2013-11-18T19:33:43+00:00\",\"mainEntityOfPage\":{\"@id\":\"https:\/\/www.oarcanjo.net\/site\/e-permanecendo-firmes-que-ireis-ganhar-a-vida\/\"},\"wordCount\":1393,\"commentCount\":0,\"publisher\":{\"@id\":\"https:\/\/www.oarcanjo.net\/site\/#organization\"},\"keywords\":[\"\u00c2nimo\",\"Destrui\u00e7\u00e3o\",\"Destru\u00eddo\",\"Pedra\",\"templo\"],\"articleSection\":[\"Reflex\u00f5es\"],\"inLanguage\":\"pt-BR\",\"potentialAction\":[{\"@type\":\"CommentAction\",\"name\":\"Comment\",\"target\":[\"https:\/\/www.oarcanjo.net\/site\/e-permanecendo-firmes-que-ireis-ganhar-a-vida\/#respond\"]}]},{\"@type\":\"WebPage\",\"@id\":\"https:\/\/www.oarcanjo.net\/site\/e-permanecendo-firmes-que-ireis-ganhar-a-vida\/\",\"url\":\"https:\/\/www.oarcanjo.net\/site\/e-permanecendo-firmes-que-ireis-ganhar-a-vida\/\",\"name\":\"\u00c9 permanecendo firmes que ireis ganhar a vida! - O Arcanjo no ar\",\"isPartOf\":{\"@id\":\"https:\/\/www.oarcanjo.net\/site\/#website\"},\"datePublished\":\"2013-11-18T19:32:34+00:00\",\"dateModified\":\"2013-11-18T19:33:43+00:00\",\"breadcrumb\":{\"@id\":\"https:\/\/www.oarcanjo.net\/site\/e-permanecendo-firmes-que-ireis-ganhar-a-vida\/#breadcrumb\"},\"inLanguage\":\"pt-BR\",\"potentialAction\":[{\"@type\":\"ReadAction\",\"target\":[\"https:\/\/www.oarcanjo.net\/site\/e-permanecendo-firmes-que-ireis-ganhar-a-vida\/\"]}]},{\"@type\":\"BreadcrumbList\",\"@id\":\"https:\/\/www.oarcanjo.net\/site\/e-permanecendo-firmes-que-ireis-ganhar-a-vida\/#breadcrumb\",\"itemListElement\":[{\"@type\":\"ListItem\",\"position\":1,\"name\":\"In\u00edcio\",\"item\":\"https:\/\/www.oarcanjo.net\/site\/\"},{\"@type\":\"ListItem\",\"position\":2,\"name\":\"\u00c9 permanecendo firmes que ireis ganhar a vida!\"}]},{\"@type\":\"WebSite\",\"@id\":\"https:\/\/www.oarcanjo.net\/site\/#website\",\"url\":\"https:\/\/www.oarcanjo.net\/site\/\",\"name\":\"O Arcanjo no ar\",\"description\":\"Site da Par\u00f3quia S\u00e3o Miguel Arcanjo (Arquidiocese de SP)\",\"publisher\":{\"@id\":\"https:\/\/www.oarcanjo.net\/site\/#organization\"},\"potentialAction\":[{\"@type\":\"SearchAction\",\"target\":{\"@type\":\"EntryPoint\",\"urlTemplate\":\"https:\/\/www.oarcanjo.net\/site\/?s={search_term_string}\"},\"query-input\":{\"@type\":\"PropertyValueSpecification\",\"valueRequired\":true,\"valueName\":\"search_term_string\"}}],\"inLanguage\":\"pt-BR\"},{\"@type\":\"Organization\",\"@id\":\"https:\/\/www.oarcanjo.net\/site\/#organization\",\"name\":\"Par\u00f3quia S\u00e3o Miguel Arcanjo\",\"url\":\"https:\/\/www.oarcanjo.net\/site\/\",\"logo\":{\"@type\":\"ImageObject\",\"inLanguage\":\"pt-BR\",\"@id\":\"https:\/\/www.oarcanjo.net\/site\/#\/schema\/logo\/image\/\",\"url\":\"https:\/\/www.oarcanjo.net\/site\/wp-content\/uploads\/LogoOArcanjo.png\",\"contentUrl\":\"https:\/\/www.oarcanjo.net\/site\/wp-content\/uploads\/LogoOArcanjo.png\",\"width\":319,\"height\":99,\"caption\":\"Par\u00f3quia S\u00e3o Miguel Arcanjo\"},\"image\":{\"@id\":\"https:\/\/www.oarcanjo.net\/site\/#\/schema\/logo\/image\/\"},\"sameAs\":[\"https:\/\/www.facebook.com\/OArcanjoNoAr\/\"]},{\"@type\":\"Person\",\"@id\":\"https:\/\/www.oarcanjo.net\/site\/#\/schema\/person\/f7024d007863202483a31326673a0838\",\"name\":\"editor\",\"sameAs\":[\"http:\/\/www.oarcanjo.net\"]}]}<\/script>\n<!-- \/ Yoast SEO plugin. -->","yoast_head_json":{"title":"\u00c9 permanecendo firmes que ireis ganhar a vida! - O Arcanjo no ar","robots":{"index":"index","follow":"follow","max-snippet":"max-snippet:-1","max-image-preview":"max-image-preview:large","max-video-preview":"max-video-preview:-1"},"canonical":"https:\/\/www.oarcanjo.net\/site\/e-permanecendo-firmes-que-ireis-ganhar-a-vida\/","og_locale":"pt_BR","og_type":"article","og_title":"\u00c9 permanecendo firmes que ireis ganhar a vida! - O Arcanjo no ar","og_description":"Coment\u00e1rio de Pe. Alberto Maggi OSM ao Evangelho XXXIII DOMINGO do TEMPO COMUM \u2013 17 de novembro de 2013 Lc 21,5-19 Naquele tempo, 5algumas pessoas comentavam a respeito do templo que era enfeitado com belas pedras e com ofertas votivas. Jesus disse: 6\u201cV\u00f3s admirais estas coisas? Dias vir\u00e3o em que n\u00e3o ficar\u00e1 pedra sobre pedra. [&hellip;]","og_url":"https:\/\/www.oarcanjo.net\/site\/e-permanecendo-firmes-que-ireis-ganhar-a-vida\/","og_site_name":"O Arcanjo no ar","article_publisher":"https:\/\/www.facebook.com\/OArcanjoNoAr\/","article_published_time":"2013-11-18T19:32:34+00:00","article_modified_time":"2013-11-18T19:33:43+00:00","og_image":[{"width":300,"height":300,"url":"https:\/\/www.oarcanjo.net\/site\/wp-content\/uploads\/logo-o-arcanjo-no-ar-facebook.png","type":"image\/png"}],"author":"editor","twitter_card":"summary_large_image","twitter_misc":{"Escrito por":"editor","Est. tempo de leitura":"7 minutos"},"schema":{"@context":"https:\/\/schema.org","@graph":[{"@type":"Article","@id":"https:\/\/www.oarcanjo.net\/site\/e-permanecendo-firmes-que-ireis-ganhar-a-vida\/#article","isPartOf":{"@id":"https:\/\/www.oarcanjo.net\/site\/e-permanecendo-firmes-que-ireis-ganhar-a-vida\/"},"author":{"name":"editor","@id":"https:\/\/www.oarcanjo.net\/site\/#\/schema\/person\/f7024d007863202483a31326673a0838"},"headline":"\u00c9 permanecendo firmes que ireis ganhar a vida!","datePublished":"2013-11-18T19:32:34+00:00","dateModified":"2013-11-18T19:33:43+00:00","mainEntityOfPage":{"@id":"https:\/\/www.oarcanjo.net\/site\/e-permanecendo-firmes-que-ireis-ganhar-a-vida\/"},"wordCount":1393,"commentCount":0,"publisher":{"@id":"https:\/\/www.oarcanjo.net\/site\/#organization"},"keywords":["\u00c2nimo","Destrui\u00e7\u00e3o","Destru\u00eddo","Pedra","templo"],"articleSection":["Reflex\u00f5es"],"inLanguage":"pt-BR","potentialAction":[{"@type":"CommentAction","name":"Comment","target":["https:\/\/www.oarcanjo.net\/site\/e-permanecendo-firmes-que-ireis-ganhar-a-vida\/#respond"]}]},{"@type":"WebPage","@id":"https:\/\/www.oarcanjo.net\/site\/e-permanecendo-firmes-que-ireis-ganhar-a-vida\/","url":"https:\/\/www.oarcanjo.net\/site\/e-permanecendo-firmes-que-ireis-ganhar-a-vida\/","name":"\u00c9 permanecendo firmes que ireis ganhar a vida! - O Arcanjo no ar","isPartOf":{"@id":"https:\/\/www.oarcanjo.net\/site\/#website"},"datePublished":"2013-11-18T19:32:34+00:00","dateModified":"2013-11-18T19:33:43+00:00","breadcrumb":{"@id":"https:\/\/www.oarcanjo.net\/site\/e-permanecendo-firmes-que-ireis-ganhar-a-vida\/#breadcrumb"},"inLanguage":"pt-BR","potentialAction":[{"@type":"ReadAction","target":["https:\/\/www.oarcanjo.net\/site\/e-permanecendo-firmes-que-ireis-ganhar-a-vida\/"]}]},{"@type":"BreadcrumbList","@id":"https:\/\/www.oarcanjo.net\/site\/e-permanecendo-firmes-que-ireis-ganhar-a-vida\/#breadcrumb","itemListElement":[{"@type":"ListItem","position":1,"name":"In\u00edcio","item":"https:\/\/www.oarcanjo.net\/site\/"},{"@type":"ListItem","position":2,"name":"\u00c9 permanecendo firmes que ireis ganhar a vida!"}]},{"@type":"WebSite","@id":"https:\/\/www.oarcanjo.net\/site\/#website","url":"https:\/\/www.oarcanjo.net\/site\/","name":"O Arcanjo no ar","description":"Site da Par\u00f3quia S\u00e3o Miguel Arcanjo (Arquidiocese de SP)","publisher":{"@id":"https:\/\/www.oarcanjo.net\/site\/#organization"},"potentialAction":[{"@type":"SearchAction","target":{"@type":"EntryPoint","urlTemplate":"https:\/\/www.oarcanjo.net\/site\/?s={search_term_string}"},"query-input":{"@type":"PropertyValueSpecification","valueRequired":true,"valueName":"search_term_string"}}],"inLanguage":"pt-BR"},{"@type":"Organization","@id":"https:\/\/www.oarcanjo.net\/site\/#organization","name":"Par\u00f3quia S\u00e3o Miguel Arcanjo","url":"https:\/\/www.oarcanjo.net\/site\/","logo":{"@type":"ImageObject","inLanguage":"pt-BR","@id":"https:\/\/www.oarcanjo.net\/site\/#\/schema\/logo\/image\/","url":"https:\/\/www.oarcanjo.net\/site\/wp-content\/uploads\/LogoOArcanjo.png","contentUrl":"https:\/\/www.oarcanjo.net\/site\/wp-content\/uploads\/LogoOArcanjo.png","width":319,"height":99,"caption":"Par\u00f3quia S\u00e3o Miguel Arcanjo"},"image":{"@id":"https:\/\/www.oarcanjo.net\/site\/#\/schema\/logo\/image\/"},"sameAs":["https:\/\/www.facebook.com\/OArcanjoNoAr\/"]},{"@type":"Person","@id":"https:\/\/www.oarcanjo.net\/site\/#\/schema\/person\/f7024d007863202483a31326673a0838","name":"editor","sameAs":["http:\/\/www.oarcanjo.net"]}]}},"publishpress_future_action":{"enabled":false,"date":"2026-05-09 00:28:52","action":"category","newStatus":"draft","terms":[],"taxonomy":"category"},"publishpress_future_workflow_manual_trigger":{"enabledWorkflows":[]},"_links":{"self":[{"href":"https:\/\/www.oarcanjo.net\/site\/wp-json\/wp\/v2\/posts\/23785"}],"collection":[{"href":"https:\/\/www.oarcanjo.net\/site\/wp-json\/wp\/v2\/posts"}],"about":[{"href":"https:\/\/www.oarcanjo.net\/site\/wp-json\/wp\/v2\/types\/post"}],"author":[{"embeddable":true,"href":"https:\/\/www.oarcanjo.net\/site\/wp-json\/wp\/v2\/users\/5"}],"replies":[{"embeddable":true,"href":"https:\/\/www.oarcanjo.net\/site\/wp-json\/wp\/v2\/comments?post=23785"}],"version-history":[{"count":0,"href":"https:\/\/www.oarcanjo.net\/site\/wp-json\/wp\/v2\/posts\/23785\/revisions"}],"wp:attachment":[{"href":"https:\/\/www.oarcanjo.net\/site\/wp-json\/wp\/v2\/media?parent=23785"}],"wp:term":[{"taxonomy":"category","embeddable":true,"href":"https:\/\/www.oarcanjo.net\/site\/wp-json\/wp\/v2\/categories?post=23785"},{"taxonomy":"post_tag","embeddable":true,"href":"https:\/\/www.oarcanjo.net\/site\/wp-json\/wp\/v2\/tags?post=23785"}],"curies":[{"name":"wp","href":"https:\/\/api.w.org\/{rel}","templated":true}]}}