
{"id":23798,"date":"2013-11-18T19:33:01","date_gmt":"2013-11-18T21:33:01","guid":{"rendered":"http:\/\/www.oarcanjo.net\/site\/?p=23798"},"modified":"2013-11-18T19:33:01","modified_gmt":"2013-11-18T21:33:01","slug":"onde-esta-nossa-felicidade","status":"publish","type":"post","link":"https:\/\/www.oarcanjo.net\/site\/onde-esta-nossa-felicidade\/","title":{"rendered":"Onde est\u00e1 nossa felicidade?"},"content":{"rendered":"<p><em>Cardeal Odilo Pedro Scherer<\/em><\/p>\n<p>O final do Ano Lit\u00fargico nos coloca diante das \u201crealidades \u00faltimas\u201d da nossa exist\u00eancia: para onde conduz a nossa vida? O que vem depois da vida neste mundo? Ainda haver\u00e1 algo depois da morte?<\/p>\n<p>No Ano da F\u00e9, recordamos os grandes \u201cmist\u00e9rios da f\u00e9\u201d, que Deus manifestou e nos quais cremos, junto com a Igreja. A f\u00e9 \u00e9 uma luz divina, que nos faz ver mais longe e compreender mais profundamente toda realidade \u2013 tamb\u00e9m aquilo que incomoda tanto o ser humano que pensa e se interroga sobre o sentido da vida e da morte, sobre a base de sustenta\u00e7\u00e3o do bem e da justi\u00e7a, da liberdade humana e do anseio por plenitude e a saciedade para seus anseios e aspira\u00e7\u00f5es mais profundas.<\/p>\n<p>No 33\u00ba Domingo do Tempo Comum, a Liturgia nos apresentou textos iluminadores da Palavra de Deus, que s\u00e3o resposta a muitas de nossas interroga\u00e7\u00f5es. Vale a pena respeitar a Deus, ser honestos e praticar o bem? Ainda mais: vale a pena praticar o bem, mesmo com sofrimento? Esta sempre foi um angustiosa quest\u00e3o para o homem, sobretudo ao ver que os \u201c\u00edmpios\u201d n\u00e3o respeitam ao homem, nem a Deus, e v\u00e3o bem na vida e at\u00e9 debocham de quem \u00e9 honesto e reto em seu viver&#8230;<\/p>\n<p>A resposta vem do profeta Malaquias: a sorte final de \u00edmpios e justos n\u00e3o ser\u00e1 a mesma; a justi\u00e7a de Deus pode tardar, mas n\u00e3o falhar\u00e1 e colocar\u00e1 cada coisa no seu devido lugar. Os \u00edmpios, como palha, ser\u00e3o queimados e n\u00e3o restar\u00e1 deles nem raiz; mas os justos podem ter a certeza: sobre eles se levantar\u00e1 o sol da justi\u00e7a e lhes trar\u00e1 salva\u00e7\u00e3o (cf Ml 3,19s).<\/p>\n<p>Nossa Profiss\u00e3o de F\u00e9 cat\u00f3lica afirma: \u201ce de novo (Jesus) h\u00e1 de vir para julgar os vivos e os mortos, e o seu reino n\u00e3o ter\u00e1 fim\u201d. Na compreens\u00e3o crist\u00e3 da vida, n\u00f3s n\u00e3o somos a \u00faltima inst\u00e2ncia a decidir sobre o bem e o mal; nem tudo se resolve neste mundo, nem do jeito que cada um decide. Teremos que prestar contas a Deus sobre nossa vida e nosso agir, sobre o uso que tivermos feito de nossa liberdade.<\/p>\n<p>Ali\u00e1s, na vis\u00e3o da nossa f\u00e9, as coisas deste mundo n\u00e3o s\u00e3o ainda a realidade definitiva e final. Nem precisa ter muita f\u00e9 para afirmar isso: n\u00f3s passamos e as realidades deste mundo tamb\u00e9m passam; somos parte de uma realidade boa, mas ainda prec\u00e1ria. Por isso, nossa f\u00e9 nos leva a procurar os \u201cbens eternos\u201d e a \u201ccidade definitiva\u201d, onde Deus ser\u00e1 tudo em todos.<\/p>\n<p>Quando Jesus passeia no templo e os ap\u00f3stolos lhe chamam a aten\u00e7\u00e3o para a grandiosidade e a beleza do templo de Salom\u00e3o, ele responde: \u201cdisso tudo n\u00e3o ficar\u00e1 pedra sobre pedra, mas tudo ser\u00e1 destru\u00eddo\u201d (cf.Lucas, 21,9). E convida os ap\u00f3stolos a perseverarem, firmes na f\u00e9 e na pr\u00e1tica do bem, mesmo em meio a persegui\u00e7\u00f5es e inj\u00farias (Lc 21,7,19). Se tiv\u00e9ssemos f\u00e9 apenas para resolver quest\u00f5es deste mundo, ser\u00edamos os mais dignos de compaix\u00e3o de todos os homens, no dizer de S\u00e3o Paulo. A f\u00e9 firme em Deus e a esperan\u00e7a que brota da f\u00e9, d\u00e3o-nos coragem e for\u00e7a para a perseveran\u00e7a na pr\u00e1tica do bem. A falta de f\u00e9 d\u00e1 origem ao imediatismo e \u00e0 pretens\u00e3o de ter tudo, j\u00e1 neste mundo.<\/p>\n<p>Na Ora\u00e7\u00e3o do Dia do 33\u00ba Domingo comum, n\u00f3s pedimos a Deus: \u201cnossa alegria consista em vos servir de todo o cora\u00e7\u00e3o, pois s\u00f3 teremos felicidade completa, servindo a v\u00f3s, o criador de todas as coisas\u201d Esta ora\u00e7\u00e3o, de fato, corresponde ao primeiro mandamento da Lei de Deus: \u201camar e servir a Deus de todo cora\u00e7\u00e3o, com todas as for\u00e7as&#8230;\u201d Fora de Deus, n\u00e3o h\u00e1 felicidade plena.<\/p>\n<p>Nossa f\u00e9, portanto, tem uma resposta para a quest\u00e3o angustiante do sentido da  vida neste mundo e para a quest\u00e3o n\u00e3o menos angustiante do valor da pr\u00e1tica do bem: h\u00e1 vida plena e felicidade completa para o homem, contanto que n\u00e3o se afaste de Deus e dos seus caminhos.<\/p>\n<div id=\"themify_builder_content-23798\" data-postid=\"23798\" class=\"themify_builder_content themify_builder_content-23798 themify_builder themify_builder_front\">\n\t<\/div>\n<!-- \/themify_builder_content -->","protected":false},"excerpt":{"rendered":"<p>Cardeal Odilo Pedro Scherer O final do Ano Lit\u00fargico nos coloca diante das \u201crealidades \u00faltimas\u201d da nossa exist\u00eancia: para onde conduz a nossa vida? O que vem depois da vida neste mundo? Ainda haver\u00e1 algo depois da morte? No Ano da F\u00e9, recordamos os grandes \u201cmist\u00e9rios da f\u00e9\u201d, que Deus manifestou e nos quais cremos, [&hellip;]<\/p>\n","protected":false},"author":5,"featured_media":0,"comment_status":"open","ping_status":"open","sticky":false,"template":"","format":"standard","meta":{"ngg_post_thumbnail":0,"footnotes":""},"categories":[9],"tags":[3213,2832,441,2833,230,2834,2831,66,845,62],"yoast_head":"<!-- This site is optimized with the Yoast SEO plugin v23.5 - https:\/\/yoast.com\/wordpress\/plugins\/seo\/ -->\n<title>Onde est\u00e1 nossa felicidade? - O Arcanjo no ar<\/title>\n<meta name=\"robots\" content=\"index, follow, max-snippet:-1, max-image-preview:large, max-video-preview:-1\" \/>\n<link rel=\"canonical\" href=\"https:\/\/www.oarcanjo.net\/site\/onde-esta-nossa-felicidade\/\" \/>\n<meta property=\"og:locale\" content=\"pt_BR\" \/>\n<meta property=\"og:type\" content=\"article\" \/>\n<meta property=\"og:title\" content=\"Onde est\u00e1 nossa felicidade? - O Arcanjo no ar\" \/>\n<meta property=\"og:description\" content=\"Cardeal Odilo Pedro Scherer O final do Ano Lit\u00fargico nos coloca diante das \u201crealidades \u00faltimas\u201d da nossa exist\u00eancia: para onde conduz a nossa vida? O que vem depois da vida neste mundo? Ainda haver\u00e1 algo depois da morte? No Ano da F\u00e9, recordamos os grandes \u201cmist\u00e9rios da f\u00e9\u201d, que Deus manifestou e nos quais cremos, [&hellip;]\" \/>\n<meta property=\"og:url\" content=\"https:\/\/www.oarcanjo.net\/site\/onde-esta-nossa-felicidade\/\" \/>\n<meta property=\"og:site_name\" content=\"O Arcanjo no ar\" \/>\n<meta property=\"article:publisher\" content=\"https:\/\/www.facebook.com\/OArcanjoNoAr\/\" \/>\n<meta property=\"article:published_time\" content=\"2013-11-18T21:33:01+00:00\" \/>\n<meta property=\"og:image\" content=\"https:\/\/www.oarcanjo.net\/site\/wp-content\/uploads\/logo-o-arcanjo-no-ar-facebook.png\" \/>\n\t<meta property=\"og:image:width\" content=\"300\" \/>\n\t<meta property=\"og:image:height\" content=\"300\" \/>\n\t<meta property=\"og:image:type\" content=\"image\/png\" \/>\n<meta name=\"author\" content=\"editor\" \/>\n<meta name=\"twitter:card\" content=\"summary_large_image\" \/>\n<meta name=\"twitter:label1\" content=\"Escrito por\" \/>\n\t<meta name=\"twitter:data1\" content=\"editor\" \/>\n\t<meta name=\"twitter:label2\" content=\"Est. tempo de leitura\" \/>\n\t<meta name=\"twitter:data2\" content=\"4 minutos\" \/>\n<script type=\"application\/ld+json\" class=\"yoast-schema-graph\">{\"@context\":\"https:\/\/schema.org\",\"@graph\":[{\"@type\":\"Article\",\"@id\":\"https:\/\/www.oarcanjo.net\/site\/onde-esta-nossa-felicidade\/#article\",\"isPartOf\":{\"@id\":\"https:\/\/www.oarcanjo.net\/site\/onde-esta-nossa-felicidade\/\"},\"author\":{\"name\":\"editor\",\"@id\":\"https:\/\/www.oarcanjo.net\/site\/#\/schema\/person\/f7024d007863202483a31326673a0838\"},\"headline\":\"Onde est\u00e1 nossa felicidade?\",\"datePublished\":\"2013-11-18T21:33:01+00:00\",\"dateModified\":\"2013-11-18T21:33:01+00:00\",\"mainEntityOfPage\":{\"@id\":\"https:\/\/www.oarcanjo.net\/site\/onde-esta-nossa-felicidade\/\"},\"wordCount\":729,\"commentCount\":0,\"publisher\":{\"@id\":\"https:\/\/www.oarcanjo.net\/site\/#organization\"},\"keywords\":[\"Ano da F\u00e9\",\"Bens eternos\",\"f\u00e9\",\"\u00cdmpios\",\"justi\u00e7a\",\"Justos\",\"Mist\u00e9rios da f\u00e9\",\"morte\",\"perseveran\u00e7a\",\"vida\"],\"articleSection\":[\"Reflex\u00f5es\"],\"inLanguage\":\"pt-BR\",\"potentialAction\":[{\"@type\":\"CommentAction\",\"name\":\"Comment\",\"target\":[\"https:\/\/www.oarcanjo.net\/site\/onde-esta-nossa-felicidade\/#respond\"]}]},{\"@type\":\"WebPage\",\"@id\":\"https:\/\/www.oarcanjo.net\/site\/onde-esta-nossa-felicidade\/\",\"url\":\"https:\/\/www.oarcanjo.net\/site\/onde-esta-nossa-felicidade\/\",\"name\":\"Onde est\u00e1 nossa felicidade? - O Arcanjo no ar\",\"isPartOf\":{\"@id\":\"https:\/\/www.oarcanjo.net\/site\/#website\"},\"datePublished\":\"2013-11-18T21:33:01+00:00\",\"dateModified\":\"2013-11-18T21:33:01+00:00\",\"breadcrumb\":{\"@id\":\"https:\/\/www.oarcanjo.net\/site\/onde-esta-nossa-felicidade\/#breadcrumb\"},\"inLanguage\":\"pt-BR\",\"potentialAction\":[{\"@type\":\"ReadAction\",\"target\":[\"https:\/\/www.oarcanjo.net\/site\/onde-esta-nossa-felicidade\/\"]}]},{\"@type\":\"BreadcrumbList\",\"@id\":\"https:\/\/www.oarcanjo.net\/site\/onde-esta-nossa-felicidade\/#breadcrumb\",\"itemListElement\":[{\"@type\":\"ListItem\",\"position\":1,\"name\":\"In\u00edcio\",\"item\":\"https:\/\/www.oarcanjo.net\/site\/\"},{\"@type\":\"ListItem\",\"position\":2,\"name\":\"Onde est\u00e1 nossa felicidade?\"}]},{\"@type\":\"WebSite\",\"@id\":\"https:\/\/www.oarcanjo.net\/site\/#website\",\"url\":\"https:\/\/www.oarcanjo.net\/site\/\",\"name\":\"O Arcanjo no ar\",\"description\":\"Site da Par\u00f3quia S\u00e3o Miguel Arcanjo (Arquidiocese de SP)\",\"publisher\":{\"@id\":\"https:\/\/www.oarcanjo.net\/site\/#organization\"},\"potentialAction\":[{\"@type\":\"SearchAction\",\"target\":{\"@type\":\"EntryPoint\",\"urlTemplate\":\"https:\/\/www.oarcanjo.net\/site\/?s={search_term_string}\"},\"query-input\":{\"@type\":\"PropertyValueSpecification\",\"valueRequired\":true,\"valueName\":\"search_term_string\"}}],\"inLanguage\":\"pt-BR\"},{\"@type\":\"Organization\",\"@id\":\"https:\/\/www.oarcanjo.net\/site\/#organization\",\"name\":\"Par\u00f3quia S\u00e3o Miguel Arcanjo\",\"url\":\"https:\/\/www.oarcanjo.net\/site\/\",\"logo\":{\"@type\":\"ImageObject\",\"inLanguage\":\"pt-BR\",\"@id\":\"https:\/\/www.oarcanjo.net\/site\/#\/schema\/logo\/image\/\",\"url\":\"https:\/\/www.oarcanjo.net\/site\/wp-content\/uploads\/LogoOArcanjo.png\",\"contentUrl\":\"https:\/\/www.oarcanjo.net\/site\/wp-content\/uploads\/LogoOArcanjo.png\",\"width\":319,\"height\":99,\"caption\":\"Par\u00f3quia S\u00e3o Miguel Arcanjo\"},\"image\":{\"@id\":\"https:\/\/www.oarcanjo.net\/site\/#\/schema\/logo\/image\/\"},\"sameAs\":[\"https:\/\/www.facebook.com\/OArcanjoNoAr\/\"]},{\"@type\":\"Person\",\"@id\":\"https:\/\/www.oarcanjo.net\/site\/#\/schema\/person\/f7024d007863202483a31326673a0838\",\"name\":\"editor\",\"sameAs\":[\"http:\/\/www.oarcanjo.net\"]}]}<\/script>\n<!-- \/ Yoast SEO plugin. -->","yoast_head_json":{"title":"Onde est\u00e1 nossa felicidade? - O Arcanjo no ar","robots":{"index":"index","follow":"follow","max-snippet":"max-snippet:-1","max-image-preview":"max-image-preview:large","max-video-preview":"max-video-preview:-1"},"canonical":"https:\/\/www.oarcanjo.net\/site\/onde-esta-nossa-felicidade\/","og_locale":"pt_BR","og_type":"article","og_title":"Onde est\u00e1 nossa felicidade? - O Arcanjo no ar","og_description":"Cardeal Odilo Pedro Scherer O final do Ano Lit\u00fargico nos coloca diante das \u201crealidades \u00faltimas\u201d da nossa exist\u00eancia: para onde conduz a nossa vida? O que vem depois da vida neste mundo? Ainda haver\u00e1 algo depois da morte? No Ano da F\u00e9, recordamos os grandes \u201cmist\u00e9rios da f\u00e9\u201d, que Deus manifestou e nos quais cremos, [&hellip;]","og_url":"https:\/\/www.oarcanjo.net\/site\/onde-esta-nossa-felicidade\/","og_site_name":"O Arcanjo no ar","article_publisher":"https:\/\/www.facebook.com\/OArcanjoNoAr\/","article_published_time":"2013-11-18T21:33:01+00:00","og_image":[{"width":300,"height":300,"url":"https:\/\/www.oarcanjo.net\/site\/wp-content\/uploads\/logo-o-arcanjo-no-ar-facebook.png","type":"image\/png"}],"author":"editor","twitter_card":"summary_large_image","twitter_misc":{"Escrito por":"editor","Est. tempo de leitura":"4 minutos"},"schema":{"@context":"https:\/\/schema.org","@graph":[{"@type":"Article","@id":"https:\/\/www.oarcanjo.net\/site\/onde-esta-nossa-felicidade\/#article","isPartOf":{"@id":"https:\/\/www.oarcanjo.net\/site\/onde-esta-nossa-felicidade\/"},"author":{"name":"editor","@id":"https:\/\/www.oarcanjo.net\/site\/#\/schema\/person\/f7024d007863202483a31326673a0838"},"headline":"Onde est\u00e1 nossa felicidade?","datePublished":"2013-11-18T21:33:01+00:00","dateModified":"2013-11-18T21:33:01+00:00","mainEntityOfPage":{"@id":"https:\/\/www.oarcanjo.net\/site\/onde-esta-nossa-felicidade\/"},"wordCount":729,"commentCount":0,"publisher":{"@id":"https:\/\/www.oarcanjo.net\/site\/#organization"},"keywords":["Ano da F\u00e9","Bens eternos","f\u00e9","\u00cdmpios","justi\u00e7a","Justos","Mist\u00e9rios da f\u00e9","morte","perseveran\u00e7a","vida"],"articleSection":["Reflex\u00f5es"],"inLanguage":"pt-BR","potentialAction":[{"@type":"CommentAction","name":"Comment","target":["https:\/\/www.oarcanjo.net\/site\/onde-esta-nossa-felicidade\/#respond"]}]},{"@type":"WebPage","@id":"https:\/\/www.oarcanjo.net\/site\/onde-esta-nossa-felicidade\/","url":"https:\/\/www.oarcanjo.net\/site\/onde-esta-nossa-felicidade\/","name":"Onde est\u00e1 nossa felicidade? - O Arcanjo no ar","isPartOf":{"@id":"https:\/\/www.oarcanjo.net\/site\/#website"},"datePublished":"2013-11-18T21:33:01+00:00","dateModified":"2013-11-18T21:33:01+00:00","breadcrumb":{"@id":"https:\/\/www.oarcanjo.net\/site\/onde-esta-nossa-felicidade\/#breadcrumb"},"inLanguage":"pt-BR","potentialAction":[{"@type":"ReadAction","target":["https:\/\/www.oarcanjo.net\/site\/onde-esta-nossa-felicidade\/"]}]},{"@type":"BreadcrumbList","@id":"https:\/\/www.oarcanjo.net\/site\/onde-esta-nossa-felicidade\/#breadcrumb","itemListElement":[{"@type":"ListItem","position":1,"name":"In\u00edcio","item":"https:\/\/www.oarcanjo.net\/site\/"},{"@type":"ListItem","position":2,"name":"Onde est\u00e1 nossa felicidade?"}]},{"@type":"WebSite","@id":"https:\/\/www.oarcanjo.net\/site\/#website","url":"https:\/\/www.oarcanjo.net\/site\/","name":"O Arcanjo no ar","description":"Site da Par\u00f3quia S\u00e3o Miguel Arcanjo (Arquidiocese de SP)","publisher":{"@id":"https:\/\/www.oarcanjo.net\/site\/#organization"},"potentialAction":[{"@type":"SearchAction","target":{"@type":"EntryPoint","urlTemplate":"https:\/\/www.oarcanjo.net\/site\/?s={search_term_string}"},"query-input":{"@type":"PropertyValueSpecification","valueRequired":true,"valueName":"search_term_string"}}],"inLanguage":"pt-BR"},{"@type":"Organization","@id":"https:\/\/www.oarcanjo.net\/site\/#organization","name":"Par\u00f3quia S\u00e3o Miguel Arcanjo","url":"https:\/\/www.oarcanjo.net\/site\/","logo":{"@type":"ImageObject","inLanguage":"pt-BR","@id":"https:\/\/www.oarcanjo.net\/site\/#\/schema\/logo\/image\/","url":"https:\/\/www.oarcanjo.net\/site\/wp-content\/uploads\/LogoOArcanjo.png","contentUrl":"https:\/\/www.oarcanjo.net\/site\/wp-content\/uploads\/LogoOArcanjo.png","width":319,"height":99,"caption":"Par\u00f3quia S\u00e3o Miguel Arcanjo"},"image":{"@id":"https:\/\/www.oarcanjo.net\/site\/#\/schema\/logo\/image\/"},"sameAs":["https:\/\/www.facebook.com\/OArcanjoNoAr\/"]},{"@type":"Person","@id":"https:\/\/www.oarcanjo.net\/site\/#\/schema\/person\/f7024d007863202483a31326673a0838","name":"editor","sameAs":["http:\/\/www.oarcanjo.net"]}]}},"publishpress_future_action":{"enabled":false,"date":"2026-05-09 00:30:04","action":"category","newStatus":"draft","terms":[],"taxonomy":"category"},"publishpress_future_workflow_manual_trigger":{"enabledWorkflows":[]},"_links":{"self":[{"href":"https:\/\/www.oarcanjo.net\/site\/wp-json\/wp\/v2\/posts\/23798"}],"collection":[{"href":"https:\/\/www.oarcanjo.net\/site\/wp-json\/wp\/v2\/posts"}],"about":[{"href":"https:\/\/www.oarcanjo.net\/site\/wp-json\/wp\/v2\/types\/post"}],"author":[{"embeddable":true,"href":"https:\/\/www.oarcanjo.net\/site\/wp-json\/wp\/v2\/users\/5"}],"replies":[{"embeddable":true,"href":"https:\/\/www.oarcanjo.net\/site\/wp-json\/wp\/v2\/comments?post=23798"}],"version-history":[{"count":0,"href":"https:\/\/www.oarcanjo.net\/site\/wp-json\/wp\/v2\/posts\/23798\/revisions"}],"wp:attachment":[{"href":"https:\/\/www.oarcanjo.net\/site\/wp-json\/wp\/v2\/media?parent=23798"}],"wp:term":[{"taxonomy":"category","embeddable":true,"href":"https:\/\/www.oarcanjo.net\/site\/wp-json\/wp\/v2\/categories?post=23798"},{"taxonomy":"post_tag","embeddable":true,"href":"https:\/\/www.oarcanjo.net\/site\/wp-json\/wp\/v2\/tags?post=23798"}],"curies":[{"name":"wp","href":"https:\/\/api.w.org\/{rel}","templated":true}]}}