
{"id":23810,"date":"2013-11-19T11:46:34","date_gmt":"2013-11-19T13:46:34","guid":{"rendered":"http:\/\/www.oarcanjo.net\/site\/?p=23810"},"modified":"2013-11-19T15:22:56","modified_gmt":"2013-11-19T17:22:56","slug":"crescer-na-fe-fazendo-silencio","status":"publish","type":"post","link":"https:\/\/www.oarcanjo.net\/site\/crescer-na-fe-fazendo-silencio\/","title":{"rendered":"Crescer na F\u00e9, fazendo sil\u00eancio"},"content":{"rendered":"<p><em>Dom Edmar Peron<br \/>\n<\/em><br \/>\nPermanece gravado em meu cora\u00e7\u00e3o aquele momento em, tendo aparecido \u00e0 sacada da Bas\u00edlica de S\u00e3o Pedro, o novo Papa, Francisco, pediu \u00e0 multid\u00e3o que rezassem por ele: <strong><em>e fez-se um grande sil\u00eancio<\/em><\/strong>! Um sil\u00eancio cheio, pleno, ativo; um sil\u00eancio orante. A multid\u00e3o fez sil\u00eancio!<\/p>\n<p>Em minhas visitas \u00e0s comunidades, fico impressionado como n\u00e3o se tem conseguido, ainda, fazer sil\u00eancio em nossas igrejas. E n\u00f3s n\u00e3o somos uma multid\u00e3o! Gostaria muito de entender porque isso acontece; porque nossas liturgias s\u00e3o t\u00e3o barulhentas? Seria porque n\u00e3o temos outro lugar para encontrar os irm\u00e3os da Comunidade? Seria porque n\u00e3o estamos acostumados ao sil\u00eancio e, por isso, n\u00e3o saber\u00edamos o que fazer naqueles instantes ou minutos? Seria porque n\u00e3o se sabe distinguir entre um show e uma missa? Ou os motivos seriam outros?<\/p>\n<p>Contudo, retomando uma express\u00e3o da grande poetisa Ad\u00e9lia Prado, \u201c<strong>a palavra foi inventada para ser calada. \u00c9 s\u00f3 depois que se cala que a gente ouve<\/strong><strong>.<\/strong> A beleza de uma celebra\u00e7\u00e3o e de qualquer coisa, a beleza da arte, \u00e9 puro sil\u00eancio e pura audi\u00e7\u00e3o. N\u00f3s n\u00e3o encontramos mais em nossas igrejas o espa\u00e7o do sil\u00eancio. Eu estou falando da minha experi\u00eancia, queira Deus que n\u00e3o seja essa a experi\u00eancia aqui. Parece que h\u00e1 um horror ao vazio. N\u00e3o se pode parar um minuto. N\u00e3o h\u00e1 sil\u00eancio. N\u00e3o havendo sil\u00eancio, n\u00e3o h\u00e1 audi\u00e7\u00e3o&#8221;.<\/p>\n<p>Seguindo a considera\u00e7\u00e3o dela, parece-me que estamos, nesse caso, invertendo o ensinamento b\u00edblico: \u201cFala, Senhor, que teu servo escuta\u201d (1Sam 3,10). A impress\u00e3o \u00e9 que o texto deveria ser mudado: \u201cOuve, Senhor, que teu servo fala\u201d e, por consequ\u00eancia, no Pai-nosso, rezar\u00edamos: \u201cseja feita a nossa vontade, assim na terra como no c\u00e9u\u201d. Nesse caso, Deus deveria silenciar o seu di\u00e1logo trinit\u00e1rio a fim de nos ouvir. Mas n\u00e3o seria exatamente o contr\u00e1rio? N\u00e3o somos justamente n\u00f3s os que temos necessidade de silenciar, para ouvir o Senhor e deixar que sua Palavra e sua vontade se realizem em nossa vida? Assim fez Maria: \u201cFa\u00e7a-se em mim segundo a tua palavra\u201d (Lc 1,38). Assim fez Jos\u00e9: \u201cAo despertar do sono, agiu conforme o Anjo do Senhor lhe ordenara\u201d (Mt 1,24).<\/p>\n<p>Recebamos, pois, com aten\u00e7\u00e3o e de cora\u00e7\u00e3o aberto, o ensinamento da Igreja, presente na Instru\u00e7\u00e3o Geral do Missal Romano:<\/p>\n<p>\u2013 \u201cOportunamente, como parte da celebra\u00e7\u00e3o deve-se observar o sil\u00eancio sagrado. [&#8230;] Conv\u00e9m que j\u00e1 antes da pr\u00f3pria celebra\u00e7\u00e3o se conserve o sil\u00eancio na igreja, na sacristia, na secretaria e mesmo nos lugares mais pr\u00f3ximos, <strong><em>para que todos se disponham devota e devidamente para realizarem os sagrados mist\u00e9rios<\/em><\/strong>\u201d (n. 45);<\/p>\n<p>\u2013 \u201cA Liturgia da Palavra deve ser celebrada de tal modo que favore\u00e7a a medita\u00e7\u00e3o [&#8230;]. Integram-na breves momentos de sil\u00eancio, de acordo com a assembleia reunida, pelos quais, <strong><em>sob a a\u00e7\u00e3o do Esp\u00edrito Santo, se acolhe no cora\u00e7\u00e3o a Palavra de Deus e se prepara a resposta pela ora\u00e7\u00e3o\u201d<\/em><\/strong> (n. 56).<\/p>\n<p>Perceberam a motiva\u00e7\u00e3o? O sil\u00eancio \u00e9 para celebrar \u201cdevota e devidamente os sagrados mist\u00e9rios\u201d e para que, ajudados pelo Esp\u00edrito Santo, acolhamos a Palavra de Deus em nossos cora\u00e7\u00f5es, qual terreno bom e produza frutos (cf. Par\u00e1bola do semeador \u2013 Mt 13,4-23).<\/p>\n<p>Ent\u00e3o, vamos come\u00e7ar? Por exemplo: antes de come\u00e7ar a celebra\u00e7\u00e3o, a equipe de canto, ajude a assembleia ensaiando com ela os refr\u00e3os dos cantos do dia; depois, pelo menos durante 5 minutos, se fa\u00e7a sil\u00eancio. Quem? Todas as pessoas: os cantores e os instrumentistas; os leitores, os ministros e os coroinhas; o di\u00e1cono, o padre e o bispo&#8230; enfim, a assembleia inteira. Ser\u00e1 exigente? Sim! Mas um caminho longo se faz dando o primeiro passo. J\u00e1 pensaram que nenhum atleta vence a corrida se n\u00e3o treinar e n\u00e3o der o \u201cprimeiro passo\u201d? E \u00e9 preciso \u201ctreinar\u201d fazer sil\u00eancio; treinar muito: em casa, na catequese, no grupo, na igreja. Vamos dar o primeiro passo e, ent\u00e3o veremos nossas igrejas se transformarem em lugares de ora\u00e7\u00e3o e, certamente, <strong><em>nossa f\u00e9 crescer\u00e1<\/em><\/strong> dia ap\u00f3s dia, at\u00e9 o dia em que acordaremos na presen\u00e7a de Deus, no Para\u00edso, quando diremos com sinceridade: \u201cO nosso cora\u00e7\u00e3o est\u00e1 em Deus\u201d.<\/p>\n<div id=\"themify_builder_content-23810\" data-postid=\"23810\" class=\"themify_builder_content themify_builder_content-23810 themify_builder themify_builder_front\">\n\t<\/div>\n<!-- \/themify_builder_content -->","protected":false},"excerpt":{"rendered":"<p>Dom Edmar Peron Permanece gravado em meu cora\u00e7\u00e3o aquele momento em, tendo aparecido \u00e0 sacada da Bas\u00edlica de S\u00e3o Pedro, o novo Papa, Francisco, pediu \u00e0 multid\u00e3o que rezassem por ele: e fez-se um grande sil\u00eancio! Um sil\u00eancio cheio, pleno, ativo; um sil\u00eancio orante. A multid\u00e3o fez sil\u00eancio! Em minhas visitas \u00e0s comunidades, fico impressionado [&hellip;]<\/p>\n","protected":false},"author":5,"featured_media":0,"comment_status":"open","ping_status":"open","sticky":false,"template":"","format":"standard","meta":{"ngg_post_thumbnail":0,"footnotes":""},"categories":[9],"tags":[559,2837,2838,2102],"yoast_head":"<!-- This site is optimized with the Yoast SEO plugin v23.5 - https:\/\/yoast.com\/wordpress\/plugins\/seo\/ -->\n<title>Crescer na F\u00e9, fazendo sil\u00eancio - O Arcanjo no ar<\/title>\n<meta name=\"robots\" content=\"index, follow, max-snippet:-1, max-image-preview:large, max-video-preview:-1\" \/>\n<link rel=\"canonical\" href=\"https:\/\/www.oarcanjo.net\/site\/crescer-na-fe-fazendo-silencio\/\" \/>\n<meta property=\"og:locale\" content=\"pt_BR\" \/>\n<meta property=\"og:type\" content=\"article\" \/>\n<meta property=\"og:title\" content=\"Crescer na F\u00e9, fazendo sil\u00eancio - O Arcanjo no ar\" \/>\n<meta property=\"og:description\" content=\"Dom Edmar Peron Permanece gravado em meu cora\u00e7\u00e3o aquele momento em, tendo aparecido \u00e0 sacada da Bas\u00edlica de S\u00e3o Pedro, o novo Papa, Francisco, pediu \u00e0 multid\u00e3o que rezassem por ele: e fez-se um grande sil\u00eancio! Um sil\u00eancio cheio, pleno, ativo; um sil\u00eancio orante. A multid\u00e3o fez sil\u00eancio! Em minhas visitas \u00e0s comunidades, fico impressionado [&hellip;]\" \/>\n<meta property=\"og:url\" content=\"https:\/\/www.oarcanjo.net\/site\/crescer-na-fe-fazendo-silencio\/\" \/>\n<meta property=\"og:site_name\" content=\"O Arcanjo no ar\" \/>\n<meta property=\"article:publisher\" content=\"https:\/\/www.facebook.com\/OArcanjoNoAr\/\" \/>\n<meta property=\"article:published_time\" content=\"2013-11-19T13:46:34+00:00\" \/>\n<meta property=\"article:modified_time\" content=\"2013-11-19T17:22:56+00:00\" \/>\n<meta property=\"og:image\" content=\"https:\/\/www.oarcanjo.net\/site\/wp-content\/uploads\/logo-o-arcanjo-no-ar-facebook.png\" \/>\n\t<meta property=\"og:image:width\" content=\"300\" \/>\n\t<meta property=\"og:image:height\" content=\"300\" \/>\n\t<meta property=\"og:image:type\" content=\"image\/png\" \/>\n<meta name=\"author\" content=\"editor\" \/>\n<meta name=\"twitter:card\" content=\"summary_large_image\" \/>\n<meta name=\"twitter:label1\" content=\"Escrito por\" \/>\n\t<meta name=\"twitter:data1\" content=\"editor\" \/>\n\t<meta name=\"twitter:label2\" content=\"Est. tempo de leitura\" \/>\n\t<meta name=\"twitter:data2\" content=\"4 minutos\" \/>\n<script type=\"application\/ld+json\" class=\"yoast-schema-graph\">{\"@context\":\"https:\/\/schema.org\",\"@graph\":[{\"@type\":\"Article\",\"@id\":\"https:\/\/www.oarcanjo.net\/site\/crescer-na-fe-fazendo-silencio\/#article\",\"isPartOf\":{\"@id\":\"https:\/\/www.oarcanjo.net\/site\/crescer-na-fe-fazendo-silencio\/\"},\"author\":{\"name\":\"editor\",\"@id\":\"https:\/\/www.oarcanjo.net\/site\/#\/schema\/person\/f7024d007863202483a31326673a0838\"},\"headline\":\"Crescer na F\u00e9, fazendo sil\u00eancio\",\"datePublished\":\"2013-11-19T13:46:34+00:00\",\"dateModified\":\"2013-11-19T17:22:56+00:00\",\"mainEntityOfPage\":{\"@id\":\"https:\/\/www.oarcanjo.net\/site\/crescer-na-fe-fazendo-silencio\/\"},\"wordCount\":756,\"commentCount\":0,\"publisher\":{\"@id\":\"https:\/\/www.oarcanjo.net\/site\/#organization\"},\"keywords\":[\"acolhida\",\"Devo\u00e7\u00e3o\",\"Medita\u00e7\u00e3o\",\"sil\u00eancio\"],\"articleSection\":[\"Reflex\u00f5es\"],\"inLanguage\":\"pt-BR\",\"potentialAction\":[{\"@type\":\"CommentAction\",\"name\":\"Comment\",\"target\":[\"https:\/\/www.oarcanjo.net\/site\/crescer-na-fe-fazendo-silencio\/#respond\"]}]},{\"@type\":\"WebPage\",\"@id\":\"https:\/\/www.oarcanjo.net\/site\/crescer-na-fe-fazendo-silencio\/\",\"url\":\"https:\/\/www.oarcanjo.net\/site\/crescer-na-fe-fazendo-silencio\/\",\"name\":\"Crescer na F\u00e9, fazendo sil\u00eancio - O Arcanjo no ar\",\"isPartOf\":{\"@id\":\"https:\/\/www.oarcanjo.net\/site\/#website\"},\"datePublished\":\"2013-11-19T13:46:34+00:00\",\"dateModified\":\"2013-11-19T17:22:56+00:00\",\"breadcrumb\":{\"@id\":\"https:\/\/www.oarcanjo.net\/site\/crescer-na-fe-fazendo-silencio\/#breadcrumb\"},\"inLanguage\":\"pt-BR\",\"potentialAction\":[{\"@type\":\"ReadAction\",\"target\":[\"https:\/\/www.oarcanjo.net\/site\/crescer-na-fe-fazendo-silencio\/\"]}]},{\"@type\":\"BreadcrumbList\",\"@id\":\"https:\/\/www.oarcanjo.net\/site\/crescer-na-fe-fazendo-silencio\/#breadcrumb\",\"itemListElement\":[{\"@type\":\"ListItem\",\"position\":1,\"name\":\"In\u00edcio\",\"item\":\"https:\/\/www.oarcanjo.net\/site\/\"},{\"@type\":\"ListItem\",\"position\":2,\"name\":\"Crescer na F\u00e9, fazendo sil\u00eancio\"}]},{\"@type\":\"WebSite\",\"@id\":\"https:\/\/www.oarcanjo.net\/site\/#website\",\"url\":\"https:\/\/www.oarcanjo.net\/site\/\",\"name\":\"O Arcanjo no ar\",\"description\":\"Site da Par\u00f3quia S\u00e3o Miguel Arcanjo (Arquidiocese de SP)\",\"publisher\":{\"@id\":\"https:\/\/www.oarcanjo.net\/site\/#organization\"},\"potentialAction\":[{\"@type\":\"SearchAction\",\"target\":{\"@type\":\"EntryPoint\",\"urlTemplate\":\"https:\/\/www.oarcanjo.net\/site\/?s={search_term_string}\"},\"query-input\":{\"@type\":\"PropertyValueSpecification\",\"valueRequired\":true,\"valueName\":\"search_term_string\"}}],\"inLanguage\":\"pt-BR\"},{\"@type\":\"Organization\",\"@id\":\"https:\/\/www.oarcanjo.net\/site\/#organization\",\"name\":\"Par\u00f3quia S\u00e3o Miguel Arcanjo\",\"url\":\"https:\/\/www.oarcanjo.net\/site\/\",\"logo\":{\"@type\":\"ImageObject\",\"inLanguage\":\"pt-BR\",\"@id\":\"https:\/\/www.oarcanjo.net\/site\/#\/schema\/logo\/image\/\",\"url\":\"https:\/\/www.oarcanjo.net\/site\/wp-content\/uploads\/LogoOArcanjo.png\",\"contentUrl\":\"https:\/\/www.oarcanjo.net\/site\/wp-content\/uploads\/LogoOArcanjo.png\",\"width\":319,\"height\":99,\"caption\":\"Par\u00f3quia S\u00e3o Miguel Arcanjo\"},\"image\":{\"@id\":\"https:\/\/www.oarcanjo.net\/site\/#\/schema\/logo\/image\/\"},\"sameAs\":[\"https:\/\/www.facebook.com\/OArcanjoNoAr\/\"]},{\"@type\":\"Person\",\"@id\":\"https:\/\/www.oarcanjo.net\/site\/#\/schema\/person\/f7024d007863202483a31326673a0838\",\"name\":\"editor\",\"sameAs\":[\"http:\/\/www.oarcanjo.net\"]}]}<\/script>\n<!-- \/ Yoast SEO plugin. -->","yoast_head_json":{"title":"Crescer na F\u00e9, fazendo sil\u00eancio - O Arcanjo no ar","robots":{"index":"index","follow":"follow","max-snippet":"max-snippet:-1","max-image-preview":"max-image-preview:large","max-video-preview":"max-video-preview:-1"},"canonical":"https:\/\/www.oarcanjo.net\/site\/crescer-na-fe-fazendo-silencio\/","og_locale":"pt_BR","og_type":"article","og_title":"Crescer na F\u00e9, fazendo sil\u00eancio - O Arcanjo no ar","og_description":"Dom Edmar Peron Permanece gravado em meu cora\u00e7\u00e3o aquele momento em, tendo aparecido \u00e0 sacada da Bas\u00edlica de S\u00e3o Pedro, o novo Papa, Francisco, pediu \u00e0 multid\u00e3o que rezassem por ele: e fez-se um grande sil\u00eancio! Um sil\u00eancio cheio, pleno, ativo; um sil\u00eancio orante. A multid\u00e3o fez sil\u00eancio! Em minhas visitas \u00e0s comunidades, fico impressionado [&hellip;]","og_url":"https:\/\/www.oarcanjo.net\/site\/crescer-na-fe-fazendo-silencio\/","og_site_name":"O Arcanjo no ar","article_publisher":"https:\/\/www.facebook.com\/OArcanjoNoAr\/","article_published_time":"2013-11-19T13:46:34+00:00","article_modified_time":"2013-11-19T17:22:56+00:00","og_image":[{"width":300,"height":300,"url":"https:\/\/www.oarcanjo.net\/site\/wp-content\/uploads\/logo-o-arcanjo-no-ar-facebook.png","type":"image\/png"}],"author":"editor","twitter_card":"summary_large_image","twitter_misc":{"Escrito por":"editor","Est. tempo de leitura":"4 minutos"},"schema":{"@context":"https:\/\/schema.org","@graph":[{"@type":"Article","@id":"https:\/\/www.oarcanjo.net\/site\/crescer-na-fe-fazendo-silencio\/#article","isPartOf":{"@id":"https:\/\/www.oarcanjo.net\/site\/crescer-na-fe-fazendo-silencio\/"},"author":{"name":"editor","@id":"https:\/\/www.oarcanjo.net\/site\/#\/schema\/person\/f7024d007863202483a31326673a0838"},"headline":"Crescer na F\u00e9, fazendo sil\u00eancio","datePublished":"2013-11-19T13:46:34+00:00","dateModified":"2013-11-19T17:22:56+00:00","mainEntityOfPage":{"@id":"https:\/\/www.oarcanjo.net\/site\/crescer-na-fe-fazendo-silencio\/"},"wordCount":756,"commentCount":0,"publisher":{"@id":"https:\/\/www.oarcanjo.net\/site\/#organization"},"keywords":["acolhida","Devo\u00e7\u00e3o","Medita\u00e7\u00e3o","sil\u00eancio"],"articleSection":["Reflex\u00f5es"],"inLanguage":"pt-BR","potentialAction":[{"@type":"CommentAction","name":"Comment","target":["https:\/\/www.oarcanjo.net\/site\/crescer-na-fe-fazendo-silencio\/#respond"]}]},{"@type":"WebPage","@id":"https:\/\/www.oarcanjo.net\/site\/crescer-na-fe-fazendo-silencio\/","url":"https:\/\/www.oarcanjo.net\/site\/crescer-na-fe-fazendo-silencio\/","name":"Crescer na F\u00e9, fazendo sil\u00eancio - O Arcanjo no ar","isPartOf":{"@id":"https:\/\/www.oarcanjo.net\/site\/#website"},"datePublished":"2013-11-19T13:46:34+00:00","dateModified":"2013-11-19T17:22:56+00:00","breadcrumb":{"@id":"https:\/\/www.oarcanjo.net\/site\/crescer-na-fe-fazendo-silencio\/#breadcrumb"},"inLanguage":"pt-BR","potentialAction":[{"@type":"ReadAction","target":["https:\/\/www.oarcanjo.net\/site\/crescer-na-fe-fazendo-silencio\/"]}]},{"@type":"BreadcrumbList","@id":"https:\/\/www.oarcanjo.net\/site\/crescer-na-fe-fazendo-silencio\/#breadcrumb","itemListElement":[{"@type":"ListItem","position":1,"name":"In\u00edcio","item":"https:\/\/www.oarcanjo.net\/site\/"},{"@type":"ListItem","position":2,"name":"Crescer na F\u00e9, fazendo sil\u00eancio"}]},{"@type":"WebSite","@id":"https:\/\/www.oarcanjo.net\/site\/#website","url":"https:\/\/www.oarcanjo.net\/site\/","name":"O Arcanjo no ar","description":"Site da Par\u00f3quia S\u00e3o Miguel Arcanjo (Arquidiocese de SP)","publisher":{"@id":"https:\/\/www.oarcanjo.net\/site\/#organization"},"potentialAction":[{"@type":"SearchAction","target":{"@type":"EntryPoint","urlTemplate":"https:\/\/www.oarcanjo.net\/site\/?s={search_term_string}"},"query-input":{"@type":"PropertyValueSpecification","valueRequired":true,"valueName":"search_term_string"}}],"inLanguage":"pt-BR"},{"@type":"Organization","@id":"https:\/\/www.oarcanjo.net\/site\/#organization","name":"Par\u00f3quia S\u00e3o Miguel Arcanjo","url":"https:\/\/www.oarcanjo.net\/site\/","logo":{"@type":"ImageObject","inLanguage":"pt-BR","@id":"https:\/\/www.oarcanjo.net\/site\/#\/schema\/logo\/image\/","url":"https:\/\/www.oarcanjo.net\/site\/wp-content\/uploads\/LogoOArcanjo.png","contentUrl":"https:\/\/www.oarcanjo.net\/site\/wp-content\/uploads\/LogoOArcanjo.png","width":319,"height":99,"caption":"Par\u00f3quia S\u00e3o Miguel Arcanjo"},"image":{"@id":"https:\/\/www.oarcanjo.net\/site\/#\/schema\/logo\/image\/"},"sameAs":["https:\/\/www.facebook.com\/OArcanjoNoAr\/"]},{"@type":"Person","@id":"https:\/\/www.oarcanjo.net\/site\/#\/schema\/person\/f7024d007863202483a31326673a0838","name":"editor","sameAs":["http:\/\/www.oarcanjo.net"]}]}},"publishpress_future_action":{"enabled":false,"date":"2026-05-09 00:28:56","action":"category","newStatus":"draft","terms":[],"taxonomy":"category"},"publishpress_future_workflow_manual_trigger":{"enabledWorkflows":[]},"_links":{"self":[{"href":"https:\/\/www.oarcanjo.net\/site\/wp-json\/wp\/v2\/posts\/23810"}],"collection":[{"href":"https:\/\/www.oarcanjo.net\/site\/wp-json\/wp\/v2\/posts"}],"about":[{"href":"https:\/\/www.oarcanjo.net\/site\/wp-json\/wp\/v2\/types\/post"}],"author":[{"embeddable":true,"href":"https:\/\/www.oarcanjo.net\/site\/wp-json\/wp\/v2\/users\/5"}],"replies":[{"embeddable":true,"href":"https:\/\/www.oarcanjo.net\/site\/wp-json\/wp\/v2\/comments?post=23810"}],"version-history":[{"count":0,"href":"https:\/\/www.oarcanjo.net\/site\/wp-json\/wp\/v2\/posts\/23810\/revisions"}],"wp:attachment":[{"href":"https:\/\/www.oarcanjo.net\/site\/wp-json\/wp\/v2\/media?parent=23810"}],"wp:term":[{"taxonomy":"category","embeddable":true,"href":"https:\/\/www.oarcanjo.net\/site\/wp-json\/wp\/v2\/categories?post=23810"},{"taxonomy":"post_tag","embeddable":true,"href":"https:\/\/www.oarcanjo.net\/site\/wp-json\/wp\/v2\/tags?post=23810"}],"curies":[{"name":"wp","href":"https:\/\/api.w.org\/{rel}","templated":true}]}}