
{"id":23828,"date":"2013-11-23T00:01:55","date_gmt":"2013-11-23T02:01:55","guid":{"rendered":"http:\/\/www.oarcanjo.net\/site\/?p=23828"},"modified":"2013-11-24T06:42:52","modified_gmt":"2013-11-24T08:42:52","slug":"no-proximo-domingo-comemora-se-o-dia-nacional-dos-leigos","status":"publish","type":"post","link":"https:\/\/www.oarcanjo.net\/site\/no-proximo-domingo-comemora-se-o-dia-nacional-dos-leigos\/","title":{"rendered":"Neste domingo, comemora-se o Dia Nacional dos Leigos"},"content":{"rendered":"<p>Neste domingo, 24 de outubro, \u00e9 celebrado o Dia Nacional dos Crist\u00e3os Leigos e Leigas. Por ocasi\u00e3o da data, o bispo de Ca\u00e7ador (SC) e presidente da Comiss\u00e3o Episcopal para o Laicato da CNBB, dom Frei Severino Clasen, envia uma mensagem aos leigos. \u201cSaudamos e cumprimentamos os milh\u00f5es de leigos e leigas que se dedicam \u00e0 evangeliza\u00e7\u00e3o; s\u00e3o infinitamente a maioria absoluta que anunciam o Cristo Rei atrav\u00e9s da catequese, da liturgia, da coordena\u00e7\u00e3o de grupos, das pastorais, dos movimentos, associa\u00e7\u00f5es, novas comunidades&#8230;\u201d, destacou o bispo.<\/p>\n<p><em><strong>Leia o texto na \u00edntegra:<\/strong><\/em><\/p>\n<p><strong>Mensagem para o Dia Nacional dos Crist\u00e3os Leigos e Leigas<\/strong><\/p>\n<p style=\"padding-left: 30px;\">Sa\u00fado todos os leigos e leigas do Brasil pelo seu dia na festa de Cristo Rei!<\/p>\n<p style=\"padding-left: 30px;\">Viva Cristo Rei!<\/p>\n<p style=\"padding-left: 30px;\">Todas as criaturas necessitam de um ambiente saud\u00e1vel para nascer, crescer e viver em paz. \u00c9 preciso construir a casa para que se possa viver com dignidade como pessoa humana, desde o momento em que tem in\u00edcio a exist\u00eancia, pois, j\u00e1 carrega a imagem de Cristo.<\/p>\n<p style=\"padding-left: 30px;\">Jesus Cristo \u00e9 proclamado Rei do Universo no \u00faltimo domingo lit\u00fargico do ano. Ele tem um Reino para n\u00f3s. Pela gra\u00e7a do Batismo, somos filiados \u00e0 Igreja.  Como m\u00e3e, a Igreja oferece as condi\u00e7\u00f5es espirituais e humanas para que a vida seja de fato vista como dom e riqueza imensur\u00e1vel. Portanto, cada criatura humana carrega dentro de si o grande sinal de Deus Uno e Trino. A festa de Cristo Rei \u00e9 para todos os batizados. Lembramos nesse dia especialmente os leigos e leigas.<\/p>\n<p style=\"padding-left: 30px;\">A Comiss\u00e3o Episcopal de Pastoral para o Laicato, ao saudar os leigos e leigas, convoca-os para trabalhar na messe do Senhor e construir o Reino de paz e de justi\u00e7a. O nosso espa\u00e7o, o lugar onde vivemos, deve se tornar um sinal do Reino definitivo anunciado por Jesus Cristo. Por isso, s\u00e3o chamados para contribuir na evangeliza\u00e7\u00e3o. Saudamos e cumprimentamos os milh\u00f5es de leigos e leigas que se dedicam \u00e0 evangeliza\u00e7\u00e3o; s\u00e3o infinitamente a maioria absoluta que anunciam o Cristo Rei atrav\u00e9s da catequese, da liturgia, da coordena\u00e7\u00e3o de grupos, das pastorais, dos movimentos, associa\u00e7\u00f5es, novas comunidades, CEBs, dos conselhos de leigos e da presen\u00e7a nos diferentes espa\u00e7os da sociedade como na cultura, na economia, no mundo do trabalho,  nas artes, na fam\u00edlia, na pol\u00edtica, na vida profissional, na educa\u00e7\u00e3o, nos meios de comunica\u00e7\u00e3o,  dentre outros.  Reconhecemos que a maioria dos agentes de evangeliza\u00e7\u00e3o s\u00e3o as mulheres.<\/p>\n<p style=\"padding-left: 30px;\">O trabalho humilde, simples, cotidiano, constante, sereno, fecundo das mulheres \u00e9 a beleza gigantesca no an\u00fancio do Reino de Deus. Que os homens tamb\u00e9m se sintam participantes nessa tarefa divina e santa, pois temos tantos homens espalhados pelo mundo afora se dedicando no an\u00fancio do Evangelho e sua justi\u00e7a. Que na festa de Cristo Rei, dia do leigo, saibamos valorizar todos os que s\u00e3o part\u00edcipes da gloriosa vinda de Cristo e com Ele, possamos construir o Reino definitivo.<\/p>\n<p style=\"padding-left: 30px;\">No ano de 2014, teremos muitas oportunidades para aprofundar a reflex\u00e3o sobre a miss\u00e3o e o minist\u00e9rio dos leigos. Est\u00e1 na hora de somarmos for\u00e7as para equilibrar as rela\u00e7\u00f5es no mundo todo, que nenhum filho de Deus, passe fome, se perca no crime e seja recolhido em pris\u00f5es, mas que tenha sa\u00fade, educa\u00e7\u00e3o, espa\u00e7o para o lazer, trabalho digno, moradia; esse \u00e9 o Reino que ainda deve ser constru\u00eddo, e a for\u00e7a do Evangelho nos proporciona e nos condiciona para tanto. Como afirma do Documento de Aparecida os leigos e leigas s\u00e3o chamados a ser construtores do Reino.  \u00c9 uma quest\u00e3o de decis\u00e3o, de participa\u00e7\u00e3o e de iniciativa criativa e inspirada pela for\u00e7a de Deus Pai, Filho e Esp\u00edrito Santo.<\/p>\n<p style=\"padding-left: 30px;\">Que a f\u00e9, aumentada e professada neste Ano da F\u00e9, seja a for\u00e7a motora em cada crist\u00e3o para ser instrumento de paz em toda parte.<\/p>\n<p style=\"padding-left: 30px;\">Que o modelo de vida de fam\u00edlia, testemunhada por Jesus, Maria e Jos\u00e9, encoraje os leigos e leigas para serem disc\u00edpulos mission\u00e1rios do Reino de Deus.<\/p>\n<p style=\"padding-left: 30px;\">Fraternalmente,<\/p>\n<p style=\"padding-left: 30px;\"><em>Dom Frei Severino Clasen<\/em><br \/>\n<em> Bispo de Ca\u00e7ador &#8211; SC<\/em><br \/>\n<em> Presidente da Comiss\u00e3o Episcopal para o Laicato<\/em><\/p>\n<p><em>Fonte: CNBB<\/em><\/p>\n<div id=\"themify_builder_content-23828\" data-postid=\"23828\" class=\"themify_builder_content themify_builder_content-23828 themify_builder themify_builder_front\">\n\t<\/div>\n<!-- \/themify_builder_content -->","protected":false},"excerpt":{"rendered":"<p>Neste domingo, 24 de outubro, \u00e9 celebrado o Dia Nacional dos Crist\u00e3os Leigos e Leigas. Por ocasi\u00e3o da data, o bispo de Ca\u00e7ador (SC) e presidente da Comiss\u00e3o Episcopal para o Laicato da CNBB, dom Frei Severino Clasen, envia uma mensagem aos leigos. \u201cSaudamos e cumprimentamos os milh\u00f5es de leigos e leigas que se dedicam [&hellip;]<\/p>\n","protected":false},"author":5,"featured_media":0,"comment_status":"open","ping_status":"open","sticky":false,"template":"","format":"standard","meta":{"ngg_post_thumbnail":0,"footnotes":""},"categories":[8],"tags":[2319],"yoast_head":"<!-- This site is optimized with the Yoast SEO plugin v23.5 - https:\/\/yoast.com\/wordpress\/plugins\/seo\/ -->\n<title>Neste domingo, comemora-se o Dia Nacional dos Leigos - O Arcanjo no ar<\/title>\n<meta name=\"robots\" content=\"index, follow, max-snippet:-1, max-image-preview:large, max-video-preview:-1\" \/>\n<link rel=\"canonical\" href=\"https:\/\/www.oarcanjo.net\/site\/no-proximo-domingo-comemora-se-o-dia-nacional-dos-leigos\/\" \/>\n<meta property=\"og:locale\" content=\"pt_BR\" \/>\n<meta property=\"og:type\" content=\"article\" \/>\n<meta property=\"og:title\" content=\"Neste domingo, comemora-se o Dia Nacional dos Leigos - O Arcanjo no ar\" \/>\n<meta property=\"og:description\" content=\"Neste domingo, 24 de outubro, \u00e9 celebrado o Dia Nacional dos Crist\u00e3os Leigos e Leigas. Por ocasi\u00e3o da data, o bispo de Ca\u00e7ador (SC) e presidente da Comiss\u00e3o Episcopal para o Laicato da CNBB, dom Frei Severino Clasen, envia uma mensagem aos leigos. \u201cSaudamos e cumprimentamos os milh\u00f5es de leigos e leigas que se dedicam [&hellip;]\" \/>\n<meta property=\"og:url\" content=\"https:\/\/www.oarcanjo.net\/site\/no-proximo-domingo-comemora-se-o-dia-nacional-dos-leigos\/\" \/>\n<meta property=\"og:site_name\" content=\"O Arcanjo no ar\" \/>\n<meta property=\"article:publisher\" content=\"https:\/\/www.facebook.com\/OArcanjoNoAr\/\" \/>\n<meta property=\"article:published_time\" content=\"2013-11-23T02:01:55+00:00\" \/>\n<meta property=\"article:modified_time\" content=\"2013-11-24T08:42:52+00:00\" \/>\n<meta property=\"og:image\" content=\"https:\/\/www.oarcanjo.net\/site\/wp-content\/uploads\/logo-o-arcanjo-no-ar-facebook.png\" \/>\n\t<meta property=\"og:image:width\" content=\"300\" \/>\n\t<meta property=\"og:image:height\" content=\"300\" \/>\n\t<meta property=\"og:image:type\" content=\"image\/png\" \/>\n<meta name=\"author\" content=\"editor\" \/>\n<meta name=\"twitter:card\" content=\"summary_large_image\" \/>\n<meta name=\"twitter:label1\" content=\"Escrito por\" \/>\n\t<meta name=\"twitter:data1\" content=\"editor\" \/>\n\t<meta name=\"twitter:label2\" content=\"Est. tempo de leitura\" \/>\n\t<meta name=\"twitter:data2\" content=\"4 minutos\" \/>\n<script type=\"application\/ld+json\" class=\"yoast-schema-graph\">{\"@context\":\"https:\/\/schema.org\",\"@graph\":[{\"@type\":\"Article\",\"@id\":\"https:\/\/www.oarcanjo.net\/site\/no-proximo-domingo-comemora-se-o-dia-nacional-dos-leigos\/#article\",\"isPartOf\":{\"@id\":\"https:\/\/www.oarcanjo.net\/site\/no-proximo-domingo-comemora-se-o-dia-nacional-dos-leigos\/\"},\"author\":{\"name\":\"editor\",\"@id\":\"https:\/\/www.oarcanjo.net\/site\/#\/schema\/person\/f7024d007863202483a31326673a0838\"},\"headline\":\"Neste domingo, comemora-se o Dia Nacional dos Leigos\",\"datePublished\":\"2013-11-23T02:01:55+00:00\",\"dateModified\":\"2013-11-24T08:42:52+00:00\",\"mainEntityOfPage\":{\"@id\":\"https:\/\/www.oarcanjo.net\/site\/no-proximo-domingo-comemora-se-o-dia-nacional-dos-leigos\/\"},\"wordCount\":731,\"commentCount\":0,\"publisher\":{\"@id\":\"https:\/\/www.oarcanjo.net\/site\/#organization\"},\"keywords\":[\"Dia Nacional dos Leigos\"],\"articleSection\":[\"Not\u00edcias\"],\"inLanguage\":\"pt-BR\",\"potentialAction\":[{\"@type\":\"CommentAction\",\"name\":\"Comment\",\"target\":[\"https:\/\/www.oarcanjo.net\/site\/no-proximo-domingo-comemora-se-o-dia-nacional-dos-leigos\/#respond\"]}]},{\"@type\":\"WebPage\",\"@id\":\"https:\/\/www.oarcanjo.net\/site\/no-proximo-domingo-comemora-se-o-dia-nacional-dos-leigos\/\",\"url\":\"https:\/\/www.oarcanjo.net\/site\/no-proximo-domingo-comemora-se-o-dia-nacional-dos-leigos\/\",\"name\":\"Neste domingo, comemora-se o Dia Nacional dos Leigos - O Arcanjo no ar\",\"isPartOf\":{\"@id\":\"https:\/\/www.oarcanjo.net\/site\/#website\"},\"datePublished\":\"2013-11-23T02:01:55+00:00\",\"dateModified\":\"2013-11-24T08:42:52+00:00\",\"breadcrumb\":{\"@id\":\"https:\/\/www.oarcanjo.net\/site\/no-proximo-domingo-comemora-se-o-dia-nacional-dos-leigos\/#breadcrumb\"},\"inLanguage\":\"pt-BR\",\"potentialAction\":[{\"@type\":\"ReadAction\",\"target\":[\"https:\/\/www.oarcanjo.net\/site\/no-proximo-domingo-comemora-se-o-dia-nacional-dos-leigos\/\"]}]},{\"@type\":\"BreadcrumbList\",\"@id\":\"https:\/\/www.oarcanjo.net\/site\/no-proximo-domingo-comemora-se-o-dia-nacional-dos-leigos\/#breadcrumb\",\"itemListElement\":[{\"@type\":\"ListItem\",\"position\":1,\"name\":\"In\u00edcio\",\"item\":\"https:\/\/www.oarcanjo.net\/site\/\"},{\"@type\":\"ListItem\",\"position\":2,\"name\":\"Neste domingo, comemora-se o Dia Nacional dos Leigos\"}]},{\"@type\":\"WebSite\",\"@id\":\"https:\/\/www.oarcanjo.net\/site\/#website\",\"url\":\"https:\/\/www.oarcanjo.net\/site\/\",\"name\":\"O Arcanjo no ar\",\"description\":\"Site da Par\u00f3quia S\u00e3o Miguel Arcanjo (Arquidiocese de SP)\",\"publisher\":{\"@id\":\"https:\/\/www.oarcanjo.net\/site\/#organization\"},\"potentialAction\":[{\"@type\":\"SearchAction\",\"target\":{\"@type\":\"EntryPoint\",\"urlTemplate\":\"https:\/\/www.oarcanjo.net\/site\/?s={search_term_string}\"},\"query-input\":{\"@type\":\"PropertyValueSpecification\",\"valueRequired\":true,\"valueName\":\"search_term_string\"}}],\"inLanguage\":\"pt-BR\"},{\"@type\":\"Organization\",\"@id\":\"https:\/\/www.oarcanjo.net\/site\/#organization\",\"name\":\"Par\u00f3quia S\u00e3o Miguel Arcanjo\",\"url\":\"https:\/\/www.oarcanjo.net\/site\/\",\"logo\":{\"@type\":\"ImageObject\",\"inLanguage\":\"pt-BR\",\"@id\":\"https:\/\/www.oarcanjo.net\/site\/#\/schema\/logo\/image\/\",\"url\":\"https:\/\/www.oarcanjo.net\/site\/wp-content\/uploads\/LogoOArcanjo.png\",\"contentUrl\":\"https:\/\/www.oarcanjo.net\/site\/wp-content\/uploads\/LogoOArcanjo.png\",\"width\":319,\"height\":99,\"caption\":\"Par\u00f3quia S\u00e3o Miguel Arcanjo\"},\"image\":{\"@id\":\"https:\/\/www.oarcanjo.net\/site\/#\/schema\/logo\/image\/\"},\"sameAs\":[\"https:\/\/www.facebook.com\/OArcanjoNoAr\/\"]},{\"@type\":\"Person\",\"@id\":\"https:\/\/www.oarcanjo.net\/site\/#\/schema\/person\/f7024d007863202483a31326673a0838\",\"name\":\"editor\",\"sameAs\":[\"http:\/\/www.oarcanjo.net\"]}]}<\/script>\n<!-- \/ Yoast SEO plugin. -->","yoast_head_json":{"title":"Neste domingo, comemora-se o Dia Nacional dos Leigos - O Arcanjo no ar","robots":{"index":"index","follow":"follow","max-snippet":"max-snippet:-1","max-image-preview":"max-image-preview:large","max-video-preview":"max-video-preview:-1"},"canonical":"https:\/\/www.oarcanjo.net\/site\/no-proximo-domingo-comemora-se-o-dia-nacional-dos-leigos\/","og_locale":"pt_BR","og_type":"article","og_title":"Neste domingo, comemora-se o Dia Nacional dos Leigos - O Arcanjo no ar","og_description":"Neste domingo, 24 de outubro, \u00e9 celebrado o Dia Nacional dos Crist\u00e3os Leigos e Leigas. Por ocasi\u00e3o da data, o bispo de Ca\u00e7ador (SC) e presidente da Comiss\u00e3o Episcopal para o Laicato da CNBB, dom Frei Severino Clasen, envia uma mensagem aos leigos. \u201cSaudamos e cumprimentamos os milh\u00f5es de leigos e leigas que se dedicam [&hellip;]","og_url":"https:\/\/www.oarcanjo.net\/site\/no-proximo-domingo-comemora-se-o-dia-nacional-dos-leigos\/","og_site_name":"O Arcanjo no ar","article_publisher":"https:\/\/www.facebook.com\/OArcanjoNoAr\/","article_published_time":"2013-11-23T02:01:55+00:00","article_modified_time":"2013-11-24T08:42:52+00:00","og_image":[{"width":300,"height":300,"url":"https:\/\/www.oarcanjo.net\/site\/wp-content\/uploads\/logo-o-arcanjo-no-ar-facebook.png","type":"image\/png"}],"author":"editor","twitter_card":"summary_large_image","twitter_misc":{"Escrito por":"editor","Est. tempo de leitura":"4 minutos"},"schema":{"@context":"https:\/\/schema.org","@graph":[{"@type":"Article","@id":"https:\/\/www.oarcanjo.net\/site\/no-proximo-domingo-comemora-se-o-dia-nacional-dos-leigos\/#article","isPartOf":{"@id":"https:\/\/www.oarcanjo.net\/site\/no-proximo-domingo-comemora-se-o-dia-nacional-dos-leigos\/"},"author":{"name":"editor","@id":"https:\/\/www.oarcanjo.net\/site\/#\/schema\/person\/f7024d007863202483a31326673a0838"},"headline":"Neste domingo, comemora-se o Dia Nacional dos Leigos","datePublished":"2013-11-23T02:01:55+00:00","dateModified":"2013-11-24T08:42:52+00:00","mainEntityOfPage":{"@id":"https:\/\/www.oarcanjo.net\/site\/no-proximo-domingo-comemora-se-o-dia-nacional-dos-leigos\/"},"wordCount":731,"commentCount":0,"publisher":{"@id":"https:\/\/www.oarcanjo.net\/site\/#organization"},"keywords":["Dia Nacional dos Leigos"],"articleSection":["Not\u00edcias"],"inLanguage":"pt-BR","potentialAction":[{"@type":"CommentAction","name":"Comment","target":["https:\/\/www.oarcanjo.net\/site\/no-proximo-domingo-comemora-se-o-dia-nacional-dos-leigos\/#respond"]}]},{"@type":"WebPage","@id":"https:\/\/www.oarcanjo.net\/site\/no-proximo-domingo-comemora-se-o-dia-nacional-dos-leigos\/","url":"https:\/\/www.oarcanjo.net\/site\/no-proximo-domingo-comemora-se-o-dia-nacional-dos-leigos\/","name":"Neste domingo, comemora-se o Dia Nacional dos Leigos - O Arcanjo no ar","isPartOf":{"@id":"https:\/\/www.oarcanjo.net\/site\/#website"},"datePublished":"2013-11-23T02:01:55+00:00","dateModified":"2013-11-24T08:42:52+00:00","breadcrumb":{"@id":"https:\/\/www.oarcanjo.net\/site\/no-proximo-domingo-comemora-se-o-dia-nacional-dos-leigos\/#breadcrumb"},"inLanguage":"pt-BR","potentialAction":[{"@type":"ReadAction","target":["https:\/\/www.oarcanjo.net\/site\/no-proximo-domingo-comemora-se-o-dia-nacional-dos-leigos\/"]}]},{"@type":"BreadcrumbList","@id":"https:\/\/www.oarcanjo.net\/site\/no-proximo-domingo-comemora-se-o-dia-nacional-dos-leigos\/#breadcrumb","itemListElement":[{"@type":"ListItem","position":1,"name":"In\u00edcio","item":"https:\/\/www.oarcanjo.net\/site\/"},{"@type":"ListItem","position":2,"name":"Neste domingo, comemora-se o Dia Nacional dos Leigos"}]},{"@type":"WebSite","@id":"https:\/\/www.oarcanjo.net\/site\/#website","url":"https:\/\/www.oarcanjo.net\/site\/","name":"O Arcanjo no ar","description":"Site da Par\u00f3quia S\u00e3o Miguel Arcanjo (Arquidiocese de SP)","publisher":{"@id":"https:\/\/www.oarcanjo.net\/site\/#organization"},"potentialAction":[{"@type":"SearchAction","target":{"@type":"EntryPoint","urlTemplate":"https:\/\/www.oarcanjo.net\/site\/?s={search_term_string}"},"query-input":{"@type":"PropertyValueSpecification","valueRequired":true,"valueName":"search_term_string"}}],"inLanguage":"pt-BR"},{"@type":"Organization","@id":"https:\/\/www.oarcanjo.net\/site\/#organization","name":"Par\u00f3quia S\u00e3o Miguel Arcanjo","url":"https:\/\/www.oarcanjo.net\/site\/","logo":{"@type":"ImageObject","inLanguage":"pt-BR","@id":"https:\/\/www.oarcanjo.net\/site\/#\/schema\/logo\/image\/","url":"https:\/\/www.oarcanjo.net\/site\/wp-content\/uploads\/LogoOArcanjo.png","contentUrl":"https:\/\/www.oarcanjo.net\/site\/wp-content\/uploads\/LogoOArcanjo.png","width":319,"height":99,"caption":"Par\u00f3quia S\u00e3o Miguel Arcanjo"},"image":{"@id":"https:\/\/www.oarcanjo.net\/site\/#\/schema\/logo\/image\/"},"sameAs":["https:\/\/www.facebook.com\/OArcanjoNoAr\/"]},{"@type":"Person","@id":"https:\/\/www.oarcanjo.net\/site\/#\/schema\/person\/f7024d007863202483a31326673a0838","name":"editor","sameAs":["http:\/\/www.oarcanjo.net"]}]}},"publishpress_future_action":{"enabled":false,"date":"2026-05-07 09:49:20","action":"category","newStatus":"draft","terms":[],"taxonomy":"category"},"publishpress_future_workflow_manual_trigger":{"enabledWorkflows":[]},"_links":{"self":[{"href":"https:\/\/www.oarcanjo.net\/site\/wp-json\/wp\/v2\/posts\/23828"}],"collection":[{"href":"https:\/\/www.oarcanjo.net\/site\/wp-json\/wp\/v2\/posts"}],"about":[{"href":"https:\/\/www.oarcanjo.net\/site\/wp-json\/wp\/v2\/types\/post"}],"author":[{"embeddable":true,"href":"https:\/\/www.oarcanjo.net\/site\/wp-json\/wp\/v2\/users\/5"}],"replies":[{"embeddable":true,"href":"https:\/\/www.oarcanjo.net\/site\/wp-json\/wp\/v2\/comments?post=23828"}],"version-history":[{"count":0,"href":"https:\/\/www.oarcanjo.net\/site\/wp-json\/wp\/v2\/posts\/23828\/revisions"}],"wp:attachment":[{"href":"https:\/\/www.oarcanjo.net\/site\/wp-json\/wp\/v2\/media?parent=23828"}],"wp:term":[{"taxonomy":"category","embeddable":true,"href":"https:\/\/www.oarcanjo.net\/site\/wp-json\/wp\/v2\/categories?post=23828"},{"taxonomy":"post_tag","embeddable":true,"href":"https:\/\/www.oarcanjo.net\/site\/wp-json\/wp\/v2\/tags?post=23828"}],"curies":[{"name":"wp","href":"https:\/\/api.w.org\/{rel}","templated":true}]}}