
{"id":23830,"date":"2013-11-23T23:41:53","date_gmt":"2013-11-24T01:41:53","guid":{"rendered":"http:\/\/www.oarcanjo.net\/site\/?p=23830"},"modified":"2013-12-04T12:23:48","modified_gmt":"2013-12-04T14:23:48","slug":"setor-belem-faz-assembleia","status":"publish","type":"post","link":"https:\/\/www.oarcanjo.net\/site\/setor-belem-faz-assembleia\/","title":{"rendered":"Setor Bel\u00e9m realiza assembleia anual"},"content":{"rendered":"<p style=\"text-align: justify;\">As nove Par\u00f3quias do Setor Bel\u00e9m realizaram sua Assembleia anual neste s\u00e1bado 23\/11\/13. 65 representantes discutiram o tema b\u00e1sico proposto, que \u00e9 a apresenta\u00e7\u00e3o da conjuntura em que vivemos, cansa\u00e7o urbano\/religioso.<\/p>\n<p style=\"text-align: justify;\">Das discuss\u00f5es dos grupos emergiram os temas que ser\u00e3o abordados nas reuni\u00f5es do Setor em 2014, pelas Par\u00f3quias S\u00e3o Miguel Arcanjo, S\u00e3o Paulo Ap\u00f3stolo, S\u00e3o Carlos Borromeu, Santa Rita, S\u00e3o Jo\u00e3o Batista, S\u00e3o Jos\u00e9 do Bel\u00e9m, Nossa Senhora de Lourdes, Nossa Senhora do Bom Conselho\u00a0e S\u00e3o Rafael.<\/p>\n<p style=\"text-align: justify;\">Destacaram-se dos citados temas, a Comunica\u00e7\u00e3o, Igreja somos n\u00f3s, Viver a F\u00e9, Par\u00f3quias sejam casas da Miseric\u00f3rdia, Retiro, e a Transmiss\u00e3o da F\u00e9. Foi apresentada a agenda do Setor Bel\u00e9m para 2014, bem como tratados os aspectos de relev\u00e2ncia da Comunidade, inclusive a elei\u00e7\u00e3o do Conselho Participativo que vai ocorrer no dia 08\/12\/13. Alguns dos representantes do setor v\u00e3o participar dessa elei\u00e7\u00e3o, como o Jo\u00e3o Felipe Perin Freire, Antonio de P\u00e1dua Chagas, Jos\u00e9 Antonio Macedo, Jos\u00e9 M\u00e1rio Bellesso, Luis Cesar Fernandes e a Verinha.<\/p>\n<p style=\"text-align: justify;\">A reuni\u00e3o do Conselho Setorial de abril acontecer\u00e1 na Par\u00f3quia S\u00e3o Miguel Arcanjo, no dia 08\/04\/14 \u00e0s 20hs.<\/p>\n<p style=\"text-align: justify;\">O C\u00f4nego Celso Pedro fez a amarra\u00e7\u00e3o dos temas tratados e expostos pelos seis grupos, refletindo-os com a Assembleia. Acentuou a quest\u00e3o envolvendo a transmiss\u00e3o da f\u00e9 e a miseric\u00f3rdia.<\/p>\n<p>Os agradecimentos do Setor Bel\u00e9m \u00e0 Par\u00f3quia S\u00e3o Carlos Borromeu pela acolhida. Na sala de reuni\u00f5es a frase de Santo Agostinho: \u201cFalar com Deus \u00e9 mais importante do que falar de Deus\u201d.<\/p>\n<p>A Comunidade S\u00e3o Miguel Arcanjo foi muito participativa na Assembleia do Setor. O Pe Julio, coordenando um dos grupos, fez a apresenta\u00e7\u00e3o do tema para que as Par\u00f3quias sejam Casas da Miseric\u00f3rdia.  As fotos mostram essa animada participa\u00e7\u00e3o.<\/p>\nngg_shortcode_0_placeholder\n<p>&nbsp;<\/p>\n<div id=\"themify_builder_content-23830\" data-postid=\"23830\" class=\"themify_builder_content themify_builder_content-23830 themify_builder themify_builder_front\">\n\t<\/div>\n<!-- \/themify_builder_content -->","protected":false},"excerpt":{"rendered":"<p>As nove Par\u00f3quias do Setor Bel\u00e9m realizaram sua Assembleia anual neste s\u00e1bado 23\/11\/13. 65 representantes discutiram o tema b\u00e1sico proposto, que \u00e9 a apresenta\u00e7\u00e3o da conjuntura em que vivemos, cansa\u00e7o urbano\/religioso. Das discuss\u00f5es dos grupos emergiram os temas que ser\u00e3o abordados nas reuni\u00f5es do Setor em 2014, pelas Par\u00f3quias S\u00e3o Miguel Arcanjo, S\u00e3o Paulo Ap\u00f3stolo, [&hellip;]<\/p>\n","protected":false},"author":10,"featured_media":0,"comment_status":"open","ping_status":"open","sticky":false,"template":"","format":"standard","meta":{"ngg_post_thumbnail":0,"footnotes":""},"categories":[8],"tags":[2858,111],"yoast_head":"<!-- This site is optimized with the Yoast SEO plugin v23.5 - https:\/\/yoast.com\/wordpress\/plugins\/seo\/ -->\n<title>Setor Bel\u00e9m realiza assembleia anual - O Arcanjo no ar<\/title>\n<meta name=\"robots\" content=\"index, follow, max-snippet:-1, max-image-preview:large, max-video-preview:-1\" \/>\n<link rel=\"canonical\" href=\"https:\/\/www.oarcanjo.net\/site\/setor-belem-faz-assembleia\/\" \/>\n<meta property=\"og:locale\" content=\"pt_BR\" \/>\n<meta property=\"og:type\" content=\"article\" \/>\n<meta property=\"og:title\" content=\"Setor Bel\u00e9m realiza assembleia anual - O Arcanjo no ar\" \/>\n<meta property=\"og:description\" content=\"As nove Par\u00f3quias do Setor Bel\u00e9m realizaram sua Assembleia anual neste s\u00e1bado 23\/11\/13. 65 representantes discutiram o tema b\u00e1sico proposto, que \u00e9 a apresenta\u00e7\u00e3o da conjuntura em que vivemos, cansa\u00e7o urbano\/religioso. Das discuss\u00f5es dos grupos emergiram os temas que ser\u00e3o abordados nas reuni\u00f5es do Setor em 2014, pelas Par\u00f3quias S\u00e3o Miguel Arcanjo, S\u00e3o Paulo Ap\u00f3stolo, [&hellip;]\" \/>\n<meta property=\"og:url\" content=\"https:\/\/www.oarcanjo.net\/site\/setor-belem-faz-assembleia\/\" \/>\n<meta property=\"og:site_name\" content=\"O Arcanjo no ar\" \/>\n<meta property=\"article:publisher\" content=\"https:\/\/www.facebook.com\/OArcanjoNoAr\/\" \/>\n<meta property=\"article:published_time\" content=\"2013-11-24T01:41:53+00:00\" \/>\n<meta property=\"article:modified_time\" content=\"2013-12-04T14:23:48+00:00\" \/>\n<meta property=\"og:image\" content=\"https:\/\/www.oarcanjo.net\/site\/wp-content\/uploads\/logo-o-arcanjo-no-ar-facebook.png\" \/>\n\t<meta property=\"og:image:width\" content=\"300\" \/>\n\t<meta property=\"og:image:height\" content=\"300\" \/>\n\t<meta property=\"og:image:type\" content=\"image\/png\" \/>\n<meta name=\"author\" content=\"carlos\" \/>\n<meta name=\"twitter:card\" content=\"summary_large_image\" \/>\n<meta name=\"twitter:label1\" content=\"Escrito por\" \/>\n\t<meta name=\"twitter:data1\" content=\"carlos\" \/>\n\t<meta name=\"twitter:label2\" content=\"Est. tempo de leitura\" \/>\n\t<meta name=\"twitter:data2\" content=\"2 minutos\" \/>\n<script type=\"application\/ld+json\" class=\"yoast-schema-graph\">{\"@context\":\"https:\/\/schema.org\",\"@graph\":[{\"@type\":\"Article\",\"@id\":\"https:\/\/www.oarcanjo.net\/site\/setor-belem-faz-assembleia\/#article\",\"isPartOf\":{\"@id\":\"https:\/\/www.oarcanjo.net\/site\/setor-belem-faz-assembleia\/\"},\"author\":{\"name\":\"carlos\",\"@id\":\"https:\/\/www.oarcanjo.net\/site\/#\/schema\/person\/f7870e710d8c8c30673de3a0ac2e451d\"},\"headline\":\"Setor Bel\u00e9m realiza assembleia anual\",\"datePublished\":\"2013-11-24T01:41:53+00:00\",\"dateModified\":\"2013-12-04T14:23:48+00:00\",\"mainEntityOfPage\":{\"@id\":\"https:\/\/www.oarcanjo.net\/site\/setor-belem-faz-assembleia\/\"},\"wordCount\":331,\"commentCount\":0,\"publisher\":{\"@id\":\"https:\/\/www.oarcanjo.net\/site\/#organization\"},\"keywords\":[\"Assembleia anual\",\"Setor Bel\u00e9m\"],\"articleSection\":[\"Not\u00edcias\"],\"inLanguage\":\"pt-BR\",\"potentialAction\":[{\"@type\":\"CommentAction\",\"name\":\"Comment\",\"target\":[\"https:\/\/www.oarcanjo.net\/site\/setor-belem-faz-assembleia\/#respond\"]}]},{\"@type\":\"WebPage\",\"@id\":\"https:\/\/www.oarcanjo.net\/site\/setor-belem-faz-assembleia\/\",\"url\":\"https:\/\/www.oarcanjo.net\/site\/setor-belem-faz-assembleia\/\",\"name\":\"Setor Bel\u00e9m realiza assembleia anual - O Arcanjo no ar\",\"isPartOf\":{\"@id\":\"https:\/\/www.oarcanjo.net\/site\/#website\"},\"datePublished\":\"2013-11-24T01:41:53+00:00\",\"dateModified\":\"2013-12-04T14:23:48+00:00\",\"breadcrumb\":{\"@id\":\"https:\/\/www.oarcanjo.net\/site\/setor-belem-faz-assembleia\/#breadcrumb\"},\"inLanguage\":\"pt-BR\",\"potentialAction\":[{\"@type\":\"ReadAction\",\"target\":[\"https:\/\/www.oarcanjo.net\/site\/setor-belem-faz-assembleia\/\"]}]},{\"@type\":\"BreadcrumbList\",\"@id\":\"https:\/\/www.oarcanjo.net\/site\/setor-belem-faz-assembleia\/#breadcrumb\",\"itemListElement\":[{\"@type\":\"ListItem\",\"position\":1,\"name\":\"In\u00edcio\",\"item\":\"https:\/\/www.oarcanjo.net\/site\/\"},{\"@type\":\"ListItem\",\"position\":2,\"name\":\"Setor Bel\u00e9m realiza assembleia anual\"}]},{\"@type\":\"WebSite\",\"@id\":\"https:\/\/www.oarcanjo.net\/site\/#website\",\"url\":\"https:\/\/www.oarcanjo.net\/site\/\",\"name\":\"O Arcanjo no ar\",\"description\":\"Site da Par\u00f3quia S\u00e3o Miguel Arcanjo (Arquidiocese de SP)\",\"publisher\":{\"@id\":\"https:\/\/www.oarcanjo.net\/site\/#organization\"},\"potentialAction\":[{\"@type\":\"SearchAction\",\"target\":{\"@type\":\"EntryPoint\",\"urlTemplate\":\"https:\/\/www.oarcanjo.net\/site\/?s={search_term_string}\"},\"query-input\":{\"@type\":\"PropertyValueSpecification\",\"valueRequired\":true,\"valueName\":\"search_term_string\"}}],\"inLanguage\":\"pt-BR\"},{\"@type\":\"Organization\",\"@id\":\"https:\/\/www.oarcanjo.net\/site\/#organization\",\"name\":\"Par\u00f3quia S\u00e3o Miguel Arcanjo\",\"url\":\"https:\/\/www.oarcanjo.net\/site\/\",\"logo\":{\"@type\":\"ImageObject\",\"inLanguage\":\"pt-BR\",\"@id\":\"https:\/\/www.oarcanjo.net\/site\/#\/schema\/logo\/image\/\",\"url\":\"https:\/\/www.oarcanjo.net\/site\/wp-content\/uploads\/LogoOArcanjo.png\",\"contentUrl\":\"https:\/\/www.oarcanjo.net\/site\/wp-content\/uploads\/LogoOArcanjo.png\",\"width\":319,\"height\":99,\"caption\":\"Par\u00f3quia S\u00e3o Miguel Arcanjo\"},\"image\":{\"@id\":\"https:\/\/www.oarcanjo.net\/site\/#\/schema\/logo\/image\/\"},\"sameAs\":[\"https:\/\/www.facebook.com\/OArcanjoNoAr\/\"]},{\"@type\":\"Person\",\"@id\":\"https:\/\/www.oarcanjo.net\/site\/#\/schema\/person\/f7870e710d8c8c30673de3a0ac2e451d\",\"name\":\"carlos\"}]}<\/script>\n<!-- \/ Yoast SEO plugin. -->","yoast_head_json":{"title":"Setor Bel\u00e9m realiza assembleia anual - O Arcanjo no ar","robots":{"index":"index","follow":"follow","max-snippet":"max-snippet:-1","max-image-preview":"max-image-preview:large","max-video-preview":"max-video-preview:-1"},"canonical":"https:\/\/www.oarcanjo.net\/site\/setor-belem-faz-assembleia\/","og_locale":"pt_BR","og_type":"article","og_title":"Setor Bel\u00e9m realiza assembleia anual - O Arcanjo no ar","og_description":"As nove Par\u00f3quias do Setor Bel\u00e9m realizaram sua Assembleia anual neste s\u00e1bado 23\/11\/13. 65 representantes discutiram o tema b\u00e1sico proposto, que \u00e9 a apresenta\u00e7\u00e3o da conjuntura em que vivemos, cansa\u00e7o urbano\/religioso. Das discuss\u00f5es dos grupos emergiram os temas que ser\u00e3o abordados nas reuni\u00f5es do Setor em 2014, pelas Par\u00f3quias S\u00e3o Miguel Arcanjo, S\u00e3o Paulo Ap\u00f3stolo, [&hellip;]","og_url":"https:\/\/www.oarcanjo.net\/site\/setor-belem-faz-assembleia\/","og_site_name":"O Arcanjo no ar","article_publisher":"https:\/\/www.facebook.com\/OArcanjoNoAr\/","article_published_time":"2013-11-24T01:41:53+00:00","article_modified_time":"2013-12-04T14:23:48+00:00","og_image":[{"width":300,"height":300,"url":"https:\/\/www.oarcanjo.net\/site\/wp-content\/uploads\/logo-o-arcanjo-no-ar-facebook.png","type":"image\/png"}],"author":"carlos","twitter_card":"summary_large_image","twitter_misc":{"Escrito por":"carlos","Est. tempo de leitura":"2 minutos"},"schema":{"@context":"https:\/\/schema.org","@graph":[{"@type":"Article","@id":"https:\/\/www.oarcanjo.net\/site\/setor-belem-faz-assembleia\/#article","isPartOf":{"@id":"https:\/\/www.oarcanjo.net\/site\/setor-belem-faz-assembleia\/"},"author":{"name":"carlos","@id":"https:\/\/www.oarcanjo.net\/site\/#\/schema\/person\/f7870e710d8c8c30673de3a0ac2e451d"},"headline":"Setor Bel\u00e9m realiza assembleia anual","datePublished":"2013-11-24T01:41:53+00:00","dateModified":"2013-12-04T14:23:48+00:00","mainEntityOfPage":{"@id":"https:\/\/www.oarcanjo.net\/site\/setor-belem-faz-assembleia\/"},"wordCount":331,"commentCount":0,"publisher":{"@id":"https:\/\/www.oarcanjo.net\/site\/#organization"},"keywords":["Assembleia anual","Setor Bel\u00e9m"],"articleSection":["Not\u00edcias"],"inLanguage":"pt-BR","potentialAction":[{"@type":"CommentAction","name":"Comment","target":["https:\/\/www.oarcanjo.net\/site\/setor-belem-faz-assembleia\/#respond"]}]},{"@type":"WebPage","@id":"https:\/\/www.oarcanjo.net\/site\/setor-belem-faz-assembleia\/","url":"https:\/\/www.oarcanjo.net\/site\/setor-belem-faz-assembleia\/","name":"Setor Bel\u00e9m realiza assembleia anual - O Arcanjo no ar","isPartOf":{"@id":"https:\/\/www.oarcanjo.net\/site\/#website"},"datePublished":"2013-11-24T01:41:53+00:00","dateModified":"2013-12-04T14:23:48+00:00","breadcrumb":{"@id":"https:\/\/www.oarcanjo.net\/site\/setor-belem-faz-assembleia\/#breadcrumb"},"inLanguage":"pt-BR","potentialAction":[{"@type":"ReadAction","target":["https:\/\/www.oarcanjo.net\/site\/setor-belem-faz-assembleia\/"]}]},{"@type":"BreadcrumbList","@id":"https:\/\/www.oarcanjo.net\/site\/setor-belem-faz-assembleia\/#breadcrumb","itemListElement":[{"@type":"ListItem","position":1,"name":"In\u00edcio","item":"https:\/\/www.oarcanjo.net\/site\/"},{"@type":"ListItem","position":2,"name":"Setor Bel\u00e9m realiza assembleia anual"}]},{"@type":"WebSite","@id":"https:\/\/www.oarcanjo.net\/site\/#website","url":"https:\/\/www.oarcanjo.net\/site\/","name":"O Arcanjo no ar","description":"Site da Par\u00f3quia S\u00e3o Miguel Arcanjo (Arquidiocese de SP)","publisher":{"@id":"https:\/\/www.oarcanjo.net\/site\/#organization"},"potentialAction":[{"@type":"SearchAction","target":{"@type":"EntryPoint","urlTemplate":"https:\/\/www.oarcanjo.net\/site\/?s={search_term_string}"},"query-input":{"@type":"PropertyValueSpecification","valueRequired":true,"valueName":"search_term_string"}}],"inLanguage":"pt-BR"},{"@type":"Organization","@id":"https:\/\/www.oarcanjo.net\/site\/#organization","name":"Par\u00f3quia S\u00e3o Miguel Arcanjo","url":"https:\/\/www.oarcanjo.net\/site\/","logo":{"@type":"ImageObject","inLanguage":"pt-BR","@id":"https:\/\/www.oarcanjo.net\/site\/#\/schema\/logo\/image\/","url":"https:\/\/www.oarcanjo.net\/site\/wp-content\/uploads\/LogoOArcanjo.png","contentUrl":"https:\/\/www.oarcanjo.net\/site\/wp-content\/uploads\/LogoOArcanjo.png","width":319,"height":99,"caption":"Par\u00f3quia S\u00e3o Miguel Arcanjo"},"image":{"@id":"https:\/\/www.oarcanjo.net\/site\/#\/schema\/logo\/image\/"},"sameAs":["https:\/\/www.facebook.com\/OArcanjoNoAr\/"]},{"@type":"Person","@id":"https:\/\/www.oarcanjo.net\/site\/#\/schema\/person\/f7870e710d8c8c30673de3a0ac2e451d","name":"carlos"}]}},"publishpress_future_action":{"enabled":false,"date":"2026-05-07 07:54:41","action":"category","newStatus":"draft","terms":[],"taxonomy":"category"},"publishpress_future_workflow_manual_trigger":{"enabledWorkflows":[]},"_links":{"self":[{"href":"https:\/\/www.oarcanjo.net\/site\/wp-json\/wp\/v2\/posts\/23830"}],"collection":[{"href":"https:\/\/www.oarcanjo.net\/site\/wp-json\/wp\/v2\/posts"}],"about":[{"href":"https:\/\/www.oarcanjo.net\/site\/wp-json\/wp\/v2\/types\/post"}],"author":[{"embeddable":true,"href":"https:\/\/www.oarcanjo.net\/site\/wp-json\/wp\/v2\/users\/10"}],"replies":[{"embeddable":true,"href":"https:\/\/www.oarcanjo.net\/site\/wp-json\/wp\/v2\/comments?post=23830"}],"version-history":[{"count":0,"href":"https:\/\/www.oarcanjo.net\/site\/wp-json\/wp\/v2\/posts\/23830\/revisions"}],"wp:attachment":[{"href":"https:\/\/www.oarcanjo.net\/site\/wp-json\/wp\/v2\/media?parent=23830"}],"wp:term":[{"taxonomy":"category","embeddable":true,"href":"https:\/\/www.oarcanjo.net\/site\/wp-json\/wp\/v2\/categories?post=23830"},{"taxonomy":"post_tag","embeddable":true,"href":"https:\/\/www.oarcanjo.net\/site\/wp-json\/wp\/v2\/tags?post=23830"}],"curies":[{"name":"wp","href":"https:\/\/api.w.org\/{rel}","templated":true}]}}