
{"id":23839,"date":"2013-11-24T23:52:34","date_gmt":"2013-11-25T01:52:34","guid":{"rendered":"http:\/\/www.oarcanjo.net\/site\/?p=23839"},"modified":"2013-12-26T10:54:16","modified_gmt":"2013-12-26T12:54:16","slug":"batizados-de-novembro-de-2013","status":"publish","type":"post","link":"https:\/\/www.oarcanjo.net\/site\/batizados-de-novembro-de-2013\/","title":{"rendered":"Batizados de novembro de 2013"},"content":{"rendered":"<p style=\"text-align: justify;\">Neste domingo de Cristo Rei, 24\/11\/13, na missa das dez horas,\u00a0 19 crian\u00e7as receberam o sacramento do batismo na Capela da Universidade S\u00e3o Judas, as saber: Adalberto Margutti de Souza, Gabriel Antonio de Souza Richardi, Henry Gabriel de Oliveira Farias, Isabella Rachanicchi Blefori, Jo\u00e3o Pedro Vieira Rubio, Julia Nunes Rosa, Leonardo Beserra Rodrigues dos Santos, Livia Zanoni Braga Lima, Manuela Xavier Targino, Maria Vitoria Pereira Teixeira, Miguel Fernandes Cobrera, Miguel Sartori de Oliveira M. Santos, Miguel Tomaz dos Santos Olimpio, Morgana Bezerra, Rafael Joaquim Polillo Leopolidino, Rafael Moreira da Silva, Rafaela Moraca Baptista, Samuel Thimoteo da Silva e a Tayla Ramos Dias Tonini.<\/p>\n<p style=\"text-align: justify;\">A celebra\u00e7\u00e3o eucar\u00edstica, tamb\u00e9m no Domingo da Miseric\u00f3rdia,\u00a0marcou o encerramento do Ano da F\u00e9 .<\/p>\n<p style=\"text-align: justify;\">As fotos mostram parte desse momento celebrativo<\/p>\n<p style=\"text-align: justify;\">ngg_shortcode_0_placeholder<\/p>\n<p>&nbsp;<\/p>\n<div id=\"themify_builder_content-23839\" data-postid=\"23839\" class=\"themify_builder_content themify_builder_content-23839 themify_builder themify_builder_front\">\n\t<\/div>\n<!-- \/themify_builder_content -->","protected":false},"excerpt":{"rendered":"<p>Neste domingo de Cristo Rei, 24\/11\/13, na missa das dez horas,\u00a0 19 crian\u00e7as receberam o sacramento do batismo na Capela da Universidade S\u00e3o Judas, as saber: Adalberto Margutti de Souza, Gabriel Antonio de Souza Richardi, Henry Gabriel de Oliveira Farias, Isabella Rachanicchi Blefori, Jo\u00e3o Pedro Vieira Rubio, Julia Nunes Rosa, Leonardo Beserra Rodrigues dos Santos, [&hellip;]<\/p>\n","protected":false},"author":10,"featured_media":0,"comment_status":"open","ping_status":"open","sticky":false,"template":"","format":"standard","meta":{"ngg_post_thumbnail":0,"footnotes":""},"categories":[2153,8],"tags":[],"yoast_head":"<!-- This site is optimized with the Yoast SEO plugin v23.5 - https:\/\/yoast.com\/wordpress\/plugins\/seo\/ -->\n<title>Batizados de novembro de 2013 - O Arcanjo no ar<\/title>\n<meta name=\"robots\" content=\"index, follow, max-snippet:-1, max-image-preview:large, max-video-preview:-1\" \/>\n<link rel=\"canonical\" href=\"https:\/\/www.oarcanjo.net\/site\/batizados-de-novembro-de-2013\/\" \/>\n<meta property=\"og:locale\" content=\"pt_BR\" \/>\n<meta property=\"og:type\" content=\"article\" \/>\n<meta property=\"og:title\" content=\"Batizados de novembro de 2013 - O Arcanjo no ar\" \/>\n<meta property=\"og:description\" content=\"Neste domingo de Cristo Rei, 24\/11\/13, na missa das dez horas,\u00a0 19 crian\u00e7as receberam o sacramento do batismo na Capela da Universidade S\u00e3o Judas, as saber: Adalberto Margutti de Souza, Gabriel Antonio de Souza Richardi, Henry Gabriel de Oliveira Farias, Isabella Rachanicchi Blefori, Jo\u00e3o Pedro Vieira Rubio, Julia Nunes Rosa, Leonardo Beserra Rodrigues dos Santos, [&hellip;]\" \/>\n<meta property=\"og:url\" content=\"https:\/\/www.oarcanjo.net\/site\/batizados-de-novembro-de-2013\/\" \/>\n<meta property=\"og:site_name\" content=\"O Arcanjo no ar\" \/>\n<meta property=\"article:publisher\" content=\"https:\/\/www.facebook.com\/OArcanjoNoAr\/\" \/>\n<meta property=\"article:published_time\" content=\"2013-11-25T01:52:34+00:00\" \/>\n<meta property=\"article:modified_time\" content=\"2013-12-26T12:54:16+00:00\" \/>\n<meta property=\"og:image\" content=\"https:\/\/www.oarcanjo.net\/site\/wp-content\/uploads\/logo-o-arcanjo-no-ar-facebook.png\" \/>\n\t<meta property=\"og:image:width\" content=\"300\" \/>\n\t<meta property=\"og:image:height\" content=\"300\" \/>\n\t<meta property=\"og:image:type\" content=\"image\/png\" \/>\n<meta name=\"author\" content=\"carlos\" \/>\n<meta name=\"twitter:card\" content=\"summary_large_image\" \/>\n<meta name=\"twitter:label1\" content=\"Escrito por\" \/>\n\t<meta name=\"twitter:data1\" content=\"carlos\" \/>\n\t<meta name=\"twitter:label2\" content=\"Est. tempo de leitura\" \/>\n\t<meta name=\"twitter:data2\" content=\"1 minuto\" \/>\n<script type=\"application\/ld+json\" class=\"yoast-schema-graph\">{\"@context\":\"https:\/\/schema.org\",\"@graph\":[{\"@type\":\"Article\",\"@id\":\"https:\/\/www.oarcanjo.net\/site\/batizados-de-novembro-de-2013\/#article\",\"isPartOf\":{\"@id\":\"https:\/\/www.oarcanjo.net\/site\/batizados-de-novembro-de-2013\/\"},\"author\":{\"name\":\"carlos\",\"@id\":\"https:\/\/www.oarcanjo.net\/site\/#\/schema\/person\/f7870e710d8c8c30673de3a0ac2e451d\"},\"headline\":\"Batizados de novembro de 2013\",\"datePublished\":\"2013-11-25T01:52:34+00:00\",\"dateModified\":\"2013-12-26T12:54:16+00:00\",\"mainEntityOfPage\":{\"@id\":\"https:\/\/www.oarcanjo.net\/site\/batizados-de-novembro-de-2013\/\"},\"wordCount\":137,\"commentCount\":0,\"publisher\":{\"@id\":\"https:\/\/www.oarcanjo.net\/site\/#organization\"},\"articleSection\":[\"Ano da F\u00e9\",\"Not\u00edcias\"],\"inLanguage\":\"pt-BR\",\"potentialAction\":[{\"@type\":\"CommentAction\",\"name\":\"Comment\",\"target\":[\"https:\/\/www.oarcanjo.net\/site\/batizados-de-novembro-de-2013\/#respond\"]}]},{\"@type\":\"WebPage\",\"@id\":\"https:\/\/www.oarcanjo.net\/site\/batizados-de-novembro-de-2013\/\",\"url\":\"https:\/\/www.oarcanjo.net\/site\/batizados-de-novembro-de-2013\/\",\"name\":\"Batizados de novembro de 2013 - O Arcanjo no ar\",\"isPartOf\":{\"@id\":\"https:\/\/www.oarcanjo.net\/site\/#website\"},\"datePublished\":\"2013-11-25T01:52:34+00:00\",\"dateModified\":\"2013-12-26T12:54:16+00:00\",\"breadcrumb\":{\"@id\":\"https:\/\/www.oarcanjo.net\/site\/batizados-de-novembro-de-2013\/#breadcrumb\"},\"inLanguage\":\"pt-BR\",\"potentialAction\":[{\"@type\":\"ReadAction\",\"target\":[\"https:\/\/www.oarcanjo.net\/site\/batizados-de-novembro-de-2013\/\"]}]},{\"@type\":\"BreadcrumbList\",\"@id\":\"https:\/\/www.oarcanjo.net\/site\/batizados-de-novembro-de-2013\/#breadcrumb\",\"itemListElement\":[{\"@type\":\"ListItem\",\"position\":1,\"name\":\"In\u00edcio\",\"item\":\"https:\/\/www.oarcanjo.net\/site\/\"},{\"@type\":\"ListItem\",\"position\":2,\"name\":\"Batizados de novembro de 2013\"}]},{\"@type\":\"WebSite\",\"@id\":\"https:\/\/www.oarcanjo.net\/site\/#website\",\"url\":\"https:\/\/www.oarcanjo.net\/site\/\",\"name\":\"O Arcanjo no ar\",\"description\":\"Site da Par\u00f3quia S\u00e3o Miguel Arcanjo (Arquidiocese de SP)\",\"publisher\":{\"@id\":\"https:\/\/www.oarcanjo.net\/site\/#organization\"},\"potentialAction\":[{\"@type\":\"SearchAction\",\"target\":{\"@type\":\"EntryPoint\",\"urlTemplate\":\"https:\/\/www.oarcanjo.net\/site\/?s={search_term_string}\"},\"query-input\":{\"@type\":\"PropertyValueSpecification\",\"valueRequired\":true,\"valueName\":\"search_term_string\"}}],\"inLanguage\":\"pt-BR\"},{\"@type\":\"Organization\",\"@id\":\"https:\/\/www.oarcanjo.net\/site\/#organization\",\"name\":\"Par\u00f3quia S\u00e3o Miguel Arcanjo\",\"url\":\"https:\/\/www.oarcanjo.net\/site\/\",\"logo\":{\"@type\":\"ImageObject\",\"inLanguage\":\"pt-BR\",\"@id\":\"https:\/\/www.oarcanjo.net\/site\/#\/schema\/logo\/image\/\",\"url\":\"https:\/\/www.oarcanjo.net\/site\/wp-content\/uploads\/LogoOArcanjo.png\",\"contentUrl\":\"https:\/\/www.oarcanjo.net\/site\/wp-content\/uploads\/LogoOArcanjo.png\",\"width\":319,\"height\":99,\"caption\":\"Par\u00f3quia S\u00e3o Miguel Arcanjo\"},\"image\":{\"@id\":\"https:\/\/www.oarcanjo.net\/site\/#\/schema\/logo\/image\/\"},\"sameAs\":[\"https:\/\/www.facebook.com\/OArcanjoNoAr\/\"]},{\"@type\":\"Person\",\"@id\":\"https:\/\/www.oarcanjo.net\/site\/#\/schema\/person\/f7870e710d8c8c30673de3a0ac2e451d\",\"name\":\"carlos\"}]}<\/script>\n<!-- \/ Yoast SEO plugin. -->","yoast_head_json":{"title":"Batizados de novembro de 2013 - O Arcanjo no ar","robots":{"index":"index","follow":"follow","max-snippet":"max-snippet:-1","max-image-preview":"max-image-preview:large","max-video-preview":"max-video-preview:-1"},"canonical":"https:\/\/www.oarcanjo.net\/site\/batizados-de-novembro-de-2013\/","og_locale":"pt_BR","og_type":"article","og_title":"Batizados de novembro de 2013 - O Arcanjo no ar","og_description":"Neste domingo de Cristo Rei, 24\/11\/13, na missa das dez horas,\u00a0 19 crian\u00e7as receberam o sacramento do batismo na Capela da Universidade S\u00e3o Judas, as saber: Adalberto Margutti de Souza, Gabriel Antonio de Souza Richardi, Henry Gabriel de Oliveira Farias, Isabella Rachanicchi Blefori, Jo\u00e3o Pedro Vieira Rubio, Julia Nunes Rosa, Leonardo Beserra Rodrigues dos Santos, [&hellip;]","og_url":"https:\/\/www.oarcanjo.net\/site\/batizados-de-novembro-de-2013\/","og_site_name":"O Arcanjo no ar","article_publisher":"https:\/\/www.facebook.com\/OArcanjoNoAr\/","article_published_time":"2013-11-25T01:52:34+00:00","article_modified_time":"2013-12-26T12:54:16+00:00","og_image":[{"width":300,"height":300,"url":"https:\/\/www.oarcanjo.net\/site\/wp-content\/uploads\/logo-o-arcanjo-no-ar-facebook.png","type":"image\/png"}],"author":"carlos","twitter_card":"summary_large_image","twitter_misc":{"Escrito por":"carlos","Est. tempo de leitura":"1 minuto"},"schema":{"@context":"https:\/\/schema.org","@graph":[{"@type":"Article","@id":"https:\/\/www.oarcanjo.net\/site\/batizados-de-novembro-de-2013\/#article","isPartOf":{"@id":"https:\/\/www.oarcanjo.net\/site\/batizados-de-novembro-de-2013\/"},"author":{"name":"carlos","@id":"https:\/\/www.oarcanjo.net\/site\/#\/schema\/person\/f7870e710d8c8c30673de3a0ac2e451d"},"headline":"Batizados de novembro de 2013","datePublished":"2013-11-25T01:52:34+00:00","dateModified":"2013-12-26T12:54:16+00:00","mainEntityOfPage":{"@id":"https:\/\/www.oarcanjo.net\/site\/batizados-de-novembro-de-2013\/"},"wordCount":137,"commentCount":0,"publisher":{"@id":"https:\/\/www.oarcanjo.net\/site\/#organization"},"articleSection":["Ano da F\u00e9","Not\u00edcias"],"inLanguage":"pt-BR","potentialAction":[{"@type":"CommentAction","name":"Comment","target":["https:\/\/www.oarcanjo.net\/site\/batizados-de-novembro-de-2013\/#respond"]}]},{"@type":"WebPage","@id":"https:\/\/www.oarcanjo.net\/site\/batizados-de-novembro-de-2013\/","url":"https:\/\/www.oarcanjo.net\/site\/batizados-de-novembro-de-2013\/","name":"Batizados de novembro de 2013 - O Arcanjo no ar","isPartOf":{"@id":"https:\/\/www.oarcanjo.net\/site\/#website"},"datePublished":"2013-11-25T01:52:34+00:00","dateModified":"2013-12-26T12:54:16+00:00","breadcrumb":{"@id":"https:\/\/www.oarcanjo.net\/site\/batizados-de-novembro-de-2013\/#breadcrumb"},"inLanguage":"pt-BR","potentialAction":[{"@type":"ReadAction","target":["https:\/\/www.oarcanjo.net\/site\/batizados-de-novembro-de-2013\/"]}]},{"@type":"BreadcrumbList","@id":"https:\/\/www.oarcanjo.net\/site\/batizados-de-novembro-de-2013\/#breadcrumb","itemListElement":[{"@type":"ListItem","position":1,"name":"In\u00edcio","item":"https:\/\/www.oarcanjo.net\/site\/"},{"@type":"ListItem","position":2,"name":"Batizados de novembro de 2013"}]},{"@type":"WebSite","@id":"https:\/\/www.oarcanjo.net\/site\/#website","url":"https:\/\/www.oarcanjo.net\/site\/","name":"O Arcanjo no ar","description":"Site da Par\u00f3quia S\u00e3o Miguel Arcanjo (Arquidiocese de SP)","publisher":{"@id":"https:\/\/www.oarcanjo.net\/site\/#organization"},"potentialAction":[{"@type":"SearchAction","target":{"@type":"EntryPoint","urlTemplate":"https:\/\/www.oarcanjo.net\/site\/?s={search_term_string}"},"query-input":{"@type":"PropertyValueSpecification","valueRequired":true,"valueName":"search_term_string"}}],"inLanguage":"pt-BR"},{"@type":"Organization","@id":"https:\/\/www.oarcanjo.net\/site\/#organization","name":"Par\u00f3quia S\u00e3o Miguel Arcanjo","url":"https:\/\/www.oarcanjo.net\/site\/","logo":{"@type":"ImageObject","inLanguage":"pt-BR","@id":"https:\/\/www.oarcanjo.net\/site\/#\/schema\/logo\/image\/","url":"https:\/\/www.oarcanjo.net\/site\/wp-content\/uploads\/LogoOArcanjo.png","contentUrl":"https:\/\/www.oarcanjo.net\/site\/wp-content\/uploads\/LogoOArcanjo.png","width":319,"height":99,"caption":"Par\u00f3quia S\u00e3o Miguel Arcanjo"},"image":{"@id":"https:\/\/www.oarcanjo.net\/site\/#\/schema\/logo\/image\/"},"sameAs":["https:\/\/www.facebook.com\/OArcanjoNoAr\/"]},{"@type":"Person","@id":"https:\/\/www.oarcanjo.net\/site\/#\/schema\/person\/f7870e710d8c8c30673de3a0ac2e451d","name":"carlos"}]}},"publishpress_future_action":{"enabled":false,"date":"2026-05-07 06:13:13","action":"category","newStatus":"draft","terms":[],"taxonomy":"category"},"publishpress_future_workflow_manual_trigger":{"enabledWorkflows":[]},"_links":{"self":[{"href":"https:\/\/www.oarcanjo.net\/site\/wp-json\/wp\/v2\/posts\/23839"}],"collection":[{"href":"https:\/\/www.oarcanjo.net\/site\/wp-json\/wp\/v2\/posts"}],"about":[{"href":"https:\/\/www.oarcanjo.net\/site\/wp-json\/wp\/v2\/types\/post"}],"author":[{"embeddable":true,"href":"https:\/\/www.oarcanjo.net\/site\/wp-json\/wp\/v2\/users\/10"}],"replies":[{"embeddable":true,"href":"https:\/\/www.oarcanjo.net\/site\/wp-json\/wp\/v2\/comments?post=23839"}],"version-history":[{"count":0,"href":"https:\/\/www.oarcanjo.net\/site\/wp-json\/wp\/v2\/posts\/23839\/revisions"}],"wp:attachment":[{"href":"https:\/\/www.oarcanjo.net\/site\/wp-json\/wp\/v2\/media?parent=23839"}],"wp:term":[{"taxonomy":"category","embeddable":true,"href":"https:\/\/www.oarcanjo.net\/site\/wp-json\/wp\/v2\/categories?post=23839"},{"taxonomy":"post_tag","embeddable":true,"href":"https:\/\/www.oarcanjo.net\/site\/wp-json\/wp\/v2\/tags?post=23839"}],"curies":[{"name":"wp","href":"https:\/\/api.w.org\/{rel}","templated":true}]}}