
{"id":23855,"date":"2013-11-25T10:02:42","date_gmt":"2013-11-25T12:02:42","guid":{"rendered":"http:\/\/www.oarcanjo.net\/site\/?p=23855"},"modified":"2013-11-25T15:03:28","modified_gmt":"2013-11-25T17:03:28","slug":"papa-pede-mudanca-no-tratamento-dos-idosos","status":"publish","type":"post","link":"https:\/\/www.oarcanjo.net\/site\/papa-pede-mudanca-no-tratamento-dos-idosos\/","title":{"rendered":"Papa pede mudan\u00e7a no tratamento dos idosos"},"content":{"rendered":"<p>O Papa Francisco apelou s\u00e1bado, dia 23 de novembro, no Vaticano a uma mudan\u00e7a no tratamento dado aos idosos doentes, para que se complemente o \u201cmodelo biom\u00e9dico\u201d e se contrarie a \u201ctortura dos sil\u00eancios\u201d.<\/p>\n<p>\u201c\u00c9 necess\u00e1rio empenhar-se numa assist\u00eancia que, ao lado do tradicional modelo biom\u00e9dico, se enrique\u00e7a de espa\u00e7os de dignidade e liberdade, longe dos fechamentos e dos sil\u00eancios, da tortura dos sil\u00eancios\u201d, disse, perante os participantes na confer\u00eancia internacional promovida pelo Conselho Pontif\u00edcio para a Pastoral no Campo da Sa\u00fade.<\/p>\n<p>A iniciativa do organismo da Santa S\u00e9, dedicada ao tema \u2018A Igreja ao servi\u00e7o da pessoa idosa doente: o cuidado das pessoas afetadas por patologias neurodegenerativas\u2019, conta com a participa\u00e7\u00e3o de uma delega\u00e7\u00e3o portuguesa constitu\u00edda por 50 pessoas.<\/p>\n<p>Os participantes s\u00e3o acompanhados por monsenhor V\u00edtor Feytor Pinto, at\u00e9 agora coordenador nacional da Pastoral da Sa\u00fade, naquele que \u00e9 o seu \u00faltimo ato oficial.<\/p>\n<p>O Papa Francisco destacou a necessidade de acompanhar a vida religiosa das pessoas idosas com \u201cgraves patologias degenerativas\u201d, assinalando a import\u00e2ncia do aspeto espiritual e da rela\u00e7\u00e3o com Deus num momento em que se perdem capacidades cognitivas.<\/p>\n<p>\u201cEstas patologias desafiam o mundo sociosanit\u00e1rio seja na dimens\u00e3o da pesquisa, seja na da assist\u00eancia e do cuidado nas estruturas socioassistenciais, bem como na fam\u00edlia, que continua a ser o lugar privilegiado de acolhimento e de proximidade\u201d, acrescentou.<\/p>\n<p>Francisco falou dos idosos como \u201cprotagonistas\u201d na vida da Igreja, pedindo que as comunidades cat\u00f3licas sejam exemplo para a sociedade na sua rela\u00e7\u00e3o com os mais velhos, pessoas \u201csempre importantes, mais, indispens\u00e1veis\u201d.<\/p>\n<p>\u201cRecordemos que a vida humana conserva sempre o seu valor aos olhos de Deus, para l\u00e1 de qualquer vis\u00e3o discriminadora\u201d, frisou.<\/p>\n<p>A interven\u00e7\u00e3o concluiu-se com uma\u00a0<a href=\"http:\/\/press.vatican.va\/content\/salastampa\/pt\/bollettino\/pubblico\/2013\/11\/23\/0774\/01742.html\" target=\"_blank\">sauda\u00e7\u00e3o<\/a> aos \u201ccaros amigos\u201d mais velhos: \u201cV\u00f3s n\u00e3o sois apenas destinat\u00e1rios do an\u00fancio da mensagem evang\u00e9lica, mas sois tamb\u00e9m sempre anunciadores, de pleno direito, por for\u00e7a do vosso batismo\u201d.<\/p>\n<p><em>Fonte: Arquidiocese de S\u00e3o Paulo<\/em><\/p>\n<div id=\"themify_builder_content-23855\" data-postid=\"23855\" class=\"themify_builder_content themify_builder_content-23855 themify_builder themify_builder_front\">\n\t<\/div>\n<!-- \/themify_builder_content -->","protected":false},"excerpt":{"rendered":"<p>O Papa Francisco apelou s\u00e1bado, dia 23 de novembro, no Vaticano a uma mudan\u00e7a no tratamento dado aos idosos doentes, para que se complemente o \u201cmodelo biom\u00e9dico\u201d e se contrarie a \u201ctortura dos sil\u00eancios\u201d. \u201c\u00c9 necess\u00e1rio empenhar-se numa assist\u00eancia que, ao lado do tradicional modelo biom\u00e9dico, se enrique\u00e7a de espa\u00e7os de dignidade e liberdade, longe [&hellip;]<\/p>\n","protected":false},"author":5,"featured_media":0,"comment_status":"open","ping_status":"open","sticky":false,"template":"","format":"standard","meta":{"ngg_post_thumbnail":0,"footnotes":""},"categories":[8],"tags":[146,26,607,2433,437,2102],"yoast_head":"<!-- This site is optimized with the Yoast SEO plugin v23.5 - https:\/\/yoast.com\/wordpress\/plugins\/seo\/ -->\n<title>Papa pede mudan\u00e7a no tratamento dos idosos - O Arcanjo no ar<\/title>\n<meta name=\"robots\" content=\"index, follow, max-snippet:-1, max-image-preview:large, max-video-preview:-1\" \/>\n<link rel=\"canonical\" href=\"https:\/\/www.oarcanjo.net\/site\/papa-pede-mudanca-no-tratamento-dos-idosos\/\" \/>\n<meta property=\"og:locale\" content=\"pt_BR\" \/>\n<meta property=\"og:type\" content=\"article\" \/>\n<meta property=\"og:title\" content=\"Papa pede mudan\u00e7a no tratamento dos idosos - O Arcanjo no ar\" \/>\n<meta property=\"og:description\" content=\"O Papa Francisco apelou s\u00e1bado, dia 23 de novembro, no Vaticano a uma mudan\u00e7a no tratamento dado aos idosos doentes, para que se complemente o \u201cmodelo biom\u00e9dico\u201d e se contrarie a \u201ctortura dos sil\u00eancios\u201d. \u201c\u00c9 necess\u00e1rio empenhar-se numa assist\u00eancia que, ao lado do tradicional modelo biom\u00e9dico, se enrique\u00e7a de espa\u00e7os de dignidade e liberdade, longe [&hellip;]\" \/>\n<meta property=\"og:url\" content=\"https:\/\/www.oarcanjo.net\/site\/papa-pede-mudanca-no-tratamento-dos-idosos\/\" \/>\n<meta property=\"og:site_name\" content=\"O Arcanjo no ar\" \/>\n<meta property=\"article:publisher\" content=\"https:\/\/www.facebook.com\/OArcanjoNoAr\/\" \/>\n<meta property=\"article:published_time\" content=\"2013-11-25T12:02:42+00:00\" \/>\n<meta property=\"article:modified_time\" content=\"2013-11-25T17:03:28+00:00\" \/>\n<meta property=\"og:image\" content=\"https:\/\/www.oarcanjo.net\/site\/wp-content\/uploads\/logo-o-arcanjo-no-ar-facebook.png\" \/>\n\t<meta property=\"og:image:width\" content=\"300\" \/>\n\t<meta property=\"og:image:height\" content=\"300\" \/>\n\t<meta property=\"og:image:type\" content=\"image\/png\" \/>\n<meta name=\"author\" content=\"editor\" \/>\n<meta name=\"twitter:card\" content=\"summary_large_image\" \/>\n<meta name=\"twitter:label1\" content=\"Escrito por\" \/>\n\t<meta name=\"twitter:data1\" content=\"editor\" \/>\n\t<meta name=\"twitter:label2\" content=\"Est. tempo de leitura\" \/>\n\t<meta name=\"twitter:data2\" content=\"2 minutos\" \/>\n<script type=\"application\/ld+json\" class=\"yoast-schema-graph\">{\"@context\":\"https:\/\/schema.org\",\"@graph\":[{\"@type\":\"Article\",\"@id\":\"https:\/\/www.oarcanjo.net\/site\/papa-pede-mudanca-no-tratamento-dos-idosos\/#article\",\"isPartOf\":{\"@id\":\"https:\/\/www.oarcanjo.net\/site\/papa-pede-mudanca-no-tratamento-dos-idosos\/\"},\"author\":{\"name\":\"editor\",\"@id\":\"https:\/\/www.oarcanjo.net\/site\/#\/schema\/person\/f7024d007863202483a31326673a0838\"},\"headline\":\"Papa pede mudan\u00e7a no tratamento dos idosos\",\"datePublished\":\"2013-11-25T12:02:42+00:00\",\"dateModified\":\"2013-11-25T17:03:28+00:00\",\"mainEntityOfPage\":{\"@id\":\"https:\/\/www.oarcanjo.net\/site\/papa-pede-mudanca-no-tratamento-dos-idosos\/\"},\"wordCount\":357,\"commentCount\":0,\"publisher\":{\"@id\":\"https:\/\/www.oarcanjo.net\/site\/#organization\"},\"keywords\":[\"dignidade\",\"idosos\",\"liberdade\",\"Papa Francisco\",\"sa\u00fade\",\"sil\u00eancio\"],\"articleSection\":[\"Not\u00edcias\"],\"inLanguage\":\"pt-BR\",\"potentialAction\":[{\"@type\":\"CommentAction\",\"name\":\"Comment\",\"target\":[\"https:\/\/www.oarcanjo.net\/site\/papa-pede-mudanca-no-tratamento-dos-idosos\/#respond\"]}]},{\"@type\":\"WebPage\",\"@id\":\"https:\/\/www.oarcanjo.net\/site\/papa-pede-mudanca-no-tratamento-dos-idosos\/\",\"url\":\"https:\/\/www.oarcanjo.net\/site\/papa-pede-mudanca-no-tratamento-dos-idosos\/\",\"name\":\"Papa pede mudan\u00e7a no tratamento dos idosos - O Arcanjo no ar\",\"isPartOf\":{\"@id\":\"https:\/\/www.oarcanjo.net\/site\/#website\"},\"datePublished\":\"2013-11-25T12:02:42+00:00\",\"dateModified\":\"2013-11-25T17:03:28+00:00\",\"breadcrumb\":{\"@id\":\"https:\/\/www.oarcanjo.net\/site\/papa-pede-mudanca-no-tratamento-dos-idosos\/#breadcrumb\"},\"inLanguage\":\"pt-BR\",\"potentialAction\":[{\"@type\":\"ReadAction\",\"target\":[\"https:\/\/www.oarcanjo.net\/site\/papa-pede-mudanca-no-tratamento-dos-idosos\/\"]}]},{\"@type\":\"BreadcrumbList\",\"@id\":\"https:\/\/www.oarcanjo.net\/site\/papa-pede-mudanca-no-tratamento-dos-idosos\/#breadcrumb\",\"itemListElement\":[{\"@type\":\"ListItem\",\"position\":1,\"name\":\"In\u00edcio\",\"item\":\"https:\/\/www.oarcanjo.net\/site\/\"},{\"@type\":\"ListItem\",\"position\":2,\"name\":\"Papa pede mudan\u00e7a no tratamento dos idosos\"}]},{\"@type\":\"WebSite\",\"@id\":\"https:\/\/www.oarcanjo.net\/site\/#website\",\"url\":\"https:\/\/www.oarcanjo.net\/site\/\",\"name\":\"O Arcanjo no ar\",\"description\":\"Site da Par\u00f3quia S\u00e3o Miguel Arcanjo (Arquidiocese de SP)\",\"publisher\":{\"@id\":\"https:\/\/www.oarcanjo.net\/site\/#organization\"},\"potentialAction\":[{\"@type\":\"SearchAction\",\"target\":{\"@type\":\"EntryPoint\",\"urlTemplate\":\"https:\/\/www.oarcanjo.net\/site\/?s={search_term_string}\"},\"query-input\":{\"@type\":\"PropertyValueSpecification\",\"valueRequired\":true,\"valueName\":\"search_term_string\"}}],\"inLanguage\":\"pt-BR\"},{\"@type\":\"Organization\",\"@id\":\"https:\/\/www.oarcanjo.net\/site\/#organization\",\"name\":\"Par\u00f3quia S\u00e3o Miguel Arcanjo\",\"url\":\"https:\/\/www.oarcanjo.net\/site\/\",\"logo\":{\"@type\":\"ImageObject\",\"inLanguage\":\"pt-BR\",\"@id\":\"https:\/\/www.oarcanjo.net\/site\/#\/schema\/logo\/image\/\",\"url\":\"https:\/\/www.oarcanjo.net\/site\/wp-content\/uploads\/LogoOArcanjo.png\",\"contentUrl\":\"https:\/\/www.oarcanjo.net\/site\/wp-content\/uploads\/LogoOArcanjo.png\",\"width\":319,\"height\":99,\"caption\":\"Par\u00f3quia S\u00e3o Miguel Arcanjo\"},\"image\":{\"@id\":\"https:\/\/www.oarcanjo.net\/site\/#\/schema\/logo\/image\/\"},\"sameAs\":[\"https:\/\/www.facebook.com\/OArcanjoNoAr\/\"]},{\"@type\":\"Person\",\"@id\":\"https:\/\/www.oarcanjo.net\/site\/#\/schema\/person\/f7024d007863202483a31326673a0838\",\"name\":\"editor\",\"sameAs\":[\"http:\/\/www.oarcanjo.net\"]}]}<\/script>\n<!-- \/ Yoast SEO plugin. -->","yoast_head_json":{"title":"Papa pede mudan\u00e7a no tratamento dos idosos - O Arcanjo no ar","robots":{"index":"index","follow":"follow","max-snippet":"max-snippet:-1","max-image-preview":"max-image-preview:large","max-video-preview":"max-video-preview:-1"},"canonical":"https:\/\/www.oarcanjo.net\/site\/papa-pede-mudanca-no-tratamento-dos-idosos\/","og_locale":"pt_BR","og_type":"article","og_title":"Papa pede mudan\u00e7a no tratamento dos idosos - O Arcanjo no ar","og_description":"O Papa Francisco apelou s\u00e1bado, dia 23 de novembro, no Vaticano a uma mudan\u00e7a no tratamento dado aos idosos doentes, para que se complemente o \u201cmodelo biom\u00e9dico\u201d e se contrarie a \u201ctortura dos sil\u00eancios\u201d. \u201c\u00c9 necess\u00e1rio empenhar-se numa assist\u00eancia que, ao lado do tradicional modelo biom\u00e9dico, se enrique\u00e7a de espa\u00e7os de dignidade e liberdade, longe [&hellip;]","og_url":"https:\/\/www.oarcanjo.net\/site\/papa-pede-mudanca-no-tratamento-dos-idosos\/","og_site_name":"O Arcanjo no ar","article_publisher":"https:\/\/www.facebook.com\/OArcanjoNoAr\/","article_published_time":"2013-11-25T12:02:42+00:00","article_modified_time":"2013-11-25T17:03:28+00:00","og_image":[{"width":300,"height":300,"url":"https:\/\/www.oarcanjo.net\/site\/wp-content\/uploads\/logo-o-arcanjo-no-ar-facebook.png","type":"image\/png"}],"author":"editor","twitter_card":"summary_large_image","twitter_misc":{"Escrito por":"editor","Est. tempo de leitura":"2 minutos"},"schema":{"@context":"https:\/\/schema.org","@graph":[{"@type":"Article","@id":"https:\/\/www.oarcanjo.net\/site\/papa-pede-mudanca-no-tratamento-dos-idosos\/#article","isPartOf":{"@id":"https:\/\/www.oarcanjo.net\/site\/papa-pede-mudanca-no-tratamento-dos-idosos\/"},"author":{"name":"editor","@id":"https:\/\/www.oarcanjo.net\/site\/#\/schema\/person\/f7024d007863202483a31326673a0838"},"headline":"Papa pede mudan\u00e7a no tratamento dos idosos","datePublished":"2013-11-25T12:02:42+00:00","dateModified":"2013-11-25T17:03:28+00:00","mainEntityOfPage":{"@id":"https:\/\/www.oarcanjo.net\/site\/papa-pede-mudanca-no-tratamento-dos-idosos\/"},"wordCount":357,"commentCount":0,"publisher":{"@id":"https:\/\/www.oarcanjo.net\/site\/#organization"},"keywords":["dignidade","idosos","liberdade","Papa Francisco","sa\u00fade","sil\u00eancio"],"articleSection":["Not\u00edcias"],"inLanguage":"pt-BR","potentialAction":[{"@type":"CommentAction","name":"Comment","target":["https:\/\/www.oarcanjo.net\/site\/papa-pede-mudanca-no-tratamento-dos-idosos\/#respond"]}]},{"@type":"WebPage","@id":"https:\/\/www.oarcanjo.net\/site\/papa-pede-mudanca-no-tratamento-dos-idosos\/","url":"https:\/\/www.oarcanjo.net\/site\/papa-pede-mudanca-no-tratamento-dos-idosos\/","name":"Papa pede mudan\u00e7a no tratamento dos idosos - O Arcanjo no ar","isPartOf":{"@id":"https:\/\/www.oarcanjo.net\/site\/#website"},"datePublished":"2013-11-25T12:02:42+00:00","dateModified":"2013-11-25T17:03:28+00:00","breadcrumb":{"@id":"https:\/\/www.oarcanjo.net\/site\/papa-pede-mudanca-no-tratamento-dos-idosos\/#breadcrumb"},"inLanguage":"pt-BR","potentialAction":[{"@type":"ReadAction","target":["https:\/\/www.oarcanjo.net\/site\/papa-pede-mudanca-no-tratamento-dos-idosos\/"]}]},{"@type":"BreadcrumbList","@id":"https:\/\/www.oarcanjo.net\/site\/papa-pede-mudanca-no-tratamento-dos-idosos\/#breadcrumb","itemListElement":[{"@type":"ListItem","position":1,"name":"In\u00edcio","item":"https:\/\/www.oarcanjo.net\/site\/"},{"@type":"ListItem","position":2,"name":"Papa pede mudan\u00e7a no tratamento dos idosos"}]},{"@type":"WebSite","@id":"https:\/\/www.oarcanjo.net\/site\/#website","url":"https:\/\/www.oarcanjo.net\/site\/","name":"O Arcanjo no ar","description":"Site da Par\u00f3quia S\u00e3o Miguel Arcanjo (Arquidiocese de SP)","publisher":{"@id":"https:\/\/www.oarcanjo.net\/site\/#organization"},"potentialAction":[{"@type":"SearchAction","target":{"@type":"EntryPoint","urlTemplate":"https:\/\/www.oarcanjo.net\/site\/?s={search_term_string}"},"query-input":{"@type":"PropertyValueSpecification","valueRequired":true,"valueName":"search_term_string"}}],"inLanguage":"pt-BR"},{"@type":"Organization","@id":"https:\/\/www.oarcanjo.net\/site\/#organization","name":"Par\u00f3quia S\u00e3o Miguel Arcanjo","url":"https:\/\/www.oarcanjo.net\/site\/","logo":{"@type":"ImageObject","inLanguage":"pt-BR","@id":"https:\/\/www.oarcanjo.net\/site\/#\/schema\/logo\/image\/","url":"https:\/\/www.oarcanjo.net\/site\/wp-content\/uploads\/LogoOArcanjo.png","contentUrl":"https:\/\/www.oarcanjo.net\/site\/wp-content\/uploads\/LogoOArcanjo.png","width":319,"height":99,"caption":"Par\u00f3quia S\u00e3o Miguel Arcanjo"},"image":{"@id":"https:\/\/www.oarcanjo.net\/site\/#\/schema\/logo\/image\/"},"sameAs":["https:\/\/www.facebook.com\/OArcanjoNoAr\/"]},{"@type":"Person","@id":"https:\/\/www.oarcanjo.net\/site\/#\/schema\/person\/f7024d007863202483a31326673a0838","name":"editor","sameAs":["http:\/\/www.oarcanjo.net"]}]}},"publishpress_future_action":{"enabled":false,"date":"2026-05-07 10:07:59","action":"category","newStatus":"draft","terms":[],"taxonomy":"category"},"publishpress_future_workflow_manual_trigger":{"enabledWorkflows":[]},"_links":{"self":[{"href":"https:\/\/www.oarcanjo.net\/site\/wp-json\/wp\/v2\/posts\/23855"}],"collection":[{"href":"https:\/\/www.oarcanjo.net\/site\/wp-json\/wp\/v2\/posts"}],"about":[{"href":"https:\/\/www.oarcanjo.net\/site\/wp-json\/wp\/v2\/types\/post"}],"author":[{"embeddable":true,"href":"https:\/\/www.oarcanjo.net\/site\/wp-json\/wp\/v2\/users\/5"}],"replies":[{"embeddable":true,"href":"https:\/\/www.oarcanjo.net\/site\/wp-json\/wp\/v2\/comments?post=23855"}],"version-history":[{"count":0,"href":"https:\/\/www.oarcanjo.net\/site\/wp-json\/wp\/v2\/posts\/23855\/revisions"}],"wp:attachment":[{"href":"https:\/\/www.oarcanjo.net\/site\/wp-json\/wp\/v2\/media?parent=23855"}],"wp:term":[{"taxonomy":"category","embeddable":true,"href":"https:\/\/www.oarcanjo.net\/site\/wp-json\/wp\/v2\/categories?post=23855"},{"taxonomy":"post_tag","embeddable":true,"href":"https:\/\/www.oarcanjo.net\/site\/wp-json\/wp\/v2\/tags?post=23855"}],"curies":[{"name":"wp","href":"https:\/\/api.w.org\/{rel}","templated":true}]}}