
{"id":23867,"date":"2013-11-26T16:35:20","date_gmt":"2013-11-26T18:35:20","guid":{"rendered":"http:\/\/www.oarcanjo.net\/site\/?p=23867"},"modified":"2013-11-26T16:35:20","modified_gmt":"2013-11-26T18:35:20","slug":"a-alegria-do-evangelho","status":"publish","type":"post","link":"https:\/\/www.oarcanjo.net\/site\/a-alegria-do-evangelho\/","title":{"rendered":"A alegria do Evangelho"},"content":{"rendered":"<p><em>Cardeal Odilo Pedro Scherer<\/em><\/p>\n<p>No Domingo de Cristo Rei, 24 de novembro, o papa Francisco brindou a Igreja com uma bela Exorta\u00e7\u00e3o Apost\u00f3lica sobre a evangeliza\u00e7\u00e3o, chamada: Evangelii gaudium \u2013 \u201cA Alegria do Evangelho\u201d. \u00c9 um presente feito \u00e0 Igreja no encerramento do Ano da F\u00e9, ao longo do qual ela procurou, em todas as suas comunidades, recobrar o fervor da f\u00e9.<\/p>\n<p>A Exorta\u00e7\u00e3o Apost\u00f3lica traz as contribui\u00e7\u00f5es e impulsos da assembl\u00e9ia do S\u00ednodo dos Bispos de outubro de 2012, sobre o tema da \u201cnova evangeliza\u00e7\u00e3o para a transmiss\u00e3o da f\u00e9 crist\u00e3\u201d. Mas tamb\u00e9m representa uma palavra pessoal do Papa Francisco e retrata sua experi\u00eancia pessoal de \u201cnova evangeliza\u00e7\u00e3o\u201d na Am\u00e9rica Latina, especialmente, aquela do Documento de Aparecida.<\/p>\n<p>O Evangelho de Jesus, acolhido com f\u00e9 verdadeira, traz alegria incontida e precisa ser partilhado com outras pessoas. Quem encontrou Jesus, o Salvador e Senhor, fica de tal modo marcado e fascinado, que n\u00e3o pode segurar s\u00f3 para si essa boa experi\u00eancia da f\u00e9; como os pastores da noite do nascimento de Jesus, em Bel\u00e9m (cf Lc 2,8-20), ou como os ap\u00f3stolos, no in\u00edcio da prega\u00e7\u00e3o do Evangelho (cf At 4,20), tamb\u00e9m a Igreja sente-se impulsionada a comunicar tamb\u00e9m aos outros \u201co que viu e ouviu\u201d.<\/p>\n<p>Assim aconteceu no tempo de Jesus e dos Ap\u00f3stolos e continuou a acontecer, ao longo da Hist\u00f3ria, em tantas ocasi\u00f5es e com uma multid\u00e3o de pessoas. E acontece ainda hoje que homens e mulheres que acolhem com f\u00e9 e alegria o Evangelho de Cristo, orientando suas vidas para Ele. Muitas pessoas batizadas fazem a experi\u00eancia de sentir-se amadas por Deus e despertam para um generoso compromisso mission\u00e1rio e evangelizador.<\/p>\n<p>O Evangelho \u00e9 boa not\u00edcia para o nosso mundo e assim deve ser anunciado.  A alegria da f\u00e9, nascida do Evangelho, continua a levar a Igreja a anunciar e a compartilhar com outros o dom recebido, mesmo a custo de muitos sacrif\u00edcios e cruzes.<\/p>\n<p>No encerramento do Ano da F\u00e9, somos todos novamente enviados em miss\u00e3o, como \u201cdisc\u00edpulos do Reino de Deus\u201d. Anunciar o Evangelho e testemunhar a for\u00e7a e a efic\u00e1cia de sua a\u00e7\u00e3o transformadora n\u00e3o deveria ser uma obriga\u00e7\u00e3o pesada, mas uma necessidade que brota do cora\u00e7\u00e3o agradecido de quem encontrou as raz\u00f5es para crer: \u201cai de mim, se eu n\u00e3o pregar o Evangelho!\u201d (1Cor, 9,16).<\/p>\n<p>No Brasil, a solenidade de Cristo Rei e, neste ano, o encerramento do Ano da F\u00e9, coincidiram com o in\u00edcio da Campanha Nacional para a Evangeliza\u00e7\u00e3o. Durante tr\u00eas semanas, somos convidados a refletir sobre a realidade da evangeliza\u00e7\u00e3o no Brasil, a rezar e a nos empenhar para que ela aconte\u00e7a em todos os cantos de nosso Pa\u00eds; no terceiro Domingo do Advento, faz-se a coleta em favor da evangeliza\u00e7\u00e3o, como gesto concreto de apoio a esta obra priorit\u00e1ria da Igreja.<\/p>\n<p>Nada mais justo e acertado: o encontro renovado com Cristo Senhor aprofunda os la\u00e7os da nossa f\u00e9; e esta leva-nos a anunciar a alegria do Evangelho, para ajudar outras pessoas a tamb\u00e9m se aproximarem de Deus. A evangeliza\u00e7\u00e3o \u00e9 miss\u00e3o deve envolver a todos os batizados; todos eles t\u00eam parte na miss\u00e3o de anunciar o Evangelho, de muitas maneiras. A transmiss\u00e3o da f\u00e9 e a inicia\u00e7\u00e3o \u00e0 vida crist\u00e3 s\u00e3o desafios urgentes, que todos os membros da Igreja precisam assumir de forma renovada.<\/p>\n<p>A Exorta\u00e7\u00e3o Apost\u00f3lica Evangelii Gaudium \u2013 \u201cA Alegria do Evangelho\u201d \u2013 vem em boa hora para estimular e orientar a todos!<\/p>\n<div id=\"themify_builder_content-23867\" data-postid=\"23867\" class=\"themify_builder_content themify_builder_content-23867 themify_builder themify_builder_front\">\n\t<\/div>\n<!-- \/themify_builder_content -->","protected":false},"excerpt":{"rendered":"<p>Cardeal Odilo Pedro Scherer No Domingo de Cristo Rei, 24 de novembro, o papa Francisco brindou a Igreja com uma bela Exorta\u00e7\u00e3o Apost\u00f3lica sobre a evangeliza\u00e7\u00e3o, chamada: Evangelii gaudium \u2013 \u201cA Alegria do Evangelho\u201d. \u00c9 um presente feito \u00e0 Igreja no encerramento do Ano da F\u00e9, ao longo do qual ela procurou, em todas as [&hellip;]<\/p>\n","protected":false},"author":5,"featured_media":0,"comment_status":"open","ping_status":"open","sticky":false,"template":"","format":"standard","meta":{"ngg_post_thumbnail":0,"footnotes":""},"categories":[9],"tags":[2859,3213,1419,2749,2752,2860,18,2861,2433],"yoast_head":"<!-- This site is optimized with the Yoast SEO plugin v23.5 - https:\/\/yoast.com\/wordpress\/plugins\/seo\/ -->\n<title>A alegria do Evangelho - O Arcanjo no ar<\/title>\n<meta name=\"robots\" content=\"index, follow, max-snippet:-1, max-image-preview:large, max-video-preview:-1\" \/>\n<link rel=\"canonical\" href=\"https:\/\/www.oarcanjo.net\/site\/a-alegria-do-evangelho\/\" \/>\n<meta property=\"og:locale\" content=\"pt_BR\" \/>\n<meta property=\"og:type\" content=\"article\" \/>\n<meta property=\"og:title\" content=\"A alegria do Evangelho - O Arcanjo no ar\" \/>\n<meta property=\"og:description\" content=\"Cardeal Odilo Pedro Scherer No Domingo de Cristo Rei, 24 de novembro, o papa Francisco brindou a Igreja com uma bela Exorta\u00e7\u00e3o Apost\u00f3lica sobre a evangeliza\u00e7\u00e3o, chamada: Evangelii gaudium \u2013 \u201cA Alegria do Evangelho\u201d. \u00c9 um presente feito \u00e0 Igreja no encerramento do Ano da F\u00e9, ao longo do qual ela procurou, em todas as [&hellip;]\" \/>\n<meta property=\"og:url\" content=\"https:\/\/www.oarcanjo.net\/site\/a-alegria-do-evangelho\/\" \/>\n<meta property=\"og:site_name\" content=\"O Arcanjo no ar\" \/>\n<meta property=\"article:publisher\" content=\"https:\/\/www.facebook.com\/OArcanjoNoAr\/\" \/>\n<meta property=\"article:published_time\" content=\"2013-11-26T18:35:20+00:00\" \/>\n<meta property=\"og:image\" content=\"https:\/\/www.oarcanjo.net\/site\/wp-content\/uploads\/logo-o-arcanjo-no-ar-facebook.png\" \/>\n\t<meta property=\"og:image:width\" content=\"300\" \/>\n\t<meta property=\"og:image:height\" content=\"300\" \/>\n\t<meta property=\"og:image:type\" content=\"image\/png\" \/>\n<meta name=\"author\" content=\"editor\" \/>\n<meta name=\"twitter:card\" content=\"summary_large_image\" \/>\n<meta name=\"twitter:label1\" content=\"Escrito por\" \/>\n\t<meta name=\"twitter:data1\" content=\"editor\" \/>\n\t<meta name=\"twitter:label2\" content=\"Est. tempo de leitura\" \/>\n\t<meta name=\"twitter:data2\" content=\"3 minutos\" \/>\n<script type=\"application\/ld+json\" class=\"yoast-schema-graph\">{\"@context\":\"https:\/\/schema.org\",\"@graph\":[{\"@type\":\"Article\",\"@id\":\"https:\/\/www.oarcanjo.net\/site\/a-alegria-do-evangelho\/#article\",\"isPartOf\":{\"@id\":\"https:\/\/www.oarcanjo.net\/site\/a-alegria-do-evangelho\/\"},\"author\":{\"name\":\"editor\",\"@id\":\"https:\/\/www.oarcanjo.net\/site\/#\/schema\/person\/f7024d007863202483a31326673a0838\"},\"headline\":\"A alegria do Evangelho\",\"datePublished\":\"2013-11-26T18:35:20+00:00\",\"dateModified\":\"2013-11-26T18:35:20+00:00\",\"mainEntityOfPage\":{\"@id\":\"https:\/\/www.oarcanjo.net\/site\/a-alegria-do-evangelho\/\"},\"wordCount\":616,\"commentCount\":0,\"publisher\":{\"@id\":\"https:\/\/www.oarcanjo.net\/site\/#organization\"},\"keywords\":[\"A Alegria do Evangelho\",\"Ano da F\u00e9\",\"boa not\u00edcia\",\"Campanha Nacional para a Evangeliza\u00e7\u00e3o\",\"Domingo de Cristo Rei\",\"Evangelii Gaudium\",\"evangeliza\u00e7\u00e3o\",\"Exorta\u00e7\u00e3o Apost\u00f3lica\",\"Papa Francisco\"],\"articleSection\":[\"Reflex\u00f5es\"],\"inLanguage\":\"pt-BR\",\"potentialAction\":[{\"@type\":\"CommentAction\",\"name\":\"Comment\",\"target\":[\"https:\/\/www.oarcanjo.net\/site\/a-alegria-do-evangelho\/#respond\"]}]},{\"@type\":\"WebPage\",\"@id\":\"https:\/\/www.oarcanjo.net\/site\/a-alegria-do-evangelho\/\",\"url\":\"https:\/\/www.oarcanjo.net\/site\/a-alegria-do-evangelho\/\",\"name\":\"A alegria do Evangelho - O Arcanjo no ar\",\"isPartOf\":{\"@id\":\"https:\/\/www.oarcanjo.net\/site\/#website\"},\"datePublished\":\"2013-11-26T18:35:20+00:00\",\"dateModified\":\"2013-11-26T18:35:20+00:00\",\"breadcrumb\":{\"@id\":\"https:\/\/www.oarcanjo.net\/site\/a-alegria-do-evangelho\/#breadcrumb\"},\"inLanguage\":\"pt-BR\",\"potentialAction\":[{\"@type\":\"ReadAction\",\"target\":[\"https:\/\/www.oarcanjo.net\/site\/a-alegria-do-evangelho\/\"]}]},{\"@type\":\"BreadcrumbList\",\"@id\":\"https:\/\/www.oarcanjo.net\/site\/a-alegria-do-evangelho\/#breadcrumb\",\"itemListElement\":[{\"@type\":\"ListItem\",\"position\":1,\"name\":\"In\u00edcio\",\"item\":\"https:\/\/www.oarcanjo.net\/site\/\"},{\"@type\":\"ListItem\",\"position\":2,\"name\":\"A alegria do Evangelho\"}]},{\"@type\":\"WebSite\",\"@id\":\"https:\/\/www.oarcanjo.net\/site\/#website\",\"url\":\"https:\/\/www.oarcanjo.net\/site\/\",\"name\":\"O Arcanjo no ar\",\"description\":\"Site da Par\u00f3quia S\u00e3o Miguel Arcanjo (Arquidiocese de SP)\",\"publisher\":{\"@id\":\"https:\/\/www.oarcanjo.net\/site\/#organization\"},\"potentialAction\":[{\"@type\":\"SearchAction\",\"target\":{\"@type\":\"EntryPoint\",\"urlTemplate\":\"https:\/\/www.oarcanjo.net\/site\/?s={search_term_string}\"},\"query-input\":{\"@type\":\"PropertyValueSpecification\",\"valueRequired\":true,\"valueName\":\"search_term_string\"}}],\"inLanguage\":\"pt-BR\"},{\"@type\":\"Organization\",\"@id\":\"https:\/\/www.oarcanjo.net\/site\/#organization\",\"name\":\"Par\u00f3quia S\u00e3o Miguel Arcanjo\",\"url\":\"https:\/\/www.oarcanjo.net\/site\/\",\"logo\":{\"@type\":\"ImageObject\",\"inLanguage\":\"pt-BR\",\"@id\":\"https:\/\/www.oarcanjo.net\/site\/#\/schema\/logo\/image\/\",\"url\":\"https:\/\/www.oarcanjo.net\/site\/wp-content\/uploads\/LogoOArcanjo.png\",\"contentUrl\":\"https:\/\/www.oarcanjo.net\/site\/wp-content\/uploads\/LogoOArcanjo.png\",\"width\":319,\"height\":99,\"caption\":\"Par\u00f3quia S\u00e3o Miguel Arcanjo\"},\"image\":{\"@id\":\"https:\/\/www.oarcanjo.net\/site\/#\/schema\/logo\/image\/\"},\"sameAs\":[\"https:\/\/www.facebook.com\/OArcanjoNoAr\/\"]},{\"@type\":\"Person\",\"@id\":\"https:\/\/www.oarcanjo.net\/site\/#\/schema\/person\/f7024d007863202483a31326673a0838\",\"name\":\"editor\",\"sameAs\":[\"http:\/\/www.oarcanjo.net\"]}]}<\/script>\n<!-- \/ Yoast SEO plugin. -->","yoast_head_json":{"title":"A alegria do Evangelho - O Arcanjo no ar","robots":{"index":"index","follow":"follow","max-snippet":"max-snippet:-1","max-image-preview":"max-image-preview:large","max-video-preview":"max-video-preview:-1"},"canonical":"https:\/\/www.oarcanjo.net\/site\/a-alegria-do-evangelho\/","og_locale":"pt_BR","og_type":"article","og_title":"A alegria do Evangelho - O Arcanjo no ar","og_description":"Cardeal Odilo Pedro Scherer No Domingo de Cristo Rei, 24 de novembro, o papa Francisco brindou a Igreja com uma bela Exorta\u00e7\u00e3o Apost\u00f3lica sobre a evangeliza\u00e7\u00e3o, chamada: Evangelii gaudium \u2013 \u201cA Alegria do Evangelho\u201d. \u00c9 um presente feito \u00e0 Igreja no encerramento do Ano da F\u00e9, ao longo do qual ela procurou, em todas as [&hellip;]","og_url":"https:\/\/www.oarcanjo.net\/site\/a-alegria-do-evangelho\/","og_site_name":"O Arcanjo no ar","article_publisher":"https:\/\/www.facebook.com\/OArcanjoNoAr\/","article_published_time":"2013-11-26T18:35:20+00:00","og_image":[{"width":300,"height":300,"url":"https:\/\/www.oarcanjo.net\/site\/wp-content\/uploads\/logo-o-arcanjo-no-ar-facebook.png","type":"image\/png"}],"author":"editor","twitter_card":"summary_large_image","twitter_misc":{"Escrito por":"editor","Est. tempo de leitura":"3 minutos"},"schema":{"@context":"https:\/\/schema.org","@graph":[{"@type":"Article","@id":"https:\/\/www.oarcanjo.net\/site\/a-alegria-do-evangelho\/#article","isPartOf":{"@id":"https:\/\/www.oarcanjo.net\/site\/a-alegria-do-evangelho\/"},"author":{"name":"editor","@id":"https:\/\/www.oarcanjo.net\/site\/#\/schema\/person\/f7024d007863202483a31326673a0838"},"headline":"A alegria do Evangelho","datePublished":"2013-11-26T18:35:20+00:00","dateModified":"2013-11-26T18:35:20+00:00","mainEntityOfPage":{"@id":"https:\/\/www.oarcanjo.net\/site\/a-alegria-do-evangelho\/"},"wordCount":616,"commentCount":0,"publisher":{"@id":"https:\/\/www.oarcanjo.net\/site\/#organization"},"keywords":["A Alegria do Evangelho","Ano da F\u00e9","boa not\u00edcia","Campanha Nacional para a Evangeliza\u00e7\u00e3o","Domingo de Cristo Rei","Evangelii Gaudium","evangeliza\u00e7\u00e3o","Exorta\u00e7\u00e3o Apost\u00f3lica","Papa Francisco"],"articleSection":["Reflex\u00f5es"],"inLanguage":"pt-BR","potentialAction":[{"@type":"CommentAction","name":"Comment","target":["https:\/\/www.oarcanjo.net\/site\/a-alegria-do-evangelho\/#respond"]}]},{"@type":"WebPage","@id":"https:\/\/www.oarcanjo.net\/site\/a-alegria-do-evangelho\/","url":"https:\/\/www.oarcanjo.net\/site\/a-alegria-do-evangelho\/","name":"A alegria do Evangelho - O Arcanjo no ar","isPartOf":{"@id":"https:\/\/www.oarcanjo.net\/site\/#website"},"datePublished":"2013-11-26T18:35:20+00:00","dateModified":"2013-11-26T18:35:20+00:00","breadcrumb":{"@id":"https:\/\/www.oarcanjo.net\/site\/a-alegria-do-evangelho\/#breadcrumb"},"inLanguage":"pt-BR","potentialAction":[{"@type":"ReadAction","target":["https:\/\/www.oarcanjo.net\/site\/a-alegria-do-evangelho\/"]}]},{"@type":"BreadcrumbList","@id":"https:\/\/www.oarcanjo.net\/site\/a-alegria-do-evangelho\/#breadcrumb","itemListElement":[{"@type":"ListItem","position":1,"name":"In\u00edcio","item":"https:\/\/www.oarcanjo.net\/site\/"},{"@type":"ListItem","position":2,"name":"A alegria do Evangelho"}]},{"@type":"WebSite","@id":"https:\/\/www.oarcanjo.net\/site\/#website","url":"https:\/\/www.oarcanjo.net\/site\/","name":"O Arcanjo no ar","description":"Site da Par\u00f3quia S\u00e3o Miguel Arcanjo (Arquidiocese de SP)","publisher":{"@id":"https:\/\/www.oarcanjo.net\/site\/#organization"},"potentialAction":[{"@type":"SearchAction","target":{"@type":"EntryPoint","urlTemplate":"https:\/\/www.oarcanjo.net\/site\/?s={search_term_string}"},"query-input":{"@type":"PropertyValueSpecification","valueRequired":true,"valueName":"search_term_string"}}],"inLanguage":"pt-BR"},{"@type":"Organization","@id":"https:\/\/www.oarcanjo.net\/site\/#organization","name":"Par\u00f3quia S\u00e3o Miguel Arcanjo","url":"https:\/\/www.oarcanjo.net\/site\/","logo":{"@type":"ImageObject","inLanguage":"pt-BR","@id":"https:\/\/www.oarcanjo.net\/site\/#\/schema\/logo\/image\/","url":"https:\/\/www.oarcanjo.net\/site\/wp-content\/uploads\/LogoOArcanjo.png","contentUrl":"https:\/\/www.oarcanjo.net\/site\/wp-content\/uploads\/LogoOArcanjo.png","width":319,"height":99,"caption":"Par\u00f3quia S\u00e3o Miguel Arcanjo"},"image":{"@id":"https:\/\/www.oarcanjo.net\/site\/#\/schema\/logo\/image\/"},"sameAs":["https:\/\/www.facebook.com\/OArcanjoNoAr\/"]},{"@type":"Person","@id":"https:\/\/www.oarcanjo.net\/site\/#\/schema\/person\/f7024d007863202483a31326673a0838","name":"editor","sameAs":["http:\/\/www.oarcanjo.net"]}]}},"publishpress_future_action":{"enabled":false,"date":"2026-05-09 00:30:04","action":"category","newStatus":"draft","terms":[],"taxonomy":"category"},"publishpress_future_workflow_manual_trigger":{"enabledWorkflows":[]},"_links":{"self":[{"href":"https:\/\/www.oarcanjo.net\/site\/wp-json\/wp\/v2\/posts\/23867"}],"collection":[{"href":"https:\/\/www.oarcanjo.net\/site\/wp-json\/wp\/v2\/posts"}],"about":[{"href":"https:\/\/www.oarcanjo.net\/site\/wp-json\/wp\/v2\/types\/post"}],"author":[{"embeddable":true,"href":"https:\/\/www.oarcanjo.net\/site\/wp-json\/wp\/v2\/users\/5"}],"replies":[{"embeddable":true,"href":"https:\/\/www.oarcanjo.net\/site\/wp-json\/wp\/v2\/comments?post=23867"}],"version-history":[{"count":0,"href":"https:\/\/www.oarcanjo.net\/site\/wp-json\/wp\/v2\/posts\/23867\/revisions"}],"wp:attachment":[{"href":"https:\/\/www.oarcanjo.net\/site\/wp-json\/wp\/v2\/media?parent=23867"}],"wp:term":[{"taxonomy":"category","embeddable":true,"href":"https:\/\/www.oarcanjo.net\/site\/wp-json\/wp\/v2\/categories?post=23867"},{"taxonomy":"post_tag","embeddable":true,"href":"https:\/\/www.oarcanjo.net\/site\/wp-json\/wp\/v2\/tags?post=23867"}],"curies":[{"name":"wp","href":"https:\/\/api.w.org\/{rel}","templated":true}]}}