
{"id":23869,"date":"2013-11-26T16:49:05","date_gmt":"2013-11-26T18:49:05","guid":{"rendered":"http:\/\/www.oarcanjo.net\/site\/?p=23869"},"modified":"2013-11-26T16:49:24","modified_gmt":"2013-11-26T18:49:24","slug":"seguir-com-fidelidade-o-desenrolar-do-ano-liturgico","status":"publish","type":"post","link":"https:\/\/www.oarcanjo.net\/site\/seguir-com-fidelidade-o-desenrolar-do-ano-liturgico\/","title":{"rendered":"Seguir com fidelidade o desenrolar do Ano Lit\u00fargico"},"content":{"rendered":"<p><em>Dom Edmar Peron<\/em><\/p>\n<p>O Ano da F\u00e9, conclu\u00eddo no \u00faltimo domingo, solenidade de Nosso Senhor Jesus Cristo, Rei do Universo, nos impulsiona a prosseguir o caminho; somos peregrinos (1Pd 2,11), em busca da cidade que Deus preparou para n\u00f3s (Hb 11,16); caminhamos \u00e0 luz da f\u00e9 (<em>Lumen fidei) <\/em>e suplicamos continuamente: \u201cSenhor, aumenta a nossa f\u00e9\u201d (Lc 17,5). Passamos por essa Porta quando acolhemos a Palavra de Deus e nos deixamos transformar pela gra\u00e7a divina. Contudo, lembrava o Papa Bento XVI, atravessar a porta da f\u00e9 \u201cimplica embrenhar-se num caminho que dura a vida inteira\u201d (<em>Porta fidei, <\/em>1). Este caminho teve seu in\u00edcio sacramental no Batismo (Rm 6,4) e alcan\u00e7ar\u00e1 sua conclus\u00e3o quando passarmos da \u201cmorte para a vida eterna, fruto da ressurrei\u00e7\u00e3o do Senhor Jesus, que, com o dom do Esp\u00edrito Santo, quis fazer participantes da sua pr\u00f3pria gl\u00f3ria quantos creem n\u2019Ele\u201d (Jo 17,22).<\/p>\n<p>Esse caminhar na f\u00e9 encontra no Ano Lit\u00fargico sua fonte espiritual, por ser ele \u201co caminho privilegiado\u201d para sermos introduzidos \u201cno mist\u00e9rio da salva\u00e7\u00e3o\u201d, mist\u00e9rio \u201canunciado pela a\u00e7\u00e3o evangelizadora\u201d da Igreja e que \u201cse torna presente nos sinais sagrados\u201d da Liturgia. Portanto, \u00e9 preciso continuar a seguir \u201ccom fidelidade o desenrolar do Ano Lit\u00fargico\u201d (<em>Mane Nobiscum Domini<\/em>, 17).<\/p>\n<p>O Conc\u00edlio Vaticano II, depois de ensinar que a Liturgia, no conjunto da miss\u00e3o da Igreja, n\u00e3o \u00e9 a \u00fanica atividade, mas \u00e9 o \u201ccume\u201d para o qual se dirige toda a a\u00e7\u00e3o da Igreja e, ao mesmo tempo, \u00e9 a \u201cfonte\u201d de onde emana toda a sua for\u00e7a (<em>Sacrosanctum Concilium, <\/em>9-10<em>), <\/em>apresenta sinteticamente o sentido do Ano Lit\u00fargico (SC 102). \u201cEm determinados dias do ano\u201d, a Igreja celebra \u201ca mem\u00f3ria sagrada da obra de salva\u00e7\u00e3o do seu divino Esposo\u201d, Jesus Cristo; centro dessa obra salvadora \u00e9 o mist\u00e9rio pascal do Senhor. Por isso, \u201cem cada semana, no domingo, celebra a Ressurrei\u00e7\u00e3o do Senhor\u201d, a qual \u00e9 celebrada uma vez por ano, no Tr\u00edduo Pascal, na \u201cP\u00e1scoa, a maior das solenidades\u201d. Seguindo a pedagogia de f\u00e9, a Igreja \u201cdistribui, pois, todo o mist\u00e9rio de Cristo pelo correr do ano, da Encarna\u00e7\u00e3o e Nascimento \u00e0 Ascens\u00e3o, ao Pentecostes, \u00e0 expectativa da feliz esperan\u00e7a e da vinda do Senhor\u201d. Dessa maneira, enquanto caminhamos no \u201choje\u201d de nossa hist\u00f3ria, nos s\u00e3o oferecidas as \u201criquezas das obras e merecimentos\u201d de nosso Senhor e salvador Jesus Cristo, \u201ca ponto de os tornar como que presentes a todo o tempo\u201d e, assim, cumular de gra\u00e7a<em>. <\/em><\/p>\n<p>Procurando, pois, \u201cseguir com fidelidade o desenrolar do Ano Lit\u00fargico\u201d quero apresentar brevemente o sentido do Tempo do Advento. Ele \u00e9 o in\u00edcio do ciclo do Natal, e nos orienta para o encontro com o Senhor, o Verbo de Deus. O Tempo do Advento inclui 4 domingos, ainda que nem sempre inclua 4 semanas inteiras; ele \u201cpossui dupla caracter\u00edstica: sendo um tempo de prepara\u00e7\u00e3o para as solenidades do Natal, em que se comemora a primeira vinda do Filho de Deus entre os homens [caracter\u00edstica especial dos 3\u00ba e 4\u00ba Domingos], \u00e9 tamb\u00e9m um tempo em que, por meio desta lembran\u00e7a, voltam-se os cora\u00e7\u00f5es para a expectativa da segunda vinda do Cristo no fim dos tempos [principalmente nos 1\u00ba e 2\u00ba Domingos]. Por este duplo motivo, o Tempo do Advento se apresenta como um tempo de piedosa e alegre expectativa. [&#8230;] Os dias de semana de 17 a 24 de dezembro inclusive visam de modo mais direto a prepara\u00e7\u00e3o do Natal do Senhor\u201d, e s\u00e3o, por compara\u00e7\u00e3o com a Quaresma, a Semana Santa do Advento (<em>Normas para o Ano Lit\u00fargico e o Calend\u00e1rio<\/em>, 39 e 42). Essa dupla caracter\u00edstica est\u00e1 presente nas ora\u00e7\u00f5es, leituras e cantos desse tempo lit\u00fargico.<\/p>\n<p>Vivamos intensamente esse tempo de espera, em que, a Cristo, \u201co Esp\u00edrito e a Esposa dizem: \u00abVem!\u00bb\u201d. E \u00e0 pessoa sedenta, diz: \u201creceba de gra\u00e7a a \u00e1gua da vida\u201d (Ap 22,17). Dediquemos um momento di\u00e1rio para ler e meditar as leituras de cada dia, ou, ao menos, o Evangelho. Sigamos fielmente \u201co desenrolar do Ano Lit\u00fargico\u201d, em meio \u00e0s conclus\u00f5es do ano civil.<\/p>\n<div id=\"themify_builder_content-23869\" data-postid=\"23869\" class=\"themify_builder_content themify_builder_content-23869 themify_builder themify_builder_front\">\n\t<\/div>\n<!-- \/themify_builder_content -->","protected":false},"excerpt":{"rendered":"<p>Dom Edmar Peron O Ano da F\u00e9, conclu\u00eddo no \u00faltimo domingo, solenidade de Nosso Senhor Jesus Cristo, Rei do Universo, nos impulsiona a prosseguir o caminho; somos peregrinos (1Pd 2,11), em busca da cidade que Deus preparou para n\u00f3s (Hb 11,16); caminhamos \u00e0 luz da f\u00e9 (Lumen fidei) e suplicamos continuamente: \u201cSenhor, aumenta a nossa [&hellip;]<\/p>\n","protected":false},"author":5,"featured_media":0,"comment_status":"open","ping_status":"open","sticky":false,"template":"","format":"standard","meta":{"ngg_post_thumbnail":0,"footnotes":""},"categories":[9],"tags":[3213,122,505,2862,2532,57,899,2292,2863,2864],"yoast_head":"<!-- This site is optimized with the Yoast SEO plugin v23.5 - https:\/\/yoast.com\/wordpress\/plugins\/seo\/ -->\n<title>Seguir com fidelidade o desenrolar do Ano Lit\u00fargico - O Arcanjo no ar<\/title>\n<meta name=\"robots\" content=\"index, follow, max-snippet:-1, max-image-preview:large, max-video-preview:-1\" \/>\n<link rel=\"canonical\" href=\"https:\/\/www.oarcanjo.net\/site\/seguir-com-fidelidade-o-desenrolar-do-ano-liturgico\/\" \/>\n<meta property=\"og:locale\" content=\"pt_BR\" \/>\n<meta property=\"og:type\" content=\"article\" \/>\n<meta property=\"og:title\" content=\"Seguir com fidelidade o desenrolar do Ano Lit\u00fargico - O Arcanjo no ar\" \/>\n<meta property=\"og:description\" content=\"Dom Edmar Peron O Ano da F\u00e9, conclu\u00eddo no \u00faltimo domingo, solenidade de Nosso Senhor Jesus Cristo, Rei do Universo, nos impulsiona a prosseguir o caminho; somos peregrinos (1Pd 2,11), em busca da cidade que Deus preparou para n\u00f3s (Hb 11,16); caminhamos \u00e0 luz da f\u00e9 (Lumen fidei) e suplicamos continuamente: \u201cSenhor, aumenta a nossa [&hellip;]\" \/>\n<meta property=\"og:url\" content=\"https:\/\/www.oarcanjo.net\/site\/seguir-com-fidelidade-o-desenrolar-do-ano-liturgico\/\" \/>\n<meta property=\"og:site_name\" content=\"O Arcanjo no ar\" \/>\n<meta property=\"article:publisher\" content=\"https:\/\/www.facebook.com\/OArcanjoNoAr\/\" \/>\n<meta property=\"article:published_time\" content=\"2013-11-26T18:49:05+00:00\" \/>\n<meta property=\"article:modified_time\" content=\"2013-11-26T18:49:24+00:00\" \/>\n<meta property=\"og:image\" content=\"https:\/\/www.oarcanjo.net\/site\/wp-content\/uploads\/logo-o-arcanjo-no-ar-facebook.png\" \/>\n\t<meta property=\"og:image:width\" content=\"300\" \/>\n\t<meta property=\"og:image:height\" content=\"300\" \/>\n\t<meta property=\"og:image:type\" content=\"image\/png\" \/>\n<meta name=\"author\" content=\"editor\" \/>\n<meta name=\"twitter:card\" content=\"summary_large_image\" \/>\n<meta name=\"twitter:label1\" content=\"Escrito por\" \/>\n\t<meta name=\"twitter:data1\" content=\"editor\" \/>\n\t<meta name=\"twitter:label2\" content=\"Est. tempo de leitura\" \/>\n\t<meta name=\"twitter:data2\" content=\"3 minutos\" \/>\n<script type=\"application\/ld+json\" class=\"yoast-schema-graph\">{\"@context\":\"https:\/\/schema.org\",\"@graph\":[{\"@type\":\"Article\",\"@id\":\"https:\/\/www.oarcanjo.net\/site\/seguir-com-fidelidade-o-desenrolar-do-ano-liturgico\/#article\",\"isPartOf\":{\"@id\":\"https:\/\/www.oarcanjo.net\/site\/seguir-com-fidelidade-o-desenrolar-do-ano-liturgico\/\"},\"author\":{\"name\":\"editor\",\"@id\":\"https:\/\/www.oarcanjo.net\/site\/#\/schema\/person\/f7024d007863202483a31326673a0838\"},\"headline\":\"Seguir com fidelidade o desenrolar do Ano Lit\u00fargico\",\"datePublished\":\"2013-11-26T18:49:05+00:00\",\"dateModified\":\"2013-11-26T18:49:24+00:00\",\"mainEntityOfPage\":{\"@id\":\"https:\/\/www.oarcanjo.net\/site\/seguir-com-fidelidade-o-desenrolar-do-ano-liturgico\/\"},\"wordCount\":697,\"commentCount\":0,\"publisher\":{\"@id\":\"https:\/\/www.oarcanjo.net\/site\/#organization\"},\"keywords\":[\"Ano da F\u00e9\",\"ano lit\u00fargico\",\"Conc\u00edlio Vaticano II\",\"Espera Expectativa Natal\",\"Lumen fidei\",\"Palavra de Deus\",\"Papa Bento XVI\",\"Porta F\u00eddei\",\"Tempo do Advento\",\"Verbo de Deus\"],\"articleSection\":[\"Reflex\u00f5es\"],\"inLanguage\":\"pt-BR\",\"potentialAction\":[{\"@type\":\"CommentAction\",\"name\":\"Comment\",\"target\":[\"https:\/\/www.oarcanjo.net\/site\/seguir-com-fidelidade-o-desenrolar-do-ano-liturgico\/#respond\"]}]},{\"@type\":\"WebPage\",\"@id\":\"https:\/\/www.oarcanjo.net\/site\/seguir-com-fidelidade-o-desenrolar-do-ano-liturgico\/\",\"url\":\"https:\/\/www.oarcanjo.net\/site\/seguir-com-fidelidade-o-desenrolar-do-ano-liturgico\/\",\"name\":\"Seguir com fidelidade o desenrolar do Ano Lit\u00fargico - O Arcanjo no ar\",\"isPartOf\":{\"@id\":\"https:\/\/www.oarcanjo.net\/site\/#website\"},\"datePublished\":\"2013-11-26T18:49:05+00:00\",\"dateModified\":\"2013-11-26T18:49:24+00:00\",\"breadcrumb\":{\"@id\":\"https:\/\/www.oarcanjo.net\/site\/seguir-com-fidelidade-o-desenrolar-do-ano-liturgico\/#breadcrumb\"},\"inLanguage\":\"pt-BR\",\"potentialAction\":[{\"@type\":\"ReadAction\",\"target\":[\"https:\/\/www.oarcanjo.net\/site\/seguir-com-fidelidade-o-desenrolar-do-ano-liturgico\/\"]}]},{\"@type\":\"BreadcrumbList\",\"@id\":\"https:\/\/www.oarcanjo.net\/site\/seguir-com-fidelidade-o-desenrolar-do-ano-liturgico\/#breadcrumb\",\"itemListElement\":[{\"@type\":\"ListItem\",\"position\":1,\"name\":\"In\u00edcio\",\"item\":\"https:\/\/www.oarcanjo.net\/site\/\"},{\"@type\":\"ListItem\",\"position\":2,\"name\":\"Seguir com fidelidade o desenrolar do Ano Lit\u00fargico\"}]},{\"@type\":\"WebSite\",\"@id\":\"https:\/\/www.oarcanjo.net\/site\/#website\",\"url\":\"https:\/\/www.oarcanjo.net\/site\/\",\"name\":\"O Arcanjo no ar\",\"description\":\"Site da Par\u00f3quia S\u00e3o Miguel Arcanjo (Arquidiocese de SP)\",\"publisher\":{\"@id\":\"https:\/\/www.oarcanjo.net\/site\/#organization\"},\"potentialAction\":[{\"@type\":\"SearchAction\",\"target\":{\"@type\":\"EntryPoint\",\"urlTemplate\":\"https:\/\/www.oarcanjo.net\/site\/?s={search_term_string}\"},\"query-input\":{\"@type\":\"PropertyValueSpecification\",\"valueRequired\":true,\"valueName\":\"search_term_string\"}}],\"inLanguage\":\"pt-BR\"},{\"@type\":\"Organization\",\"@id\":\"https:\/\/www.oarcanjo.net\/site\/#organization\",\"name\":\"Par\u00f3quia S\u00e3o Miguel Arcanjo\",\"url\":\"https:\/\/www.oarcanjo.net\/site\/\",\"logo\":{\"@type\":\"ImageObject\",\"inLanguage\":\"pt-BR\",\"@id\":\"https:\/\/www.oarcanjo.net\/site\/#\/schema\/logo\/image\/\",\"url\":\"https:\/\/www.oarcanjo.net\/site\/wp-content\/uploads\/LogoOArcanjo.png\",\"contentUrl\":\"https:\/\/www.oarcanjo.net\/site\/wp-content\/uploads\/LogoOArcanjo.png\",\"width\":319,\"height\":99,\"caption\":\"Par\u00f3quia S\u00e3o Miguel Arcanjo\"},\"image\":{\"@id\":\"https:\/\/www.oarcanjo.net\/site\/#\/schema\/logo\/image\/\"},\"sameAs\":[\"https:\/\/www.facebook.com\/OArcanjoNoAr\/\"]},{\"@type\":\"Person\",\"@id\":\"https:\/\/www.oarcanjo.net\/site\/#\/schema\/person\/f7024d007863202483a31326673a0838\",\"name\":\"editor\",\"sameAs\":[\"http:\/\/www.oarcanjo.net\"]}]}<\/script>\n<!-- \/ Yoast SEO plugin. -->","yoast_head_json":{"title":"Seguir com fidelidade o desenrolar do Ano Lit\u00fargico - O Arcanjo no ar","robots":{"index":"index","follow":"follow","max-snippet":"max-snippet:-1","max-image-preview":"max-image-preview:large","max-video-preview":"max-video-preview:-1"},"canonical":"https:\/\/www.oarcanjo.net\/site\/seguir-com-fidelidade-o-desenrolar-do-ano-liturgico\/","og_locale":"pt_BR","og_type":"article","og_title":"Seguir com fidelidade o desenrolar do Ano Lit\u00fargico - O Arcanjo no ar","og_description":"Dom Edmar Peron O Ano da F\u00e9, conclu\u00eddo no \u00faltimo domingo, solenidade de Nosso Senhor Jesus Cristo, Rei do Universo, nos impulsiona a prosseguir o caminho; somos peregrinos (1Pd 2,11), em busca da cidade que Deus preparou para n\u00f3s (Hb 11,16); caminhamos \u00e0 luz da f\u00e9 (Lumen fidei) e suplicamos continuamente: \u201cSenhor, aumenta a nossa [&hellip;]","og_url":"https:\/\/www.oarcanjo.net\/site\/seguir-com-fidelidade-o-desenrolar-do-ano-liturgico\/","og_site_name":"O Arcanjo no ar","article_publisher":"https:\/\/www.facebook.com\/OArcanjoNoAr\/","article_published_time":"2013-11-26T18:49:05+00:00","article_modified_time":"2013-11-26T18:49:24+00:00","og_image":[{"width":300,"height":300,"url":"https:\/\/www.oarcanjo.net\/site\/wp-content\/uploads\/logo-o-arcanjo-no-ar-facebook.png","type":"image\/png"}],"author":"editor","twitter_card":"summary_large_image","twitter_misc":{"Escrito por":"editor","Est. tempo de leitura":"3 minutos"},"schema":{"@context":"https:\/\/schema.org","@graph":[{"@type":"Article","@id":"https:\/\/www.oarcanjo.net\/site\/seguir-com-fidelidade-o-desenrolar-do-ano-liturgico\/#article","isPartOf":{"@id":"https:\/\/www.oarcanjo.net\/site\/seguir-com-fidelidade-o-desenrolar-do-ano-liturgico\/"},"author":{"name":"editor","@id":"https:\/\/www.oarcanjo.net\/site\/#\/schema\/person\/f7024d007863202483a31326673a0838"},"headline":"Seguir com fidelidade o desenrolar do Ano Lit\u00fargico","datePublished":"2013-11-26T18:49:05+00:00","dateModified":"2013-11-26T18:49:24+00:00","mainEntityOfPage":{"@id":"https:\/\/www.oarcanjo.net\/site\/seguir-com-fidelidade-o-desenrolar-do-ano-liturgico\/"},"wordCount":697,"commentCount":0,"publisher":{"@id":"https:\/\/www.oarcanjo.net\/site\/#organization"},"keywords":["Ano da F\u00e9","ano lit\u00fargico","Conc\u00edlio Vaticano II","Espera Expectativa Natal","Lumen fidei","Palavra de Deus","Papa Bento XVI","Porta F\u00eddei","Tempo do Advento","Verbo de Deus"],"articleSection":["Reflex\u00f5es"],"inLanguage":"pt-BR","potentialAction":[{"@type":"CommentAction","name":"Comment","target":["https:\/\/www.oarcanjo.net\/site\/seguir-com-fidelidade-o-desenrolar-do-ano-liturgico\/#respond"]}]},{"@type":"WebPage","@id":"https:\/\/www.oarcanjo.net\/site\/seguir-com-fidelidade-o-desenrolar-do-ano-liturgico\/","url":"https:\/\/www.oarcanjo.net\/site\/seguir-com-fidelidade-o-desenrolar-do-ano-liturgico\/","name":"Seguir com fidelidade o desenrolar do Ano Lit\u00fargico - O Arcanjo no ar","isPartOf":{"@id":"https:\/\/www.oarcanjo.net\/site\/#website"},"datePublished":"2013-11-26T18:49:05+00:00","dateModified":"2013-11-26T18:49:24+00:00","breadcrumb":{"@id":"https:\/\/www.oarcanjo.net\/site\/seguir-com-fidelidade-o-desenrolar-do-ano-liturgico\/#breadcrumb"},"inLanguage":"pt-BR","potentialAction":[{"@type":"ReadAction","target":["https:\/\/www.oarcanjo.net\/site\/seguir-com-fidelidade-o-desenrolar-do-ano-liturgico\/"]}]},{"@type":"BreadcrumbList","@id":"https:\/\/www.oarcanjo.net\/site\/seguir-com-fidelidade-o-desenrolar-do-ano-liturgico\/#breadcrumb","itemListElement":[{"@type":"ListItem","position":1,"name":"In\u00edcio","item":"https:\/\/www.oarcanjo.net\/site\/"},{"@type":"ListItem","position":2,"name":"Seguir com fidelidade o desenrolar do Ano Lit\u00fargico"}]},{"@type":"WebSite","@id":"https:\/\/www.oarcanjo.net\/site\/#website","url":"https:\/\/www.oarcanjo.net\/site\/","name":"O Arcanjo no ar","description":"Site da Par\u00f3quia S\u00e3o Miguel Arcanjo (Arquidiocese de SP)","publisher":{"@id":"https:\/\/www.oarcanjo.net\/site\/#organization"},"potentialAction":[{"@type":"SearchAction","target":{"@type":"EntryPoint","urlTemplate":"https:\/\/www.oarcanjo.net\/site\/?s={search_term_string}"},"query-input":{"@type":"PropertyValueSpecification","valueRequired":true,"valueName":"search_term_string"}}],"inLanguage":"pt-BR"},{"@type":"Organization","@id":"https:\/\/www.oarcanjo.net\/site\/#organization","name":"Par\u00f3quia S\u00e3o Miguel Arcanjo","url":"https:\/\/www.oarcanjo.net\/site\/","logo":{"@type":"ImageObject","inLanguage":"pt-BR","@id":"https:\/\/www.oarcanjo.net\/site\/#\/schema\/logo\/image\/","url":"https:\/\/www.oarcanjo.net\/site\/wp-content\/uploads\/LogoOArcanjo.png","contentUrl":"https:\/\/www.oarcanjo.net\/site\/wp-content\/uploads\/LogoOArcanjo.png","width":319,"height":99,"caption":"Par\u00f3quia S\u00e3o Miguel Arcanjo"},"image":{"@id":"https:\/\/www.oarcanjo.net\/site\/#\/schema\/logo\/image\/"},"sameAs":["https:\/\/www.facebook.com\/OArcanjoNoAr\/"]},{"@type":"Person","@id":"https:\/\/www.oarcanjo.net\/site\/#\/schema\/person\/f7024d007863202483a31326673a0838","name":"editor","sameAs":["http:\/\/www.oarcanjo.net"]}]}},"publishpress_future_action":{"enabled":false,"date":"2026-05-09 01:50:04","action":"category","newStatus":"draft","terms":[],"taxonomy":"category"},"publishpress_future_workflow_manual_trigger":{"enabledWorkflows":[]},"_links":{"self":[{"href":"https:\/\/www.oarcanjo.net\/site\/wp-json\/wp\/v2\/posts\/23869"}],"collection":[{"href":"https:\/\/www.oarcanjo.net\/site\/wp-json\/wp\/v2\/posts"}],"about":[{"href":"https:\/\/www.oarcanjo.net\/site\/wp-json\/wp\/v2\/types\/post"}],"author":[{"embeddable":true,"href":"https:\/\/www.oarcanjo.net\/site\/wp-json\/wp\/v2\/users\/5"}],"replies":[{"embeddable":true,"href":"https:\/\/www.oarcanjo.net\/site\/wp-json\/wp\/v2\/comments?post=23869"}],"version-history":[{"count":0,"href":"https:\/\/www.oarcanjo.net\/site\/wp-json\/wp\/v2\/posts\/23869\/revisions"}],"wp:attachment":[{"href":"https:\/\/www.oarcanjo.net\/site\/wp-json\/wp\/v2\/media?parent=23869"}],"wp:term":[{"taxonomy":"category","embeddable":true,"href":"https:\/\/www.oarcanjo.net\/site\/wp-json\/wp\/v2\/categories?post=23869"},{"taxonomy":"post_tag","embeddable":true,"href":"https:\/\/www.oarcanjo.net\/site\/wp-json\/wp\/v2\/tags?post=23869"}],"curies":[{"name":"wp","href":"https:\/\/api.w.org\/{rel}","templated":true}]}}