
{"id":2387,"date":"2009-03-16T08:24:40","date_gmt":"2009-03-16T11:24:40","guid":{"rendered":"http:\/\/www.oarcanjo.net\/site\/?p=2387"},"modified":"2009-03-16T08:24:40","modified_gmt":"2009-03-16T11:24:40","slug":"do-mundo-virtual-ao-espiritual","status":"publish","type":"post","link":"https:\/\/www.oarcanjo.net\/site\/do-mundo-virtual-ao-espiritual\/","title":{"rendered":"Do mundo virtual ao espiritual"},"content":{"rendered":"<p>Frei Betto <\/p>\n<p>Ao viajar pelo Oriente, mantive contatos com monges do Tibete, da Mong\u00f3lia, do Jap\u00e3o e da China. Eram homens serenos, comedidos, recolhidos e em paz nos seus mantos cor de a\u00e7afr\u00e3o. Outro dia, eu observava o movimento do aeroporto de S\u00e3o Paulo: a sala de espera cheia de executivos com telefones celulares, preocupados, ansiosos, geralmente comendo mais do que deviam. Com certeza, j\u00e1 haviam tomado caf\u00e9 da manh\u00e3 em casa, mas como a companhia a\u00e9rea oferecia um outro caf\u00e9, todos comiam vorazmente. Aquilo me fez refletir: &#8216;Qual dos dois modelos produz felicidade?&#8217;<\/p>\n<p>Encontrei Daniela, 10 anos, no elevador, \u00e0s nove da manh\u00e3, e perguntei: &#8216;N\u00e3o foi \u00e0 aula?&#8217; Ela respondeu: &#8216;N\u00e3o, tenho aula \u00e0 tarde&#8217;. Comemorei: &#8216;Que bom, ent\u00e3o de manh\u00e3 voc\u00ea pode brincar, dormir at\u00e9 mais tarde&#8217;. &#8216;N\u00e3o&#8217;, retrucou ela, &#8216;tenho tanta coisa de manh\u00e3&#8230;&#8217; &#8216;Que tanta coisa?&#8217;, perguntei. Aulas de ingl\u00eas, de bal\u00e9, de pintura, piscina&#8217;, e come\u00e7ou a elencar seu programa de garota robotizada. Fiquei pensando: &#8216;Que pena, a Daniela n\u00e3o disse: &#8216;Tenho aula de medita\u00e7\u00e3o!&#8217; Estamos construindo super-homens e super-mulheres, totalmente equipados, mas emocionalmente infantilizados.<\/p>\n<p>Uma progressista cidade do interior de S\u00e3o Paulo tinha, em 1960, seis livrarias e uma academia de gin\u00e1stica; hoje, tem sessenta academias de gin\u00e1stica e tr\u00eas livrarias! N\u00e3o tenho nada contra malhar o corpo, mas me preocupo com a despropor\u00e7\u00e3o em rela\u00e7\u00e3o \u00e0 malha\u00e7\u00e3o do esp\u00edrito. Acho \u00f3timo, vamos todos morrer esbeltos: &#8216;Como estava o defunto?&#8217;. &#8216;Olha, uma maravilha, n\u00e3o tinha uma celulite!&#8217; Mas como fica a quest\u00e3o da subjetividade? Da espiritualidade? Da ociosidade amorosa?<\/p>\n<p>Hoje, a palavra \u00e9 virtualidade. Tudo \u00e9 virtual. Trancado em seu quarto, em Bras\u00edlia, um homem pode ter uma amiga \u00edntima em T\u00f3quio, sem nenhuma preocupa\u00e7\u00e3o de conhecer o seu vizinho de pr\u00e9dio ou de  quadra! Tudo \u00e9 virtual. Somos m\u00edsticos virtuais, religiosos virtuais, cidad\u00e3os virtuais. E somos tamb\u00e9m eticamente virtuais&#8230;<\/p>\n<p>A palavra hoje \u00e9 &#8216;entretenimento&#8217;; domingo, ent\u00e3o, \u00e9 o dia nacional da imbeciliza\u00e7\u00e3o coletiva. Imbecil o apresentador, imbecil quem vai l\u00e1 e se apresenta no palco, imbecil quem perde a tarde diante da tela. Como a publicidade n\u00e3o consegue vender felicidade, passa a ilus\u00e3o de que felicidade \u00e9 o resultado da soma de prazeres: &#8216;Se tomar este refrigerante, vestir este t\u00eanis, usar esta camisa, comprar este carro, voc\u00ea chega l\u00e1!&#8217; O problema \u00e9 que, em geral, n\u00e3o se chega! Quem cede, desenvolve de tal maneira o desejo, que acaba precisando de um analista. Ou de rem\u00e9dios. Quem resiste, aumenta a neurose. <\/p>\n<p>O grande desafio \u00e9 come\u00e7ar a ver o quanto \u00e9 bom ser livre de todo esse condicionamento globalizante, neoliberal, consumista. Assim, pode-se viver melhor. Ali\u00e1s, para uma boa sa\u00fade mental tr\u00eas requisitos s\u00e3o indispens\u00e1veis: amizades, auto-estima, aus\u00eancia de estresse.<\/p>\n<p>H\u00e1 uma l\u00f3gica religiosa no consumismo p\u00f3s-moderno. Na Idade M\u00e9dia, as cidades adquiriam status construindo uma catedral; hoje, no Brasil, constr\u00f3i-se um shopping center. \u00c9 curioso: a maioria dos shoppings centers tem linhas arquitet\u00f4nicas de catedrais estilizadas; neles n\u00e3o se pode ir de qualquer maneira, \u00e9 preciso vestir roupa de missa de domingo. E ali dentro sente-se uma sensa\u00e7\u00e3o paradis\u00edaca: n\u00e3o h\u00e1 mendigos, crian\u00e7as de rua, sujeira pelas cal\u00e7adas&#8230;<\/p>\n<p>Entra-se naqueles claustros ao som do gregoriano p\u00f3s-moderno, aquela musiquinha de esperar dentista. Observam-se os v\u00e1rios nichos, todas aquelas capelas com os vener\u00e1veis objetos de consumo, acolitados por belas sacerdotisas. Quem pode comprar \u00e0 vista, sente-se no reino dos c\u00e9us. Se deve passar cheque pr\u00e9-datado, pagar a cr\u00e9dito, entrar no cheque especial, sente-se no purgat\u00f3rio. Mas se n\u00e3o pode comprar, certamente vai se sentir no inferno&#8230; Felizmente, terminam todos na eucaristia p\u00f3s-moderna, irmanados na mesma mesa, com o mesmo suco e o mesmo hamb\u00farguer do Mc<br \/>\nDonalds&#8230;<\/p>\n<p>Costumo advertir os balconistas que me cercam \u00e0 porta das lojas: &#8216;Estou apenas fazendo um passeio socr\u00e1tico.&#8217; Diante de seus olhares espantados, explico: &#8216;S\u00f3crates, fil\u00f3sofo grego, tamb\u00e9m gostava de descansar a cabe\u00e7a percorrendo o centro comercial de Atenas. Quando vendedores como voc\u00eas o assediavam, ele respondia: &#8220;Estou apenas observando quanta coisa existe de que n\u00e3o preciso para ser feliz!&#8221;<\/p>\n<div id=\"themify_builder_content-2387\" data-postid=\"2387\" class=\"themify_builder_content themify_builder_content-2387 themify_builder themify_builder_front\">\n\t<\/div>\n<!-- \/themify_builder_content -->","protected":false},"excerpt":{"rendered":"<p>Frei Betto Ao viajar pelo Oriente, mantive contatos com monges do Tibete, da Mong\u00f3lia, do Jap\u00e3o e da China. Eram homens serenos, comedidos, recolhidos e em paz nos seus mantos cor de a\u00e7afr\u00e3o. Outro dia, eu observava o movimento do aeroporto de S\u00e3o Paulo: a sala de espera cheia de executivos com telefones celulares, preocupados, [&hellip;]<\/p>\n","protected":false},"author":5,"featured_media":0,"comment_status":"open","ping_status":"open","sticky":false,"template":"","format":"standard","meta":{"ngg_post_thumbnail":0,"footnotes":""},"categories":[9],"tags":[106,76,339,340],"yoast_head":"<!-- This site is optimized with the Yoast SEO plugin v23.5 - https:\/\/yoast.com\/wordpress\/plugins\/seo\/ -->\n<title>Do mundo virtual ao espiritual - O Arcanjo no ar<\/title>\n<meta name=\"robots\" content=\"index, follow, max-snippet:-1, max-image-preview:large, max-video-preview:-1\" \/>\n<link rel=\"canonical\" href=\"https:\/\/www.oarcanjo.net\/site\/do-mundo-virtual-ao-espiritual\/\" \/>\n<meta property=\"og:locale\" content=\"pt_BR\" \/>\n<meta property=\"og:type\" content=\"article\" \/>\n<meta property=\"og:title\" content=\"Do mundo virtual ao espiritual - O Arcanjo no ar\" \/>\n<meta property=\"og:description\" content=\"Frei Betto Ao viajar pelo Oriente, mantive contatos com monges do Tibete, da Mong\u00f3lia, do Jap\u00e3o e da China. Eram homens serenos, comedidos, recolhidos e em paz nos seus mantos cor de a\u00e7afr\u00e3o. Outro dia, eu observava o movimento do aeroporto de S\u00e3o Paulo: a sala de espera cheia de executivos com telefones celulares, preocupados, [&hellip;]\" \/>\n<meta property=\"og:url\" content=\"https:\/\/www.oarcanjo.net\/site\/do-mundo-virtual-ao-espiritual\/\" \/>\n<meta property=\"og:site_name\" content=\"O Arcanjo no ar\" \/>\n<meta property=\"article:publisher\" content=\"https:\/\/www.facebook.com\/OArcanjoNoAr\/\" \/>\n<meta property=\"article:published_time\" content=\"2009-03-16T11:24:40+00:00\" \/>\n<meta property=\"og:image\" content=\"https:\/\/www.oarcanjo.net\/site\/wp-content\/uploads\/logo-o-arcanjo-no-ar-facebook.png\" \/>\n\t<meta property=\"og:image:width\" content=\"300\" \/>\n\t<meta property=\"og:image:height\" content=\"300\" \/>\n\t<meta property=\"og:image:type\" content=\"image\/png\" \/>\n<meta name=\"author\" content=\"editor\" \/>\n<meta name=\"twitter:card\" content=\"summary_large_image\" \/>\n<meta name=\"twitter:label1\" content=\"Escrito por\" \/>\n\t<meta name=\"twitter:data1\" content=\"editor\" \/>\n\t<meta name=\"twitter:label2\" content=\"Est. tempo de leitura\" \/>\n\t<meta name=\"twitter:data2\" content=\"4 minutos\" \/>\n<script type=\"application\/ld+json\" class=\"yoast-schema-graph\">{\"@context\":\"https:\/\/schema.org\",\"@graph\":[{\"@type\":\"Article\",\"@id\":\"https:\/\/www.oarcanjo.net\/site\/do-mundo-virtual-ao-espiritual\/#article\",\"isPartOf\":{\"@id\":\"https:\/\/www.oarcanjo.net\/site\/do-mundo-virtual-ao-espiritual\/\"},\"author\":{\"name\":\"editor\",\"@id\":\"https:\/\/www.oarcanjo.net\/site\/#\/schema\/person\/f7024d007863202483a31326673a0838\"},\"headline\":\"Do mundo virtual ao espiritual\",\"datePublished\":\"2009-03-16T11:24:40+00:00\",\"dateModified\":\"2009-03-16T11:24:40+00:00\",\"mainEntityOfPage\":{\"@id\":\"https:\/\/www.oarcanjo.net\/site\/do-mundo-virtual-ao-espiritual\/\"},\"wordCount\":732,\"commentCount\":0,\"publisher\":{\"@id\":\"https:\/\/www.oarcanjo.net\/site\/#organization\"},\"keywords\":[\"consumismo\",\"espiritualidade\",\"idolatria\",\"S\u00f3crates\"],\"articleSection\":[\"Reflex\u00f5es\"],\"inLanguage\":\"pt-BR\",\"potentialAction\":[{\"@type\":\"CommentAction\",\"name\":\"Comment\",\"target\":[\"https:\/\/www.oarcanjo.net\/site\/do-mundo-virtual-ao-espiritual\/#respond\"]}]},{\"@type\":\"WebPage\",\"@id\":\"https:\/\/www.oarcanjo.net\/site\/do-mundo-virtual-ao-espiritual\/\",\"url\":\"https:\/\/www.oarcanjo.net\/site\/do-mundo-virtual-ao-espiritual\/\",\"name\":\"Do mundo virtual ao espiritual - O Arcanjo no ar\",\"isPartOf\":{\"@id\":\"https:\/\/www.oarcanjo.net\/site\/#website\"},\"datePublished\":\"2009-03-16T11:24:40+00:00\",\"dateModified\":\"2009-03-16T11:24:40+00:00\",\"breadcrumb\":{\"@id\":\"https:\/\/www.oarcanjo.net\/site\/do-mundo-virtual-ao-espiritual\/#breadcrumb\"},\"inLanguage\":\"pt-BR\",\"potentialAction\":[{\"@type\":\"ReadAction\",\"target\":[\"https:\/\/www.oarcanjo.net\/site\/do-mundo-virtual-ao-espiritual\/\"]}]},{\"@type\":\"BreadcrumbList\",\"@id\":\"https:\/\/www.oarcanjo.net\/site\/do-mundo-virtual-ao-espiritual\/#breadcrumb\",\"itemListElement\":[{\"@type\":\"ListItem\",\"position\":1,\"name\":\"In\u00edcio\",\"item\":\"https:\/\/www.oarcanjo.net\/site\/\"},{\"@type\":\"ListItem\",\"position\":2,\"name\":\"Do mundo virtual ao espiritual\"}]},{\"@type\":\"WebSite\",\"@id\":\"https:\/\/www.oarcanjo.net\/site\/#website\",\"url\":\"https:\/\/www.oarcanjo.net\/site\/\",\"name\":\"O Arcanjo no ar\",\"description\":\"Site da Par\u00f3quia S\u00e3o Miguel Arcanjo (Arquidiocese de SP)\",\"publisher\":{\"@id\":\"https:\/\/www.oarcanjo.net\/site\/#organization\"},\"potentialAction\":[{\"@type\":\"SearchAction\",\"target\":{\"@type\":\"EntryPoint\",\"urlTemplate\":\"https:\/\/www.oarcanjo.net\/site\/?s={search_term_string}\"},\"query-input\":{\"@type\":\"PropertyValueSpecification\",\"valueRequired\":true,\"valueName\":\"search_term_string\"}}],\"inLanguage\":\"pt-BR\"},{\"@type\":\"Organization\",\"@id\":\"https:\/\/www.oarcanjo.net\/site\/#organization\",\"name\":\"Par\u00f3quia S\u00e3o Miguel Arcanjo\",\"url\":\"https:\/\/www.oarcanjo.net\/site\/\",\"logo\":{\"@type\":\"ImageObject\",\"inLanguage\":\"pt-BR\",\"@id\":\"https:\/\/www.oarcanjo.net\/site\/#\/schema\/logo\/image\/\",\"url\":\"https:\/\/www.oarcanjo.net\/site\/wp-content\/uploads\/LogoOArcanjo.png\",\"contentUrl\":\"https:\/\/www.oarcanjo.net\/site\/wp-content\/uploads\/LogoOArcanjo.png\",\"width\":319,\"height\":99,\"caption\":\"Par\u00f3quia S\u00e3o Miguel Arcanjo\"},\"image\":{\"@id\":\"https:\/\/www.oarcanjo.net\/site\/#\/schema\/logo\/image\/\"},\"sameAs\":[\"https:\/\/www.facebook.com\/OArcanjoNoAr\/\"]},{\"@type\":\"Person\",\"@id\":\"https:\/\/www.oarcanjo.net\/site\/#\/schema\/person\/f7024d007863202483a31326673a0838\",\"name\":\"editor\",\"sameAs\":[\"http:\/\/www.oarcanjo.net\"]}]}<\/script>\n<!-- \/ Yoast SEO plugin. -->","yoast_head_json":{"title":"Do mundo virtual ao espiritual - O Arcanjo no ar","robots":{"index":"index","follow":"follow","max-snippet":"max-snippet:-1","max-image-preview":"max-image-preview:large","max-video-preview":"max-video-preview:-1"},"canonical":"https:\/\/www.oarcanjo.net\/site\/do-mundo-virtual-ao-espiritual\/","og_locale":"pt_BR","og_type":"article","og_title":"Do mundo virtual ao espiritual - O Arcanjo no ar","og_description":"Frei Betto Ao viajar pelo Oriente, mantive contatos com monges do Tibete, da Mong\u00f3lia, do Jap\u00e3o e da China. Eram homens serenos, comedidos, recolhidos e em paz nos seus mantos cor de a\u00e7afr\u00e3o. Outro dia, eu observava o movimento do aeroporto de S\u00e3o Paulo: a sala de espera cheia de executivos com telefones celulares, preocupados, [&hellip;]","og_url":"https:\/\/www.oarcanjo.net\/site\/do-mundo-virtual-ao-espiritual\/","og_site_name":"O Arcanjo no ar","article_publisher":"https:\/\/www.facebook.com\/OArcanjoNoAr\/","article_published_time":"2009-03-16T11:24:40+00:00","og_image":[{"width":300,"height":300,"url":"https:\/\/www.oarcanjo.net\/site\/wp-content\/uploads\/logo-o-arcanjo-no-ar-facebook.png","type":"image\/png"}],"author":"editor","twitter_card":"summary_large_image","twitter_misc":{"Escrito por":"editor","Est. tempo de leitura":"4 minutos"},"schema":{"@context":"https:\/\/schema.org","@graph":[{"@type":"Article","@id":"https:\/\/www.oarcanjo.net\/site\/do-mundo-virtual-ao-espiritual\/#article","isPartOf":{"@id":"https:\/\/www.oarcanjo.net\/site\/do-mundo-virtual-ao-espiritual\/"},"author":{"name":"editor","@id":"https:\/\/www.oarcanjo.net\/site\/#\/schema\/person\/f7024d007863202483a31326673a0838"},"headline":"Do mundo virtual ao espiritual","datePublished":"2009-03-16T11:24:40+00:00","dateModified":"2009-03-16T11:24:40+00:00","mainEntityOfPage":{"@id":"https:\/\/www.oarcanjo.net\/site\/do-mundo-virtual-ao-espiritual\/"},"wordCount":732,"commentCount":0,"publisher":{"@id":"https:\/\/www.oarcanjo.net\/site\/#organization"},"keywords":["consumismo","espiritualidade","idolatria","S\u00f3crates"],"articleSection":["Reflex\u00f5es"],"inLanguage":"pt-BR","potentialAction":[{"@type":"CommentAction","name":"Comment","target":["https:\/\/www.oarcanjo.net\/site\/do-mundo-virtual-ao-espiritual\/#respond"]}]},{"@type":"WebPage","@id":"https:\/\/www.oarcanjo.net\/site\/do-mundo-virtual-ao-espiritual\/","url":"https:\/\/www.oarcanjo.net\/site\/do-mundo-virtual-ao-espiritual\/","name":"Do mundo virtual ao espiritual - O Arcanjo no ar","isPartOf":{"@id":"https:\/\/www.oarcanjo.net\/site\/#website"},"datePublished":"2009-03-16T11:24:40+00:00","dateModified":"2009-03-16T11:24:40+00:00","breadcrumb":{"@id":"https:\/\/www.oarcanjo.net\/site\/do-mundo-virtual-ao-espiritual\/#breadcrumb"},"inLanguage":"pt-BR","potentialAction":[{"@type":"ReadAction","target":["https:\/\/www.oarcanjo.net\/site\/do-mundo-virtual-ao-espiritual\/"]}]},{"@type":"BreadcrumbList","@id":"https:\/\/www.oarcanjo.net\/site\/do-mundo-virtual-ao-espiritual\/#breadcrumb","itemListElement":[{"@type":"ListItem","position":1,"name":"In\u00edcio","item":"https:\/\/www.oarcanjo.net\/site\/"},{"@type":"ListItem","position":2,"name":"Do mundo virtual ao espiritual"}]},{"@type":"WebSite","@id":"https:\/\/www.oarcanjo.net\/site\/#website","url":"https:\/\/www.oarcanjo.net\/site\/","name":"O Arcanjo no ar","description":"Site da Par\u00f3quia S\u00e3o Miguel Arcanjo (Arquidiocese de SP)","publisher":{"@id":"https:\/\/www.oarcanjo.net\/site\/#organization"},"potentialAction":[{"@type":"SearchAction","target":{"@type":"EntryPoint","urlTemplate":"https:\/\/www.oarcanjo.net\/site\/?s={search_term_string}"},"query-input":{"@type":"PropertyValueSpecification","valueRequired":true,"valueName":"search_term_string"}}],"inLanguage":"pt-BR"},{"@type":"Organization","@id":"https:\/\/www.oarcanjo.net\/site\/#organization","name":"Par\u00f3quia S\u00e3o Miguel Arcanjo","url":"https:\/\/www.oarcanjo.net\/site\/","logo":{"@type":"ImageObject","inLanguage":"pt-BR","@id":"https:\/\/www.oarcanjo.net\/site\/#\/schema\/logo\/image\/","url":"https:\/\/www.oarcanjo.net\/site\/wp-content\/uploads\/LogoOArcanjo.png","contentUrl":"https:\/\/www.oarcanjo.net\/site\/wp-content\/uploads\/LogoOArcanjo.png","width":319,"height":99,"caption":"Par\u00f3quia S\u00e3o Miguel Arcanjo"},"image":{"@id":"https:\/\/www.oarcanjo.net\/site\/#\/schema\/logo\/image\/"},"sameAs":["https:\/\/www.facebook.com\/OArcanjoNoAr\/"]},{"@type":"Person","@id":"https:\/\/www.oarcanjo.net\/site\/#\/schema\/person\/f7024d007863202483a31326673a0838","name":"editor","sameAs":["http:\/\/www.oarcanjo.net"]}]}},"publishpress_future_action":{"enabled":false,"date":"2026-05-07 21:40:04","action":"category","newStatus":"draft","terms":[],"taxonomy":"category"},"publishpress_future_workflow_manual_trigger":{"enabledWorkflows":[]},"_links":{"self":[{"href":"https:\/\/www.oarcanjo.net\/site\/wp-json\/wp\/v2\/posts\/2387"}],"collection":[{"href":"https:\/\/www.oarcanjo.net\/site\/wp-json\/wp\/v2\/posts"}],"about":[{"href":"https:\/\/www.oarcanjo.net\/site\/wp-json\/wp\/v2\/types\/post"}],"author":[{"embeddable":true,"href":"https:\/\/www.oarcanjo.net\/site\/wp-json\/wp\/v2\/users\/5"}],"replies":[{"embeddable":true,"href":"https:\/\/www.oarcanjo.net\/site\/wp-json\/wp\/v2\/comments?post=2387"}],"version-history":[{"count":0,"href":"https:\/\/www.oarcanjo.net\/site\/wp-json\/wp\/v2\/posts\/2387\/revisions"}],"wp:attachment":[{"href":"https:\/\/www.oarcanjo.net\/site\/wp-json\/wp\/v2\/media?parent=2387"}],"wp:term":[{"taxonomy":"category","embeddable":true,"href":"https:\/\/www.oarcanjo.net\/site\/wp-json\/wp\/v2\/categories?post=2387"},{"taxonomy":"post_tag","embeddable":true,"href":"https:\/\/www.oarcanjo.net\/site\/wp-json\/wp\/v2\/tags?post=2387"}],"curies":[{"name":"wp","href":"https:\/\/api.w.org\/{rel}","templated":true}]}}