
{"id":2389,"date":"2009-03-09T08:24:41","date_gmt":"2009-03-09T11:24:41","guid":{"rendered":"http:\/\/www.oarcanjo.net\/site\/?p=2389"},"modified":"2009-03-16T08:30:40","modified_gmt":"2009-03-16T11:30:40","slug":"nota-da-cpt-sobre-as-declaracoes-do-presidente-do-stf-gilmar-mendes","status":"publish","type":"post","link":"https:\/\/www.oarcanjo.net\/site\/nota-da-cpt-sobre-as-declaracoes-do-presidente-do-stf-gilmar-mendes\/","title":{"rendered":"Nota da CPT sobre as declara\u00e7\u00f5es do presidente do STF, Gilmar Mendes"},"content":{"rendered":"<p>CPT Nacional<\/p>\n<p><em>\u2018Ai dos que coam mosquitos e engolem camelos\u2019 (MT 23,24)<\/em><\/p>\n<p>A Coordena\u00e7\u00e3o Nacional da CPT diante das manifesta\u00e7\u00f5es do presidente do STF, Gilmar Mendes, vem a p\u00fablico se manifestar.<\/p>\n<p>No dia 25 de fevereiro, \u00e0 raiz da morte de quatro seguran\u00e7as armados de fazendas no Pernambuco e de ocupa\u00e7\u00f5es de terras no Pontal do Paranapanema, o ministro acusou os movimentos de praticarem a\u00e7\u00f5es ilegais e criticou o poder executivo de cometer ato il\u00edcito por repassar recursos p\u00fablicos para quem, segundo ele, pratica a\u00e7\u00f5es ilegais. Cobrou do Minist\u00e9rio P\u00fablico investiga\u00e7\u00e3o sobre tais repasses. No dia 4 de mar\u00e7o, voltou \u00e0 carga discordando do procurador-geral da Rep\u00fablica, Antonio Fernando de Souza, para quem o repasse de dinheiro p\u00fablico a entidades que &#8220;invadem&#8221; propriedades p\u00fablicas ou privadas, como o MST, n\u00e3o deve ser classificado automaticamente como crime.O ministro, ent\u00e3o, anunciou a decis\u00e3o do Conselho Nacional de Justi\u00e7a (CNJ), do qual ele mesmo \u00e9 presidente, de recomendar aos tribunais de todo o pa\u00eds que seja dada prioridade a a\u00e7\u00f5es sobre conflitos fundi\u00e1rios.<\/p>\n<p>Esta medida de dar prioridade aos conflitos agr\u00e1rios era mais do que necess\u00e1ria. Quem sabe com ela aconte\u00e7a o julgamento das apela\u00e7\u00f5es dos respons\u00e1veis pelo massacre de Eldorado de Caraj\u00e1s, (PA), sucedido em 1996; tenha um desfecho o processo do massacre de Corumbiara, (RO), (1995); seja por fim julgada a chacina dos fiscais do Minist\u00e9rio do Trabalho, em Una\u00ed, MG (2004); seja tamb\u00e9m julgado o massacre de sem terras, em Felisburgo (MG) 2004; o mesmo acontecendo com o arrastado julgamento do assassinato de Irm\u00e3 Dorothy Stang, em Anapu (PA) no ano de2005, e cuja federaliza\u00e7\u00e3o foi negada pelo STJ, em 2005.<\/p>\n<p>Quem sabe com esta medida possam ser analisados os mais de mil e quinhentos casos de assassinato de trabalhadores do campo. A CPT, com efeito, registrou de 1985 a 2007, 1.117 ocorr\u00eancias de conflitos com a morte de 1.493 trabalhadores. (Em 2008, ainda dados parciais, s\u00e3o 23 os assassinatos). Destas 1.117 ocorr\u00eancias, s\u00f3 85 foram julgadas at\u00e9 hoje, tendo sido condenados 71 executores dos crimes e absolvidos 49 e condenados somente 19 mandantes, dos quais nenhum se encontra preso. Ou aguardam julgamento das apela\u00e7\u00f5es em liberdade, ou fugiram da pris\u00e3o, muitas vezes pela porta da frente, ou morreram.<\/p>\n<p>Causa estranheza, por\u00e9m, o fato desta medida estar sendo tomada neste momento. A prioridade pedida pelo CNJ ser\u00e1 para o conjunto dos conflitos fundi\u00e1rios ou para levantar as a\u00e7\u00f5es dos sem terra a fim de incrimin\u00e1-los? Pelo que se pode deduzir da fala do presidente do STF, &#8220;faltam s\u00f3 dois anos para o fim do governo Lula&#8221;&#8230; e n\u00e3o se pode esperar, &#8220;pois estamos falando de mortes&#8221; nos parece ser a segunda alternativa, pois conflitos fundi\u00e1rios, seguidos de mortes, s\u00e3o constantes. Algu\u00e9m j\u00e1 viu, por acaso, este presidente do Supremo se levantar contra a viol\u00eancia que se abate sobre os trabalhadores do campo, ou denunciar a grilagem de terras p\u00fablicas, ou cobrar medidas contra os fazendeiros que exploram m\u00e3o-de-obra escrava?<\/p>\n<p>Ao contr\u00e1rio, o ministro vem se mostrando insistentemente zeloso em cobrar do governo as migalhas repassadas aos movimentos que hoje abastecem dezenas de cidades brasileiras com os produtos dos seus assentamentos, que conseguiram, com sua produ\u00e7\u00e3o, elevar a renda de diversos munic\u00edpios, al\u00e9m de suprirem o poder p\u00fablico em a\u00e7\u00f5es de educa\u00e7\u00e3o, de assist\u00eancia t\u00e9cnica, e em a\u00e7\u00f5es comunit\u00e1rias. O ministro n\u00e3o faz a mesma cobran\u00e7a em rela\u00e7\u00e3o ao repasse de vultosos recursos ao agroneg\u00f3cio e \u00e0s suas entidades de classe.<\/p>\n<p>Pelas interven\u00e7\u00f5es do ministro se deduz que ele v\u00ea na organiza\u00e7\u00e3o dos trabalhadores sem terra, sobretudo no MST, uma amea\u00e7a constante aos direitos constitucionais.<\/p>\n<p>O ministro Gilmar Mendes n\u00e3o esconde sua parcialidade e de que lado est\u00e1. Como grande propriet\u00e1rio de terra no Mato Grosso ele \u00e9 um representante das elites brasileiras, ciosas dos seus privil\u00e9gios. Para ele e para elas os que valem, s\u00e3o os que impulsionam o &#8220;progresso&#8221;, embora ao pre\u00e7o do desvio de recursos, da grilagem de terras, da destrui\u00e7\u00e3o do meio-ambiente, e da explora\u00e7\u00e3o da m\u00e3o de obra em condi\u00e7\u00f5es an\u00e1logas \u00e0s de trabalho escravo. Gilmar Mendes escancara aos olhos da Na\u00e7\u00e3o a realidade do poder judici\u00e1rio que, com raras exce\u00e7\u00f5es, vem colocando o direito \u00e0 propriedade da terra como um direito absoluto e relativiza a sua fun\u00e7\u00e3o social. O poder judici\u00e1rio, na maioria das vezes leniente com a classe dominante \u00e9 ag\u00edlimo para atender suas demandas contra os pequenos e extremamente lento ou omisso em face das justas reivindica\u00e7\u00f5es destes. Exemplo disso foi a veloz liberta\u00e7\u00e3o do banqueiro Daniel Dantas, tamb\u00e9m grande latifundi\u00e1rio no Par\u00e1, mesmo pesando sobre ele acusa\u00e7\u00f5es muito s\u00e9rias, inclusive de tentativa de corrup\u00e7\u00e3o.<\/p>\n<p>O Evangelho \u00e9 incisivo ao denunciar a hipocrisia reinante nas altas esferas do poder: &#8220;Ai de voc\u00eas, guias cegos, voc\u00eas coam um mosquito, mas engolem um camelo&#8221; (MT 23,23-24).<\/p>\n<p>Que o Deus de Justi\u00e7a ilumine nosso Pa\u00eds e o livre de ju\u00edzes como Gilmar Mendes!<\/p>\n<p>Goi\u00e2nia, 6 de mar\u00e7o de 2009.<\/p>\n<p>Dom Xavier Gilles de Maupeou d\u2019Ableiges<br \/>\nPresidente da Comiss\u00e3o Pastoral da Terra<\/p>\n<div id=\"themify_builder_content-2389\" data-postid=\"2389\" class=\"themify_builder_content themify_builder_content-2389 themify_builder themify_builder_front\">\n\t<\/div>\n<!-- \/themify_builder_content -->","protected":false},"excerpt":{"rendered":"<p>CPT Nacional \u2018Ai dos que coam mosquitos e engolem camelos\u2019 (MT 23,24) A Coordena\u00e7\u00e3o Nacional da CPT diante das manifesta\u00e7\u00f5es do presidente do STF, Gilmar Mendes, vem a p\u00fablico se manifestar. No dia 25 de fevereiro, \u00e0 raiz da morte de quatro seguran\u00e7as armados de fazendas no Pernambuco e de ocupa\u00e7\u00f5es de terras no Pontal [&hellip;]<\/p>\n","protected":false},"author":5,"featured_media":0,"comment_status":"open","ping_status":"open","sticky":false,"template":"","format":"standard","meta":{"ngg_post_thumbnail":0,"footnotes":""},"categories":[8],"tags":[343,264,344,292,341,293,342],"yoast_head":"<!-- This site is optimized with the Yoast SEO plugin v23.5 - https:\/\/yoast.com\/wordpress\/plugins\/seo\/ -->\n<title>Nota da CPT sobre as declara\u00e7\u00f5es do presidente do STF, Gilmar Mendes - O Arcanjo no ar<\/title>\n<meta name=\"robots\" content=\"index, follow, max-snippet:-1, max-image-preview:large, max-video-preview:-1\" \/>\n<link rel=\"canonical\" href=\"https:\/\/www.oarcanjo.net\/site\/nota-da-cpt-sobre-as-declaracoes-do-presidente-do-stf-gilmar-mendes\/\" \/>\n<meta property=\"og:locale\" content=\"pt_BR\" \/>\n<meta property=\"og:type\" content=\"article\" \/>\n<meta property=\"og:title\" content=\"Nota da CPT sobre as declara\u00e7\u00f5es do presidente do STF, Gilmar Mendes - O Arcanjo no ar\" \/>\n<meta property=\"og:description\" content=\"CPT Nacional \u2018Ai dos que coam mosquitos e engolem camelos\u2019 (MT 23,24) A Coordena\u00e7\u00e3o Nacional da CPT diante das manifesta\u00e7\u00f5es do presidente do STF, Gilmar Mendes, vem a p\u00fablico se manifestar. No dia 25 de fevereiro, \u00e0 raiz da morte de quatro seguran\u00e7as armados de fazendas no Pernambuco e de ocupa\u00e7\u00f5es de terras no Pontal [&hellip;]\" \/>\n<meta property=\"og:url\" content=\"https:\/\/www.oarcanjo.net\/site\/nota-da-cpt-sobre-as-declaracoes-do-presidente-do-stf-gilmar-mendes\/\" \/>\n<meta property=\"og:site_name\" content=\"O Arcanjo no ar\" \/>\n<meta property=\"article:publisher\" content=\"https:\/\/www.facebook.com\/OArcanjoNoAr\/\" \/>\n<meta property=\"article:published_time\" content=\"2009-03-09T11:24:41+00:00\" \/>\n<meta property=\"article:modified_time\" content=\"2009-03-16T11:30:40+00:00\" \/>\n<meta property=\"og:image\" content=\"https:\/\/www.oarcanjo.net\/site\/wp-content\/uploads\/logo-o-arcanjo-no-ar-facebook.png\" \/>\n\t<meta property=\"og:image:width\" content=\"300\" \/>\n\t<meta property=\"og:image:height\" content=\"300\" \/>\n\t<meta property=\"og:image:type\" content=\"image\/png\" \/>\n<meta name=\"author\" content=\"editor\" \/>\n<meta name=\"twitter:card\" content=\"summary_large_image\" \/>\n<meta name=\"twitter:label1\" content=\"Escrito por\" \/>\n\t<meta name=\"twitter:data1\" content=\"editor\" \/>\n\t<meta name=\"twitter:label2\" content=\"Est. tempo de leitura\" \/>\n\t<meta name=\"twitter:data2\" content=\"4 minutos\" \/>\n<script type=\"application\/ld+json\" class=\"yoast-schema-graph\">{\"@context\":\"https:\/\/schema.org\",\"@graph\":[{\"@type\":\"Article\",\"@id\":\"https:\/\/www.oarcanjo.net\/site\/nota-da-cpt-sobre-as-declaracoes-do-presidente-do-stf-gilmar-mendes\/#article\",\"isPartOf\":{\"@id\":\"https:\/\/www.oarcanjo.net\/site\/nota-da-cpt-sobre-as-declaracoes-do-presidente-do-stf-gilmar-mendes\/\"},\"author\":{\"name\":\"editor\",\"@id\":\"https:\/\/www.oarcanjo.net\/site\/#\/schema\/person\/f7024d007863202483a31326673a0838\"},\"headline\":\"Nota da CPT sobre as declara\u00e7\u00f5es do presidente do STF, Gilmar Mendes\",\"datePublished\":\"2009-03-09T11:24:41+00:00\",\"dateModified\":\"2009-03-16T11:30:40+00:00\",\"mainEntityOfPage\":{\"@id\":\"https:\/\/www.oarcanjo.net\/site\/nota-da-cpt-sobre-as-declaracoes-do-presidente-do-stf-gilmar-mendes\/\"},\"wordCount\":909,\"commentCount\":0,\"publisher\":{\"@id\":\"https:\/\/www.oarcanjo.net\/site\/#organization\"},\"keywords\":[\"CNJ\",\"CPT\",\"Gilmar Mendes\",\"MST\",\"Pastoral da Terra\",\"Reforma agr\u00e1ria\",\"STF\"],\"articleSection\":[\"Not\u00edcias\"],\"inLanguage\":\"pt-BR\",\"potentialAction\":[{\"@type\":\"CommentAction\",\"name\":\"Comment\",\"target\":[\"https:\/\/www.oarcanjo.net\/site\/nota-da-cpt-sobre-as-declaracoes-do-presidente-do-stf-gilmar-mendes\/#respond\"]}]},{\"@type\":\"WebPage\",\"@id\":\"https:\/\/www.oarcanjo.net\/site\/nota-da-cpt-sobre-as-declaracoes-do-presidente-do-stf-gilmar-mendes\/\",\"url\":\"https:\/\/www.oarcanjo.net\/site\/nota-da-cpt-sobre-as-declaracoes-do-presidente-do-stf-gilmar-mendes\/\",\"name\":\"Nota da CPT sobre as declara\u00e7\u00f5es do presidente do STF, Gilmar Mendes - O Arcanjo no ar\",\"isPartOf\":{\"@id\":\"https:\/\/www.oarcanjo.net\/site\/#website\"},\"datePublished\":\"2009-03-09T11:24:41+00:00\",\"dateModified\":\"2009-03-16T11:30:40+00:00\",\"breadcrumb\":{\"@id\":\"https:\/\/www.oarcanjo.net\/site\/nota-da-cpt-sobre-as-declaracoes-do-presidente-do-stf-gilmar-mendes\/#breadcrumb\"},\"inLanguage\":\"pt-BR\",\"potentialAction\":[{\"@type\":\"ReadAction\",\"target\":[\"https:\/\/www.oarcanjo.net\/site\/nota-da-cpt-sobre-as-declaracoes-do-presidente-do-stf-gilmar-mendes\/\"]}]},{\"@type\":\"BreadcrumbList\",\"@id\":\"https:\/\/www.oarcanjo.net\/site\/nota-da-cpt-sobre-as-declaracoes-do-presidente-do-stf-gilmar-mendes\/#breadcrumb\",\"itemListElement\":[{\"@type\":\"ListItem\",\"position\":1,\"name\":\"In\u00edcio\",\"item\":\"https:\/\/www.oarcanjo.net\/site\/\"},{\"@type\":\"ListItem\",\"position\":2,\"name\":\"Nota da CPT sobre as declara\u00e7\u00f5es do presidente do STF, Gilmar Mendes\"}]},{\"@type\":\"WebSite\",\"@id\":\"https:\/\/www.oarcanjo.net\/site\/#website\",\"url\":\"https:\/\/www.oarcanjo.net\/site\/\",\"name\":\"O Arcanjo no ar\",\"description\":\"Site da Par\u00f3quia S\u00e3o Miguel Arcanjo (Arquidiocese de SP)\",\"publisher\":{\"@id\":\"https:\/\/www.oarcanjo.net\/site\/#organization\"},\"potentialAction\":[{\"@type\":\"SearchAction\",\"target\":{\"@type\":\"EntryPoint\",\"urlTemplate\":\"https:\/\/www.oarcanjo.net\/site\/?s={search_term_string}\"},\"query-input\":{\"@type\":\"PropertyValueSpecification\",\"valueRequired\":true,\"valueName\":\"search_term_string\"}}],\"inLanguage\":\"pt-BR\"},{\"@type\":\"Organization\",\"@id\":\"https:\/\/www.oarcanjo.net\/site\/#organization\",\"name\":\"Par\u00f3quia S\u00e3o Miguel Arcanjo\",\"url\":\"https:\/\/www.oarcanjo.net\/site\/\",\"logo\":{\"@type\":\"ImageObject\",\"inLanguage\":\"pt-BR\",\"@id\":\"https:\/\/www.oarcanjo.net\/site\/#\/schema\/logo\/image\/\",\"url\":\"https:\/\/www.oarcanjo.net\/site\/wp-content\/uploads\/LogoOArcanjo.png\",\"contentUrl\":\"https:\/\/www.oarcanjo.net\/site\/wp-content\/uploads\/LogoOArcanjo.png\",\"width\":319,\"height\":99,\"caption\":\"Par\u00f3quia S\u00e3o Miguel Arcanjo\"},\"image\":{\"@id\":\"https:\/\/www.oarcanjo.net\/site\/#\/schema\/logo\/image\/\"},\"sameAs\":[\"https:\/\/www.facebook.com\/OArcanjoNoAr\/\"]},{\"@type\":\"Person\",\"@id\":\"https:\/\/www.oarcanjo.net\/site\/#\/schema\/person\/f7024d007863202483a31326673a0838\",\"name\":\"editor\",\"sameAs\":[\"http:\/\/www.oarcanjo.net\"]}]}<\/script>\n<!-- \/ Yoast SEO plugin. -->","yoast_head_json":{"title":"Nota da CPT sobre as declara\u00e7\u00f5es do presidente do STF, Gilmar Mendes - O Arcanjo no ar","robots":{"index":"index","follow":"follow","max-snippet":"max-snippet:-1","max-image-preview":"max-image-preview:large","max-video-preview":"max-video-preview:-1"},"canonical":"https:\/\/www.oarcanjo.net\/site\/nota-da-cpt-sobre-as-declaracoes-do-presidente-do-stf-gilmar-mendes\/","og_locale":"pt_BR","og_type":"article","og_title":"Nota da CPT sobre as declara\u00e7\u00f5es do presidente do STF, Gilmar Mendes - O Arcanjo no ar","og_description":"CPT Nacional \u2018Ai dos que coam mosquitos e engolem camelos\u2019 (MT 23,24) A Coordena\u00e7\u00e3o Nacional da CPT diante das manifesta\u00e7\u00f5es do presidente do STF, Gilmar Mendes, vem a p\u00fablico se manifestar. No dia 25 de fevereiro, \u00e0 raiz da morte de quatro seguran\u00e7as armados de fazendas no Pernambuco e de ocupa\u00e7\u00f5es de terras no Pontal [&hellip;]","og_url":"https:\/\/www.oarcanjo.net\/site\/nota-da-cpt-sobre-as-declaracoes-do-presidente-do-stf-gilmar-mendes\/","og_site_name":"O Arcanjo no ar","article_publisher":"https:\/\/www.facebook.com\/OArcanjoNoAr\/","article_published_time":"2009-03-09T11:24:41+00:00","article_modified_time":"2009-03-16T11:30:40+00:00","og_image":[{"width":300,"height":300,"url":"https:\/\/www.oarcanjo.net\/site\/wp-content\/uploads\/logo-o-arcanjo-no-ar-facebook.png","type":"image\/png"}],"author":"editor","twitter_card":"summary_large_image","twitter_misc":{"Escrito por":"editor","Est. tempo de leitura":"4 minutos"},"schema":{"@context":"https:\/\/schema.org","@graph":[{"@type":"Article","@id":"https:\/\/www.oarcanjo.net\/site\/nota-da-cpt-sobre-as-declaracoes-do-presidente-do-stf-gilmar-mendes\/#article","isPartOf":{"@id":"https:\/\/www.oarcanjo.net\/site\/nota-da-cpt-sobre-as-declaracoes-do-presidente-do-stf-gilmar-mendes\/"},"author":{"name":"editor","@id":"https:\/\/www.oarcanjo.net\/site\/#\/schema\/person\/f7024d007863202483a31326673a0838"},"headline":"Nota da CPT sobre as declara\u00e7\u00f5es do presidente do STF, Gilmar Mendes","datePublished":"2009-03-09T11:24:41+00:00","dateModified":"2009-03-16T11:30:40+00:00","mainEntityOfPage":{"@id":"https:\/\/www.oarcanjo.net\/site\/nota-da-cpt-sobre-as-declaracoes-do-presidente-do-stf-gilmar-mendes\/"},"wordCount":909,"commentCount":0,"publisher":{"@id":"https:\/\/www.oarcanjo.net\/site\/#organization"},"keywords":["CNJ","CPT","Gilmar Mendes","MST","Pastoral da Terra","Reforma agr\u00e1ria","STF"],"articleSection":["Not\u00edcias"],"inLanguage":"pt-BR","potentialAction":[{"@type":"CommentAction","name":"Comment","target":["https:\/\/www.oarcanjo.net\/site\/nota-da-cpt-sobre-as-declaracoes-do-presidente-do-stf-gilmar-mendes\/#respond"]}]},{"@type":"WebPage","@id":"https:\/\/www.oarcanjo.net\/site\/nota-da-cpt-sobre-as-declaracoes-do-presidente-do-stf-gilmar-mendes\/","url":"https:\/\/www.oarcanjo.net\/site\/nota-da-cpt-sobre-as-declaracoes-do-presidente-do-stf-gilmar-mendes\/","name":"Nota da CPT sobre as declara\u00e7\u00f5es do presidente do STF, Gilmar Mendes - O Arcanjo no ar","isPartOf":{"@id":"https:\/\/www.oarcanjo.net\/site\/#website"},"datePublished":"2009-03-09T11:24:41+00:00","dateModified":"2009-03-16T11:30:40+00:00","breadcrumb":{"@id":"https:\/\/www.oarcanjo.net\/site\/nota-da-cpt-sobre-as-declaracoes-do-presidente-do-stf-gilmar-mendes\/#breadcrumb"},"inLanguage":"pt-BR","potentialAction":[{"@type":"ReadAction","target":["https:\/\/www.oarcanjo.net\/site\/nota-da-cpt-sobre-as-declaracoes-do-presidente-do-stf-gilmar-mendes\/"]}]},{"@type":"BreadcrumbList","@id":"https:\/\/www.oarcanjo.net\/site\/nota-da-cpt-sobre-as-declaracoes-do-presidente-do-stf-gilmar-mendes\/#breadcrumb","itemListElement":[{"@type":"ListItem","position":1,"name":"In\u00edcio","item":"https:\/\/www.oarcanjo.net\/site\/"},{"@type":"ListItem","position":2,"name":"Nota da CPT sobre as declara\u00e7\u00f5es do presidente do STF, Gilmar Mendes"}]},{"@type":"WebSite","@id":"https:\/\/www.oarcanjo.net\/site\/#website","url":"https:\/\/www.oarcanjo.net\/site\/","name":"O Arcanjo no ar","description":"Site da Par\u00f3quia S\u00e3o Miguel Arcanjo (Arquidiocese de SP)","publisher":{"@id":"https:\/\/www.oarcanjo.net\/site\/#organization"},"potentialAction":[{"@type":"SearchAction","target":{"@type":"EntryPoint","urlTemplate":"https:\/\/www.oarcanjo.net\/site\/?s={search_term_string}"},"query-input":{"@type":"PropertyValueSpecification","valueRequired":true,"valueName":"search_term_string"}}],"inLanguage":"pt-BR"},{"@type":"Organization","@id":"https:\/\/www.oarcanjo.net\/site\/#organization","name":"Par\u00f3quia S\u00e3o Miguel Arcanjo","url":"https:\/\/www.oarcanjo.net\/site\/","logo":{"@type":"ImageObject","inLanguage":"pt-BR","@id":"https:\/\/www.oarcanjo.net\/site\/#\/schema\/logo\/image\/","url":"https:\/\/www.oarcanjo.net\/site\/wp-content\/uploads\/LogoOArcanjo.png","contentUrl":"https:\/\/www.oarcanjo.net\/site\/wp-content\/uploads\/LogoOArcanjo.png","width":319,"height":99,"caption":"Par\u00f3quia S\u00e3o Miguel Arcanjo"},"image":{"@id":"https:\/\/www.oarcanjo.net\/site\/#\/schema\/logo\/image\/"},"sameAs":["https:\/\/www.facebook.com\/OArcanjoNoAr\/"]},{"@type":"Person","@id":"https:\/\/www.oarcanjo.net\/site\/#\/schema\/person\/f7024d007863202483a31326673a0838","name":"editor","sameAs":["http:\/\/www.oarcanjo.net"]}]}},"publishpress_future_action":{"enabled":false,"date":"2026-05-08 21:22:21","action":"category","newStatus":"draft","terms":[],"taxonomy":"category"},"publishpress_future_workflow_manual_trigger":{"enabledWorkflows":[]},"_links":{"self":[{"href":"https:\/\/www.oarcanjo.net\/site\/wp-json\/wp\/v2\/posts\/2389"}],"collection":[{"href":"https:\/\/www.oarcanjo.net\/site\/wp-json\/wp\/v2\/posts"}],"about":[{"href":"https:\/\/www.oarcanjo.net\/site\/wp-json\/wp\/v2\/types\/post"}],"author":[{"embeddable":true,"href":"https:\/\/www.oarcanjo.net\/site\/wp-json\/wp\/v2\/users\/5"}],"replies":[{"embeddable":true,"href":"https:\/\/www.oarcanjo.net\/site\/wp-json\/wp\/v2\/comments?post=2389"}],"version-history":[{"count":0,"href":"https:\/\/www.oarcanjo.net\/site\/wp-json\/wp\/v2\/posts\/2389\/revisions"}],"wp:attachment":[{"href":"https:\/\/www.oarcanjo.net\/site\/wp-json\/wp\/v2\/media?parent=2389"}],"wp:term":[{"taxonomy":"category","embeddable":true,"href":"https:\/\/www.oarcanjo.net\/site\/wp-json\/wp\/v2\/categories?post=2389"},{"taxonomy":"post_tag","embeddable":true,"href":"https:\/\/www.oarcanjo.net\/site\/wp-json\/wp\/v2\/tags?post=2389"}],"curies":[{"name":"wp","href":"https:\/\/api.w.org\/{rel}","templated":true}]}}