
{"id":23892,"date":"2013-12-02T11:09:34","date_gmt":"2013-12-02T13:09:34","guid":{"rendered":"http:\/\/www.oarcanjo.net\/site\/?p=23892"},"modified":"2013-12-02T11:18:10","modified_gmt":"2013-12-02T13:18:10","slug":"tempo-do-advento-estamos-todos-a-caminho-do-reino-da-justica-e-da-paz","status":"publish","type":"post","link":"https:\/\/www.oarcanjo.net\/site\/tempo-do-advento-estamos-todos-a-caminho-do-reino-da-justica-e-da-paz\/","title":{"rendered":"Tempo do Advento: estamos todos a caminho do Reino da justi\u00e7a e da paz"},"content":{"rendered":"<p>O tempo do Advento que inicia neste primeiro domingo de dezembro foi o tema desenvolvido pelo Papa Francisco na sua reflex\u00e3o, antes da ora\u00e7\u00e3o mariana do Angelus, juntamente com os fieis reunidos na Pra\u00e7a de S\u00e3o Pedro.<\/p>\n<p>O Papa disse que o primeiro domingo do Advento tem um fasc\u00ednio especial porque marca o in\u00edcio de um novo ano lit\u00fargico, de um novo caminho do povo de Deus com Jesus Cristo. Redescobrimos a beleza de estar todos a caminho, numa peregrina\u00e7\u00e3o universal em dire\u00e7\u00e3o a uma meta comum. Mas que meta, para onde vamos, interrogou-se o Papa, indicando nas palavras do Senhor atrav\u00e9s do profeta Isa\u00edas, primeiro Jerusal\u00e9m, onde surgiu o templo do Senhor, a revela\u00e7\u00e3o do rosto de Deus e da sua lei, revela\u00e7\u00e3o que encontrou em Jesus Cristo a sua completa realiza\u00e7\u00e3o. Jesus Cristo \u00e9 portanto o guia e, ao mesmo tempo, a meta da peregrina\u00e7\u00e3o do Povo de Deus. \u00c0 sua luz todos os povos caminham em dire\u00e7\u00e3o ao Reino da justi\u00e7a e da paz.<\/p>\n<p>Neste ponto o Papa citou mais uma vez o profeta Isa\u00edas quando este diz que, com a vinda do Senhor, os povos \u201c<strong>forjar\u00e3o das suas espadas relhas de arados, e das suas lan\u00e7as foices. Uma na\u00e7\u00e3o n\u00e3o levantar\u00e1 a espada contra a outra na\u00e7\u00e3o e n\u00e3o se adestrar\u00e3o mais para a guerra.\u201d<\/strong><\/p>\n<p>Mas quando \u00e9 que isto acontecer\u00e1, interrogou-se o Papa, prosseguindo\u2026<\/p>\n<p>\u201c<strong>Que belo que ser\u00e1 o dia em que as armas ser\u00e3o desmontadas para serem transformadas em instrumentos de trabalho! Que belo dia que ser\u00e1! E isto \u00e9 poss\u00edvel. Apostemos na esperan\u00e7a, na esperan\u00e7a duma paz quer ser\u00e1 poss\u00edvel.<\/strong>\u201d<\/p>\n<p>Da janela do Pal\u00e1cio Apost\u00f3lico, olhando para os milhares de fi\u00e9is que o escutavam, o Papa recordou que esse caminho nunca se conclui, pois que tal como na vida de uma pessoa em que h\u00e1 sempre necessidade de voltar a partir, de se levantar, de reencontrar o novo sentido da pr\u00f3pria exist\u00eancia, assim tamb\u00e9m para a grande fam\u00edlia humana \u00e9 necess\u00e1rio renovar sempre o horizonte comum, \u201co horizonte da esperan\u00e7a\u201d.<\/p>\n<p>\u00c9 este horizonte que nos permite fazer uma boa caminhada\u2026 O tempo do Advento que hoje de novo come\u00e7amos, volta a dar-nos o horizonte da esperan\u00e7a, uma esperan\u00e7a que n\u00e3o desilude, porque \u00e9 fundada na Palavra de Deus, e Deus n\u00e3o desilude, \u00e9 fiel\u201d. Ele n\u00e3o desilude. Pensemos e sintamos esta beleza!\u201d \u2026<\/p>\n<p>O Papa concluiu indicando Nossa Senhora como o modelo desse modo de caminhar na esperan\u00e7a, ela, simples menina de aldeia, que traz no cora\u00e7\u00e3o toda a esperan\u00e7a de Deus.<\/p>\n<p>\u201c<strong>Deixemo-nos guiar por ela, neste tempo de espera e de vigil\u00e2ncia ativa, porque \u00e9 m\u00e3e, \u00e9 mam\u00e3, e sabe como guiar-nos<\/strong>\u201d<\/p>\n<p>Depois da ora\u00e7\u00e3o mariana do Angelus, o Papa recordou que era Dia mundial de luta contra o HIV-AIDS, exprimindo a proximidade em rela\u00e7\u00e3o \u00e0s pessoas com este problema, especialmente as crian\u00e7a; uma proximidade que \u00e9 \u2013 disse \u2013 muito concreta pelo empenho silenciosos de muitos mission\u00e1rios e operadores.\u201d<\/p>\n<p>Francisco convidou todos a rezar, tamb\u00e9m pelos m\u00e9dicos e investigadores, a fim de que \u201cnenhum doente seja exclu\u00eddo, mas possa aceder \u00e0s curas de que necessita.<\/p>\n<p><em>Fonte: Arquidiocese de S\u00e3o Paulo<\/em><\/p>\n<div id=\"themify_builder_content-23892\" data-postid=\"23892\" class=\"themify_builder_content themify_builder_content-23892 themify_builder themify_builder_front\">\n\t<\/div>\n<!-- \/themify_builder_content -->","protected":false},"excerpt":{"rendered":"<p>O tempo do Advento que inicia neste primeiro domingo de dezembro foi o tema desenvolvido pelo Papa Francisco na sua reflex\u00e3o, antes da ora\u00e7\u00e3o mariana do Angelus, juntamente com os fieis reunidos na Pra\u00e7a de S\u00e3o Pedro. O Papa disse que o primeiro domingo do Advento tem um fasc\u00ednio especial porque marca o in\u00edcio de [&hellip;]<\/p>\n","protected":false},"author":5,"featured_media":0,"comment_status":"open","ping_status":"open","sticky":false,"template":"","format":"standard","meta":{"ngg_post_thumbnail":0,"footnotes":""},"categories":[8],"tags":[108,164,2433,2865],"yoast_head":"<!-- This site is optimized with the Yoast SEO plugin v23.5 - https:\/\/yoast.com\/wordpress\/plugins\/seo\/ -->\n<title>Tempo do Advento: estamos todos a caminho do Reino da justi\u00e7a e da paz - O Arcanjo no ar<\/title>\n<meta name=\"robots\" content=\"index, follow, max-snippet:-1, max-image-preview:large, max-video-preview:-1\" \/>\n<link rel=\"canonical\" href=\"https:\/\/www.oarcanjo.net\/site\/tempo-do-advento-estamos-todos-a-caminho-do-reino-da-justica-e-da-paz\/\" \/>\n<meta property=\"og:locale\" content=\"pt_BR\" \/>\n<meta property=\"og:type\" content=\"article\" \/>\n<meta property=\"og:title\" content=\"Tempo do Advento: estamos todos a caminho do Reino da justi\u00e7a e da paz - O Arcanjo no ar\" \/>\n<meta property=\"og:description\" content=\"O tempo do Advento que inicia neste primeiro domingo de dezembro foi o tema desenvolvido pelo Papa Francisco na sua reflex\u00e3o, antes da ora\u00e7\u00e3o mariana do Angelus, juntamente com os fieis reunidos na Pra\u00e7a de S\u00e3o Pedro. O Papa disse que o primeiro domingo do Advento tem um fasc\u00ednio especial porque marca o in\u00edcio de [&hellip;]\" \/>\n<meta property=\"og:url\" content=\"https:\/\/www.oarcanjo.net\/site\/tempo-do-advento-estamos-todos-a-caminho-do-reino-da-justica-e-da-paz\/\" \/>\n<meta property=\"og:site_name\" content=\"O Arcanjo no ar\" \/>\n<meta property=\"article:publisher\" content=\"https:\/\/www.facebook.com\/OArcanjoNoAr\/\" \/>\n<meta property=\"article:published_time\" content=\"2013-12-02T13:09:34+00:00\" \/>\n<meta property=\"article:modified_time\" content=\"2013-12-02T13:18:10+00:00\" \/>\n<meta property=\"og:image\" content=\"https:\/\/www.oarcanjo.net\/site\/wp-content\/uploads\/logo-o-arcanjo-no-ar-facebook.png\" \/>\n\t<meta property=\"og:image:width\" content=\"300\" \/>\n\t<meta property=\"og:image:height\" content=\"300\" \/>\n\t<meta property=\"og:image:type\" content=\"image\/png\" \/>\n<meta name=\"author\" content=\"editor\" \/>\n<meta name=\"twitter:card\" content=\"summary_large_image\" \/>\n<meta name=\"twitter:label1\" content=\"Escrito por\" \/>\n\t<meta name=\"twitter:data1\" content=\"editor\" \/>\n\t<meta name=\"twitter:label2\" content=\"Est. tempo de leitura\" \/>\n\t<meta name=\"twitter:data2\" content=\"3 minutos\" \/>\n<script type=\"application\/ld+json\" class=\"yoast-schema-graph\">{\"@context\":\"https:\/\/schema.org\",\"@graph\":[{\"@type\":\"Article\",\"@id\":\"https:\/\/www.oarcanjo.net\/site\/tempo-do-advento-estamos-todos-a-caminho-do-reino-da-justica-e-da-paz\/#article\",\"isPartOf\":{\"@id\":\"https:\/\/www.oarcanjo.net\/site\/tempo-do-advento-estamos-todos-a-caminho-do-reino-da-justica-e-da-paz\/\"},\"author\":{\"name\":\"editor\",\"@id\":\"https:\/\/www.oarcanjo.net\/site\/#\/schema\/person\/f7024d007863202483a31326673a0838\"},\"headline\":\"Tempo do Advento: estamos todos a caminho do Reino da justi\u00e7a e da paz\",\"datePublished\":\"2013-12-02T13:09:34+00:00\",\"dateModified\":\"2013-12-02T13:18:10+00:00\",\"mainEntityOfPage\":{\"@id\":\"https:\/\/www.oarcanjo.net\/site\/tempo-do-advento-estamos-todos-a-caminho-do-reino-da-justica-e-da-paz\/\"},\"wordCount\":579,\"commentCount\":0,\"publisher\":{\"@id\":\"https:\/\/www.oarcanjo.net\/site\/#organization\"},\"keywords\":[\"Advento\",\"esperan\u00e7a\",\"Papa Francisco\",\"Reino da justi\u00e7a e da paz\"],\"articleSection\":[\"Not\u00edcias\"],\"inLanguage\":\"pt-BR\",\"potentialAction\":[{\"@type\":\"CommentAction\",\"name\":\"Comment\",\"target\":[\"https:\/\/www.oarcanjo.net\/site\/tempo-do-advento-estamos-todos-a-caminho-do-reino-da-justica-e-da-paz\/#respond\"]}]},{\"@type\":\"WebPage\",\"@id\":\"https:\/\/www.oarcanjo.net\/site\/tempo-do-advento-estamos-todos-a-caminho-do-reino-da-justica-e-da-paz\/\",\"url\":\"https:\/\/www.oarcanjo.net\/site\/tempo-do-advento-estamos-todos-a-caminho-do-reino-da-justica-e-da-paz\/\",\"name\":\"Tempo do Advento: estamos todos a caminho do Reino da justi\u00e7a e da paz - O Arcanjo no ar\",\"isPartOf\":{\"@id\":\"https:\/\/www.oarcanjo.net\/site\/#website\"},\"datePublished\":\"2013-12-02T13:09:34+00:00\",\"dateModified\":\"2013-12-02T13:18:10+00:00\",\"breadcrumb\":{\"@id\":\"https:\/\/www.oarcanjo.net\/site\/tempo-do-advento-estamos-todos-a-caminho-do-reino-da-justica-e-da-paz\/#breadcrumb\"},\"inLanguage\":\"pt-BR\",\"potentialAction\":[{\"@type\":\"ReadAction\",\"target\":[\"https:\/\/www.oarcanjo.net\/site\/tempo-do-advento-estamos-todos-a-caminho-do-reino-da-justica-e-da-paz\/\"]}]},{\"@type\":\"BreadcrumbList\",\"@id\":\"https:\/\/www.oarcanjo.net\/site\/tempo-do-advento-estamos-todos-a-caminho-do-reino-da-justica-e-da-paz\/#breadcrumb\",\"itemListElement\":[{\"@type\":\"ListItem\",\"position\":1,\"name\":\"In\u00edcio\",\"item\":\"https:\/\/www.oarcanjo.net\/site\/\"},{\"@type\":\"ListItem\",\"position\":2,\"name\":\"Tempo do Advento: estamos todos a caminho do Reino da justi\u00e7a e da paz\"}]},{\"@type\":\"WebSite\",\"@id\":\"https:\/\/www.oarcanjo.net\/site\/#website\",\"url\":\"https:\/\/www.oarcanjo.net\/site\/\",\"name\":\"O Arcanjo no ar\",\"description\":\"Site da Par\u00f3quia S\u00e3o Miguel Arcanjo (Arquidiocese de SP)\",\"publisher\":{\"@id\":\"https:\/\/www.oarcanjo.net\/site\/#organization\"},\"potentialAction\":[{\"@type\":\"SearchAction\",\"target\":{\"@type\":\"EntryPoint\",\"urlTemplate\":\"https:\/\/www.oarcanjo.net\/site\/?s={search_term_string}\"},\"query-input\":{\"@type\":\"PropertyValueSpecification\",\"valueRequired\":true,\"valueName\":\"search_term_string\"}}],\"inLanguage\":\"pt-BR\"},{\"@type\":\"Organization\",\"@id\":\"https:\/\/www.oarcanjo.net\/site\/#organization\",\"name\":\"Par\u00f3quia S\u00e3o Miguel Arcanjo\",\"url\":\"https:\/\/www.oarcanjo.net\/site\/\",\"logo\":{\"@type\":\"ImageObject\",\"inLanguage\":\"pt-BR\",\"@id\":\"https:\/\/www.oarcanjo.net\/site\/#\/schema\/logo\/image\/\",\"url\":\"https:\/\/www.oarcanjo.net\/site\/wp-content\/uploads\/LogoOArcanjo.png\",\"contentUrl\":\"https:\/\/www.oarcanjo.net\/site\/wp-content\/uploads\/LogoOArcanjo.png\",\"width\":319,\"height\":99,\"caption\":\"Par\u00f3quia S\u00e3o Miguel Arcanjo\"},\"image\":{\"@id\":\"https:\/\/www.oarcanjo.net\/site\/#\/schema\/logo\/image\/\"},\"sameAs\":[\"https:\/\/www.facebook.com\/OArcanjoNoAr\/\"]},{\"@type\":\"Person\",\"@id\":\"https:\/\/www.oarcanjo.net\/site\/#\/schema\/person\/f7024d007863202483a31326673a0838\",\"name\":\"editor\",\"sameAs\":[\"http:\/\/www.oarcanjo.net\"]}]}<\/script>\n<!-- \/ Yoast SEO plugin. -->","yoast_head_json":{"title":"Tempo do Advento: estamos todos a caminho do Reino da justi\u00e7a e da paz - O Arcanjo no ar","robots":{"index":"index","follow":"follow","max-snippet":"max-snippet:-1","max-image-preview":"max-image-preview:large","max-video-preview":"max-video-preview:-1"},"canonical":"https:\/\/www.oarcanjo.net\/site\/tempo-do-advento-estamos-todos-a-caminho-do-reino-da-justica-e-da-paz\/","og_locale":"pt_BR","og_type":"article","og_title":"Tempo do Advento: estamos todos a caminho do Reino da justi\u00e7a e da paz - O Arcanjo no ar","og_description":"O tempo do Advento que inicia neste primeiro domingo de dezembro foi o tema desenvolvido pelo Papa Francisco na sua reflex\u00e3o, antes da ora\u00e7\u00e3o mariana do Angelus, juntamente com os fieis reunidos na Pra\u00e7a de S\u00e3o Pedro. O Papa disse que o primeiro domingo do Advento tem um fasc\u00ednio especial porque marca o in\u00edcio de [&hellip;]","og_url":"https:\/\/www.oarcanjo.net\/site\/tempo-do-advento-estamos-todos-a-caminho-do-reino-da-justica-e-da-paz\/","og_site_name":"O Arcanjo no ar","article_publisher":"https:\/\/www.facebook.com\/OArcanjoNoAr\/","article_published_time":"2013-12-02T13:09:34+00:00","article_modified_time":"2013-12-02T13:18:10+00:00","og_image":[{"width":300,"height":300,"url":"https:\/\/www.oarcanjo.net\/site\/wp-content\/uploads\/logo-o-arcanjo-no-ar-facebook.png","type":"image\/png"}],"author":"editor","twitter_card":"summary_large_image","twitter_misc":{"Escrito por":"editor","Est. tempo de leitura":"3 minutos"},"schema":{"@context":"https:\/\/schema.org","@graph":[{"@type":"Article","@id":"https:\/\/www.oarcanjo.net\/site\/tempo-do-advento-estamos-todos-a-caminho-do-reino-da-justica-e-da-paz\/#article","isPartOf":{"@id":"https:\/\/www.oarcanjo.net\/site\/tempo-do-advento-estamos-todos-a-caminho-do-reino-da-justica-e-da-paz\/"},"author":{"name":"editor","@id":"https:\/\/www.oarcanjo.net\/site\/#\/schema\/person\/f7024d007863202483a31326673a0838"},"headline":"Tempo do Advento: estamos todos a caminho do Reino da justi\u00e7a e da paz","datePublished":"2013-12-02T13:09:34+00:00","dateModified":"2013-12-02T13:18:10+00:00","mainEntityOfPage":{"@id":"https:\/\/www.oarcanjo.net\/site\/tempo-do-advento-estamos-todos-a-caminho-do-reino-da-justica-e-da-paz\/"},"wordCount":579,"commentCount":0,"publisher":{"@id":"https:\/\/www.oarcanjo.net\/site\/#organization"},"keywords":["Advento","esperan\u00e7a","Papa Francisco","Reino da justi\u00e7a e da paz"],"articleSection":["Not\u00edcias"],"inLanguage":"pt-BR","potentialAction":[{"@type":"CommentAction","name":"Comment","target":["https:\/\/www.oarcanjo.net\/site\/tempo-do-advento-estamos-todos-a-caminho-do-reino-da-justica-e-da-paz\/#respond"]}]},{"@type":"WebPage","@id":"https:\/\/www.oarcanjo.net\/site\/tempo-do-advento-estamos-todos-a-caminho-do-reino-da-justica-e-da-paz\/","url":"https:\/\/www.oarcanjo.net\/site\/tempo-do-advento-estamos-todos-a-caminho-do-reino-da-justica-e-da-paz\/","name":"Tempo do Advento: estamos todos a caminho do Reino da justi\u00e7a e da paz - O Arcanjo no ar","isPartOf":{"@id":"https:\/\/www.oarcanjo.net\/site\/#website"},"datePublished":"2013-12-02T13:09:34+00:00","dateModified":"2013-12-02T13:18:10+00:00","breadcrumb":{"@id":"https:\/\/www.oarcanjo.net\/site\/tempo-do-advento-estamos-todos-a-caminho-do-reino-da-justica-e-da-paz\/#breadcrumb"},"inLanguage":"pt-BR","potentialAction":[{"@type":"ReadAction","target":["https:\/\/www.oarcanjo.net\/site\/tempo-do-advento-estamos-todos-a-caminho-do-reino-da-justica-e-da-paz\/"]}]},{"@type":"BreadcrumbList","@id":"https:\/\/www.oarcanjo.net\/site\/tempo-do-advento-estamos-todos-a-caminho-do-reino-da-justica-e-da-paz\/#breadcrumb","itemListElement":[{"@type":"ListItem","position":1,"name":"In\u00edcio","item":"https:\/\/www.oarcanjo.net\/site\/"},{"@type":"ListItem","position":2,"name":"Tempo do Advento: estamos todos a caminho do Reino da justi\u00e7a e da paz"}]},{"@type":"WebSite","@id":"https:\/\/www.oarcanjo.net\/site\/#website","url":"https:\/\/www.oarcanjo.net\/site\/","name":"O Arcanjo no ar","description":"Site da Par\u00f3quia S\u00e3o Miguel Arcanjo (Arquidiocese de SP)","publisher":{"@id":"https:\/\/www.oarcanjo.net\/site\/#organization"},"potentialAction":[{"@type":"SearchAction","target":{"@type":"EntryPoint","urlTemplate":"https:\/\/www.oarcanjo.net\/site\/?s={search_term_string}"},"query-input":{"@type":"PropertyValueSpecification","valueRequired":true,"valueName":"search_term_string"}}],"inLanguage":"pt-BR"},{"@type":"Organization","@id":"https:\/\/www.oarcanjo.net\/site\/#organization","name":"Par\u00f3quia S\u00e3o Miguel Arcanjo","url":"https:\/\/www.oarcanjo.net\/site\/","logo":{"@type":"ImageObject","inLanguage":"pt-BR","@id":"https:\/\/www.oarcanjo.net\/site\/#\/schema\/logo\/image\/","url":"https:\/\/www.oarcanjo.net\/site\/wp-content\/uploads\/LogoOArcanjo.png","contentUrl":"https:\/\/www.oarcanjo.net\/site\/wp-content\/uploads\/LogoOArcanjo.png","width":319,"height":99,"caption":"Par\u00f3quia S\u00e3o Miguel Arcanjo"},"image":{"@id":"https:\/\/www.oarcanjo.net\/site\/#\/schema\/logo\/image\/"},"sameAs":["https:\/\/www.facebook.com\/OArcanjoNoAr\/"]},{"@type":"Person","@id":"https:\/\/www.oarcanjo.net\/site\/#\/schema\/person\/f7024d007863202483a31326673a0838","name":"editor","sameAs":["http:\/\/www.oarcanjo.net"]}]}},"publishpress_future_action":{"enabled":false,"date":"2026-05-09 01:49:36","action":"category","newStatus":"draft","terms":[],"taxonomy":"category"},"publishpress_future_workflow_manual_trigger":{"enabledWorkflows":[]},"_links":{"self":[{"href":"https:\/\/www.oarcanjo.net\/site\/wp-json\/wp\/v2\/posts\/23892"}],"collection":[{"href":"https:\/\/www.oarcanjo.net\/site\/wp-json\/wp\/v2\/posts"}],"about":[{"href":"https:\/\/www.oarcanjo.net\/site\/wp-json\/wp\/v2\/types\/post"}],"author":[{"embeddable":true,"href":"https:\/\/www.oarcanjo.net\/site\/wp-json\/wp\/v2\/users\/5"}],"replies":[{"embeddable":true,"href":"https:\/\/www.oarcanjo.net\/site\/wp-json\/wp\/v2\/comments?post=23892"}],"version-history":[{"count":0,"href":"https:\/\/www.oarcanjo.net\/site\/wp-json\/wp\/v2\/posts\/23892\/revisions"}],"wp:attachment":[{"href":"https:\/\/www.oarcanjo.net\/site\/wp-json\/wp\/v2\/media?parent=23892"}],"wp:term":[{"taxonomy":"category","embeddable":true,"href":"https:\/\/www.oarcanjo.net\/site\/wp-json\/wp\/v2\/categories?post=23892"},{"taxonomy":"post_tag","embeddable":true,"href":"https:\/\/www.oarcanjo.net\/site\/wp-json\/wp\/v2\/tags?post=23892"}],"curies":[{"name":"wp","href":"https:\/\/api.w.org\/{rel}","templated":true}]}}