
{"id":23895,"date":"2013-12-02T11:25:52","date_gmt":"2013-12-02T13:25:52","guid":{"rendered":"http:\/\/www.oarcanjo.net\/site\/?p=23895"},"modified":"2013-12-02T11:27:07","modified_gmt":"2013-12-02T13:27:07","slug":"a-alegria-do-evangelho-2","status":"publish","type":"post","link":"https:\/\/www.oarcanjo.net\/site\/a-alegria-do-evangelho-2\/","title":{"rendered":"A alegria do Evangelho"},"content":{"rendered":"<p><em>Dom Dem\u00e9trio Valentini<\/em><\/p>\n<p>Com data de 24 de novembro de 2013, o Papa Francisco acaba de publicar o seu primeiro documento, escrito sob sua responsabilidade, em forma de \u201cExorta\u00e7\u00e3o Apost\u00f3lica\u201d, com o sugestivo t\u00edtulo: \u201cEvangelii Gaudium\u201d &#8211;  \u201cA Alegria do Evangelho.\u201d<\/p>\n<p>O que logo salta aos olhos \u00e9 a disposi\u00e7\u00e3o do Papa, de n\u00e3o perder tempo, e de valorizar o impulso renovador que imprimiu ao seu pontificado desde o in\u00edcio.<\/p>\n<p>Com este documento, ele se prop\u00f5e retomar, com firmeza e franqueza, as propostas do Conc\u00edlio Vaticano II, tomando o principal documento conciliar como inspira\u00e7\u00e3o e roteiro de suas propostas de agora, sobretudo o cap\u00edtulo dois da L\u00famen Gentium, que descreve a Igreja como Povo de Deus. Assim fazendo, ele n\u00e3o s\u00f3 recomenda colocar em pr\u00e1tica o conc\u00edlio, mas d\u00e1 o exemplo de como faz\u00ea-lo.<\/p>\n<p>A forma do documento remete ao S\u00ednodo de 2012, sobre a Nova Evangeliza\u00e7\u00e3o e a Transmiss\u00e3o da F\u00e9. S\u00ednodo inaugurado no dia 11 de outubro, quando ao mesmo tempo estava iniciando o Ano da F\u00e9, e se celebrava o jubileu de 50 anos do Conc\u00edlio.<\/p>\n<p>S\u00e3o todas datas convergentes, importantes para dar-nos conta das reais inten\u00e7\u00f5es do Papa. No encerramento do Ano da F\u00e9, ele retoma a caminhada da renova\u00e7\u00e3o eclesial, valorizando o esfor\u00e7o j\u00e1 feito, mas propondo claramente \u201cuma nova etapa evangelizadora marcada por esta alegria e indicar caminhos para o percurso da Igreja nos pr\u00f3ximos anos\u201d.<\/p>\n<p>Portanto, \u00e9 o seu \u201cprograma de governo\u201d que ele est\u00e1 propondo com esta \u201cexorta\u00e7\u00e3o apost\u00f3lica\u201d, com a clara inten\u00e7\u00e3o de retomar a a\u00e7\u00e3o evangelizadora da Igreja com a alegria e o entusiasmo de quem experimentou o que significa o encontro pessoal com Jesus Cristo, que ele insiste, desde Aparecida, a apresentar como o in\u00edcio do processo de convers\u00e3o pessoal, imprescind\u00edvel para se assumir, com alegria, o compromisso pessoal de cada crist\u00e3o na sua a\u00e7\u00e3o evangelizadora.<\/p>\n<p>Bem do seu estilo de linguagem franca, o Papa Francisco faz um apelo pessoal a cada crist\u00e3o, de buscar o seu encontro pessoal com Cristo, ou ao menos de se deixar encontrar por ele. Isto est\u00e1 bem de acordo com uma das maiores insist\u00eancias de suas alocu\u00e7\u00f5es, incentivando todos a terem confian\u00e7a na miseric\u00f3rdia divina, com a certeza de serem bem acolhidos:\u201cConvido todo o crist\u00e3o, em qualquer lugar e situa\u00e7\u00e3o que se encontre, a renovar hoje mesmo o seu encontro pessoal com Jesus Cristo ou, pelo menos, a tomar a decis\u00e3o de se deixar encontrar por Ele, de o procurar dia a dia sem cessar. N\u00e3o h\u00e1 motivo para algu\u00e9m poder pensar que este convite n\u00e3o lhe diz respeito, j\u00e1 que \u00abda alegria trazida pelo Senhor ningu\u00e9m \u00e9 exclu\u00eddo\u00bb.O Senhor n\u00e3o desilude, e quando algu\u00e9m d\u00e1 um pequeno passo em dire\u00e7\u00e3o a Jesus, descobre que Ele j\u00e1 aguardava de bra\u00e7os abertos a sua chegada\u201d.<\/p>\n<p>Depois deste convite, impregnado de confian\u00e7a e de espiritualidade, o Papa usa uma linguagem franca e direta, convidando  todos os membros do povo de Deus, a reencontrarem a alegria de se sentirem envolvidos na Boa Nova que Cristo nos trouxe, e que nunca perde o seu vigor.<\/p>\n<p>Uma passagem bonita desta Exorta\u00e7\u00e3o Apost\u00f3lica \u00e9 a que fala da diversidade cultural, em que o Evangelho foi acolhido ao longo dos s\u00e9culos, e continua sendo hoje tamb\u00e9m. Isto abre caminho para que a Igreja de Cristo comporte, dentro de si mesma, uma leg\u00edtima e sadia diversidade, dando espa\u00e7o para o ecumenismo e o di\u00e1logo com outras religi\u00f5es.<\/p>\n<p>Um documento a ser acolhido como mensagem especial deste Papa que a Provid\u00eancia nos proporcionou, de maneira surpreendente e oportuna.<\/p>\n<div id=\"themify_builder_content-23895\" data-postid=\"23895\" class=\"themify_builder_content themify_builder_content-23895 themify_builder themify_builder_front\">\n\t<\/div>\n<!-- \/themify_builder_content -->","protected":false},"excerpt":{"rendered":"<p>Dom Dem\u00e9trio Valentini Com data de 24 de novembro de 2013, o Papa Francisco acaba de publicar o seu primeiro documento, escrito sob sua responsabilidade, em forma de \u201cExorta\u00e7\u00e3o Apost\u00f3lica\u201d, com o sugestivo t\u00edtulo: \u201cEvangelii Gaudium\u201d &#8211; \u201cA Alegria do Evangelho.\u201d O que logo salta aos olhos \u00e9 a disposi\u00e7\u00e3o do Papa, de n\u00e3o perder [&hellip;]<\/p>\n","protected":false},"author":5,"featured_media":0,"comment_status":"open","ping_status":"open","sticky":false,"template":"","format":"standard","meta":{"ngg_post_thumbnail":0,"footnotes":""},"categories":[9],"tags":[2859,505,2860,2433],"yoast_head":"<!-- This site is optimized with the Yoast SEO plugin v23.5 - https:\/\/yoast.com\/wordpress\/plugins\/seo\/ -->\n<title>A alegria do Evangelho - O Arcanjo no ar<\/title>\n<meta name=\"robots\" content=\"index, follow, max-snippet:-1, max-image-preview:large, max-video-preview:-1\" \/>\n<link rel=\"canonical\" href=\"https:\/\/www.oarcanjo.net\/site\/a-alegria-do-evangelho-2\/\" \/>\n<meta property=\"og:locale\" content=\"pt_BR\" \/>\n<meta property=\"og:type\" content=\"article\" \/>\n<meta property=\"og:title\" content=\"A alegria do Evangelho - O Arcanjo no ar\" \/>\n<meta property=\"og:description\" content=\"Dom Dem\u00e9trio Valentini Com data de 24 de novembro de 2013, o Papa Francisco acaba de publicar o seu primeiro documento, escrito sob sua responsabilidade, em forma de \u201cExorta\u00e7\u00e3o Apost\u00f3lica\u201d, com o sugestivo t\u00edtulo: \u201cEvangelii Gaudium\u201d &#8211; \u201cA Alegria do Evangelho.\u201d O que logo salta aos olhos \u00e9 a disposi\u00e7\u00e3o do Papa, de n\u00e3o perder [&hellip;]\" \/>\n<meta property=\"og:url\" content=\"https:\/\/www.oarcanjo.net\/site\/a-alegria-do-evangelho-2\/\" \/>\n<meta property=\"og:site_name\" content=\"O Arcanjo no ar\" \/>\n<meta property=\"article:publisher\" content=\"https:\/\/www.facebook.com\/OArcanjoNoAr\/\" \/>\n<meta property=\"article:published_time\" content=\"2013-12-02T13:25:52+00:00\" \/>\n<meta property=\"article:modified_time\" content=\"2013-12-02T13:27:07+00:00\" \/>\n<meta property=\"og:image\" content=\"https:\/\/www.oarcanjo.net\/site\/wp-content\/uploads\/logo-o-arcanjo-no-ar-facebook.png\" \/>\n\t<meta property=\"og:image:width\" content=\"300\" \/>\n\t<meta property=\"og:image:height\" content=\"300\" \/>\n\t<meta property=\"og:image:type\" content=\"image\/png\" \/>\n<meta name=\"author\" content=\"editor\" \/>\n<meta name=\"twitter:card\" content=\"summary_large_image\" \/>\n<meta name=\"twitter:label1\" content=\"Escrito por\" \/>\n\t<meta name=\"twitter:data1\" content=\"editor\" \/>\n\t<meta name=\"twitter:label2\" content=\"Est. tempo de leitura\" \/>\n\t<meta name=\"twitter:data2\" content=\"3 minutos\" \/>\n<script type=\"application\/ld+json\" class=\"yoast-schema-graph\">{\"@context\":\"https:\/\/schema.org\",\"@graph\":[{\"@type\":\"Article\",\"@id\":\"https:\/\/www.oarcanjo.net\/site\/a-alegria-do-evangelho-2\/#article\",\"isPartOf\":{\"@id\":\"https:\/\/www.oarcanjo.net\/site\/a-alegria-do-evangelho-2\/\"},\"author\":{\"name\":\"editor\",\"@id\":\"https:\/\/www.oarcanjo.net\/site\/#\/schema\/person\/f7024d007863202483a31326673a0838\"},\"headline\":\"A alegria do Evangelho\",\"datePublished\":\"2013-12-02T13:25:52+00:00\",\"dateModified\":\"2013-12-02T13:27:07+00:00\",\"mainEntityOfPage\":{\"@id\":\"https:\/\/www.oarcanjo.net\/site\/a-alegria-do-evangelho-2\/\"},\"wordCount\":645,\"commentCount\":0,\"publisher\":{\"@id\":\"https:\/\/www.oarcanjo.net\/site\/#organization\"},\"keywords\":[\"A Alegria do Evangelho\",\"Conc\u00edlio Vaticano II\",\"Evangelii Gaudium\",\"Papa Francisco\"],\"articleSection\":[\"Reflex\u00f5es\"],\"inLanguage\":\"pt-BR\",\"potentialAction\":[{\"@type\":\"CommentAction\",\"name\":\"Comment\",\"target\":[\"https:\/\/www.oarcanjo.net\/site\/a-alegria-do-evangelho-2\/#respond\"]}]},{\"@type\":\"WebPage\",\"@id\":\"https:\/\/www.oarcanjo.net\/site\/a-alegria-do-evangelho-2\/\",\"url\":\"https:\/\/www.oarcanjo.net\/site\/a-alegria-do-evangelho-2\/\",\"name\":\"A alegria do Evangelho - O Arcanjo no ar\",\"isPartOf\":{\"@id\":\"https:\/\/www.oarcanjo.net\/site\/#website\"},\"datePublished\":\"2013-12-02T13:25:52+00:00\",\"dateModified\":\"2013-12-02T13:27:07+00:00\",\"breadcrumb\":{\"@id\":\"https:\/\/www.oarcanjo.net\/site\/a-alegria-do-evangelho-2\/#breadcrumb\"},\"inLanguage\":\"pt-BR\",\"potentialAction\":[{\"@type\":\"ReadAction\",\"target\":[\"https:\/\/www.oarcanjo.net\/site\/a-alegria-do-evangelho-2\/\"]}]},{\"@type\":\"BreadcrumbList\",\"@id\":\"https:\/\/www.oarcanjo.net\/site\/a-alegria-do-evangelho-2\/#breadcrumb\",\"itemListElement\":[{\"@type\":\"ListItem\",\"position\":1,\"name\":\"In\u00edcio\",\"item\":\"https:\/\/www.oarcanjo.net\/site\/\"},{\"@type\":\"ListItem\",\"position\":2,\"name\":\"A alegria do Evangelho\"}]},{\"@type\":\"WebSite\",\"@id\":\"https:\/\/www.oarcanjo.net\/site\/#website\",\"url\":\"https:\/\/www.oarcanjo.net\/site\/\",\"name\":\"O Arcanjo no ar\",\"description\":\"Site da Par\u00f3quia S\u00e3o Miguel Arcanjo (Arquidiocese de SP)\",\"publisher\":{\"@id\":\"https:\/\/www.oarcanjo.net\/site\/#organization\"},\"potentialAction\":[{\"@type\":\"SearchAction\",\"target\":{\"@type\":\"EntryPoint\",\"urlTemplate\":\"https:\/\/www.oarcanjo.net\/site\/?s={search_term_string}\"},\"query-input\":{\"@type\":\"PropertyValueSpecification\",\"valueRequired\":true,\"valueName\":\"search_term_string\"}}],\"inLanguage\":\"pt-BR\"},{\"@type\":\"Organization\",\"@id\":\"https:\/\/www.oarcanjo.net\/site\/#organization\",\"name\":\"Par\u00f3quia S\u00e3o Miguel Arcanjo\",\"url\":\"https:\/\/www.oarcanjo.net\/site\/\",\"logo\":{\"@type\":\"ImageObject\",\"inLanguage\":\"pt-BR\",\"@id\":\"https:\/\/www.oarcanjo.net\/site\/#\/schema\/logo\/image\/\",\"url\":\"https:\/\/www.oarcanjo.net\/site\/wp-content\/uploads\/LogoOArcanjo.png\",\"contentUrl\":\"https:\/\/www.oarcanjo.net\/site\/wp-content\/uploads\/LogoOArcanjo.png\",\"width\":319,\"height\":99,\"caption\":\"Par\u00f3quia S\u00e3o Miguel Arcanjo\"},\"image\":{\"@id\":\"https:\/\/www.oarcanjo.net\/site\/#\/schema\/logo\/image\/\"},\"sameAs\":[\"https:\/\/www.facebook.com\/OArcanjoNoAr\/\"]},{\"@type\":\"Person\",\"@id\":\"https:\/\/www.oarcanjo.net\/site\/#\/schema\/person\/f7024d007863202483a31326673a0838\",\"name\":\"editor\",\"sameAs\":[\"http:\/\/www.oarcanjo.net\"]}]}<\/script>\n<!-- \/ Yoast SEO plugin. -->","yoast_head_json":{"title":"A alegria do Evangelho - O Arcanjo no ar","robots":{"index":"index","follow":"follow","max-snippet":"max-snippet:-1","max-image-preview":"max-image-preview:large","max-video-preview":"max-video-preview:-1"},"canonical":"https:\/\/www.oarcanjo.net\/site\/a-alegria-do-evangelho-2\/","og_locale":"pt_BR","og_type":"article","og_title":"A alegria do Evangelho - O Arcanjo no ar","og_description":"Dom Dem\u00e9trio Valentini Com data de 24 de novembro de 2013, o Papa Francisco acaba de publicar o seu primeiro documento, escrito sob sua responsabilidade, em forma de \u201cExorta\u00e7\u00e3o Apost\u00f3lica\u201d, com o sugestivo t\u00edtulo: \u201cEvangelii Gaudium\u201d &#8211; \u201cA Alegria do Evangelho.\u201d O que logo salta aos olhos \u00e9 a disposi\u00e7\u00e3o do Papa, de n\u00e3o perder [&hellip;]","og_url":"https:\/\/www.oarcanjo.net\/site\/a-alegria-do-evangelho-2\/","og_site_name":"O Arcanjo no ar","article_publisher":"https:\/\/www.facebook.com\/OArcanjoNoAr\/","article_published_time":"2013-12-02T13:25:52+00:00","article_modified_time":"2013-12-02T13:27:07+00:00","og_image":[{"width":300,"height":300,"url":"https:\/\/www.oarcanjo.net\/site\/wp-content\/uploads\/logo-o-arcanjo-no-ar-facebook.png","type":"image\/png"}],"author":"editor","twitter_card":"summary_large_image","twitter_misc":{"Escrito por":"editor","Est. tempo de leitura":"3 minutos"},"schema":{"@context":"https:\/\/schema.org","@graph":[{"@type":"Article","@id":"https:\/\/www.oarcanjo.net\/site\/a-alegria-do-evangelho-2\/#article","isPartOf":{"@id":"https:\/\/www.oarcanjo.net\/site\/a-alegria-do-evangelho-2\/"},"author":{"name":"editor","@id":"https:\/\/www.oarcanjo.net\/site\/#\/schema\/person\/f7024d007863202483a31326673a0838"},"headline":"A alegria do Evangelho","datePublished":"2013-12-02T13:25:52+00:00","dateModified":"2013-12-02T13:27:07+00:00","mainEntityOfPage":{"@id":"https:\/\/www.oarcanjo.net\/site\/a-alegria-do-evangelho-2\/"},"wordCount":645,"commentCount":0,"publisher":{"@id":"https:\/\/www.oarcanjo.net\/site\/#organization"},"keywords":["A Alegria do Evangelho","Conc\u00edlio Vaticano II","Evangelii Gaudium","Papa Francisco"],"articleSection":["Reflex\u00f5es"],"inLanguage":"pt-BR","potentialAction":[{"@type":"CommentAction","name":"Comment","target":["https:\/\/www.oarcanjo.net\/site\/a-alegria-do-evangelho-2\/#respond"]}]},{"@type":"WebPage","@id":"https:\/\/www.oarcanjo.net\/site\/a-alegria-do-evangelho-2\/","url":"https:\/\/www.oarcanjo.net\/site\/a-alegria-do-evangelho-2\/","name":"A alegria do Evangelho - O Arcanjo no ar","isPartOf":{"@id":"https:\/\/www.oarcanjo.net\/site\/#website"},"datePublished":"2013-12-02T13:25:52+00:00","dateModified":"2013-12-02T13:27:07+00:00","breadcrumb":{"@id":"https:\/\/www.oarcanjo.net\/site\/a-alegria-do-evangelho-2\/#breadcrumb"},"inLanguage":"pt-BR","potentialAction":[{"@type":"ReadAction","target":["https:\/\/www.oarcanjo.net\/site\/a-alegria-do-evangelho-2\/"]}]},{"@type":"BreadcrumbList","@id":"https:\/\/www.oarcanjo.net\/site\/a-alegria-do-evangelho-2\/#breadcrumb","itemListElement":[{"@type":"ListItem","position":1,"name":"In\u00edcio","item":"https:\/\/www.oarcanjo.net\/site\/"},{"@type":"ListItem","position":2,"name":"A alegria do Evangelho"}]},{"@type":"WebSite","@id":"https:\/\/www.oarcanjo.net\/site\/#website","url":"https:\/\/www.oarcanjo.net\/site\/","name":"O Arcanjo no ar","description":"Site da Par\u00f3quia S\u00e3o Miguel Arcanjo (Arquidiocese de SP)","publisher":{"@id":"https:\/\/www.oarcanjo.net\/site\/#organization"},"potentialAction":[{"@type":"SearchAction","target":{"@type":"EntryPoint","urlTemplate":"https:\/\/www.oarcanjo.net\/site\/?s={search_term_string}"},"query-input":{"@type":"PropertyValueSpecification","valueRequired":true,"valueName":"search_term_string"}}],"inLanguage":"pt-BR"},{"@type":"Organization","@id":"https:\/\/www.oarcanjo.net\/site\/#organization","name":"Par\u00f3quia S\u00e3o Miguel Arcanjo","url":"https:\/\/www.oarcanjo.net\/site\/","logo":{"@type":"ImageObject","inLanguage":"pt-BR","@id":"https:\/\/www.oarcanjo.net\/site\/#\/schema\/logo\/image\/","url":"https:\/\/www.oarcanjo.net\/site\/wp-content\/uploads\/LogoOArcanjo.png","contentUrl":"https:\/\/www.oarcanjo.net\/site\/wp-content\/uploads\/LogoOArcanjo.png","width":319,"height":99,"caption":"Par\u00f3quia S\u00e3o Miguel Arcanjo"},"image":{"@id":"https:\/\/www.oarcanjo.net\/site\/#\/schema\/logo\/image\/"},"sameAs":["https:\/\/www.facebook.com\/OArcanjoNoAr\/"]},{"@type":"Person","@id":"https:\/\/www.oarcanjo.net\/site\/#\/schema\/person\/f7024d007863202483a31326673a0838","name":"editor","sameAs":["http:\/\/www.oarcanjo.net"]}]}},"publishpress_future_action":{"enabled":false,"date":"2026-05-09 00:11:51","action":"category","newStatus":"draft","terms":[],"taxonomy":"category"},"publishpress_future_workflow_manual_trigger":{"enabledWorkflows":[]},"_links":{"self":[{"href":"https:\/\/www.oarcanjo.net\/site\/wp-json\/wp\/v2\/posts\/23895"}],"collection":[{"href":"https:\/\/www.oarcanjo.net\/site\/wp-json\/wp\/v2\/posts"}],"about":[{"href":"https:\/\/www.oarcanjo.net\/site\/wp-json\/wp\/v2\/types\/post"}],"author":[{"embeddable":true,"href":"https:\/\/www.oarcanjo.net\/site\/wp-json\/wp\/v2\/users\/5"}],"replies":[{"embeddable":true,"href":"https:\/\/www.oarcanjo.net\/site\/wp-json\/wp\/v2\/comments?post=23895"}],"version-history":[{"count":0,"href":"https:\/\/www.oarcanjo.net\/site\/wp-json\/wp\/v2\/posts\/23895\/revisions"}],"wp:attachment":[{"href":"https:\/\/www.oarcanjo.net\/site\/wp-json\/wp\/v2\/media?parent=23895"}],"wp:term":[{"taxonomy":"category","embeddable":true,"href":"https:\/\/www.oarcanjo.net\/site\/wp-json\/wp\/v2\/categories?post=23895"},{"taxonomy":"post_tag","embeddable":true,"href":"https:\/\/www.oarcanjo.net\/site\/wp-json\/wp\/v2\/tags?post=23895"}],"curies":[{"name":"wp","href":"https:\/\/api.w.org\/{rel}","templated":true}]}}