
{"id":23927,"date":"2013-12-03T13:56:21","date_gmt":"2013-12-03T15:56:21","guid":{"rendered":"http:\/\/www.oarcanjo.net\/site\/?p=23927"},"modified":"2013-12-03T13:56:21","modified_gmt":"2013-12-03T15:56:21","slug":"tambem-vos-ficai-preparados","status":"publish","type":"post","link":"https:\/\/www.oarcanjo.net\/site\/tambem-vos-ficai-preparados\/","title":{"rendered":"Tamb\u00e9m v\u00f3s, ficai preparados!"},"content":{"rendered":"<p><em>Cardeal Odilo Pedro Scherer<\/em><\/p>\n<p>Qual \u00e9 o sentido da vida humana? Por que existimos? H\u00e1 um motivo consistente para a pr\u00e1tica do bem e para evitar o mal? H\u00e1 muitos modos de compreender a vida, dependendo das culturas, dos sistemas filos\u00f3ficos, das ideologias, das religi\u00f5es. Essa  quest\u00e3o \u00e9 crucial para o esp\u00edrito humano, que tenta responder a ela atrav\u00e9s de suas m\u00faltiplas express\u00f5es simb\u00f3licas e culturais.<\/p>\n<p>N\u00e3o \u00e9 o caso de analisar, aqui, as muitas respostas. Vamos refletir algo sobre as respostas do Cristianismo, a n\u00f3s apresentadas como \u201cEvangelii gaudium\u201d \u2013 boa not\u00edcia &#8211;  atrav\u00e9s da prega\u00e7\u00e3o constante da Igreja. Em particular, algumas convic\u00e7\u00f5es basilares aparecem no tempo lit\u00fargico do Advento.<\/p>\n<p>Trazemos em n\u00f3s um anseio irreprim\u00edvel de supera\u00e7\u00e3o das nossas limita\u00e7\u00f5es, de plenitude e de paz. Isso move continuamente a humanidade a trabalhar, a buscar solu\u00e7\u00f5es, a mover-se para uma perfei\u00e7\u00e3o, que conseguimos alcan\u00e7ar apenas em parte. Leva tamb\u00e9m \u00e0 certeza de que o \u201cpior\u201d n\u00e3o \u00e9 o \u201cmelhor\u201d e, portanto, n\u00e3o nos conformamos com as coisas que v\u00e3o mal, mas continuamos a lutar.<\/p>\n<p>A f\u00e9 crist\u00e3, baseada na Palavra de Deus, apresentada com abund\u00e2ncia no Advento, nos diz que isso n\u00e3o \u00e9 sonho vazio, nem utopia alienante. Deus n\u00e3o nos fez para a frustra\u00e7\u00e3o, mas para a plenitude. Nossa vida n\u00e3o se esgota na precariedade insuper\u00e1vel do \u201creino terrestre\u201d, mas est\u00e1 voltada para o \u201creino celeste\u201d, ao qual Deus nos atrai e chama a participar, por sua gra\u00e7a e benevol\u00eancia. Vivemos de \u201cesperan\u00e7a segura\u201d.<\/p>\n<p>Enquanto nos debatemos \u201centre ang\u00fastias e sofrimentos, alegrias e esperan\u00e7as\u201d, n\u00e3o estamos sozinhos, mas podemos contar com a ajuda de Deus, que veio ao nosso encontro e nos estendeu a m\u00e3o por meio do seu Filho, o Cristo, Ungido de Deus. Por isso, nossa vida n\u00e3o precisa estar mergulhada na desorienta\u00e7\u00e3o e tristeza. Desde agora, sabemos onde est\u00e1 a luz, o caminho, a porta, o p\u00e3o a \u00e1gua, a companhia segura durante o nosso peregrinar neste mundo. Depende de n\u00f3s, aceitar a companhia de Deus e sua paterna provid\u00eancia, ou rejeit\u00e1-la.<\/p>\n<p>Este mundo n\u00e3o est\u00e1 entregue a for\u00e7as cegas, que agem automaticamente sobre ele, com maldade inclemente, ou com bondade impessoal. A guerra n\u00e3o \u00e9 desencadeada por for\u00e7as ocultas e irracionais; a viol\u00eancia, a corrup\u00e7\u00e3o, a injusti\u00e7a e a mis\u00e9ria n\u00e3o s\u00e3o fatalidades incontrol\u00e1veis&#8230; O mundo est\u00e1 entregue em nossas m\u00e3os, para que o conduzamos no bem. Depende de nossas escolhas pessoais e comunit\u00e1rias. O homem \u00e9 respons\u00e1vel pelos seus atos, pessoal e socialmente. Toda causa gera conseq\u00fc\u00eancias.<\/p>\n<p>Por isso, durante a sua vida, o ser humano deve fazer escolhas conscientes e acertadas. Deus lhe mostra o caminho, d\u00e1 o discernimento e concede sua ajuda para escolhe o bem. Na linguagem da f\u00e9, isso significa viver \u201catentos e vigilantes\u201d, como nos \u00e9 dito de v\u00e1rias maneiras na Liturgia do Advento. S\u00e3o Paulo exorta a \u201cdespir-se das obras das trevas\u201d e a \u201crevestir-se de Cristo Jesus\u201d (cf Rm 13,11-14), ou seja, a viver segundo os ensinamentos do Evangelho.<\/p>\n<p>A grande tenta\u00e7\u00e3o do homem, por\u00e9m, \u00e9 a de ser o \u201cdeus\u201d de si mesmo, acima do bem e do mal, a \u00faltima inst\u00e2ncia para tudo. N\u00e3o \u00e9 assim que n\u00f3s nos compreendemos. Somos criaturas e n\u00e3o somos senhores absolutos do nosso ser e do julgamento sobre nossas decis\u00f5es: a vida e nossas capacidades, incluindo a liberdade para as escolhas, s\u00e3o dons, que nos s\u00e3o confiados; de seu uso deveremos dar contas a Deus um dia. Por isso, cabe-nos \u201cvigiar\u201d sobre n\u00f3s mesmos e sobre nossas escolhas.<\/p>\n<p>Mas isso n\u00e3o nos deve parecer uma amea\u00e7a aterradora: muito mais, isso deve ser visto como a pedagogia de Deus, que nos conduz pelas estradas da vida, para alcan\u00e7armos a meta suprema de nossa exist\u00eancia &#8211; o grande encontro com Ele -, e para sermos considerados dignos de participar do \u201cbanquete da vida eterna\u201d.<\/p>\n<div id=\"themify_builder_content-23927\" data-postid=\"23927\" class=\"themify_builder_content themify_builder_content-23927 themify_builder themify_builder_front\">\n\t<\/div>\n<!-- \/themify_builder_content -->","protected":false},"excerpt":{"rendered":"<p>Cardeal Odilo Pedro Scherer Qual \u00e9 o sentido da vida humana? Por que existimos? H\u00e1 um motivo consistente para a pr\u00e1tica do bem e para evitar o mal? H\u00e1 muitos modos de compreender a vida, dependendo das culturas, dos sistemas filos\u00f3ficos, das ideologias, das religi\u00f5es. Essa quest\u00e3o \u00e9 crucial para o esp\u00edrito humano, que tenta [&hellip;]<\/p>\n","protected":false},"author":5,"featured_media":0,"comment_status":"open","ping_status":"open","sticky":false,"template":"","format":"standard","meta":{"ngg_post_thumbnail":0,"footnotes":""},"categories":[9],"tags":[108,2872,2873,2860,2874,2875,2876,62,2877],"yoast_head":"<!-- This site is optimized with the Yoast SEO plugin v23.5 - https:\/\/yoast.com\/wordpress\/plugins\/seo\/ -->\n<title>Tamb\u00e9m v\u00f3s, ficai preparados! - O Arcanjo no ar<\/title>\n<meta name=\"robots\" content=\"index, follow, max-snippet:-1, max-image-preview:large, max-video-preview:-1\" \/>\n<link rel=\"canonical\" href=\"https:\/\/www.oarcanjo.net\/site\/tambem-vos-ficai-preparados\/\" \/>\n<meta property=\"og:locale\" content=\"pt_BR\" \/>\n<meta property=\"og:type\" content=\"article\" \/>\n<meta property=\"og:title\" content=\"Tamb\u00e9m v\u00f3s, ficai preparados! - O Arcanjo no ar\" \/>\n<meta property=\"og:description\" content=\"Cardeal Odilo Pedro Scherer Qual \u00e9 o sentido da vida humana? Por que existimos? H\u00e1 um motivo consistente para a pr\u00e1tica do bem e para evitar o mal? H\u00e1 muitos modos de compreender a vida, dependendo das culturas, dos sistemas filos\u00f3ficos, das ideologias, das religi\u00f5es. Essa quest\u00e3o \u00e9 crucial para o esp\u00edrito humano, que tenta [&hellip;]\" \/>\n<meta property=\"og:url\" content=\"https:\/\/www.oarcanjo.net\/site\/tambem-vos-ficai-preparados\/\" \/>\n<meta property=\"og:site_name\" content=\"O Arcanjo no ar\" \/>\n<meta property=\"article:publisher\" content=\"https:\/\/www.facebook.com\/OArcanjoNoAr\/\" \/>\n<meta property=\"article:published_time\" content=\"2013-12-03T15:56:21+00:00\" \/>\n<meta property=\"og:image\" content=\"https:\/\/www.oarcanjo.net\/site\/wp-content\/uploads\/logo-o-arcanjo-no-ar-facebook.png\" \/>\n\t<meta property=\"og:image:width\" content=\"300\" \/>\n\t<meta property=\"og:image:height\" content=\"300\" \/>\n\t<meta property=\"og:image:type\" content=\"image\/png\" \/>\n<meta name=\"author\" content=\"editor\" \/>\n<meta name=\"twitter:card\" content=\"summary_large_image\" \/>\n<meta name=\"twitter:label1\" content=\"Escrito por\" \/>\n\t<meta name=\"twitter:data1\" content=\"editor\" \/>\n\t<meta name=\"twitter:label2\" content=\"Est. tempo de leitura\" \/>\n\t<meta name=\"twitter:data2\" content=\"3 minutos\" \/>\n<script type=\"application\/ld+json\" class=\"yoast-schema-graph\">{\"@context\":\"https:\/\/schema.org\",\"@graph\":[{\"@type\":\"Article\",\"@id\":\"https:\/\/www.oarcanjo.net\/site\/tambem-vos-ficai-preparados\/#article\",\"isPartOf\":{\"@id\":\"https:\/\/www.oarcanjo.net\/site\/tambem-vos-ficai-preparados\/\"},\"author\":{\"name\":\"editor\",\"@id\":\"https:\/\/www.oarcanjo.net\/site\/#\/schema\/person\/f7024d007863202483a31326673a0838\"},\"headline\":\"Tamb\u00e9m v\u00f3s, ficai preparados!\",\"datePublished\":\"2013-12-03T15:56:21+00:00\",\"dateModified\":\"2013-12-03T15:56:21+00:00\",\"mainEntityOfPage\":{\"@id\":\"https:\/\/www.oarcanjo.net\/site\/tambem-vos-ficai-preparados\/\"},\"wordCount\":705,\"commentCount\":0,\"publisher\":{\"@id\":\"https:\/\/www.oarcanjo.net\/site\/#organization\"},\"keywords\":[\"Advento\",\"Atentos\",\"Bem\",\"Evangelii Gaudium\",\"Mal\",\"Reino celeste\",\"Sentido\",\"vida\",\"Vigilantes\"],\"articleSection\":[\"Reflex\u00f5es\"],\"inLanguage\":\"pt-BR\",\"potentialAction\":[{\"@type\":\"CommentAction\",\"name\":\"Comment\",\"target\":[\"https:\/\/www.oarcanjo.net\/site\/tambem-vos-ficai-preparados\/#respond\"]}]},{\"@type\":\"WebPage\",\"@id\":\"https:\/\/www.oarcanjo.net\/site\/tambem-vos-ficai-preparados\/\",\"url\":\"https:\/\/www.oarcanjo.net\/site\/tambem-vos-ficai-preparados\/\",\"name\":\"Tamb\u00e9m v\u00f3s, ficai preparados! - O Arcanjo no ar\",\"isPartOf\":{\"@id\":\"https:\/\/www.oarcanjo.net\/site\/#website\"},\"datePublished\":\"2013-12-03T15:56:21+00:00\",\"dateModified\":\"2013-12-03T15:56:21+00:00\",\"breadcrumb\":{\"@id\":\"https:\/\/www.oarcanjo.net\/site\/tambem-vos-ficai-preparados\/#breadcrumb\"},\"inLanguage\":\"pt-BR\",\"potentialAction\":[{\"@type\":\"ReadAction\",\"target\":[\"https:\/\/www.oarcanjo.net\/site\/tambem-vos-ficai-preparados\/\"]}]},{\"@type\":\"BreadcrumbList\",\"@id\":\"https:\/\/www.oarcanjo.net\/site\/tambem-vos-ficai-preparados\/#breadcrumb\",\"itemListElement\":[{\"@type\":\"ListItem\",\"position\":1,\"name\":\"In\u00edcio\",\"item\":\"https:\/\/www.oarcanjo.net\/site\/\"},{\"@type\":\"ListItem\",\"position\":2,\"name\":\"Tamb\u00e9m v\u00f3s, ficai preparados!\"}]},{\"@type\":\"WebSite\",\"@id\":\"https:\/\/www.oarcanjo.net\/site\/#website\",\"url\":\"https:\/\/www.oarcanjo.net\/site\/\",\"name\":\"O Arcanjo no ar\",\"description\":\"Site da Par\u00f3quia S\u00e3o Miguel Arcanjo (Arquidiocese de SP)\",\"publisher\":{\"@id\":\"https:\/\/www.oarcanjo.net\/site\/#organization\"},\"potentialAction\":[{\"@type\":\"SearchAction\",\"target\":{\"@type\":\"EntryPoint\",\"urlTemplate\":\"https:\/\/www.oarcanjo.net\/site\/?s={search_term_string}\"},\"query-input\":{\"@type\":\"PropertyValueSpecification\",\"valueRequired\":true,\"valueName\":\"search_term_string\"}}],\"inLanguage\":\"pt-BR\"},{\"@type\":\"Organization\",\"@id\":\"https:\/\/www.oarcanjo.net\/site\/#organization\",\"name\":\"Par\u00f3quia S\u00e3o Miguel Arcanjo\",\"url\":\"https:\/\/www.oarcanjo.net\/site\/\",\"logo\":{\"@type\":\"ImageObject\",\"inLanguage\":\"pt-BR\",\"@id\":\"https:\/\/www.oarcanjo.net\/site\/#\/schema\/logo\/image\/\",\"url\":\"https:\/\/www.oarcanjo.net\/site\/wp-content\/uploads\/LogoOArcanjo.png\",\"contentUrl\":\"https:\/\/www.oarcanjo.net\/site\/wp-content\/uploads\/LogoOArcanjo.png\",\"width\":319,\"height\":99,\"caption\":\"Par\u00f3quia S\u00e3o Miguel Arcanjo\"},\"image\":{\"@id\":\"https:\/\/www.oarcanjo.net\/site\/#\/schema\/logo\/image\/\"},\"sameAs\":[\"https:\/\/www.facebook.com\/OArcanjoNoAr\/\"]},{\"@type\":\"Person\",\"@id\":\"https:\/\/www.oarcanjo.net\/site\/#\/schema\/person\/f7024d007863202483a31326673a0838\",\"name\":\"editor\",\"sameAs\":[\"http:\/\/www.oarcanjo.net\"]}]}<\/script>\n<!-- \/ Yoast SEO plugin. -->","yoast_head_json":{"title":"Tamb\u00e9m v\u00f3s, ficai preparados! - O Arcanjo no ar","robots":{"index":"index","follow":"follow","max-snippet":"max-snippet:-1","max-image-preview":"max-image-preview:large","max-video-preview":"max-video-preview:-1"},"canonical":"https:\/\/www.oarcanjo.net\/site\/tambem-vos-ficai-preparados\/","og_locale":"pt_BR","og_type":"article","og_title":"Tamb\u00e9m v\u00f3s, ficai preparados! - O Arcanjo no ar","og_description":"Cardeal Odilo Pedro Scherer Qual \u00e9 o sentido da vida humana? Por que existimos? H\u00e1 um motivo consistente para a pr\u00e1tica do bem e para evitar o mal? H\u00e1 muitos modos de compreender a vida, dependendo das culturas, dos sistemas filos\u00f3ficos, das ideologias, das religi\u00f5es. Essa quest\u00e3o \u00e9 crucial para o esp\u00edrito humano, que tenta [&hellip;]","og_url":"https:\/\/www.oarcanjo.net\/site\/tambem-vos-ficai-preparados\/","og_site_name":"O Arcanjo no ar","article_publisher":"https:\/\/www.facebook.com\/OArcanjoNoAr\/","article_published_time":"2013-12-03T15:56:21+00:00","og_image":[{"width":300,"height":300,"url":"https:\/\/www.oarcanjo.net\/site\/wp-content\/uploads\/logo-o-arcanjo-no-ar-facebook.png","type":"image\/png"}],"author":"editor","twitter_card":"summary_large_image","twitter_misc":{"Escrito por":"editor","Est. tempo de leitura":"3 minutos"},"schema":{"@context":"https:\/\/schema.org","@graph":[{"@type":"Article","@id":"https:\/\/www.oarcanjo.net\/site\/tambem-vos-ficai-preparados\/#article","isPartOf":{"@id":"https:\/\/www.oarcanjo.net\/site\/tambem-vos-ficai-preparados\/"},"author":{"name":"editor","@id":"https:\/\/www.oarcanjo.net\/site\/#\/schema\/person\/f7024d007863202483a31326673a0838"},"headline":"Tamb\u00e9m v\u00f3s, ficai preparados!","datePublished":"2013-12-03T15:56:21+00:00","dateModified":"2013-12-03T15:56:21+00:00","mainEntityOfPage":{"@id":"https:\/\/www.oarcanjo.net\/site\/tambem-vos-ficai-preparados\/"},"wordCount":705,"commentCount":0,"publisher":{"@id":"https:\/\/www.oarcanjo.net\/site\/#organization"},"keywords":["Advento","Atentos","Bem","Evangelii Gaudium","Mal","Reino celeste","Sentido","vida","Vigilantes"],"articleSection":["Reflex\u00f5es"],"inLanguage":"pt-BR","potentialAction":[{"@type":"CommentAction","name":"Comment","target":["https:\/\/www.oarcanjo.net\/site\/tambem-vos-ficai-preparados\/#respond"]}]},{"@type":"WebPage","@id":"https:\/\/www.oarcanjo.net\/site\/tambem-vos-ficai-preparados\/","url":"https:\/\/www.oarcanjo.net\/site\/tambem-vos-ficai-preparados\/","name":"Tamb\u00e9m v\u00f3s, ficai preparados! - O Arcanjo no ar","isPartOf":{"@id":"https:\/\/www.oarcanjo.net\/site\/#website"},"datePublished":"2013-12-03T15:56:21+00:00","dateModified":"2013-12-03T15:56:21+00:00","breadcrumb":{"@id":"https:\/\/www.oarcanjo.net\/site\/tambem-vos-ficai-preparados\/#breadcrumb"},"inLanguage":"pt-BR","potentialAction":[{"@type":"ReadAction","target":["https:\/\/www.oarcanjo.net\/site\/tambem-vos-ficai-preparados\/"]}]},{"@type":"BreadcrumbList","@id":"https:\/\/www.oarcanjo.net\/site\/tambem-vos-ficai-preparados\/#breadcrumb","itemListElement":[{"@type":"ListItem","position":1,"name":"In\u00edcio","item":"https:\/\/www.oarcanjo.net\/site\/"},{"@type":"ListItem","position":2,"name":"Tamb\u00e9m v\u00f3s, ficai preparados!"}]},{"@type":"WebSite","@id":"https:\/\/www.oarcanjo.net\/site\/#website","url":"https:\/\/www.oarcanjo.net\/site\/","name":"O Arcanjo no ar","description":"Site da Par\u00f3quia S\u00e3o Miguel Arcanjo (Arquidiocese de SP)","publisher":{"@id":"https:\/\/www.oarcanjo.net\/site\/#organization"},"potentialAction":[{"@type":"SearchAction","target":{"@type":"EntryPoint","urlTemplate":"https:\/\/www.oarcanjo.net\/site\/?s={search_term_string}"},"query-input":{"@type":"PropertyValueSpecification","valueRequired":true,"valueName":"search_term_string"}}],"inLanguage":"pt-BR"},{"@type":"Organization","@id":"https:\/\/www.oarcanjo.net\/site\/#organization","name":"Par\u00f3quia S\u00e3o Miguel Arcanjo","url":"https:\/\/www.oarcanjo.net\/site\/","logo":{"@type":"ImageObject","inLanguage":"pt-BR","@id":"https:\/\/www.oarcanjo.net\/site\/#\/schema\/logo\/image\/","url":"https:\/\/www.oarcanjo.net\/site\/wp-content\/uploads\/LogoOArcanjo.png","contentUrl":"https:\/\/www.oarcanjo.net\/site\/wp-content\/uploads\/LogoOArcanjo.png","width":319,"height":99,"caption":"Par\u00f3quia S\u00e3o Miguel Arcanjo"},"image":{"@id":"https:\/\/www.oarcanjo.net\/site\/#\/schema\/logo\/image\/"},"sameAs":["https:\/\/www.facebook.com\/OArcanjoNoAr\/"]},{"@type":"Person","@id":"https:\/\/www.oarcanjo.net\/site\/#\/schema\/person\/f7024d007863202483a31326673a0838","name":"editor","sameAs":["http:\/\/www.oarcanjo.net"]}]}},"publishpress_future_action":{"enabled":false,"date":"2026-05-09 00:12:32","action":"category","newStatus":"draft","terms":[],"taxonomy":"category"},"publishpress_future_workflow_manual_trigger":{"enabledWorkflows":[]},"_links":{"self":[{"href":"https:\/\/www.oarcanjo.net\/site\/wp-json\/wp\/v2\/posts\/23927"}],"collection":[{"href":"https:\/\/www.oarcanjo.net\/site\/wp-json\/wp\/v2\/posts"}],"about":[{"href":"https:\/\/www.oarcanjo.net\/site\/wp-json\/wp\/v2\/types\/post"}],"author":[{"embeddable":true,"href":"https:\/\/www.oarcanjo.net\/site\/wp-json\/wp\/v2\/users\/5"}],"replies":[{"embeddable":true,"href":"https:\/\/www.oarcanjo.net\/site\/wp-json\/wp\/v2\/comments?post=23927"}],"version-history":[{"count":0,"href":"https:\/\/www.oarcanjo.net\/site\/wp-json\/wp\/v2\/posts\/23927\/revisions"}],"wp:attachment":[{"href":"https:\/\/www.oarcanjo.net\/site\/wp-json\/wp\/v2\/media?parent=23927"}],"wp:term":[{"taxonomy":"category","embeddable":true,"href":"https:\/\/www.oarcanjo.net\/site\/wp-json\/wp\/v2\/categories?post=23927"},{"taxonomy":"post_tag","embeddable":true,"href":"https:\/\/www.oarcanjo.net\/site\/wp-json\/wp\/v2\/tags?post=23927"}],"curies":[{"name":"wp","href":"https:\/\/api.w.org\/{rel}","templated":true}]}}