
{"id":23929,"date":"2013-12-03T20:47:25","date_gmt":"2013-12-03T22:47:25","guid":{"rendered":"http:\/\/www.oarcanjo.net\/site\/?p=23929"},"modified":"2013-12-03T20:47:25","modified_gmt":"2013-12-03T22:47:25","slug":"advento-alegria-e-penitencia","status":"publish","type":"post","link":"https:\/\/www.oarcanjo.net\/site\/advento-alegria-e-penitencia\/","title":{"rendered":"Advento, alegria e penit\u00eancia"},"content":{"rendered":"<p><em>Edmar Peron<\/em><\/p>\n<p>\u201cSeguir com fidelidade o desenrolar do Ano Lit\u00fargico\u201d \u00e9 um convite, hoje, para entrarmos no mist\u00e9rio do Advento, particularmente guiados pelos textos da liturgia. O Primeiro Domingo do Advento iniciou adequadamente o Ano Lit\u00fargico, pois marcou o in\u00edcio desse intenso per\u00edodo de prepara\u00e7\u00e3o que conduz \u00e0 celebra\u00e7\u00e3o do Natal do Senhor e \u00e0s suas primeiras manifesta\u00e7\u00f5es, particularmente a Epifania. Tal prepara\u00e7\u00e3o \u00e9 ao mesmo tempo lit\u00fargica, espiritual e moral, pois requer verdadeira convers\u00e3o do cora\u00e7\u00e3o. A segunda leitura desse Domingo \u2013 Rm 13,11-14a \u2013 continua a ressoar como um convite apropriado \u00e0 convers\u00e3o: \u201cVoc\u00eas conhecem o tempo, e j\u00e1 \u00e9 hora de voc\u00eas acordarem: a nossa salva\u00e7\u00e3o est\u00e1 agora mais pr\u00f3xima do que quando come\u00e7amos a acreditar. A noite vai avan\u00e7ada e o dia est\u00e1 pr\u00f3ximo. Deixemos, portanto, as obras das trevas e vistamos as armas da luz. Vivamos honestamente como em pleno dia: n\u00e3o em orgias e bebedeiras, prostitui\u00e7\u00e3o e libertinagem, brigas e ci\u00fames. Mas, vistam-se do Senhor Jesus Cristo\u201d (<em>B\u00edblia Pastoral<\/em>). Essa palavra muito ajudou Santo Agostinho, em sua convers\u00e3o, e tem o poder de, no tempo atual, mudar tamb\u00e9m as nossas vidas.<\/p>\n<p>A penit\u00eancia \u00e9 empenho para ver acontecer uma regenera\u00e7\u00e3o espiritual. A vida espiritual \u00e9 semelhante \u00e0 terra seca, n\u00e3o cultivada, que precisa de m\u00e1quinas e trabalho duro para ser semeada e dar frutos; somente com um trabalho \u00e1rduo e incans\u00e1vel poderemos preparar um caminho para o Senhor, como encontramos na seguinte ora\u00e7\u00e3o: \u201cDespertai, \u00f3 Deus, os nossos cora\u00e7\u00f5es, a fim de prepararmos os caminhos do vosso Filho, para que possamos, pelo seu advento, vos servir de cora\u00e7\u00e3o purificado\u201d (<em>Liturgia das Horas, 2\u00aa Semana do Advento, Quinta-feira<\/em>).<\/p>\n<p>Entretanto, a penit\u00eancia n\u00e3o \u00e9 somente um trabalho da pessoa, ela \u00e9, em primeiro lugar, um efeito da gra\u00e7a de Deus em nossas vidas. Mas, para que Deus realize em n\u00f3s a sua obra salvadora, devemos remover os obst\u00e1culos que impedem a sua a\u00e7\u00e3o: \u201cdeixemos, portanto, as obras das trevas e vistamos as armas da luz\u201d. E n\u00f3s fazemos essa limpeza \u2013 \u201cremover os obst\u00e1culos\u201d \u2013 como pessoas livres; usando nossa liberdade de modo respons\u00e1vel abrimos caminho para que Deus tenha acesso \u00e0 nossa vida. Nesse sentido, ou\u00e7amos o ensinamento de S\u00e3o Carlos Borromeu: \u201cA Igreja deseja ardentemente fazer-nos compreender que o Cristo, assim como veio uma s\u00f3 vez a esse mundo, revestido de nossa carne, tamb\u00e9m est\u00e1 disposto a vir de novo, a qualquer momento, para habitar espiritualmente em nossos cora\u00e7\u00f5es com a profus\u00e3o de suas gra\u00e7as, se n\u00e3o opusermos resist\u00eancia\u201d (<em>Liturgia das Horas, Of\u00edcio de Leituras, 1\u00aa Semana do Advento, Segunda-feira<\/em>).<\/p>\n<p>Lembremo-nos, ainda, que o Advento n\u00e3o \u00e9 um tempo penitencial da mesma maneira que o \u00e9 a Quaresma. Ele \u00e9 marcado pela alegria jubilosa: \u201cum tempo de piedosa e alegre expectativa\u201d; \u00e9 a alegria de quem espera a pessoa amada, o tempo em que a Igreja espera a chegada do Esposo, e, como Jo\u00e3o Batista \u2013 na austeridade e na alegria \u2013 alegra-se ao ouvir a voz do esposo (cf. Jo 3,29).<\/p>\n<p>Assim, para acolhermos sem obst\u00e1culos o \u201cVerbo de Deus\u201d \u2013 Jesus Cristo \u2013 que vem, dediquemo-nos com maior empenho \u00e0 medita\u00e7\u00e3o da \u201cPalavra de Deus\u201d, ajudados por Maria, a serva do Senhor.<\/p>\n<div id=\"themify_builder_content-23929\" data-postid=\"23929\" class=\"themify_builder_content themify_builder_content-23929 themify_builder themify_builder_front\">\n\t<\/div>\n<!-- \/themify_builder_content -->","protected":false},"excerpt":{"rendered":"<p>Edmar Peron \u201cSeguir com fidelidade o desenrolar do Ano Lit\u00fargico\u201d \u00e9 um convite, hoje, para entrarmos no mist\u00e9rio do Advento, particularmente guiados pelos textos da liturgia. O Primeiro Domingo do Advento iniciou adequadamente o Ano Lit\u00fargico, pois marcou o in\u00edcio desse intenso per\u00edodo de prepara\u00e7\u00e3o que conduz \u00e0 celebra\u00e7\u00e3o do Natal do Senhor e \u00e0s [&hellip;]<\/p>\n","protected":false},"author":5,"featured_media":0,"comment_status":"open","ping_status":"open","sticky":false,"template":"","format":"standard","meta":{"ngg_post_thumbnail":0,"footnotes":""},"categories":[9],"tags":[108,871,2878,276,2879],"yoast_head":"<!-- This site is optimized with the Yoast SEO plugin v23.5 - https:\/\/yoast.com\/wordpress\/plugins\/seo\/ -->\n<title>Advento, alegria e penit\u00eancia - O Arcanjo no ar<\/title>\n<meta name=\"robots\" content=\"index, follow, max-snippet:-1, max-image-preview:large, max-video-preview:-1\" \/>\n<link rel=\"canonical\" href=\"https:\/\/www.oarcanjo.net\/site\/advento-alegria-e-penitencia\/\" \/>\n<meta property=\"og:locale\" content=\"pt_BR\" \/>\n<meta property=\"og:type\" content=\"article\" \/>\n<meta property=\"og:title\" content=\"Advento, alegria e penit\u00eancia - O Arcanjo no ar\" \/>\n<meta property=\"og:description\" content=\"Edmar Peron \u201cSeguir com fidelidade o desenrolar do Ano Lit\u00fargico\u201d \u00e9 um convite, hoje, para entrarmos no mist\u00e9rio do Advento, particularmente guiados pelos textos da liturgia. O Primeiro Domingo do Advento iniciou adequadamente o Ano Lit\u00fargico, pois marcou o in\u00edcio desse intenso per\u00edodo de prepara\u00e7\u00e3o que conduz \u00e0 celebra\u00e7\u00e3o do Natal do Senhor e \u00e0s [&hellip;]\" \/>\n<meta property=\"og:url\" content=\"https:\/\/www.oarcanjo.net\/site\/advento-alegria-e-penitencia\/\" \/>\n<meta property=\"og:site_name\" content=\"O Arcanjo no ar\" \/>\n<meta property=\"article:publisher\" content=\"https:\/\/www.facebook.com\/OArcanjoNoAr\/\" \/>\n<meta property=\"article:published_time\" content=\"2013-12-03T22:47:25+00:00\" \/>\n<meta property=\"og:image\" content=\"https:\/\/www.oarcanjo.net\/site\/wp-content\/uploads\/logo-o-arcanjo-no-ar-facebook.png\" \/>\n\t<meta property=\"og:image:width\" content=\"300\" \/>\n\t<meta property=\"og:image:height\" content=\"300\" \/>\n\t<meta property=\"og:image:type\" content=\"image\/png\" \/>\n<meta name=\"author\" content=\"editor\" \/>\n<meta name=\"twitter:card\" content=\"summary_large_image\" \/>\n<meta name=\"twitter:label1\" content=\"Escrito por\" \/>\n\t<meta name=\"twitter:data1\" content=\"editor\" \/>\n\t<meta name=\"twitter:label2\" content=\"Est. tempo de leitura\" \/>\n\t<meta name=\"twitter:data2\" content=\"3 minutos\" \/>\n<script type=\"application\/ld+json\" class=\"yoast-schema-graph\">{\"@context\":\"https:\/\/schema.org\",\"@graph\":[{\"@type\":\"Article\",\"@id\":\"https:\/\/www.oarcanjo.net\/site\/advento-alegria-e-penitencia\/#article\",\"isPartOf\":{\"@id\":\"https:\/\/www.oarcanjo.net\/site\/advento-alegria-e-penitencia\/\"},\"author\":{\"name\":\"editor\",\"@id\":\"https:\/\/www.oarcanjo.net\/site\/#\/schema\/person\/f7024d007863202483a31326673a0838\"},\"headline\":\"Advento, alegria e penit\u00eancia\",\"datePublished\":\"2013-12-03T22:47:25+00:00\",\"dateModified\":\"2013-12-03T22:47:25+00:00\",\"mainEntityOfPage\":{\"@id\":\"https:\/\/www.oarcanjo.net\/site\/advento-alegria-e-penitencia\/\"},\"wordCount\":564,\"commentCount\":0,\"publisher\":{\"@id\":\"https:\/\/www.oarcanjo.net\/site\/#organization\"},\"keywords\":[\"Advento\",\"alegria\",\"J\u00fabilo\",\"penit\u00eancia\",\"Prepara\u00e7\u00e3o\"],\"articleSection\":[\"Reflex\u00f5es\"],\"inLanguage\":\"pt-BR\",\"potentialAction\":[{\"@type\":\"CommentAction\",\"name\":\"Comment\",\"target\":[\"https:\/\/www.oarcanjo.net\/site\/advento-alegria-e-penitencia\/#respond\"]}]},{\"@type\":\"WebPage\",\"@id\":\"https:\/\/www.oarcanjo.net\/site\/advento-alegria-e-penitencia\/\",\"url\":\"https:\/\/www.oarcanjo.net\/site\/advento-alegria-e-penitencia\/\",\"name\":\"Advento, alegria e penit\u00eancia - O Arcanjo no ar\",\"isPartOf\":{\"@id\":\"https:\/\/www.oarcanjo.net\/site\/#website\"},\"datePublished\":\"2013-12-03T22:47:25+00:00\",\"dateModified\":\"2013-12-03T22:47:25+00:00\",\"breadcrumb\":{\"@id\":\"https:\/\/www.oarcanjo.net\/site\/advento-alegria-e-penitencia\/#breadcrumb\"},\"inLanguage\":\"pt-BR\",\"potentialAction\":[{\"@type\":\"ReadAction\",\"target\":[\"https:\/\/www.oarcanjo.net\/site\/advento-alegria-e-penitencia\/\"]}]},{\"@type\":\"BreadcrumbList\",\"@id\":\"https:\/\/www.oarcanjo.net\/site\/advento-alegria-e-penitencia\/#breadcrumb\",\"itemListElement\":[{\"@type\":\"ListItem\",\"position\":1,\"name\":\"In\u00edcio\",\"item\":\"https:\/\/www.oarcanjo.net\/site\/\"},{\"@type\":\"ListItem\",\"position\":2,\"name\":\"Advento, alegria e penit\u00eancia\"}]},{\"@type\":\"WebSite\",\"@id\":\"https:\/\/www.oarcanjo.net\/site\/#website\",\"url\":\"https:\/\/www.oarcanjo.net\/site\/\",\"name\":\"O Arcanjo no ar\",\"description\":\"Site da Par\u00f3quia S\u00e3o Miguel Arcanjo (Arquidiocese de SP)\",\"publisher\":{\"@id\":\"https:\/\/www.oarcanjo.net\/site\/#organization\"},\"potentialAction\":[{\"@type\":\"SearchAction\",\"target\":{\"@type\":\"EntryPoint\",\"urlTemplate\":\"https:\/\/www.oarcanjo.net\/site\/?s={search_term_string}\"},\"query-input\":{\"@type\":\"PropertyValueSpecification\",\"valueRequired\":true,\"valueName\":\"search_term_string\"}}],\"inLanguage\":\"pt-BR\"},{\"@type\":\"Organization\",\"@id\":\"https:\/\/www.oarcanjo.net\/site\/#organization\",\"name\":\"Par\u00f3quia S\u00e3o Miguel Arcanjo\",\"url\":\"https:\/\/www.oarcanjo.net\/site\/\",\"logo\":{\"@type\":\"ImageObject\",\"inLanguage\":\"pt-BR\",\"@id\":\"https:\/\/www.oarcanjo.net\/site\/#\/schema\/logo\/image\/\",\"url\":\"https:\/\/www.oarcanjo.net\/site\/wp-content\/uploads\/LogoOArcanjo.png\",\"contentUrl\":\"https:\/\/www.oarcanjo.net\/site\/wp-content\/uploads\/LogoOArcanjo.png\",\"width\":319,\"height\":99,\"caption\":\"Par\u00f3quia S\u00e3o Miguel Arcanjo\"},\"image\":{\"@id\":\"https:\/\/www.oarcanjo.net\/site\/#\/schema\/logo\/image\/\"},\"sameAs\":[\"https:\/\/www.facebook.com\/OArcanjoNoAr\/\"]},{\"@type\":\"Person\",\"@id\":\"https:\/\/www.oarcanjo.net\/site\/#\/schema\/person\/f7024d007863202483a31326673a0838\",\"name\":\"editor\",\"sameAs\":[\"http:\/\/www.oarcanjo.net\"]}]}<\/script>\n<!-- \/ Yoast SEO plugin. -->","yoast_head_json":{"title":"Advento, alegria e penit\u00eancia - O Arcanjo no ar","robots":{"index":"index","follow":"follow","max-snippet":"max-snippet:-1","max-image-preview":"max-image-preview:large","max-video-preview":"max-video-preview:-1"},"canonical":"https:\/\/www.oarcanjo.net\/site\/advento-alegria-e-penitencia\/","og_locale":"pt_BR","og_type":"article","og_title":"Advento, alegria e penit\u00eancia - O Arcanjo no ar","og_description":"Edmar Peron \u201cSeguir com fidelidade o desenrolar do Ano Lit\u00fargico\u201d \u00e9 um convite, hoje, para entrarmos no mist\u00e9rio do Advento, particularmente guiados pelos textos da liturgia. O Primeiro Domingo do Advento iniciou adequadamente o Ano Lit\u00fargico, pois marcou o in\u00edcio desse intenso per\u00edodo de prepara\u00e7\u00e3o que conduz \u00e0 celebra\u00e7\u00e3o do Natal do Senhor e \u00e0s [&hellip;]","og_url":"https:\/\/www.oarcanjo.net\/site\/advento-alegria-e-penitencia\/","og_site_name":"O Arcanjo no ar","article_publisher":"https:\/\/www.facebook.com\/OArcanjoNoAr\/","article_published_time":"2013-12-03T22:47:25+00:00","og_image":[{"width":300,"height":300,"url":"https:\/\/www.oarcanjo.net\/site\/wp-content\/uploads\/logo-o-arcanjo-no-ar-facebook.png","type":"image\/png"}],"author":"editor","twitter_card":"summary_large_image","twitter_misc":{"Escrito por":"editor","Est. tempo de leitura":"3 minutos"},"schema":{"@context":"https:\/\/schema.org","@graph":[{"@type":"Article","@id":"https:\/\/www.oarcanjo.net\/site\/advento-alegria-e-penitencia\/#article","isPartOf":{"@id":"https:\/\/www.oarcanjo.net\/site\/advento-alegria-e-penitencia\/"},"author":{"name":"editor","@id":"https:\/\/www.oarcanjo.net\/site\/#\/schema\/person\/f7024d007863202483a31326673a0838"},"headline":"Advento, alegria e penit\u00eancia","datePublished":"2013-12-03T22:47:25+00:00","dateModified":"2013-12-03T22:47:25+00:00","mainEntityOfPage":{"@id":"https:\/\/www.oarcanjo.net\/site\/advento-alegria-e-penitencia\/"},"wordCount":564,"commentCount":0,"publisher":{"@id":"https:\/\/www.oarcanjo.net\/site\/#organization"},"keywords":["Advento","alegria","J\u00fabilo","penit\u00eancia","Prepara\u00e7\u00e3o"],"articleSection":["Reflex\u00f5es"],"inLanguage":"pt-BR","potentialAction":[{"@type":"CommentAction","name":"Comment","target":["https:\/\/www.oarcanjo.net\/site\/advento-alegria-e-penitencia\/#respond"]}]},{"@type":"WebPage","@id":"https:\/\/www.oarcanjo.net\/site\/advento-alegria-e-penitencia\/","url":"https:\/\/www.oarcanjo.net\/site\/advento-alegria-e-penitencia\/","name":"Advento, alegria e penit\u00eancia - O Arcanjo no ar","isPartOf":{"@id":"https:\/\/www.oarcanjo.net\/site\/#website"},"datePublished":"2013-12-03T22:47:25+00:00","dateModified":"2013-12-03T22:47:25+00:00","breadcrumb":{"@id":"https:\/\/www.oarcanjo.net\/site\/advento-alegria-e-penitencia\/#breadcrumb"},"inLanguage":"pt-BR","potentialAction":[{"@type":"ReadAction","target":["https:\/\/www.oarcanjo.net\/site\/advento-alegria-e-penitencia\/"]}]},{"@type":"BreadcrumbList","@id":"https:\/\/www.oarcanjo.net\/site\/advento-alegria-e-penitencia\/#breadcrumb","itemListElement":[{"@type":"ListItem","position":1,"name":"In\u00edcio","item":"https:\/\/www.oarcanjo.net\/site\/"},{"@type":"ListItem","position":2,"name":"Advento, alegria e penit\u00eancia"}]},{"@type":"WebSite","@id":"https:\/\/www.oarcanjo.net\/site\/#website","url":"https:\/\/www.oarcanjo.net\/site\/","name":"O Arcanjo no ar","description":"Site da Par\u00f3quia S\u00e3o Miguel Arcanjo (Arquidiocese de SP)","publisher":{"@id":"https:\/\/www.oarcanjo.net\/site\/#organization"},"potentialAction":[{"@type":"SearchAction","target":{"@type":"EntryPoint","urlTemplate":"https:\/\/www.oarcanjo.net\/site\/?s={search_term_string}"},"query-input":{"@type":"PropertyValueSpecification","valueRequired":true,"valueName":"search_term_string"}}],"inLanguage":"pt-BR"},{"@type":"Organization","@id":"https:\/\/www.oarcanjo.net\/site\/#organization","name":"Par\u00f3quia S\u00e3o Miguel Arcanjo","url":"https:\/\/www.oarcanjo.net\/site\/","logo":{"@type":"ImageObject","inLanguage":"pt-BR","@id":"https:\/\/www.oarcanjo.net\/site\/#\/schema\/logo\/image\/","url":"https:\/\/www.oarcanjo.net\/site\/wp-content\/uploads\/LogoOArcanjo.png","contentUrl":"https:\/\/www.oarcanjo.net\/site\/wp-content\/uploads\/LogoOArcanjo.png","width":319,"height":99,"caption":"Par\u00f3quia S\u00e3o Miguel Arcanjo"},"image":{"@id":"https:\/\/www.oarcanjo.net\/site\/#\/schema\/logo\/image\/"},"sameAs":["https:\/\/www.facebook.com\/OArcanjoNoAr\/"]},{"@type":"Person","@id":"https:\/\/www.oarcanjo.net\/site\/#\/schema\/person\/f7024d007863202483a31326673a0838","name":"editor","sameAs":["http:\/\/www.oarcanjo.net"]}]}},"publishpress_future_action":{"enabled":false,"date":"2026-05-09 00:05:30","action":"category","newStatus":"draft","terms":[],"taxonomy":"category"},"publishpress_future_workflow_manual_trigger":{"enabledWorkflows":[]},"_links":{"self":[{"href":"https:\/\/www.oarcanjo.net\/site\/wp-json\/wp\/v2\/posts\/23929"}],"collection":[{"href":"https:\/\/www.oarcanjo.net\/site\/wp-json\/wp\/v2\/posts"}],"about":[{"href":"https:\/\/www.oarcanjo.net\/site\/wp-json\/wp\/v2\/types\/post"}],"author":[{"embeddable":true,"href":"https:\/\/www.oarcanjo.net\/site\/wp-json\/wp\/v2\/users\/5"}],"replies":[{"embeddable":true,"href":"https:\/\/www.oarcanjo.net\/site\/wp-json\/wp\/v2\/comments?post=23929"}],"version-history":[{"count":0,"href":"https:\/\/www.oarcanjo.net\/site\/wp-json\/wp\/v2\/posts\/23929\/revisions"}],"wp:attachment":[{"href":"https:\/\/www.oarcanjo.net\/site\/wp-json\/wp\/v2\/media?parent=23929"}],"wp:term":[{"taxonomy":"category","embeddable":true,"href":"https:\/\/www.oarcanjo.net\/site\/wp-json\/wp\/v2\/categories?post=23929"},{"taxonomy":"post_tag","embeddable":true,"href":"https:\/\/www.oarcanjo.net\/site\/wp-json\/wp\/v2\/tags?post=23929"}],"curies":[{"name":"wp","href":"https:\/\/api.w.org\/{rel}","templated":true}]}}