
{"id":2393,"date":"2009-03-18T07:30:01","date_gmt":"2009-03-18T10:30:01","guid":{"rendered":"http:\/\/www.oarcanjo.net\/site\/?p=2393"},"modified":"2009-03-16T08:36:36","modified_gmt":"2009-03-16T11:36:36","slug":"a-disciplina-da-lingua","status":"publish","type":"post","link":"https:\/\/www.oarcanjo.net\/site\/a-disciplina-da-lingua\/","title":{"rendered":"A disciplina da l\u00edngua"},"content":{"rendered":"<p>Dom Sin\u00e9sio Bohn <\/p>\n<p>Durante o tempo da quaresma, vejo crist\u00e3os conscientes fazer jejum, dar esmolas, orar e ler a Palavra de Deus. \u00c9 a ascese quaresmal.<\/p>\n<p>A liturgia fala em quebrar nosso orgulho, corrigir nossos v\u00edcios, elevar nossos sentimentos, repartir o p\u00e3o com os necessitados e fortificar nosso esp\u00edrito fraterno. Mas poucas vezes ou\u00e7o falar em disciplina da l\u00edngua, que talvez seja o jejum mais dif\u00edcil e qui\u00e7\u00e1 mais necess\u00e1rio. <\/p>\n<p>\u00c9 da l\u00edngua que brotam a cal\u00fania e a maledic\u00eancia, respons\u00e1veis pela quebra da honra alheia, por tantas injusti\u00e7as no relacionamento humano, por tanto desamor. Respons\u00e1veis ainda por um clima de desconfian\u00e7a, que freia a amizade e a alegria da conviv\u00eancia comunit\u00e1ria.<\/p>\n<p>Se a fidelidade \u00e9 irm\u00e3 do amor, a maledic\u00eancia \u00e9 sogra do \u00f3dio!<\/p>\n<p>A Escritura Sagrada \u00e9 severa com os pecados da l\u00edngua. O salmo 51 adverte: \u201cTua l\u00edngua \u00e9 qual navalha afiada, fabricante de mentiras\u201d (Sl 51,4). E o Salmo 54: \u201cSuas palavras mais brandas que o \u00f3leo, na verdade, por\u00e9m, s\u00e3o punhais\u201d (Sl 54,22). Por isso o conselho do Ap\u00f3stolo Paulo \u00e9 t\u00e3o oportuno: \u201cFazei tudo sem reclamar ou murmurar, para que sejais livres de repreens\u00e3o e ambig\u00fcidade, filhos de Deus sem defeito\u201d (Fl 2, 14-15).<\/p>\n<p>O austero Tiago \u00e9 fat\u00eddico: \u201cSe algu\u00e9m pensa que \u00e9 religioso e n\u00e3o sabe controlar a l\u00edngua, est\u00e1 enganando a si mesmo, e sua religi\u00e3o n\u00e3o vale nada\u201d (Tg 1, 26).<\/p>\n<p>Para destruir algum desafeto \u00e0s vezes se usa a cal\u00fania, portanto uma falsidade. \u00c9 um crime segundo a lei civil e um pecado perante Deus. Em geral, por\u00e9m, se recorre \u00e0 maledic\u00eancia. Diz-se que o fato aconteceu e \u00e0 boca pequena v\u00e3o os coment\u00e1rios. E l\u00e1 se vai a honra alheia. \u00c9 crime e \u00e9 pecado tamb\u00e9m. Esquecemos facilmente o conselho do poeta de Alegrete (M\u00e1rio Quintana): Se tens um segredo, n\u00e3o conte ao amigo. Porque o amigo tem amigos, que tem amigos tamb\u00e9m!<\/p>\n<p>\u00c0 maledic\u00eancia se aplica uma compara\u00e7\u00e3o cl\u00e1ssica: esvazie um cobertor de penas ao vento e depois tente ajunt\u00e1-las de novo!<\/p>\n<p>O jejum da l\u00edngua favorece a amizade e a justi\u00e7a entre as pessoas, gerando paz e fraternidade. Por isso \u00e9 t\u00e3o bom evitar a maledic\u00eancia e os coment\u00e1rios in\u00fateis sobre faltas alheias.<\/p>\n<p>Melhor \u00e9 orar por nossos desafetos, para que Deus os aben\u00e7oe e a n\u00f3s tamb\u00e9m.<\/p>\n<div id=\"themify_builder_content-2393\" data-postid=\"2393\" class=\"themify_builder_content themify_builder_content-2393 themify_builder themify_builder_front\">\n\t<\/div>\n<!-- \/themify_builder_content -->","protected":false},"excerpt":{"rendered":"<p>Dom Sin\u00e9sio Bohn Durante o tempo da quaresma, vejo crist\u00e3os conscientes fazer jejum, dar esmolas, orar e ler a Palavra de Deus. \u00c9 a ascese quaresmal. A liturgia fala em quebrar nosso orgulho, corrigir nossos v\u00edcios, elevar nossos sentimentos, repartir o p\u00e3o com os necessitados e fortificar nosso esp\u00edrito fraterno. Mas poucas vezes ou\u00e7o falar [&hellip;]<\/p>\n","protected":false},"author":5,"featured_media":0,"comment_status":"open","ping_status":"open","sticky":false,"template":"","format":"standard","meta":{"ngg_post_thumbnail":0,"footnotes":""},"categories":[9],"tags":[345,346],"yoast_head":"<!-- This site is optimized with the Yoast SEO plugin v23.5 - https:\/\/yoast.com\/wordpress\/plugins\/seo\/ -->\n<title>A disciplina da l\u00edngua - O Arcanjo no ar<\/title>\n<meta name=\"robots\" content=\"index, follow, max-snippet:-1, max-image-preview:large, max-video-preview:-1\" \/>\n<link rel=\"canonical\" href=\"https:\/\/www.oarcanjo.net\/site\/a-disciplina-da-lingua\/\" \/>\n<meta property=\"og:locale\" content=\"pt_BR\" \/>\n<meta property=\"og:type\" content=\"article\" \/>\n<meta property=\"og:title\" content=\"A disciplina da l\u00edngua - O Arcanjo no ar\" \/>\n<meta property=\"og:description\" content=\"Dom Sin\u00e9sio Bohn Durante o tempo da quaresma, vejo crist\u00e3os conscientes fazer jejum, dar esmolas, orar e ler a Palavra de Deus. \u00c9 a ascese quaresmal. A liturgia fala em quebrar nosso orgulho, corrigir nossos v\u00edcios, elevar nossos sentimentos, repartir o p\u00e3o com os necessitados e fortificar nosso esp\u00edrito fraterno. Mas poucas vezes ou\u00e7o falar [&hellip;]\" \/>\n<meta property=\"og:url\" content=\"https:\/\/www.oarcanjo.net\/site\/a-disciplina-da-lingua\/\" \/>\n<meta property=\"og:site_name\" content=\"O Arcanjo no ar\" \/>\n<meta property=\"article:publisher\" content=\"https:\/\/www.facebook.com\/OArcanjoNoAr\/\" \/>\n<meta property=\"article:published_time\" content=\"2009-03-18T10:30:01+00:00\" \/>\n<meta property=\"article:modified_time\" content=\"2009-03-16T11:36:36+00:00\" \/>\n<meta property=\"og:image\" content=\"https:\/\/www.oarcanjo.net\/site\/wp-content\/uploads\/logo-o-arcanjo-no-ar-facebook.png\" \/>\n\t<meta property=\"og:image:width\" content=\"300\" \/>\n\t<meta property=\"og:image:height\" content=\"300\" \/>\n\t<meta property=\"og:image:type\" content=\"image\/png\" \/>\n<meta name=\"author\" content=\"editor\" \/>\n<meta name=\"twitter:card\" content=\"summary_large_image\" \/>\n<meta name=\"twitter:label1\" content=\"Escrito por\" \/>\n\t<meta name=\"twitter:data1\" content=\"editor\" \/>\n\t<meta name=\"twitter:label2\" content=\"Est. tempo de leitura\" \/>\n\t<meta name=\"twitter:data2\" content=\"2 minutos\" \/>\n<script type=\"application\/ld+json\" class=\"yoast-schema-graph\">{\"@context\":\"https:\/\/schema.org\",\"@graph\":[{\"@type\":\"Article\",\"@id\":\"https:\/\/www.oarcanjo.net\/site\/a-disciplina-da-lingua\/#article\",\"isPartOf\":{\"@id\":\"https:\/\/www.oarcanjo.net\/site\/a-disciplina-da-lingua\/\"},\"author\":{\"name\":\"editor\",\"@id\":\"https:\/\/www.oarcanjo.net\/site\/#\/schema\/person\/f7024d007863202483a31326673a0838\"},\"headline\":\"A disciplina da l\u00edngua\",\"datePublished\":\"2009-03-18T10:30:01+00:00\",\"dateModified\":\"2009-03-16T11:36:36+00:00\",\"mainEntityOfPage\":{\"@id\":\"https:\/\/www.oarcanjo.net\/site\/a-disciplina-da-lingua\/\"},\"wordCount\":418,\"commentCount\":0,\"publisher\":{\"@id\":\"https:\/\/www.oarcanjo.net\/site\/#organization\"},\"keywords\":[\"cal\u00fania\",\"maledic\u00eancia\"],\"articleSection\":[\"Reflex\u00f5es\"],\"inLanguage\":\"pt-BR\",\"potentialAction\":[{\"@type\":\"CommentAction\",\"name\":\"Comment\",\"target\":[\"https:\/\/www.oarcanjo.net\/site\/a-disciplina-da-lingua\/#respond\"]}]},{\"@type\":\"WebPage\",\"@id\":\"https:\/\/www.oarcanjo.net\/site\/a-disciplina-da-lingua\/\",\"url\":\"https:\/\/www.oarcanjo.net\/site\/a-disciplina-da-lingua\/\",\"name\":\"A disciplina da l\u00edngua - O Arcanjo no ar\",\"isPartOf\":{\"@id\":\"https:\/\/www.oarcanjo.net\/site\/#website\"},\"datePublished\":\"2009-03-18T10:30:01+00:00\",\"dateModified\":\"2009-03-16T11:36:36+00:00\",\"breadcrumb\":{\"@id\":\"https:\/\/www.oarcanjo.net\/site\/a-disciplina-da-lingua\/#breadcrumb\"},\"inLanguage\":\"pt-BR\",\"potentialAction\":[{\"@type\":\"ReadAction\",\"target\":[\"https:\/\/www.oarcanjo.net\/site\/a-disciplina-da-lingua\/\"]}]},{\"@type\":\"BreadcrumbList\",\"@id\":\"https:\/\/www.oarcanjo.net\/site\/a-disciplina-da-lingua\/#breadcrumb\",\"itemListElement\":[{\"@type\":\"ListItem\",\"position\":1,\"name\":\"In\u00edcio\",\"item\":\"https:\/\/www.oarcanjo.net\/site\/\"},{\"@type\":\"ListItem\",\"position\":2,\"name\":\"A disciplina da l\u00edngua\"}]},{\"@type\":\"WebSite\",\"@id\":\"https:\/\/www.oarcanjo.net\/site\/#website\",\"url\":\"https:\/\/www.oarcanjo.net\/site\/\",\"name\":\"O Arcanjo no ar\",\"description\":\"Site da Par\u00f3quia S\u00e3o Miguel Arcanjo (Arquidiocese de SP)\",\"publisher\":{\"@id\":\"https:\/\/www.oarcanjo.net\/site\/#organization\"},\"potentialAction\":[{\"@type\":\"SearchAction\",\"target\":{\"@type\":\"EntryPoint\",\"urlTemplate\":\"https:\/\/www.oarcanjo.net\/site\/?s={search_term_string}\"},\"query-input\":{\"@type\":\"PropertyValueSpecification\",\"valueRequired\":true,\"valueName\":\"search_term_string\"}}],\"inLanguage\":\"pt-BR\"},{\"@type\":\"Organization\",\"@id\":\"https:\/\/www.oarcanjo.net\/site\/#organization\",\"name\":\"Par\u00f3quia S\u00e3o Miguel Arcanjo\",\"url\":\"https:\/\/www.oarcanjo.net\/site\/\",\"logo\":{\"@type\":\"ImageObject\",\"inLanguage\":\"pt-BR\",\"@id\":\"https:\/\/www.oarcanjo.net\/site\/#\/schema\/logo\/image\/\",\"url\":\"https:\/\/www.oarcanjo.net\/site\/wp-content\/uploads\/LogoOArcanjo.png\",\"contentUrl\":\"https:\/\/www.oarcanjo.net\/site\/wp-content\/uploads\/LogoOArcanjo.png\",\"width\":319,\"height\":99,\"caption\":\"Par\u00f3quia S\u00e3o Miguel Arcanjo\"},\"image\":{\"@id\":\"https:\/\/www.oarcanjo.net\/site\/#\/schema\/logo\/image\/\"},\"sameAs\":[\"https:\/\/www.facebook.com\/OArcanjoNoAr\/\"]},{\"@type\":\"Person\",\"@id\":\"https:\/\/www.oarcanjo.net\/site\/#\/schema\/person\/f7024d007863202483a31326673a0838\",\"name\":\"editor\",\"sameAs\":[\"http:\/\/www.oarcanjo.net\"]}]}<\/script>\n<!-- \/ Yoast SEO plugin. -->","yoast_head_json":{"title":"A disciplina da l\u00edngua - O Arcanjo no ar","robots":{"index":"index","follow":"follow","max-snippet":"max-snippet:-1","max-image-preview":"max-image-preview:large","max-video-preview":"max-video-preview:-1"},"canonical":"https:\/\/www.oarcanjo.net\/site\/a-disciplina-da-lingua\/","og_locale":"pt_BR","og_type":"article","og_title":"A disciplina da l\u00edngua - O Arcanjo no ar","og_description":"Dom Sin\u00e9sio Bohn Durante o tempo da quaresma, vejo crist\u00e3os conscientes fazer jejum, dar esmolas, orar e ler a Palavra de Deus. \u00c9 a ascese quaresmal. A liturgia fala em quebrar nosso orgulho, corrigir nossos v\u00edcios, elevar nossos sentimentos, repartir o p\u00e3o com os necessitados e fortificar nosso esp\u00edrito fraterno. Mas poucas vezes ou\u00e7o falar [&hellip;]","og_url":"https:\/\/www.oarcanjo.net\/site\/a-disciplina-da-lingua\/","og_site_name":"O Arcanjo no ar","article_publisher":"https:\/\/www.facebook.com\/OArcanjoNoAr\/","article_published_time":"2009-03-18T10:30:01+00:00","article_modified_time":"2009-03-16T11:36:36+00:00","og_image":[{"width":300,"height":300,"url":"https:\/\/www.oarcanjo.net\/site\/wp-content\/uploads\/logo-o-arcanjo-no-ar-facebook.png","type":"image\/png"}],"author":"editor","twitter_card":"summary_large_image","twitter_misc":{"Escrito por":"editor","Est. tempo de leitura":"2 minutos"},"schema":{"@context":"https:\/\/schema.org","@graph":[{"@type":"Article","@id":"https:\/\/www.oarcanjo.net\/site\/a-disciplina-da-lingua\/#article","isPartOf":{"@id":"https:\/\/www.oarcanjo.net\/site\/a-disciplina-da-lingua\/"},"author":{"name":"editor","@id":"https:\/\/www.oarcanjo.net\/site\/#\/schema\/person\/f7024d007863202483a31326673a0838"},"headline":"A disciplina da l\u00edngua","datePublished":"2009-03-18T10:30:01+00:00","dateModified":"2009-03-16T11:36:36+00:00","mainEntityOfPage":{"@id":"https:\/\/www.oarcanjo.net\/site\/a-disciplina-da-lingua\/"},"wordCount":418,"commentCount":0,"publisher":{"@id":"https:\/\/www.oarcanjo.net\/site\/#organization"},"keywords":["cal\u00fania","maledic\u00eancia"],"articleSection":["Reflex\u00f5es"],"inLanguage":"pt-BR","potentialAction":[{"@type":"CommentAction","name":"Comment","target":["https:\/\/www.oarcanjo.net\/site\/a-disciplina-da-lingua\/#respond"]}]},{"@type":"WebPage","@id":"https:\/\/www.oarcanjo.net\/site\/a-disciplina-da-lingua\/","url":"https:\/\/www.oarcanjo.net\/site\/a-disciplina-da-lingua\/","name":"A disciplina da l\u00edngua - O Arcanjo no ar","isPartOf":{"@id":"https:\/\/www.oarcanjo.net\/site\/#website"},"datePublished":"2009-03-18T10:30:01+00:00","dateModified":"2009-03-16T11:36:36+00:00","breadcrumb":{"@id":"https:\/\/www.oarcanjo.net\/site\/a-disciplina-da-lingua\/#breadcrumb"},"inLanguage":"pt-BR","potentialAction":[{"@type":"ReadAction","target":["https:\/\/www.oarcanjo.net\/site\/a-disciplina-da-lingua\/"]}]},{"@type":"BreadcrumbList","@id":"https:\/\/www.oarcanjo.net\/site\/a-disciplina-da-lingua\/#breadcrumb","itemListElement":[{"@type":"ListItem","position":1,"name":"In\u00edcio","item":"https:\/\/www.oarcanjo.net\/site\/"},{"@type":"ListItem","position":2,"name":"A disciplina da l\u00edngua"}]},{"@type":"WebSite","@id":"https:\/\/www.oarcanjo.net\/site\/#website","url":"https:\/\/www.oarcanjo.net\/site\/","name":"O Arcanjo no ar","description":"Site da Par\u00f3quia S\u00e3o Miguel Arcanjo (Arquidiocese de SP)","publisher":{"@id":"https:\/\/www.oarcanjo.net\/site\/#organization"},"potentialAction":[{"@type":"SearchAction","target":{"@type":"EntryPoint","urlTemplate":"https:\/\/www.oarcanjo.net\/site\/?s={search_term_string}"},"query-input":{"@type":"PropertyValueSpecification","valueRequired":true,"valueName":"search_term_string"}}],"inLanguage":"pt-BR"},{"@type":"Organization","@id":"https:\/\/www.oarcanjo.net\/site\/#organization","name":"Par\u00f3quia S\u00e3o Miguel Arcanjo","url":"https:\/\/www.oarcanjo.net\/site\/","logo":{"@type":"ImageObject","inLanguage":"pt-BR","@id":"https:\/\/www.oarcanjo.net\/site\/#\/schema\/logo\/image\/","url":"https:\/\/www.oarcanjo.net\/site\/wp-content\/uploads\/LogoOArcanjo.png","contentUrl":"https:\/\/www.oarcanjo.net\/site\/wp-content\/uploads\/LogoOArcanjo.png","width":319,"height":99,"caption":"Par\u00f3quia S\u00e3o Miguel Arcanjo"},"image":{"@id":"https:\/\/www.oarcanjo.net\/site\/#\/schema\/logo\/image\/"},"sameAs":["https:\/\/www.facebook.com\/OArcanjoNoAr\/"]},{"@type":"Person","@id":"https:\/\/www.oarcanjo.net\/site\/#\/schema\/person\/f7024d007863202483a31326673a0838","name":"editor","sameAs":["http:\/\/www.oarcanjo.net"]}]}},"publishpress_future_action":{"enabled":false,"date":"2026-05-08 23:08:43","action":"category","newStatus":"draft","terms":[],"taxonomy":"category"},"publishpress_future_workflow_manual_trigger":{"enabledWorkflows":[]},"_links":{"self":[{"href":"https:\/\/www.oarcanjo.net\/site\/wp-json\/wp\/v2\/posts\/2393"}],"collection":[{"href":"https:\/\/www.oarcanjo.net\/site\/wp-json\/wp\/v2\/posts"}],"about":[{"href":"https:\/\/www.oarcanjo.net\/site\/wp-json\/wp\/v2\/types\/post"}],"author":[{"embeddable":true,"href":"https:\/\/www.oarcanjo.net\/site\/wp-json\/wp\/v2\/users\/5"}],"replies":[{"embeddable":true,"href":"https:\/\/www.oarcanjo.net\/site\/wp-json\/wp\/v2\/comments?post=2393"}],"version-history":[{"count":0,"href":"https:\/\/www.oarcanjo.net\/site\/wp-json\/wp\/v2\/posts\/2393\/revisions"}],"wp:attachment":[{"href":"https:\/\/www.oarcanjo.net\/site\/wp-json\/wp\/v2\/media?parent=2393"}],"wp:term":[{"taxonomy":"category","embeddable":true,"href":"https:\/\/www.oarcanjo.net\/site\/wp-json\/wp\/v2\/categories?post=2393"},{"taxonomy":"post_tag","embeddable":true,"href":"https:\/\/www.oarcanjo.net\/site\/wp-json\/wp\/v2\/tags?post=2393"}],"curies":[{"name":"wp","href":"https:\/\/api.w.org\/{rel}","templated":true}]}}