
{"id":23931,"date":"2013-12-04T10:40:33","date_gmt":"2013-12-04T12:40:33","guid":{"rendered":"http:\/\/www.oarcanjo.net\/site\/?p=23931"},"modified":"2013-12-04T10:40:33","modified_gmt":"2013-12-04T12:40:33","slug":"encontro-de-sensibilizacao-para-a-cf-2014-acontece-no-proximo-sabado","status":"publish","type":"post","link":"https:\/\/www.oarcanjo.net\/site\/encontro-de-sensibilizacao-para-a-cf-2014-acontece-no-proximo-sabado\/","title":{"rendered":"Encontro de sensibiliza\u00e7\u00e3o para a CF 2014 acontece no pr\u00f3ximo s\u00e1bado"},"content":{"rendered":"<p style=\"text-align: right;\"><strong><em>\u201c\u00c9 para a liberdade que Cristo nos libertou\u201d (Gl 5,1)<\/em><\/strong><\/p>\n<p>A equipe arquidiocesana de Campanha da Fraternidade e as pastorais afins, fi\u00e9is ao objetivo de \u201cidentificar as pr\u00e1ticas de tr\u00e1fico humano em suas v\u00e1rias formas e denunci\u00e1-lo como viola\u00e7\u00e3o da dignidade e da liberdade humana, mobilizando crist\u00e3os e a sociedade brasileira para erradicar esse mal, com vista ao resgate da vida dos filhos e filhas de Deus\u201d e assumindo um de seus desafios: \u201cidentificar as causas e modalidades do tr\u00e1fico humano e os rostos que sofrem com essa explora\u00e7\u00e3o\u201d, est\u00e1 organizando o encontro de sensibiliza\u00e7\u00e3o dos agentes multiplicadores da CF de 2014: Tr\u00e1fico Humano e Fraternidade.<\/p>\n<p><strong>Data:<\/strong> 07 de dezembro de 2013, s\u00e1bado<br \/>\n<strong>Hor\u00e1rio:<\/strong> das 08h30 \u00e0s 12h30<br \/>\n<strong>Local:<\/strong> Centro de Pastoral S\u00e3o Jos\u00e9 \u2013 Sal\u00e3o Dom Paulo<br \/>\nAv. Alvaro Ramos, 355 \u2013 Metr\u00f4 Bel\u00e9m<\/p>\n<p><strong>Objetivos:<\/strong><\/p>\n<ul>\n<li>&#8211; Contribuir para uma compreens\u00e3o integral do tema do tr\u00e1fico humano;<\/li>\n<li>&#8211; Subsidiar as a\u00e7\u00f5es dos agentes multiplicadores, com informa\u00e7\u00f5es e ferramentas;<\/li>\n<li>&#8211; Apoiar a mobiliza\u00e7\u00e3o das comunidades para a vigil\u00e2ncia e o enfrentamento.<\/li>\n<\/ul>\n<p>Desde j\u00e1 agradecemos a disposi\u00e7\u00e3o, na esperan\u00e7a de construirmos caminhos de supera\u00e7\u00e3o deste mal que atinge tantas pessoas.<\/p>\n<p>Fraternalmente,<\/p>\n<p><em><strong>Equipe Arquidiocesana de CF<\/strong><\/em><br \/>\n<em> Pastorais: Migrantes, Menor, Mulher Marginalizada, Diversidade, Afro, Povo da Rua, F\u00e9 e Pol\u00edtica, Carcer\u00e1ria<br \/>\n<\/em><em>e Organismos eclesiais: CLASP, Miss\u00e3o Paz, C\u00e1ritas e Secretariado de Pastoral<\/em><\/p>\n<div id=\"themify_builder_content-23931\" data-postid=\"23931\" class=\"themify_builder_content themify_builder_content-23931 themify_builder themify_builder_front\">\n\t<\/div>\n<!-- \/themify_builder_content -->","protected":false},"excerpt":{"rendered":"<p>\u201c\u00c9 para a liberdade que Cristo nos libertou\u201d (Gl 5,1) A equipe arquidiocesana de Campanha da Fraternidade e as pastorais afins, fi\u00e9is ao objetivo de \u201cidentificar as pr\u00e1ticas de tr\u00e1fico humano em suas v\u00e1rias formas e denunci\u00e1-lo como viola\u00e7\u00e3o da dignidade e da liberdade humana, mobilizando crist\u00e3os e a sociedade brasileira para erradicar esse mal, [&hellip;]<\/p>\n","protected":false},"author":5,"featured_media":0,"comment_status":"open","ping_status":"open","sticky":false,"template":"","format":"standard","meta":{"ngg_post_thumbnail":0,"footnotes":""},"categories":[8],"tags":[229,2660,1692,2880,2881],"yoast_head":"<!-- This site is optimized with the Yoast SEO plugin v23.5 - https:\/\/yoast.com\/wordpress\/plugins\/seo\/ -->\n<title>Encontro de sensibiliza\u00e7\u00e3o para a CF 2014 acontece no pr\u00f3ximo s\u00e1bado - O Arcanjo no ar<\/title>\n<meta name=\"robots\" content=\"index, follow, max-snippet:-1, max-image-preview:large, max-video-preview:-1\" \/>\n<link rel=\"canonical\" href=\"https:\/\/www.oarcanjo.net\/site\/encontro-de-sensibilizacao-para-a-cf-2014-acontece-no-proximo-sabado\/\" \/>\n<meta property=\"og:locale\" content=\"pt_BR\" \/>\n<meta property=\"og:type\" content=\"article\" \/>\n<meta property=\"og:title\" content=\"Encontro de sensibiliza\u00e7\u00e3o para a CF 2014 acontece no pr\u00f3ximo s\u00e1bado - O Arcanjo no ar\" \/>\n<meta property=\"og:description\" content=\"\u201c\u00c9 para a liberdade que Cristo nos libertou\u201d (Gl 5,1) A equipe arquidiocesana de Campanha da Fraternidade e as pastorais afins, fi\u00e9is ao objetivo de \u201cidentificar as pr\u00e1ticas de tr\u00e1fico humano em suas v\u00e1rias formas e denunci\u00e1-lo como viola\u00e7\u00e3o da dignidade e da liberdade humana, mobilizando crist\u00e3os e a sociedade brasileira para erradicar esse mal, [&hellip;]\" \/>\n<meta property=\"og:url\" content=\"https:\/\/www.oarcanjo.net\/site\/encontro-de-sensibilizacao-para-a-cf-2014-acontece-no-proximo-sabado\/\" \/>\n<meta property=\"og:site_name\" content=\"O Arcanjo no ar\" \/>\n<meta property=\"article:publisher\" content=\"https:\/\/www.facebook.com\/OArcanjoNoAr\/\" \/>\n<meta property=\"article:published_time\" content=\"2013-12-04T12:40:33+00:00\" \/>\n<meta property=\"og:image\" content=\"https:\/\/www.oarcanjo.net\/site\/wp-content\/uploads\/logo-o-arcanjo-no-ar-facebook.png\" \/>\n\t<meta property=\"og:image:width\" content=\"300\" \/>\n\t<meta property=\"og:image:height\" content=\"300\" \/>\n\t<meta property=\"og:image:type\" content=\"image\/png\" \/>\n<meta name=\"author\" content=\"editor\" \/>\n<meta name=\"twitter:card\" content=\"summary_large_image\" \/>\n<meta name=\"twitter:label1\" content=\"Escrito por\" \/>\n\t<meta name=\"twitter:data1\" content=\"editor\" \/>\n\t<meta name=\"twitter:label2\" content=\"Est. tempo de leitura\" \/>\n\t<meta name=\"twitter:data2\" content=\"1 minuto\" \/>\n<script type=\"application\/ld+json\" class=\"yoast-schema-graph\">{\"@context\":\"https:\/\/schema.org\",\"@graph\":[{\"@type\":\"Article\",\"@id\":\"https:\/\/www.oarcanjo.net\/site\/encontro-de-sensibilizacao-para-a-cf-2014-acontece-no-proximo-sabado\/#article\",\"isPartOf\":{\"@id\":\"https:\/\/www.oarcanjo.net\/site\/encontro-de-sensibilizacao-para-a-cf-2014-acontece-no-proximo-sabado\/\"},\"author\":{\"name\":\"editor\",\"@id\":\"https:\/\/www.oarcanjo.net\/site\/#\/schema\/person\/f7024d007863202483a31326673a0838\"},\"headline\":\"Encontro de sensibiliza\u00e7\u00e3o para a CF 2014 acontece no pr\u00f3ximo s\u00e1bado\",\"datePublished\":\"2013-12-04T12:40:33+00:00\",\"dateModified\":\"2013-12-04T12:40:33+00:00\",\"mainEntityOfPage\":{\"@id\":\"https:\/\/www.oarcanjo.net\/site\/encontro-de-sensibilizacao-para-a-cf-2014-acontece-no-proximo-sabado\/\"},\"wordCount\":252,\"commentCount\":0,\"publisher\":{\"@id\":\"https:\/\/www.oarcanjo.net\/site\/#organization\"},\"keywords\":[\"Campanha da Fraternidade\",\"CF 2014\",\"encontro\",\"Sensibiliza\u00e7\u00e3o\",\"Tr\u00e1fico Humano e Fraternidade\"],\"articleSection\":[\"Not\u00edcias\"],\"inLanguage\":\"pt-BR\",\"potentialAction\":[{\"@type\":\"CommentAction\",\"name\":\"Comment\",\"target\":[\"https:\/\/www.oarcanjo.net\/site\/encontro-de-sensibilizacao-para-a-cf-2014-acontece-no-proximo-sabado\/#respond\"]}]},{\"@type\":\"WebPage\",\"@id\":\"https:\/\/www.oarcanjo.net\/site\/encontro-de-sensibilizacao-para-a-cf-2014-acontece-no-proximo-sabado\/\",\"url\":\"https:\/\/www.oarcanjo.net\/site\/encontro-de-sensibilizacao-para-a-cf-2014-acontece-no-proximo-sabado\/\",\"name\":\"Encontro de sensibiliza\u00e7\u00e3o para a CF 2014 acontece no pr\u00f3ximo s\u00e1bado - O Arcanjo no ar\",\"isPartOf\":{\"@id\":\"https:\/\/www.oarcanjo.net\/site\/#website\"},\"datePublished\":\"2013-12-04T12:40:33+00:00\",\"dateModified\":\"2013-12-04T12:40:33+00:00\",\"breadcrumb\":{\"@id\":\"https:\/\/www.oarcanjo.net\/site\/encontro-de-sensibilizacao-para-a-cf-2014-acontece-no-proximo-sabado\/#breadcrumb\"},\"inLanguage\":\"pt-BR\",\"potentialAction\":[{\"@type\":\"ReadAction\",\"target\":[\"https:\/\/www.oarcanjo.net\/site\/encontro-de-sensibilizacao-para-a-cf-2014-acontece-no-proximo-sabado\/\"]}]},{\"@type\":\"BreadcrumbList\",\"@id\":\"https:\/\/www.oarcanjo.net\/site\/encontro-de-sensibilizacao-para-a-cf-2014-acontece-no-proximo-sabado\/#breadcrumb\",\"itemListElement\":[{\"@type\":\"ListItem\",\"position\":1,\"name\":\"In\u00edcio\",\"item\":\"https:\/\/www.oarcanjo.net\/site\/\"},{\"@type\":\"ListItem\",\"position\":2,\"name\":\"Encontro de sensibiliza\u00e7\u00e3o para a CF 2014 acontece no pr\u00f3ximo s\u00e1bado\"}]},{\"@type\":\"WebSite\",\"@id\":\"https:\/\/www.oarcanjo.net\/site\/#website\",\"url\":\"https:\/\/www.oarcanjo.net\/site\/\",\"name\":\"O Arcanjo no ar\",\"description\":\"Site da Par\u00f3quia S\u00e3o Miguel Arcanjo (Arquidiocese de SP)\",\"publisher\":{\"@id\":\"https:\/\/www.oarcanjo.net\/site\/#organization\"},\"potentialAction\":[{\"@type\":\"SearchAction\",\"target\":{\"@type\":\"EntryPoint\",\"urlTemplate\":\"https:\/\/www.oarcanjo.net\/site\/?s={search_term_string}\"},\"query-input\":{\"@type\":\"PropertyValueSpecification\",\"valueRequired\":true,\"valueName\":\"search_term_string\"}}],\"inLanguage\":\"pt-BR\"},{\"@type\":\"Organization\",\"@id\":\"https:\/\/www.oarcanjo.net\/site\/#organization\",\"name\":\"Par\u00f3quia S\u00e3o Miguel Arcanjo\",\"url\":\"https:\/\/www.oarcanjo.net\/site\/\",\"logo\":{\"@type\":\"ImageObject\",\"inLanguage\":\"pt-BR\",\"@id\":\"https:\/\/www.oarcanjo.net\/site\/#\/schema\/logo\/image\/\",\"url\":\"https:\/\/www.oarcanjo.net\/site\/wp-content\/uploads\/LogoOArcanjo.png\",\"contentUrl\":\"https:\/\/www.oarcanjo.net\/site\/wp-content\/uploads\/LogoOArcanjo.png\",\"width\":319,\"height\":99,\"caption\":\"Par\u00f3quia S\u00e3o Miguel Arcanjo\"},\"image\":{\"@id\":\"https:\/\/www.oarcanjo.net\/site\/#\/schema\/logo\/image\/\"},\"sameAs\":[\"https:\/\/www.facebook.com\/OArcanjoNoAr\/\"]},{\"@type\":\"Person\",\"@id\":\"https:\/\/www.oarcanjo.net\/site\/#\/schema\/person\/f7024d007863202483a31326673a0838\",\"name\":\"editor\",\"sameAs\":[\"http:\/\/www.oarcanjo.net\"]}]}<\/script>\n<!-- \/ Yoast SEO plugin. -->","yoast_head_json":{"title":"Encontro de sensibiliza\u00e7\u00e3o para a CF 2014 acontece no pr\u00f3ximo s\u00e1bado - O Arcanjo no ar","robots":{"index":"index","follow":"follow","max-snippet":"max-snippet:-1","max-image-preview":"max-image-preview:large","max-video-preview":"max-video-preview:-1"},"canonical":"https:\/\/www.oarcanjo.net\/site\/encontro-de-sensibilizacao-para-a-cf-2014-acontece-no-proximo-sabado\/","og_locale":"pt_BR","og_type":"article","og_title":"Encontro de sensibiliza\u00e7\u00e3o para a CF 2014 acontece no pr\u00f3ximo s\u00e1bado - O Arcanjo no ar","og_description":"\u201c\u00c9 para a liberdade que Cristo nos libertou\u201d (Gl 5,1) A equipe arquidiocesana de Campanha da Fraternidade e as pastorais afins, fi\u00e9is ao objetivo de \u201cidentificar as pr\u00e1ticas de tr\u00e1fico humano em suas v\u00e1rias formas e denunci\u00e1-lo como viola\u00e7\u00e3o da dignidade e da liberdade humana, mobilizando crist\u00e3os e a sociedade brasileira para erradicar esse mal, [&hellip;]","og_url":"https:\/\/www.oarcanjo.net\/site\/encontro-de-sensibilizacao-para-a-cf-2014-acontece-no-proximo-sabado\/","og_site_name":"O Arcanjo no ar","article_publisher":"https:\/\/www.facebook.com\/OArcanjoNoAr\/","article_published_time":"2013-12-04T12:40:33+00:00","og_image":[{"width":300,"height":300,"url":"https:\/\/www.oarcanjo.net\/site\/wp-content\/uploads\/logo-o-arcanjo-no-ar-facebook.png","type":"image\/png"}],"author":"editor","twitter_card":"summary_large_image","twitter_misc":{"Escrito por":"editor","Est. tempo de leitura":"1 minuto"},"schema":{"@context":"https:\/\/schema.org","@graph":[{"@type":"Article","@id":"https:\/\/www.oarcanjo.net\/site\/encontro-de-sensibilizacao-para-a-cf-2014-acontece-no-proximo-sabado\/#article","isPartOf":{"@id":"https:\/\/www.oarcanjo.net\/site\/encontro-de-sensibilizacao-para-a-cf-2014-acontece-no-proximo-sabado\/"},"author":{"name":"editor","@id":"https:\/\/www.oarcanjo.net\/site\/#\/schema\/person\/f7024d007863202483a31326673a0838"},"headline":"Encontro de sensibiliza\u00e7\u00e3o para a CF 2014 acontece no pr\u00f3ximo s\u00e1bado","datePublished":"2013-12-04T12:40:33+00:00","dateModified":"2013-12-04T12:40:33+00:00","mainEntityOfPage":{"@id":"https:\/\/www.oarcanjo.net\/site\/encontro-de-sensibilizacao-para-a-cf-2014-acontece-no-proximo-sabado\/"},"wordCount":252,"commentCount":0,"publisher":{"@id":"https:\/\/www.oarcanjo.net\/site\/#organization"},"keywords":["Campanha da Fraternidade","CF 2014","encontro","Sensibiliza\u00e7\u00e3o","Tr\u00e1fico Humano e Fraternidade"],"articleSection":["Not\u00edcias"],"inLanguage":"pt-BR","potentialAction":[{"@type":"CommentAction","name":"Comment","target":["https:\/\/www.oarcanjo.net\/site\/encontro-de-sensibilizacao-para-a-cf-2014-acontece-no-proximo-sabado\/#respond"]}]},{"@type":"WebPage","@id":"https:\/\/www.oarcanjo.net\/site\/encontro-de-sensibilizacao-para-a-cf-2014-acontece-no-proximo-sabado\/","url":"https:\/\/www.oarcanjo.net\/site\/encontro-de-sensibilizacao-para-a-cf-2014-acontece-no-proximo-sabado\/","name":"Encontro de sensibiliza\u00e7\u00e3o para a CF 2014 acontece no pr\u00f3ximo s\u00e1bado - O Arcanjo no ar","isPartOf":{"@id":"https:\/\/www.oarcanjo.net\/site\/#website"},"datePublished":"2013-12-04T12:40:33+00:00","dateModified":"2013-12-04T12:40:33+00:00","breadcrumb":{"@id":"https:\/\/www.oarcanjo.net\/site\/encontro-de-sensibilizacao-para-a-cf-2014-acontece-no-proximo-sabado\/#breadcrumb"},"inLanguage":"pt-BR","potentialAction":[{"@type":"ReadAction","target":["https:\/\/www.oarcanjo.net\/site\/encontro-de-sensibilizacao-para-a-cf-2014-acontece-no-proximo-sabado\/"]}]},{"@type":"BreadcrumbList","@id":"https:\/\/www.oarcanjo.net\/site\/encontro-de-sensibilizacao-para-a-cf-2014-acontece-no-proximo-sabado\/#breadcrumb","itemListElement":[{"@type":"ListItem","position":1,"name":"In\u00edcio","item":"https:\/\/www.oarcanjo.net\/site\/"},{"@type":"ListItem","position":2,"name":"Encontro de sensibiliza\u00e7\u00e3o para a CF 2014 acontece no pr\u00f3ximo s\u00e1bado"}]},{"@type":"WebSite","@id":"https:\/\/www.oarcanjo.net\/site\/#website","url":"https:\/\/www.oarcanjo.net\/site\/","name":"O Arcanjo no ar","description":"Site da Par\u00f3quia S\u00e3o Miguel Arcanjo (Arquidiocese de SP)","publisher":{"@id":"https:\/\/www.oarcanjo.net\/site\/#organization"},"potentialAction":[{"@type":"SearchAction","target":{"@type":"EntryPoint","urlTemplate":"https:\/\/www.oarcanjo.net\/site\/?s={search_term_string}"},"query-input":{"@type":"PropertyValueSpecification","valueRequired":true,"valueName":"search_term_string"}}],"inLanguage":"pt-BR"},{"@type":"Organization","@id":"https:\/\/www.oarcanjo.net\/site\/#organization","name":"Par\u00f3quia S\u00e3o Miguel Arcanjo","url":"https:\/\/www.oarcanjo.net\/site\/","logo":{"@type":"ImageObject","inLanguage":"pt-BR","@id":"https:\/\/www.oarcanjo.net\/site\/#\/schema\/logo\/image\/","url":"https:\/\/www.oarcanjo.net\/site\/wp-content\/uploads\/LogoOArcanjo.png","contentUrl":"https:\/\/www.oarcanjo.net\/site\/wp-content\/uploads\/LogoOArcanjo.png","width":319,"height":99,"caption":"Par\u00f3quia S\u00e3o Miguel Arcanjo"},"image":{"@id":"https:\/\/www.oarcanjo.net\/site\/#\/schema\/logo\/image\/"},"sameAs":["https:\/\/www.facebook.com\/OArcanjoNoAr\/"]},{"@type":"Person","@id":"https:\/\/www.oarcanjo.net\/site\/#\/schema\/person\/f7024d007863202483a31326673a0838","name":"editor","sameAs":["http:\/\/www.oarcanjo.net"]}]}},"publishpress_future_action":{"enabled":false,"date":"2026-05-09 04:50:31","action":"category","newStatus":"draft","terms":[],"taxonomy":"category"},"publishpress_future_workflow_manual_trigger":{"enabledWorkflows":[]},"_links":{"self":[{"href":"https:\/\/www.oarcanjo.net\/site\/wp-json\/wp\/v2\/posts\/23931"}],"collection":[{"href":"https:\/\/www.oarcanjo.net\/site\/wp-json\/wp\/v2\/posts"}],"about":[{"href":"https:\/\/www.oarcanjo.net\/site\/wp-json\/wp\/v2\/types\/post"}],"author":[{"embeddable":true,"href":"https:\/\/www.oarcanjo.net\/site\/wp-json\/wp\/v2\/users\/5"}],"replies":[{"embeddable":true,"href":"https:\/\/www.oarcanjo.net\/site\/wp-json\/wp\/v2\/comments?post=23931"}],"version-history":[{"count":0,"href":"https:\/\/www.oarcanjo.net\/site\/wp-json\/wp\/v2\/posts\/23931\/revisions"}],"wp:attachment":[{"href":"https:\/\/www.oarcanjo.net\/site\/wp-json\/wp\/v2\/media?parent=23931"}],"wp:term":[{"taxonomy":"category","embeddable":true,"href":"https:\/\/www.oarcanjo.net\/site\/wp-json\/wp\/v2\/categories?post=23931"},{"taxonomy":"post_tag","embeddable":true,"href":"https:\/\/www.oarcanjo.net\/site\/wp-json\/wp\/v2\/tags?post=23931"}],"curies":[{"name":"wp","href":"https:\/\/api.w.org\/{rel}","templated":true}]}}