
{"id":23936,"date":"2013-12-06T08:47:06","date_gmt":"2013-12-06T10:47:06","guid":{"rendered":"http:\/\/www.oarcanjo.net\/site\/?p=23936"},"modified":"2013-12-06T08:47:06","modified_gmt":"2013-12-06T10:47:06","slug":"jesus-nao-nasce-no-shopping","status":"publish","type":"post","link":"https:\/\/www.oarcanjo.net\/site\/jesus-nao-nasce-no-shopping\/","title":{"rendered":"Jesus n\u00e3o nasce no shopping"},"content":{"rendered":"<p><em>Fernando Altemeyer Jr.<\/em><\/p>\n<p>Em primeiro de dezembro de 2013, come\u00e7amos o tempo lit\u00fargico conhecido como tempo de Advento, que \u00e9 momento exato, solene e mistico para viver a prepara\u00e7\u00e3o do nascimento de Jesus Cristo. Os supermercados j\u00e1 come\u00e7aram isto em outubro, pela fome de lucro e hiper consumo. Ca\u00edmos na superficialidade e podemos chegar em janeiro de 2014 ainda mais vazios e decepcionados.<\/p>\n<p>A tradi\u00e7\u00e3o sadia \u00e9 a de gerar expectativa por algo vivo, quente, pr\u00f3ximo, verdadeiro que n\u00e3o s\u00e3o mercadorias ou produtos ou fugacidades.<\/p>\n<p>A Igreja h\u00e1 s\u00e9culos pede que se fa\u00e7a uma COROA DE ADVENTO. \u00c9 um s\u00edmbolo de quatro tempos para preparar, ouvir Deus, aquietar-se e superar a pressa e o estresse. Em muitos pa\u00edses se ornamentam igrejas e casas com alguns ramos de um pinheiro em formato de uma coroa ou guirlanda adornado com quatro velas na forma de uma cruz pequenina que querem prenunciar a vida nova de Deus em cada pessoa humana. Assim o nascer de Deus se faz uma festa em cada fam\u00edlia. O Verbo se fez carne e Deus se encarna no seio da Virgem Maria. Deus vem visitar nossas fam\u00edlias, cidades, favelas, ruas, corti\u00e7os e casas para suavemente entrar em nossa vida. Estas velas simbolizam as grandes etapas da salva\u00e7\u00e3o e luz em nosso caminhar.<\/p>\n<p>No primeiro domingo acende-se a vela que simboliza o perd\u00e3o a Ad\u00e3o e Eva. Eles morrem nesta terra mas ser\u00e3o chamados para viver com Deus. No segundo domingo, a vela representa a f\u00e9 dos patriarcas. Foram aqueles que creram no dom da terra prometida. A terceira vela simboliza a alegria do rei David, que celebra a alian\u00e7a e sua continuidade. Esta terceira vela sempre t\u00eam uma cor mais alegre, muitas vezes rosa, para distingui-la das outras tr\u00eas de cores mais s\u00f3brias. A \u00faltima vela simboliza o ensinamento dos profetas, que anunciam um reino de paz e de justi\u00e7a. Acenda suas velas e prepare-se para o verdadeiro natal. Rompa e n\u00e3o caia na armadilha do consumo para manter-se sereno, tranquilo e feliz. Fa\u00e7a uma op\u00e7\u00e3o, realize um outro advento com um outro natal. Jesus n\u00e3o nasce em shopping! L\u00e1 a luz ofusca e as pessoas \u00e9 que se tornam objetos. No Natal de Jesus, gente \u00e9 gente e fica ainda mais gente.<\/p>\n<div id=\"themify_builder_content-23936\" data-postid=\"23936\" class=\"themify_builder_content themify_builder_content-23936 themify_builder themify_builder_front\">\n\t<\/div>\n<!-- \/themify_builder_content -->","protected":false},"excerpt":{"rendered":"<p>Fernando Altemeyer Jr. Em primeiro de dezembro de 2013, come\u00e7amos o tempo lit\u00fargico conhecido como tempo de Advento, que \u00e9 momento exato, solene e mistico para viver a prepara\u00e7\u00e3o do nascimento de Jesus Cristo. Os supermercados j\u00e1 come\u00e7aram isto em outubro, pela fome de lucro e hiper consumo. Ca\u00edmos na superficialidade e podemos chegar em [&hellip;]<\/p>\n","protected":false},"author":5,"featured_media":0,"comment_status":"open","ping_status":"open","sticky":false,"template":"","format":"standard","meta":{"ngg_post_thumbnail":0,"footnotes":""},"categories":[9],"tags":[2882,1383,236,615,60,167,2883,2884],"yoast_head":"<!-- This site is optimized with the Yoast SEO plugin v23.5 - https:\/\/yoast.com\/wordpress\/plugins\/seo\/ -->\n<title>Jesus n\u00e3o nasce no shopping - O Arcanjo no ar<\/title>\n<meta name=\"robots\" content=\"index, follow, max-snippet:-1, max-image-preview:large, max-video-preview:-1\" \/>\n<link rel=\"canonical\" href=\"https:\/\/www.oarcanjo.net\/site\/jesus-nao-nasce-no-shopping\/\" \/>\n<meta property=\"og:locale\" content=\"pt_BR\" \/>\n<meta property=\"og:type\" content=\"article\" \/>\n<meta property=\"og:title\" content=\"Jesus n\u00e3o nasce no shopping - O Arcanjo no ar\" \/>\n<meta property=\"og:description\" content=\"Fernando Altemeyer Jr. Em primeiro de dezembro de 2013, come\u00e7amos o tempo lit\u00fargico conhecido como tempo de Advento, que \u00e9 momento exato, solene e mistico para viver a prepara\u00e7\u00e3o do nascimento de Jesus Cristo. Os supermercados j\u00e1 come\u00e7aram isto em outubro, pela fome de lucro e hiper consumo. Ca\u00edmos na superficialidade e podemos chegar em [&hellip;]\" \/>\n<meta property=\"og:url\" content=\"https:\/\/www.oarcanjo.net\/site\/jesus-nao-nasce-no-shopping\/\" \/>\n<meta property=\"og:site_name\" content=\"O Arcanjo no ar\" \/>\n<meta property=\"article:publisher\" content=\"https:\/\/www.facebook.com\/OArcanjoNoAr\/\" \/>\n<meta property=\"article:published_time\" content=\"2013-12-06T10:47:06+00:00\" \/>\n<meta property=\"og:image\" content=\"https:\/\/www.oarcanjo.net\/site\/wp-content\/uploads\/logo-o-arcanjo-no-ar-facebook.png\" \/>\n\t<meta property=\"og:image:width\" content=\"300\" \/>\n\t<meta property=\"og:image:height\" content=\"300\" \/>\n\t<meta property=\"og:image:type\" content=\"image\/png\" \/>\n<meta name=\"author\" content=\"editor\" \/>\n<meta name=\"twitter:card\" content=\"summary_large_image\" \/>\n<meta name=\"twitter:label1\" content=\"Escrito por\" \/>\n\t<meta name=\"twitter:data1\" content=\"editor\" \/>\n\t<meta name=\"twitter:label2\" content=\"Est. tempo de leitura\" \/>\n\t<meta name=\"twitter:data2\" content=\"2 minutos\" \/>\n<script type=\"application\/ld+json\" class=\"yoast-schema-graph\">{\"@context\":\"https:\/\/schema.org\",\"@graph\":[{\"@type\":\"Article\",\"@id\":\"https:\/\/www.oarcanjo.net\/site\/jesus-nao-nasce-no-shopping\/#article\",\"isPartOf\":{\"@id\":\"https:\/\/www.oarcanjo.net\/site\/jesus-nao-nasce-no-shopping\/\"},\"author\":{\"name\":\"editor\",\"@id\":\"https:\/\/www.oarcanjo.net\/site\/#\/schema\/person\/f7024d007863202483a31326673a0838\"},\"headline\":\"Jesus n\u00e3o nasce no shopping\",\"datePublished\":\"2013-12-06T10:47:06+00:00\",\"dateModified\":\"2013-12-06T10:47:06+00:00\",\"mainEntityOfPage\":{\"@id\":\"https:\/\/www.oarcanjo.net\/site\/jesus-nao-nasce-no-shopping\/\"},\"wordCount\":403,\"commentCount\":0,\"publisher\":{\"@id\":\"https:\/\/www.oarcanjo.net\/site\/#organization\"},\"keywords\":[\"Coroa do Advento\",\"felicidade\",\"Jesus\",\"luz\",\"natal\",\"paz\",\"Salva\u00e7\u00e3o\",\"Serenidade\"],\"articleSection\":[\"Reflex\u00f5es\"],\"inLanguage\":\"pt-BR\",\"potentialAction\":[{\"@type\":\"CommentAction\",\"name\":\"Comment\",\"target\":[\"https:\/\/www.oarcanjo.net\/site\/jesus-nao-nasce-no-shopping\/#respond\"]}]},{\"@type\":\"WebPage\",\"@id\":\"https:\/\/www.oarcanjo.net\/site\/jesus-nao-nasce-no-shopping\/\",\"url\":\"https:\/\/www.oarcanjo.net\/site\/jesus-nao-nasce-no-shopping\/\",\"name\":\"Jesus n\u00e3o nasce no shopping - O Arcanjo no ar\",\"isPartOf\":{\"@id\":\"https:\/\/www.oarcanjo.net\/site\/#website\"},\"datePublished\":\"2013-12-06T10:47:06+00:00\",\"dateModified\":\"2013-12-06T10:47:06+00:00\",\"breadcrumb\":{\"@id\":\"https:\/\/www.oarcanjo.net\/site\/jesus-nao-nasce-no-shopping\/#breadcrumb\"},\"inLanguage\":\"pt-BR\",\"potentialAction\":[{\"@type\":\"ReadAction\",\"target\":[\"https:\/\/www.oarcanjo.net\/site\/jesus-nao-nasce-no-shopping\/\"]}]},{\"@type\":\"BreadcrumbList\",\"@id\":\"https:\/\/www.oarcanjo.net\/site\/jesus-nao-nasce-no-shopping\/#breadcrumb\",\"itemListElement\":[{\"@type\":\"ListItem\",\"position\":1,\"name\":\"In\u00edcio\",\"item\":\"https:\/\/www.oarcanjo.net\/site\/\"},{\"@type\":\"ListItem\",\"position\":2,\"name\":\"Jesus n\u00e3o nasce no shopping\"}]},{\"@type\":\"WebSite\",\"@id\":\"https:\/\/www.oarcanjo.net\/site\/#website\",\"url\":\"https:\/\/www.oarcanjo.net\/site\/\",\"name\":\"O Arcanjo no ar\",\"description\":\"Site da Par\u00f3quia S\u00e3o Miguel Arcanjo (Arquidiocese de SP)\",\"publisher\":{\"@id\":\"https:\/\/www.oarcanjo.net\/site\/#organization\"},\"potentialAction\":[{\"@type\":\"SearchAction\",\"target\":{\"@type\":\"EntryPoint\",\"urlTemplate\":\"https:\/\/www.oarcanjo.net\/site\/?s={search_term_string}\"},\"query-input\":{\"@type\":\"PropertyValueSpecification\",\"valueRequired\":true,\"valueName\":\"search_term_string\"}}],\"inLanguage\":\"pt-BR\"},{\"@type\":\"Organization\",\"@id\":\"https:\/\/www.oarcanjo.net\/site\/#organization\",\"name\":\"Par\u00f3quia S\u00e3o Miguel Arcanjo\",\"url\":\"https:\/\/www.oarcanjo.net\/site\/\",\"logo\":{\"@type\":\"ImageObject\",\"inLanguage\":\"pt-BR\",\"@id\":\"https:\/\/www.oarcanjo.net\/site\/#\/schema\/logo\/image\/\",\"url\":\"https:\/\/www.oarcanjo.net\/site\/wp-content\/uploads\/LogoOArcanjo.png\",\"contentUrl\":\"https:\/\/www.oarcanjo.net\/site\/wp-content\/uploads\/LogoOArcanjo.png\",\"width\":319,\"height\":99,\"caption\":\"Par\u00f3quia S\u00e3o Miguel Arcanjo\"},\"image\":{\"@id\":\"https:\/\/www.oarcanjo.net\/site\/#\/schema\/logo\/image\/\"},\"sameAs\":[\"https:\/\/www.facebook.com\/OArcanjoNoAr\/\"]},{\"@type\":\"Person\",\"@id\":\"https:\/\/www.oarcanjo.net\/site\/#\/schema\/person\/f7024d007863202483a31326673a0838\",\"name\":\"editor\",\"sameAs\":[\"http:\/\/www.oarcanjo.net\"]}]}<\/script>\n<!-- \/ Yoast SEO plugin. -->","yoast_head_json":{"title":"Jesus n\u00e3o nasce no shopping - O Arcanjo no ar","robots":{"index":"index","follow":"follow","max-snippet":"max-snippet:-1","max-image-preview":"max-image-preview:large","max-video-preview":"max-video-preview:-1"},"canonical":"https:\/\/www.oarcanjo.net\/site\/jesus-nao-nasce-no-shopping\/","og_locale":"pt_BR","og_type":"article","og_title":"Jesus n\u00e3o nasce no shopping - O Arcanjo no ar","og_description":"Fernando Altemeyer Jr. Em primeiro de dezembro de 2013, come\u00e7amos o tempo lit\u00fargico conhecido como tempo de Advento, que \u00e9 momento exato, solene e mistico para viver a prepara\u00e7\u00e3o do nascimento de Jesus Cristo. Os supermercados j\u00e1 come\u00e7aram isto em outubro, pela fome de lucro e hiper consumo. Ca\u00edmos na superficialidade e podemos chegar em [&hellip;]","og_url":"https:\/\/www.oarcanjo.net\/site\/jesus-nao-nasce-no-shopping\/","og_site_name":"O Arcanjo no ar","article_publisher":"https:\/\/www.facebook.com\/OArcanjoNoAr\/","article_published_time":"2013-12-06T10:47:06+00:00","og_image":[{"width":300,"height":300,"url":"https:\/\/www.oarcanjo.net\/site\/wp-content\/uploads\/logo-o-arcanjo-no-ar-facebook.png","type":"image\/png"}],"author":"editor","twitter_card":"summary_large_image","twitter_misc":{"Escrito por":"editor","Est. tempo de leitura":"2 minutos"},"schema":{"@context":"https:\/\/schema.org","@graph":[{"@type":"Article","@id":"https:\/\/www.oarcanjo.net\/site\/jesus-nao-nasce-no-shopping\/#article","isPartOf":{"@id":"https:\/\/www.oarcanjo.net\/site\/jesus-nao-nasce-no-shopping\/"},"author":{"name":"editor","@id":"https:\/\/www.oarcanjo.net\/site\/#\/schema\/person\/f7024d007863202483a31326673a0838"},"headline":"Jesus n\u00e3o nasce no shopping","datePublished":"2013-12-06T10:47:06+00:00","dateModified":"2013-12-06T10:47:06+00:00","mainEntityOfPage":{"@id":"https:\/\/www.oarcanjo.net\/site\/jesus-nao-nasce-no-shopping\/"},"wordCount":403,"commentCount":0,"publisher":{"@id":"https:\/\/www.oarcanjo.net\/site\/#organization"},"keywords":["Coroa do Advento","felicidade","Jesus","luz","natal","paz","Salva\u00e7\u00e3o","Serenidade"],"articleSection":["Reflex\u00f5es"],"inLanguage":"pt-BR","potentialAction":[{"@type":"CommentAction","name":"Comment","target":["https:\/\/www.oarcanjo.net\/site\/jesus-nao-nasce-no-shopping\/#respond"]}]},{"@type":"WebPage","@id":"https:\/\/www.oarcanjo.net\/site\/jesus-nao-nasce-no-shopping\/","url":"https:\/\/www.oarcanjo.net\/site\/jesus-nao-nasce-no-shopping\/","name":"Jesus n\u00e3o nasce no shopping - O Arcanjo no ar","isPartOf":{"@id":"https:\/\/www.oarcanjo.net\/site\/#website"},"datePublished":"2013-12-06T10:47:06+00:00","dateModified":"2013-12-06T10:47:06+00:00","breadcrumb":{"@id":"https:\/\/www.oarcanjo.net\/site\/jesus-nao-nasce-no-shopping\/#breadcrumb"},"inLanguage":"pt-BR","potentialAction":[{"@type":"ReadAction","target":["https:\/\/www.oarcanjo.net\/site\/jesus-nao-nasce-no-shopping\/"]}]},{"@type":"BreadcrumbList","@id":"https:\/\/www.oarcanjo.net\/site\/jesus-nao-nasce-no-shopping\/#breadcrumb","itemListElement":[{"@type":"ListItem","position":1,"name":"In\u00edcio","item":"https:\/\/www.oarcanjo.net\/site\/"},{"@type":"ListItem","position":2,"name":"Jesus n\u00e3o nasce no shopping"}]},{"@type":"WebSite","@id":"https:\/\/www.oarcanjo.net\/site\/#website","url":"https:\/\/www.oarcanjo.net\/site\/","name":"O Arcanjo no ar","description":"Site da Par\u00f3quia S\u00e3o Miguel Arcanjo (Arquidiocese de SP)","publisher":{"@id":"https:\/\/www.oarcanjo.net\/site\/#organization"},"potentialAction":[{"@type":"SearchAction","target":{"@type":"EntryPoint","urlTemplate":"https:\/\/www.oarcanjo.net\/site\/?s={search_term_string}"},"query-input":{"@type":"PropertyValueSpecification","valueRequired":true,"valueName":"search_term_string"}}],"inLanguage":"pt-BR"},{"@type":"Organization","@id":"https:\/\/www.oarcanjo.net\/site\/#organization","name":"Par\u00f3quia S\u00e3o Miguel Arcanjo","url":"https:\/\/www.oarcanjo.net\/site\/","logo":{"@type":"ImageObject","inLanguage":"pt-BR","@id":"https:\/\/www.oarcanjo.net\/site\/#\/schema\/logo\/image\/","url":"https:\/\/www.oarcanjo.net\/site\/wp-content\/uploads\/LogoOArcanjo.png","contentUrl":"https:\/\/www.oarcanjo.net\/site\/wp-content\/uploads\/LogoOArcanjo.png","width":319,"height":99,"caption":"Par\u00f3quia S\u00e3o Miguel Arcanjo"},"image":{"@id":"https:\/\/www.oarcanjo.net\/site\/#\/schema\/logo\/image\/"},"sameAs":["https:\/\/www.facebook.com\/OArcanjoNoAr\/"]},{"@type":"Person","@id":"https:\/\/www.oarcanjo.net\/site\/#\/schema\/person\/f7024d007863202483a31326673a0838","name":"editor","sameAs":["http:\/\/www.oarcanjo.net"]}]}},"publishpress_future_action":{"enabled":false,"date":"2026-05-09 00:22:15","action":"category","newStatus":"draft","terms":[],"taxonomy":"category"},"publishpress_future_workflow_manual_trigger":{"enabledWorkflows":[]},"_links":{"self":[{"href":"https:\/\/www.oarcanjo.net\/site\/wp-json\/wp\/v2\/posts\/23936"}],"collection":[{"href":"https:\/\/www.oarcanjo.net\/site\/wp-json\/wp\/v2\/posts"}],"about":[{"href":"https:\/\/www.oarcanjo.net\/site\/wp-json\/wp\/v2\/types\/post"}],"author":[{"embeddable":true,"href":"https:\/\/www.oarcanjo.net\/site\/wp-json\/wp\/v2\/users\/5"}],"replies":[{"embeddable":true,"href":"https:\/\/www.oarcanjo.net\/site\/wp-json\/wp\/v2\/comments?post=23936"}],"version-history":[{"count":0,"href":"https:\/\/www.oarcanjo.net\/site\/wp-json\/wp\/v2\/posts\/23936\/revisions"}],"wp:attachment":[{"href":"https:\/\/www.oarcanjo.net\/site\/wp-json\/wp\/v2\/media?parent=23936"}],"wp:term":[{"taxonomy":"category","embeddable":true,"href":"https:\/\/www.oarcanjo.net\/site\/wp-json\/wp\/v2\/categories?post=23936"},{"taxonomy":"post_tag","embeddable":true,"href":"https:\/\/www.oarcanjo.net\/site\/wp-json\/wp\/v2\/tags?post=23936"}],"curies":[{"name":"wp","href":"https:\/\/api.w.org\/{rel}","templated":true}]}}