
{"id":23940,"date":"2013-12-05T14:45:58","date_gmt":"2013-12-05T16:45:58","guid":{"rendered":"http:\/\/www.oarcanjo.net\/site\/?p=23940"},"modified":"2013-12-06T14:46:45","modified_gmt":"2013-12-06T16:46:45","slug":"conselho-de-cardeais-analisa-trabalhos-das-congregacoes-vaticanas","status":"publish","type":"post","link":"https:\/\/www.oarcanjo.net\/site\/conselho-de-cardeais-analisa-trabalhos-das-congregacoes-vaticanas\/","title":{"rendered":"Conselho de Cardeais analisa trabalhos das congrega\u00e7\u00f5es vaticanas"},"content":{"rendered":"<p>\u201cOs trabalhos se desenvolvem em um clima de grande serenidade\u201d, afirmou o diretor da Sala de Imprensa da Santa S\u00e9, padre Federico Lombardi, a respeito da segunda reuni\u00e3o do Conselho de Cardeais, que acontece no Vaticano, desde o dia 3.<\/p>\n<p>O grupo, coordenado pelo cardeal Oscar Andr\u00e9s Rodrigues Maradiaga, de Honduras, avalia os trabalhos e as compet\u00eancias das congrega\u00e7\u00f5es vaticanas e analisa a poss\u00edvel reestrutura\u00e7\u00e3o da Secretaria de Estado. Nestas primeiras sess\u00f5es estiveram em pauta as congrega\u00e7\u00f5es sobre as Causas dos Santos, Educa\u00e7\u00e3o Cat\u00f3lica e Evangeliza\u00e7\u00e3o dos Povos.<\/p>\n<p>\u201cDurante estes dias, talvez se possa completar a primeira rodada de reflex\u00e3o sobre as congrega\u00e7\u00f5es e, em seguida, dos Pontif\u00edcios Conselhos. De toda forma, ressalta-se que se trata de uma primeira an\u00e1lise que ser\u00e1 inserida num quadro mais amplo\u201d, explicou padre Lombardi.<\/p>\n<p>O Conselho de Cardeais tem como fun\u00e7\u00e3o ajudar o papa Francisco no projeto de reforma da C\u00faria Romana e no governo da Igreja. Fazem parte do grupo, al\u00e9m do cardeal Maradiaga, os seguintes bispos: Giuseppe Bertello (\u00fanico italiano e \u00fanico curial presente), Francisco Javier Err\u00e1zuriz Ossa (Chile, \u00fanico em\u00e9rito do grupo), Oswald Gracias (\u00cdndia), Reinhard Marx (Alemanha), Laurent Monsengwo Pasinya (Rep\u00fablica Democr\u00e1tica do Congo), Sean Patrick O\u2019Malley (EUA), e George Pell (Austr\u00e1lia).  O Conselho conta, ainda, com o secret\u00e1rio dom Marcello Semeraro, bispo de Albano (It\u00e1lia).<\/p>\n<div id=\"themify_builder_content-23940\" data-postid=\"23940\" class=\"themify_builder_content themify_builder_content-23940 themify_builder themify_builder_front\">\n\t<\/div>\n<!-- \/themify_builder_content -->","protected":false},"excerpt":{"rendered":"<p>\u201cOs trabalhos se desenvolvem em um clima de grande serenidade\u201d, afirmou o diretor da Sala de Imprensa da Santa S\u00e9, padre Federico Lombardi, a respeito da segunda reuni\u00e3o do Conselho de Cardeais, que acontece no Vaticano, desde o dia 3. O grupo, coordenado pelo cardeal Oscar Andr\u00e9s Rodrigues Maradiaga, de Honduras, avalia os trabalhos e [&hellip;]<\/p>\n","protected":false},"author":5,"featured_media":0,"comment_status":"open","ping_status":"open","sticky":false,"template":"","format":"standard","meta":{"ngg_post_thumbnail":0,"footnotes":""},"categories":[8],"tags":[2885,2677,2433,365],"yoast_head":"<!-- This site is optimized with the Yoast SEO plugin v23.5 - https:\/\/yoast.com\/wordpress\/plugins\/seo\/ -->\n<title>Conselho de Cardeais analisa trabalhos das congrega\u00e7\u00f5es vaticanas - O Arcanjo no ar<\/title>\n<meta name=\"robots\" content=\"index, follow, max-snippet:-1, max-image-preview:large, max-video-preview:-1\" \/>\n<link rel=\"canonical\" href=\"https:\/\/www.oarcanjo.net\/site\/conselho-de-cardeais-analisa-trabalhos-das-congregacoes-vaticanas\/\" \/>\n<meta property=\"og:locale\" content=\"pt_BR\" \/>\n<meta property=\"og:type\" content=\"article\" \/>\n<meta property=\"og:title\" content=\"Conselho de Cardeais analisa trabalhos das congrega\u00e7\u00f5es vaticanas - O Arcanjo no ar\" \/>\n<meta property=\"og:description\" content=\"\u201cOs trabalhos se desenvolvem em um clima de grande serenidade\u201d, afirmou o diretor da Sala de Imprensa da Santa S\u00e9, padre Federico Lombardi, a respeito da segunda reuni\u00e3o do Conselho de Cardeais, que acontece no Vaticano, desde o dia 3. O grupo, coordenado pelo cardeal Oscar Andr\u00e9s Rodrigues Maradiaga, de Honduras, avalia os trabalhos e [&hellip;]\" \/>\n<meta property=\"og:url\" content=\"https:\/\/www.oarcanjo.net\/site\/conselho-de-cardeais-analisa-trabalhos-das-congregacoes-vaticanas\/\" \/>\n<meta property=\"og:site_name\" content=\"O Arcanjo no ar\" \/>\n<meta property=\"article:publisher\" content=\"https:\/\/www.facebook.com\/OArcanjoNoAr\/\" \/>\n<meta property=\"article:published_time\" content=\"2013-12-05T16:45:58+00:00\" \/>\n<meta property=\"article:modified_time\" content=\"2013-12-06T16:46:45+00:00\" \/>\n<meta property=\"og:image\" content=\"https:\/\/www.oarcanjo.net\/site\/wp-content\/uploads\/logo-o-arcanjo-no-ar-facebook.png\" \/>\n\t<meta property=\"og:image:width\" content=\"300\" \/>\n\t<meta property=\"og:image:height\" content=\"300\" \/>\n\t<meta property=\"og:image:type\" content=\"image\/png\" \/>\n<meta name=\"author\" content=\"editor\" \/>\n<meta name=\"twitter:card\" content=\"summary_large_image\" \/>\n<meta name=\"twitter:label1\" content=\"Escrito por\" \/>\n\t<meta name=\"twitter:data1\" content=\"editor\" \/>\n\t<meta name=\"twitter:label2\" content=\"Est. tempo de leitura\" \/>\n\t<meta name=\"twitter:data2\" content=\"1 minuto\" \/>\n<script type=\"application\/ld+json\" class=\"yoast-schema-graph\">{\"@context\":\"https:\/\/schema.org\",\"@graph\":[{\"@type\":\"Article\",\"@id\":\"https:\/\/www.oarcanjo.net\/site\/conselho-de-cardeais-analisa-trabalhos-das-congregacoes-vaticanas\/#article\",\"isPartOf\":{\"@id\":\"https:\/\/www.oarcanjo.net\/site\/conselho-de-cardeais-analisa-trabalhos-das-congregacoes-vaticanas\/\"},\"author\":{\"name\":\"editor\",\"@id\":\"https:\/\/www.oarcanjo.net\/site\/#\/schema\/person\/f7024d007863202483a31326673a0838\"},\"headline\":\"Conselho de Cardeais analisa trabalhos das congrega\u00e7\u00f5es vaticanas\",\"datePublished\":\"2013-12-05T16:45:58+00:00\",\"dateModified\":\"2013-12-06T16:46:45+00:00\",\"mainEntityOfPage\":{\"@id\":\"https:\/\/www.oarcanjo.net\/site\/conselho-de-cardeais-analisa-trabalhos-das-congregacoes-vaticanas\/\"},\"wordCount\":250,\"commentCount\":0,\"publisher\":{\"@id\":\"https:\/\/www.oarcanjo.net\/site\/#organization\"},\"keywords\":[\"Cardeal Oscar Andr\u00e9s Rodrigues Maradiaga\",\"Conselho de Cardeais\",\"Papa Francisco\",\"Santa S\u00e9\"],\"articleSection\":[\"Not\u00edcias\"],\"inLanguage\":\"pt-BR\",\"potentialAction\":[{\"@type\":\"CommentAction\",\"name\":\"Comment\",\"target\":[\"https:\/\/www.oarcanjo.net\/site\/conselho-de-cardeais-analisa-trabalhos-das-congregacoes-vaticanas\/#respond\"]}]},{\"@type\":\"WebPage\",\"@id\":\"https:\/\/www.oarcanjo.net\/site\/conselho-de-cardeais-analisa-trabalhos-das-congregacoes-vaticanas\/\",\"url\":\"https:\/\/www.oarcanjo.net\/site\/conselho-de-cardeais-analisa-trabalhos-das-congregacoes-vaticanas\/\",\"name\":\"Conselho de Cardeais analisa trabalhos das congrega\u00e7\u00f5es vaticanas - O Arcanjo no ar\",\"isPartOf\":{\"@id\":\"https:\/\/www.oarcanjo.net\/site\/#website\"},\"datePublished\":\"2013-12-05T16:45:58+00:00\",\"dateModified\":\"2013-12-06T16:46:45+00:00\",\"breadcrumb\":{\"@id\":\"https:\/\/www.oarcanjo.net\/site\/conselho-de-cardeais-analisa-trabalhos-das-congregacoes-vaticanas\/#breadcrumb\"},\"inLanguage\":\"pt-BR\",\"potentialAction\":[{\"@type\":\"ReadAction\",\"target\":[\"https:\/\/www.oarcanjo.net\/site\/conselho-de-cardeais-analisa-trabalhos-das-congregacoes-vaticanas\/\"]}]},{\"@type\":\"BreadcrumbList\",\"@id\":\"https:\/\/www.oarcanjo.net\/site\/conselho-de-cardeais-analisa-trabalhos-das-congregacoes-vaticanas\/#breadcrumb\",\"itemListElement\":[{\"@type\":\"ListItem\",\"position\":1,\"name\":\"In\u00edcio\",\"item\":\"https:\/\/www.oarcanjo.net\/site\/\"},{\"@type\":\"ListItem\",\"position\":2,\"name\":\"Conselho de Cardeais analisa trabalhos das congrega\u00e7\u00f5es vaticanas\"}]},{\"@type\":\"WebSite\",\"@id\":\"https:\/\/www.oarcanjo.net\/site\/#website\",\"url\":\"https:\/\/www.oarcanjo.net\/site\/\",\"name\":\"O Arcanjo no ar\",\"description\":\"Site da Par\u00f3quia S\u00e3o Miguel Arcanjo (Arquidiocese de SP)\",\"publisher\":{\"@id\":\"https:\/\/www.oarcanjo.net\/site\/#organization\"},\"potentialAction\":[{\"@type\":\"SearchAction\",\"target\":{\"@type\":\"EntryPoint\",\"urlTemplate\":\"https:\/\/www.oarcanjo.net\/site\/?s={search_term_string}\"},\"query-input\":{\"@type\":\"PropertyValueSpecification\",\"valueRequired\":true,\"valueName\":\"search_term_string\"}}],\"inLanguage\":\"pt-BR\"},{\"@type\":\"Organization\",\"@id\":\"https:\/\/www.oarcanjo.net\/site\/#organization\",\"name\":\"Par\u00f3quia S\u00e3o Miguel Arcanjo\",\"url\":\"https:\/\/www.oarcanjo.net\/site\/\",\"logo\":{\"@type\":\"ImageObject\",\"inLanguage\":\"pt-BR\",\"@id\":\"https:\/\/www.oarcanjo.net\/site\/#\/schema\/logo\/image\/\",\"url\":\"https:\/\/www.oarcanjo.net\/site\/wp-content\/uploads\/LogoOArcanjo.png\",\"contentUrl\":\"https:\/\/www.oarcanjo.net\/site\/wp-content\/uploads\/LogoOArcanjo.png\",\"width\":319,\"height\":99,\"caption\":\"Par\u00f3quia S\u00e3o Miguel Arcanjo\"},\"image\":{\"@id\":\"https:\/\/www.oarcanjo.net\/site\/#\/schema\/logo\/image\/\"},\"sameAs\":[\"https:\/\/www.facebook.com\/OArcanjoNoAr\/\"]},{\"@type\":\"Person\",\"@id\":\"https:\/\/www.oarcanjo.net\/site\/#\/schema\/person\/f7024d007863202483a31326673a0838\",\"name\":\"editor\",\"sameAs\":[\"http:\/\/www.oarcanjo.net\"]}]}<\/script>\n<!-- \/ Yoast SEO plugin. -->","yoast_head_json":{"title":"Conselho de Cardeais analisa trabalhos das congrega\u00e7\u00f5es vaticanas - O Arcanjo no ar","robots":{"index":"index","follow":"follow","max-snippet":"max-snippet:-1","max-image-preview":"max-image-preview:large","max-video-preview":"max-video-preview:-1"},"canonical":"https:\/\/www.oarcanjo.net\/site\/conselho-de-cardeais-analisa-trabalhos-das-congregacoes-vaticanas\/","og_locale":"pt_BR","og_type":"article","og_title":"Conselho de Cardeais analisa trabalhos das congrega\u00e7\u00f5es vaticanas - O Arcanjo no ar","og_description":"\u201cOs trabalhos se desenvolvem em um clima de grande serenidade\u201d, afirmou o diretor da Sala de Imprensa da Santa S\u00e9, padre Federico Lombardi, a respeito da segunda reuni\u00e3o do Conselho de Cardeais, que acontece no Vaticano, desde o dia 3. O grupo, coordenado pelo cardeal Oscar Andr\u00e9s Rodrigues Maradiaga, de Honduras, avalia os trabalhos e [&hellip;]","og_url":"https:\/\/www.oarcanjo.net\/site\/conselho-de-cardeais-analisa-trabalhos-das-congregacoes-vaticanas\/","og_site_name":"O Arcanjo no ar","article_publisher":"https:\/\/www.facebook.com\/OArcanjoNoAr\/","article_published_time":"2013-12-05T16:45:58+00:00","article_modified_time":"2013-12-06T16:46:45+00:00","og_image":[{"width":300,"height":300,"url":"https:\/\/www.oarcanjo.net\/site\/wp-content\/uploads\/logo-o-arcanjo-no-ar-facebook.png","type":"image\/png"}],"author":"editor","twitter_card":"summary_large_image","twitter_misc":{"Escrito por":"editor","Est. tempo de leitura":"1 minuto"},"schema":{"@context":"https:\/\/schema.org","@graph":[{"@type":"Article","@id":"https:\/\/www.oarcanjo.net\/site\/conselho-de-cardeais-analisa-trabalhos-das-congregacoes-vaticanas\/#article","isPartOf":{"@id":"https:\/\/www.oarcanjo.net\/site\/conselho-de-cardeais-analisa-trabalhos-das-congregacoes-vaticanas\/"},"author":{"name":"editor","@id":"https:\/\/www.oarcanjo.net\/site\/#\/schema\/person\/f7024d007863202483a31326673a0838"},"headline":"Conselho de Cardeais analisa trabalhos das congrega\u00e7\u00f5es vaticanas","datePublished":"2013-12-05T16:45:58+00:00","dateModified":"2013-12-06T16:46:45+00:00","mainEntityOfPage":{"@id":"https:\/\/www.oarcanjo.net\/site\/conselho-de-cardeais-analisa-trabalhos-das-congregacoes-vaticanas\/"},"wordCount":250,"commentCount":0,"publisher":{"@id":"https:\/\/www.oarcanjo.net\/site\/#organization"},"keywords":["Cardeal Oscar Andr\u00e9s Rodrigues Maradiaga","Conselho de Cardeais","Papa Francisco","Santa S\u00e9"],"articleSection":["Not\u00edcias"],"inLanguage":"pt-BR","potentialAction":[{"@type":"CommentAction","name":"Comment","target":["https:\/\/www.oarcanjo.net\/site\/conselho-de-cardeais-analisa-trabalhos-das-congregacoes-vaticanas\/#respond"]}]},{"@type":"WebPage","@id":"https:\/\/www.oarcanjo.net\/site\/conselho-de-cardeais-analisa-trabalhos-das-congregacoes-vaticanas\/","url":"https:\/\/www.oarcanjo.net\/site\/conselho-de-cardeais-analisa-trabalhos-das-congregacoes-vaticanas\/","name":"Conselho de Cardeais analisa trabalhos das congrega\u00e7\u00f5es vaticanas - O Arcanjo no ar","isPartOf":{"@id":"https:\/\/www.oarcanjo.net\/site\/#website"},"datePublished":"2013-12-05T16:45:58+00:00","dateModified":"2013-12-06T16:46:45+00:00","breadcrumb":{"@id":"https:\/\/www.oarcanjo.net\/site\/conselho-de-cardeais-analisa-trabalhos-das-congregacoes-vaticanas\/#breadcrumb"},"inLanguage":"pt-BR","potentialAction":[{"@type":"ReadAction","target":["https:\/\/www.oarcanjo.net\/site\/conselho-de-cardeais-analisa-trabalhos-das-congregacoes-vaticanas\/"]}]},{"@type":"BreadcrumbList","@id":"https:\/\/www.oarcanjo.net\/site\/conselho-de-cardeais-analisa-trabalhos-das-congregacoes-vaticanas\/#breadcrumb","itemListElement":[{"@type":"ListItem","position":1,"name":"In\u00edcio","item":"https:\/\/www.oarcanjo.net\/site\/"},{"@type":"ListItem","position":2,"name":"Conselho de Cardeais analisa trabalhos das congrega\u00e7\u00f5es vaticanas"}]},{"@type":"WebSite","@id":"https:\/\/www.oarcanjo.net\/site\/#website","url":"https:\/\/www.oarcanjo.net\/site\/","name":"O Arcanjo no ar","description":"Site da Par\u00f3quia S\u00e3o Miguel Arcanjo (Arquidiocese de SP)","publisher":{"@id":"https:\/\/www.oarcanjo.net\/site\/#organization"},"potentialAction":[{"@type":"SearchAction","target":{"@type":"EntryPoint","urlTemplate":"https:\/\/www.oarcanjo.net\/site\/?s={search_term_string}"},"query-input":{"@type":"PropertyValueSpecification","valueRequired":true,"valueName":"search_term_string"}}],"inLanguage":"pt-BR"},{"@type":"Organization","@id":"https:\/\/www.oarcanjo.net\/site\/#organization","name":"Par\u00f3quia S\u00e3o Miguel Arcanjo","url":"https:\/\/www.oarcanjo.net\/site\/","logo":{"@type":"ImageObject","inLanguage":"pt-BR","@id":"https:\/\/www.oarcanjo.net\/site\/#\/schema\/logo\/image\/","url":"https:\/\/www.oarcanjo.net\/site\/wp-content\/uploads\/LogoOArcanjo.png","contentUrl":"https:\/\/www.oarcanjo.net\/site\/wp-content\/uploads\/LogoOArcanjo.png","width":319,"height":99,"caption":"Par\u00f3quia S\u00e3o Miguel Arcanjo"},"image":{"@id":"https:\/\/www.oarcanjo.net\/site\/#\/schema\/logo\/image\/"},"sameAs":["https:\/\/www.facebook.com\/OArcanjoNoAr\/"]},{"@type":"Person","@id":"https:\/\/www.oarcanjo.net\/site\/#\/schema\/person\/f7024d007863202483a31326673a0838","name":"editor","sameAs":["http:\/\/www.oarcanjo.net"]}]}},"publishpress_future_action":{"enabled":false,"date":"2026-05-09 07:56:38","action":"category","newStatus":"draft","terms":[],"taxonomy":"category"},"publishpress_future_workflow_manual_trigger":{"enabledWorkflows":[]},"_links":{"self":[{"href":"https:\/\/www.oarcanjo.net\/site\/wp-json\/wp\/v2\/posts\/23940"}],"collection":[{"href":"https:\/\/www.oarcanjo.net\/site\/wp-json\/wp\/v2\/posts"}],"about":[{"href":"https:\/\/www.oarcanjo.net\/site\/wp-json\/wp\/v2\/types\/post"}],"author":[{"embeddable":true,"href":"https:\/\/www.oarcanjo.net\/site\/wp-json\/wp\/v2\/users\/5"}],"replies":[{"embeddable":true,"href":"https:\/\/www.oarcanjo.net\/site\/wp-json\/wp\/v2\/comments?post=23940"}],"version-history":[{"count":0,"href":"https:\/\/www.oarcanjo.net\/site\/wp-json\/wp\/v2\/posts\/23940\/revisions"}],"wp:attachment":[{"href":"https:\/\/www.oarcanjo.net\/site\/wp-json\/wp\/v2\/media?parent=23940"}],"wp:term":[{"taxonomy":"category","embeddable":true,"href":"https:\/\/www.oarcanjo.net\/site\/wp-json\/wp\/v2\/categories?post=23940"},{"taxonomy":"post_tag","embeddable":true,"href":"https:\/\/www.oarcanjo.net\/site\/wp-json\/wp\/v2\/tags?post=23940"}],"curies":[{"name":"wp","href":"https:\/\/api.w.org\/{rel}","templated":true}]}}