
{"id":23943,"date":"2013-12-06T15:04:22","date_gmt":"2013-12-06T17:04:22","guid":{"rendered":"http:\/\/www.oarcanjo.net\/site\/?p=23943"},"modified":"2013-12-06T15:42:43","modified_gmt":"2013-12-06T17:42:43","slug":"o-exemplo-de-mandela-inspire-as-novas-geracoes-diz-papa-francisco","status":"publish","type":"post","link":"https:\/\/www.oarcanjo.net\/site\/o-exemplo-de-mandela-inspire-as-novas-geracoes-diz-papa-francisco\/","title":{"rendered":"&#8220;O exemplo de Mandela inspire as novas gera\u00e7\u00f5es&#8221;, diz papa Francisco"},"content":{"rendered":"<p>O papa Francisco escreveu na manh\u00e3 desta sexta-feira, 06, ao presidente da Rep\u00fablica Sul-Africana, Jacob Zuma, uma mensagem expressando seu pesar pela morte do l\u00edder e s\u00edmbolo da luta anti-racista Nelson Mandela.<\/p>\n<p>A seguir, a \u00edntegra da mensagem.<\/p>\n<p><em>\u201cSoube com tristeza da morte do ex-presidente Nelson Mandela e envio minhas preces e condol\u00eancias \u00e0 fam\u00edlia Mandela, aos membros do Governo e a todo o povo da \u00c1frica do Sul. Encomendando a alma do falecido \u00e0s infinitas b\u00ean\u00e7\u00e3os de Deus, pe\u00e7o ao Senhor que console e apoie todos os que choram por esta perda. Louvo o firme compromisso demonstrado por Nelson Mandela ao promover a dignidade humana de todos os cidad\u00e3os da na\u00e7\u00e3o e forjar uma nova \u00c1frica do Sul, constru\u00edda sobre os alicerces firmes da n\u00e3o-viol\u00eancia, da reconcilia\u00e7\u00e3o e da verdade. Rezo para que o exemplo do ex-Presidente inspire as gera\u00e7\u00f5es da \u00c1frica do Sul a colocar a justi\u00e7a e o bem comum no topo de suas aspira\u00e7\u00f5es pol\u00edticas. Com estes sentimentos, invoco sobre todos os povos da \u00c1frica do Sul os dons divinos da paz e prosperidade\u201d.<\/em><\/p>\n<p><em> <\/em><\/p>\n<p><em>Papa Francisco<\/em><\/p>\n<p><em>Fonte: CNBB<\/em><\/p>\n<div id=\"themify_builder_content-23943\" data-postid=\"23943\" class=\"themify_builder_content themify_builder_content-23943 themify_builder themify_builder_front\">\n\t<\/div>\n<!-- \/themify_builder_content -->","protected":false},"excerpt":{"rendered":"<p>O papa Francisco escreveu na manh\u00e3 desta sexta-feira, 06, ao presidente da Rep\u00fablica Sul-Africana, Jacob Zuma, uma mensagem expressando seu pesar pela morte do l\u00edder e s\u00edmbolo da luta anti-racista Nelson Mandela. A seguir, a \u00edntegra da mensagem. \u201cSoube com tristeza da morte do ex-presidente Nelson Mandela e envio minhas preces e condol\u00eancias \u00e0 fam\u00edlia [&hellip;]<\/p>\n","protected":false},"author":5,"featured_media":0,"comment_status":"open","ping_status":"open","sticky":false,"template":"","format":"standard","meta":{"ngg_post_thumbnail":0,"footnotes":""},"categories":[8],"tags":[2886,2887,1643,2433,456,2888],"yoast_head":"<!-- This site is optimized with the Yoast SEO plugin v23.5 - https:\/\/yoast.com\/wordpress\/plugins\/seo\/ -->\n<title>&quot;O exemplo de Mandela inspire as novas gera\u00e7\u00f5es&quot;, diz papa Francisco - O Arcanjo no ar<\/title>\n<meta name=\"robots\" content=\"index, follow, max-snippet:-1, max-image-preview:large, max-video-preview:-1\" \/>\n<link rel=\"canonical\" href=\"https:\/\/www.oarcanjo.net\/site\/o-exemplo-de-mandela-inspire-as-novas-geracoes-diz-papa-francisco\/\" \/>\n<meta property=\"og:locale\" content=\"pt_BR\" \/>\n<meta property=\"og:type\" content=\"article\" \/>\n<meta property=\"og:title\" content=\"&quot;O exemplo de Mandela inspire as novas gera\u00e7\u00f5es&quot;, diz papa Francisco - O Arcanjo no ar\" \/>\n<meta property=\"og:description\" content=\"O papa Francisco escreveu na manh\u00e3 desta sexta-feira, 06, ao presidente da Rep\u00fablica Sul-Africana, Jacob Zuma, uma mensagem expressando seu pesar pela morte do l\u00edder e s\u00edmbolo da luta anti-racista Nelson Mandela. A seguir, a \u00edntegra da mensagem. \u201cSoube com tristeza da morte do ex-presidente Nelson Mandela e envio minhas preces e condol\u00eancias \u00e0 fam\u00edlia [&hellip;]\" \/>\n<meta property=\"og:url\" content=\"https:\/\/www.oarcanjo.net\/site\/o-exemplo-de-mandela-inspire-as-novas-geracoes-diz-papa-francisco\/\" \/>\n<meta property=\"og:site_name\" content=\"O Arcanjo no ar\" \/>\n<meta property=\"article:publisher\" content=\"https:\/\/www.facebook.com\/OArcanjoNoAr\/\" \/>\n<meta property=\"article:published_time\" content=\"2013-12-06T17:04:22+00:00\" \/>\n<meta property=\"article:modified_time\" content=\"2013-12-06T17:42:43+00:00\" \/>\n<meta property=\"og:image\" content=\"https:\/\/www.oarcanjo.net\/site\/wp-content\/uploads\/logo-o-arcanjo-no-ar-facebook.png\" \/>\n\t<meta property=\"og:image:width\" content=\"300\" \/>\n\t<meta property=\"og:image:height\" content=\"300\" \/>\n\t<meta property=\"og:image:type\" content=\"image\/png\" \/>\n<meta name=\"author\" content=\"editor\" \/>\n<meta name=\"twitter:card\" content=\"summary_large_image\" \/>\n<meta name=\"twitter:label1\" content=\"Escrito por\" \/>\n\t<meta name=\"twitter:data1\" content=\"editor\" \/>\n\t<meta name=\"twitter:label2\" content=\"Est. tempo de leitura\" \/>\n\t<meta name=\"twitter:data2\" content=\"1 minuto\" \/>\n<script type=\"application\/ld+json\" class=\"yoast-schema-graph\">{\"@context\":\"https:\/\/schema.org\",\"@graph\":[{\"@type\":\"Article\",\"@id\":\"https:\/\/www.oarcanjo.net\/site\/o-exemplo-de-mandela-inspire-as-novas-geracoes-diz-papa-francisco\/#article\",\"isPartOf\":{\"@id\":\"https:\/\/www.oarcanjo.net\/site\/o-exemplo-de-mandela-inspire-as-novas-geracoes-diz-papa-francisco\/\"},\"author\":{\"name\":\"editor\",\"@id\":\"https:\/\/www.oarcanjo.net\/site\/#\/schema\/person\/f7024d007863202483a31326673a0838\"},\"headline\":\"&#8220;O exemplo de Mandela inspire as novas gera\u00e7\u00f5es&#8221;, diz papa Francisco\",\"datePublished\":\"2013-12-06T17:04:22+00:00\",\"dateModified\":\"2013-12-06T17:42:43+00:00\",\"mainEntityOfPage\":{\"@id\":\"https:\/\/www.oarcanjo.net\/site\/o-exemplo-de-mandela-inspire-as-novas-geracoes-diz-papa-francisco\/\"},\"wordCount\":210,\"commentCount\":0,\"publisher\":{\"@id\":\"https:\/\/www.oarcanjo.net\/site\/#organization\"},\"keywords\":[\"Mandiba\",\"N\u00e3o-viol\u00eancia\",\"Nelson Mandela\",\"Papa Francisco\",\"reconcilia\u00e7\u00e3o\",\"Verdade\"],\"articleSection\":[\"Not\u00edcias\"],\"inLanguage\":\"pt-BR\",\"potentialAction\":[{\"@type\":\"CommentAction\",\"name\":\"Comment\",\"target\":[\"https:\/\/www.oarcanjo.net\/site\/o-exemplo-de-mandela-inspire-as-novas-geracoes-diz-papa-francisco\/#respond\"]}]},{\"@type\":\"WebPage\",\"@id\":\"https:\/\/www.oarcanjo.net\/site\/o-exemplo-de-mandela-inspire-as-novas-geracoes-diz-papa-francisco\/\",\"url\":\"https:\/\/www.oarcanjo.net\/site\/o-exemplo-de-mandela-inspire-as-novas-geracoes-diz-papa-francisco\/\",\"name\":\"\\\"O exemplo de Mandela inspire as novas gera\u00e7\u00f5es\\\", diz papa Francisco - O Arcanjo no ar\",\"isPartOf\":{\"@id\":\"https:\/\/www.oarcanjo.net\/site\/#website\"},\"datePublished\":\"2013-12-06T17:04:22+00:00\",\"dateModified\":\"2013-12-06T17:42:43+00:00\",\"breadcrumb\":{\"@id\":\"https:\/\/www.oarcanjo.net\/site\/o-exemplo-de-mandela-inspire-as-novas-geracoes-diz-papa-francisco\/#breadcrumb\"},\"inLanguage\":\"pt-BR\",\"potentialAction\":[{\"@type\":\"ReadAction\",\"target\":[\"https:\/\/www.oarcanjo.net\/site\/o-exemplo-de-mandela-inspire-as-novas-geracoes-diz-papa-francisco\/\"]}]},{\"@type\":\"BreadcrumbList\",\"@id\":\"https:\/\/www.oarcanjo.net\/site\/o-exemplo-de-mandela-inspire-as-novas-geracoes-diz-papa-francisco\/#breadcrumb\",\"itemListElement\":[{\"@type\":\"ListItem\",\"position\":1,\"name\":\"In\u00edcio\",\"item\":\"https:\/\/www.oarcanjo.net\/site\/\"},{\"@type\":\"ListItem\",\"position\":2,\"name\":\"&#8220;O exemplo de Mandela inspire as novas gera\u00e7\u00f5es&#8221;, diz papa Francisco\"}]},{\"@type\":\"WebSite\",\"@id\":\"https:\/\/www.oarcanjo.net\/site\/#website\",\"url\":\"https:\/\/www.oarcanjo.net\/site\/\",\"name\":\"O Arcanjo no ar\",\"description\":\"Site da Par\u00f3quia S\u00e3o Miguel Arcanjo (Arquidiocese de SP)\",\"publisher\":{\"@id\":\"https:\/\/www.oarcanjo.net\/site\/#organization\"},\"potentialAction\":[{\"@type\":\"SearchAction\",\"target\":{\"@type\":\"EntryPoint\",\"urlTemplate\":\"https:\/\/www.oarcanjo.net\/site\/?s={search_term_string}\"},\"query-input\":{\"@type\":\"PropertyValueSpecification\",\"valueRequired\":true,\"valueName\":\"search_term_string\"}}],\"inLanguage\":\"pt-BR\"},{\"@type\":\"Organization\",\"@id\":\"https:\/\/www.oarcanjo.net\/site\/#organization\",\"name\":\"Par\u00f3quia S\u00e3o Miguel Arcanjo\",\"url\":\"https:\/\/www.oarcanjo.net\/site\/\",\"logo\":{\"@type\":\"ImageObject\",\"inLanguage\":\"pt-BR\",\"@id\":\"https:\/\/www.oarcanjo.net\/site\/#\/schema\/logo\/image\/\",\"url\":\"https:\/\/www.oarcanjo.net\/site\/wp-content\/uploads\/LogoOArcanjo.png\",\"contentUrl\":\"https:\/\/www.oarcanjo.net\/site\/wp-content\/uploads\/LogoOArcanjo.png\",\"width\":319,\"height\":99,\"caption\":\"Par\u00f3quia S\u00e3o Miguel Arcanjo\"},\"image\":{\"@id\":\"https:\/\/www.oarcanjo.net\/site\/#\/schema\/logo\/image\/\"},\"sameAs\":[\"https:\/\/www.facebook.com\/OArcanjoNoAr\/\"]},{\"@type\":\"Person\",\"@id\":\"https:\/\/www.oarcanjo.net\/site\/#\/schema\/person\/f7024d007863202483a31326673a0838\",\"name\":\"editor\",\"sameAs\":[\"http:\/\/www.oarcanjo.net\"]}]}<\/script>\n<!-- \/ Yoast SEO plugin. -->","yoast_head_json":{"title":"\"O exemplo de Mandela inspire as novas gera\u00e7\u00f5es\", diz papa Francisco - O Arcanjo no ar","robots":{"index":"index","follow":"follow","max-snippet":"max-snippet:-1","max-image-preview":"max-image-preview:large","max-video-preview":"max-video-preview:-1"},"canonical":"https:\/\/www.oarcanjo.net\/site\/o-exemplo-de-mandela-inspire-as-novas-geracoes-diz-papa-francisco\/","og_locale":"pt_BR","og_type":"article","og_title":"\"O exemplo de Mandela inspire as novas gera\u00e7\u00f5es\", diz papa Francisco - O Arcanjo no ar","og_description":"O papa Francisco escreveu na manh\u00e3 desta sexta-feira, 06, ao presidente da Rep\u00fablica Sul-Africana, Jacob Zuma, uma mensagem expressando seu pesar pela morte do l\u00edder e s\u00edmbolo da luta anti-racista Nelson Mandela. A seguir, a \u00edntegra da mensagem. \u201cSoube com tristeza da morte do ex-presidente Nelson Mandela e envio minhas preces e condol\u00eancias \u00e0 fam\u00edlia [&hellip;]","og_url":"https:\/\/www.oarcanjo.net\/site\/o-exemplo-de-mandela-inspire-as-novas-geracoes-diz-papa-francisco\/","og_site_name":"O Arcanjo no ar","article_publisher":"https:\/\/www.facebook.com\/OArcanjoNoAr\/","article_published_time":"2013-12-06T17:04:22+00:00","article_modified_time":"2013-12-06T17:42:43+00:00","og_image":[{"width":300,"height":300,"url":"https:\/\/www.oarcanjo.net\/site\/wp-content\/uploads\/logo-o-arcanjo-no-ar-facebook.png","type":"image\/png"}],"author":"editor","twitter_card":"summary_large_image","twitter_misc":{"Escrito por":"editor","Est. tempo de leitura":"1 minuto"},"schema":{"@context":"https:\/\/schema.org","@graph":[{"@type":"Article","@id":"https:\/\/www.oarcanjo.net\/site\/o-exemplo-de-mandela-inspire-as-novas-geracoes-diz-papa-francisco\/#article","isPartOf":{"@id":"https:\/\/www.oarcanjo.net\/site\/o-exemplo-de-mandela-inspire-as-novas-geracoes-diz-papa-francisco\/"},"author":{"name":"editor","@id":"https:\/\/www.oarcanjo.net\/site\/#\/schema\/person\/f7024d007863202483a31326673a0838"},"headline":"&#8220;O exemplo de Mandela inspire as novas gera\u00e7\u00f5es&#8221;, diz papa Francisco","datePublished":"2013-12-06T17:04:22+00:00","dateModified":"2013-12-06T17:42:43+00:00","mainEntityOfPage":{"@id":"https:\/\/www.oarcanjo.net\/site\/o-exemplo-de-mandela-inspire-as-novas-geracoes-diz-papa-francisco\/"},"wordCount":210,"commentCount":0,"publisher":{"@id":"https:\/\/www.oarcanjo.net\/site\/#organization"},"keywords":["Mandiba","N\u00e3o-viol\u00eancia","Nelson Mandela","Papa Francisco","reconcilia\u00e7\u00e3o","Verdade"],"articleSection":["Not\u00edcias"],"inLanguage":"pt-BR","potentialAction":[{"@type":"CommentAction","name":"Comment","target":["https:\/\/www.oarcanjo.net\/site\/o-exemplo-de-mandela-inspire-as-novas-geracoes-diz-papa-francisco\/#respond"]}]},{"@type":"WebPage","@id":"https:\/\/www.oarcanjo.net\/site\/o-exemplo-de-mandela-inspire-as-novas-geracoes-diz-papa-francisco\/","url":"https:\/\/www.oarcanjo.net\/site\/o-exemplo-de-mandela-inspire-as-novas-geracoes-diz-papa-francisco\/","name":"\"O exemplo de Mandela inspire as novas gera\u00e7\u00f5es\", diz papa Francisco - O Arcanjo no ar","isPartOf":{"@id":"https:\/\/www.oarcanjo.net\/site\/#website"},"datePublished":"2013-12-06T17:04:22+00:00","dateModified":"2013-12-06T17:42:43+00:00","breadcrumb":{"@id":"https:\/\/www.oarcanjo.net\/site\/o-exemplo-de-mandela-inspire-as-novas-geracoes-diz-papa-francisco\/#breadcrumb"},"inLanguage":"pt-BR","potentialAction":[{"@type":"ReadAction","target":["https:\/\/www.oarcanjo.net\/site\/o-exemplo-de-mandela-inspire-as-novas-geracoes-diz-papa-francisco\/"]}]},{"@type":"BreadcrumbList","@id":"https:\/\/www.oarcanjo.net\/site\/o-exemplo-de-mandela-inspire-as-novas-geracoes-diz-papa-francisco\/#breadcrumb","itemListElement":[{"@type":"ListItem","position":1,"name":"In\u00edcio","item":"https:\/\/www.oarcanjo.net\/site\/"},{"@type":"ListItem","position":2,"name":"&#8220;O exemplo de Mandela inspire as novas gera\u00e7\u00f5es&#8221;, diz papa Francisco"}]},{"@type":"WebSite","@id":"https:\/\/www.oarcanjo.net\/site\/#website","url":"https:\/\/www.oarcanjo.net\/site\/","name":"O Arcanjo no ar","description":"Site da Par\u00f3quia S\u00e3o Miguel Arcanjo (Arquidiocese de SP)","publisher":{"@id":"https:\/\/www.oarcanjo.net\/site\/#organization"},"potentialAction":[{"@type":"SearchAction","target":{"@type":"EntryPoint","urlTemplate":"https:\/\/www.oarcanjo.net\/site\/?s={search_term_string}"},"query-input":{"@type":"PropertyValueSpecification","valueRequired":true,"valueName":"search_term_string"}}],"inLanguage":"pt-BR"},{"@type":"Organization","@id":"https:\/\/www.oarcanjo.net\/site\/#organization","name":"Par\u00f3quia S\u00e3o Miguel Arcanjo","url":"https:\/\/www.oarcanjo.net\/site\/","logo":{"@type":"ImageObject","inLanguage":"pt-BR","@id":"https:\/\/www.oarcanjo.net\/site\/#\/schema\/logo\/image\/","url":"https:\/\/www.oarcanjo.net\/site\/wp-content\/uploads\/LogoOArcanjo.png","contentUrl":"https:\/\/www.oarcanjo.net\/site\/wp-content\/uploads\/LogoOArcanjo.png","width":319,"height":99,"caption":"Par\u00f3quia S\u00e3o Miguel Arcanjo"},"image":{"@id":"https:\/\/www.oarcanjo.net\/site\/#\/schema\/logo\/image\/"},"sameAs":["https:\/\/www.facebook.com\/OArcanjoNoAr\/"]},{"@type":"Person","@id":"https:\/\/www.oarcanjo.net\/site\/#\/schema\/person\/f7024d007863202483a31326673a0838","name":"editor","sameAs":["http:\/\/www.oarcanjo.net"]}]}},"publishpress_future_action":{"enabled":false,"date":"2026-05-09 08:16:43","action":"category","newStatus":"draft","terms":[],"taxonomy":"category"},"publishpress_future_workflow_manual_trigger":{"enabledWorkflows":[]},"_links":{"self":[{"href":"https:\/\/www.oarcanjo.net\/site\/wp-json\/wp\/v2\/posts\/23943"}],"collection":[{"href":"https:\/\/www.oarcanjo.net\/site\/wp-json\/wp\/v2\/posts"}],"about":[{"href":"https:\/\/www.oarcanjo.net\/site\/wp-json\/wp\/v2\/types\/post"}],"author":[{"embeddable":true,"href":"https:\/\/www.oarcanjo.net\/site\/wp-json\/wp\/v2\/users\/5"}],"replies":[{"embeddable":true,"href":"https:\/\/www.oarcanjo.net\/site\/wp-json\/wp\/v2\/comments?post=23943"}],"version-history":[{"count":0,"href":"https:\/\/www.oarcanjo.net\/site\/wp-json\/wp\/v2\/posts\/23943\/revisions"}],"wp:attachment":[{"href":"https:\/\/www.oarcanjo.net\/site\/wp-json\/wp\/v2\/media?parent=23943"}],"wp:term":[{"taxonomy":"category","embeddable":true,"href":"https:\/\/www.oarcanjo.net\/site\/wp-json\/wp\/v2\/categories?post=23943"},{"taxonomy":"post_tag","embeddable":true,"href":"https:\/\/www.oarcanjo.net\/site\/wp-json\/wp\/v2\/tags?post=23943"}],"curies":[{"name":"wp","href":"https:\/\/api.w.org\/{rel}","templated":true}]}}