
{"id":23946,"date":"2013-12-06T15:08:48","date_gmt":"2013-12-06T17:08:48","guid":{"rendered":"http:\/\/www.oarcanjo.net\/site\/?p=23946"},"modified":"2013-12-06T15:08:48","modified_gmt":"2013-12-06T17:08:48","slug":"sob-o-signo-da-alegria","status":"publish","type":"post","link":"https:\/\/www.oarcanjo.net\/site\/sob-o-signo-da-alegria\/","title":{"rendered":"Sob o signo da alegria"},"content":{"rendered":"<p><em>Dom Dem\u00e9trio Valentini<\/em><\/p>\n<p><em> <\/em>Continua repercutindo o recente documento Evangelii Gaudium, do Papa Francisco. \u00c9 tido como o primeiro documento oficial escrito por ele, em forma de \u201cExorta\u00e7\u00e3o Apost\u00f3lica p\u00f3s sinodal\u201d.<\/p>\n<p>A forma do documento remete ao S\u00ednodo de 2012, realizado para comemorar os 50 anos do Conc\u00edlio. Portanto, em princ\u00edpio, o documento de agora recolhe as sugest\u00f5es apresentadas no S\u00ednodo. De tal modo que o documento mant\u00e9m o prop\u00f3sito de continuidade entre um pontificado e outro.<\/p>\n<p>Mas acontece que o Papa Francisco imprimiu neste documento, o seu modo caracter\u00edstico de abordar os assuntos, de maneira clara, direta, ao mesmo tempo simples e profunda.<\/p>\n<p>Al\u00e9m disto, ele mesmo sugere estar iniciando uma \u201cuma nova etapa evangelizadora marcada por esta alegria e indicar caminhos para o percurso da Igreja nos pr\u00f3ximos anos\u201d.<\/p>\n<p>Portanto, o Papa est\u00e1 apresentando agora, de maneira org\u00e2nica, uma esp\u00e9cie de \u201cplano de governo\u201d, ao menos para os pr\u00f3ximos anos.<\/p>\n<p>\u00c9 praxe na Igreja \u201ccarimbar\u201d os documentos com palavras iniciais bem escolhidas, portadoras de uma mensagem, que precisa ser interpretada com a luz de uma sem\u00e2ntica pr\u00f3pria, pela qual \u00e9 poss\u00edvel decifrar o significado de um determinado documento.<\/p>\n<p>O t\u00edtulo desta \u201cExorta\u00e7\u00e3o Apost\u00f3lica\u201d \u2013 \u201cEvangelii Gaudium\u201d &#8211; tem evidente conex\u00e3o com o famoso documento de Paulo VI, a \u201cEvangelii Nuntiandi\u201d.<\/p>\n<p>A semelhan\u00e7a das palavras sugere semelhan\u00e7a entre os dois documentos, seja na forma como no conte\u00fado. E de fato, j\u00e1 d\u00e1 para avan\u00e7ar uma perspectiva. O documento de agora ser\u00e1 acolhido da mesma maneira como foi acolhido o \u201cEvangelii Nuntiandi\u201d, que permaneceu por muitos anos, como fonte de inspira\u00e7\u00e3o para a a\u00e7\u00e3o evangelizadora da Igreja.<\/p>\n<p>Mas a semelhan\u00e7a de palavras, arma para a \u201cEvangelii Gaudium\u201d um leque maior de refer\u00eancias, que ajudam a dimensionar a import\u00e2ncia deste documento. Trata-se da palavra \u201cgaudium\u201d que se tornou uma esp\u00e9cie de \u201csenha\u201d para acessar o Conc\u00edlio. De fato, d\u00e1 para fazer algumas constata\u00e7\u00f5es interessantes, em torno do uso desta palavra no Conc\u00edlio. Para chegarmos \u00e0 conclus\u00e3o de que o atual documento do Papa vem na continuidade das propostas conciliares, que recebem agora novo impulso com a Evangelii Gaudium.<\/p>\n<p>Vamos conferir. O Conc\u00edlio Vaticano II teve o seu in\u00edcio oficial com o famoso discurso de abertura, feito por Jo\u00e3o XXIII. Este discurso come\u00e7ou com as bonitas palavras de exulta\u00e7\u00e3o: \u201cGaudet Mater Ecclesia\u201d, \u201calegra-se a m\u00e3e Igreja\u201d.<\/p>\n<p>E o \u00faltimo documento do Conc\u00edlio, aprovado pelos padres conciliares a sete de dezembro de 1965, leva como t\u00edtulo: \u201cGaudium et Spes\u201d. Desta maneira, d\u00e1 para dizer que o Conc\u00edlio come\u00e7ou e terminou \u00e0 luz da palavra \u201cgaudium\u201d.<\/p>\n<p>O Conc\u00edlio Vaticano II foi realizado sob o signo da alegria. Tanto mais se torna significativo o fato do Papa Francisco ter usado esta palavra no t\u00edtulo do seu \u201cplano de governo\u201d<\/p>\n<p>Da\u00ed que a \u201cEvangelii Gaudium\u201d tem tudo a ver com a \u201cGaudet Mater Eccleccia\u201d e com a \u201cGaudium et Spes\u201d. \u00a0O plano de governo do Papa Francisco, tem tudo a ver com a implementa\u00e7\u00e3o do Conc\u00edlio, que ele tanto nos incentiva a levar em frente, seguindo o seu pr\u00f3prio exemplo.<\/p>\n<p>&nbsp;<\/p>\n<div id=\"themify_builder_content-23946\" data-postid=\"23946\" class=\"themify_builder_content themify_builder_content-23946 themify_builder themify_builder_front\">\n\t<\/div>\n<!-- \/themify_builder_content -->","protected":false},"excerpt":{"rendered":"<p>Dom Dem\u00e9trio Valentini Continua repercutindo o recente documento Evangelii Gaudium, do Papa Francisco. \u00c9 tido como o primeiro documento oficial escrito por ele, em forma de \u201cExorta\u00e7\u00e3o Apost\u00f3lica p\u00f3s sinodal\u201d. A forma do documento remete ao S\u00ednodo de 2012, realizado para comemorar os 50 anos do Conc\u00edlio. Portanto, em princ\u00edpio, o documento de agora recolhe [&hellip;]<\/p>\n","protected":false},"author":5,"featured_media":0,"comment_status":"open","ping_status":"open","sticky":false,"template":"","format":"standard","meta":{"ngg_post_thumbnail":0,"footnotes":""},"categories":[9],"tags":[505,2860,18,2433],"yoast_head":"<!-- This site is optimized with the Yoast SEO plugin v23.5 - https:\/\/yoast.com\/wordpress\/plugins\/seo\/ -->\n<title>Sob o signo da alegria - O Arcanjo no ar<\/title>\n<meta name=\"robots\" content=\"index, follow, max-snippet:-1, max-image-preview:large, max-video-preview:-1\" \/>\n<link rel=\"canonical\" href=\"https:\/\/www.oarcanjo.net\/site\/sob-o-signo-da-alegria\/\" \/>\n<meta property=\"og:locale\" content=\"pt_BR\" \/>\n<meta property=\"og:type\" content=\"article\" \/>\n<meta property=\"og:title\" content=\"Sob o signo da alegria - O Arcanjo no ar\" \/>\n<meta property=\"og:description\" content=\"Dom Dem\u00e9trio Valentini Continua repercutindo o recente documento Evangelii Gaudium, do Papa Francisco. \u00c9 tido como o primeiro documento oficial escrito por ele, em forma de \u201cExorta\u00e7\u00e3o Apost\u00f3lica p\u00f3s sinodal\u201d. A forma do documento remete ao S\u00ednodo de 2012, realizado para comemorar os 50 anos do Conc\u00edlio. Portanto, em princ\u00edpio, o documento de agora recolhe [&hellip;]\" \/>\n<meta property=\"og:url\" content=\"https:\/\/www.oarcanjo.net\/site\/sob-o-signo-da-alegria\/\" \/>\n<meta property=\"og:site_name\" content=\"O Arcanjo no ar\" \/>\n<meta property=\"article:publisher\" content=\"https:\/\/www.facebook.com\/OArcanjoNoAr\/\" \/>\n<meta property=\"article:published_time\" content=\"2013-12-06T17:08:48+00:00\" \/>\n<meta property=\"og:image\" content=\"https:\/\/www.oarcanjo.net\/site\/wp-content\/uploads\/logo-o-arcanjo-no-ar-facebook.png\" \/>\n\t<meta property=\"og:image:width\" content=\"300\" \/>\n\t<meta property=\"og:image:height\" content=\"300\" \/>\n\t<meta property=\"og:image:type\" content=\"image\/png\" \/>\n<meta name=\"author\" content=\"editor\" \/>\n<meta name=\"twitter:card\" content=\"summary_large_image\" \/>\n<meta name=\"twitter:label1\" content=\"Escrito por\" \/>\n\t<meta name=\"twitter:data1\" content=\"editor\" \/>\n\t<meta name=\"twitter:label2\" content=\"Est. tempo de leitura\" \/>\n\t<meta name=\"twitter:data2\" content=\"3 minutos\" \/>\n<script type=\"application\/ld+json\" class=\"yoast-schema-graph\">{\"@context\":\"https:\/\/schema.org\",\"@graph\":[{\"@type\":\"Article\",\"@id\":\"https:\/\/www.oarcanjo.net\/site\/sob-o-signo-da-alegria\/#article\",\"isPartOf\":{\"@id\":\"https:\/\/www.oarcanjo.net\/site\/sob-o-signo-da-alegria\/\"},\"author\":{\"name\":\"editor\",\"@id\":\"https:\/\/www.oarcanjo.net\/site\/#\/schema\/person\/f7024d007863202483a31326673a0838\"},\"headline\":\"Sob o signo da alegria\",\"datePublished\":\"2013-12-06T17:08:48+00:00\",\"dateModified\":\"2013-12-06T17:08:48+00:00\",\"mainEntityOfPage\":{\"@id\":\"https:\/\/www.oarcanjo.net\/site\/sob-o-signo-da-alegria\/\"},\"wordCount\":553,\"commentCount\":0,\"publisher\":{\"@id\":\"https:\/\/www.oarcanjo.net\/site\/#organization\"},\"keywords\":[\"Conc\u00edlio Vaticano II\",\"Evangelii Gaudium\",\"evangeliza\u00e7\u00e3o\",\"Papa Francisco\"],\"articleSection\":[\"Reflex\u00f5es\"],\"inLanguage\":\"pt-BR\",\"potentialAction\":[{\"@type\":\"CommentAction\",\"name\":\"Comment\",\"target\":[\"https:\/\/www.oarcanjo.net\/site\/sob-o-signo-da-alegria\/#respond\"]}]},{\"@type\":\"WebPage\",\"@id\":\"https:\/\/www.oarcanjo.net\/site\/sob-o-signo-da-alegria\/\",\"url\":\"https:\/\/www.oarcanjo.net\/site\/sob-o-signo-da-alegria\/\",\"name\":\"Sob o signo da alegria - O Arcanjo no ar\",\"isPartOf\":{\"@id\":\"https:\/\/www.oarcanjo.net\/site\/#website\"},\"datePublished\":\"2013-12-06T17:08:48+00:00\",\"dateModified\":\"2013-12-06T17:08:48+00:00\",\"breadcrumb\":{\"@id\":\"https:\/\/www.oarcanjo.net\/site\/sob-o-signo-da-alegria\/#breadcrumb\"},\"inLanguage\":\"pt-BR\",\"potentialAction\":[{\"@type\":\"ReadAction\",\"target\":[\"https:\/\/www.oarcanjo.net\/site\/sob-o-signo-da-alegria\/\"]}]},{\"@type\":\"BreadcrumbList\",\"@id\":\"https:\/\/www.oarcanjo.net\/site\/sob-o-signo-da-alegria\/#breadcrumb\",\"itemListElement\":[{\"@type\":\"ListItem\",\"position\":1,\"name\":\"In\u00edcio\",\"item\":\"https:\/\/www.oarcanjo.net\/site\/\"},{\"@type\":\"ListItem\",\"position\":2,\"name\":\"Sob o signo da alegria\"}]},{\"@type\":\"WebSite\",\"@id\":\"https:\/\/www.oarcanjo.net\/site\/#website\",\"url\":\"https:\/\/www.oarcanjo.net\/site\/\",\"name\":\"O Arcanjo no ar\",\"description\":\"Site da Par\u00f3quia S\u00e3o Miguel Arcanjo (Arquidiocese de SP)\",\"publisher\":{\"@id\":\"https:\/\/www.oarcanjo.net\/site\/#organization\"},\"potentialAction\":[{\"@type\":\"SearchAction\",\"target\":{\"@type\":\"EntryPoint\",\"urlTemplate\":\"https:\/\/www.oarcanjo.net\/site\/?s={search_term_string}\"},\"query-input\":{\"@type\":\"PropertyValueSpecification\",\"valueRequired\":true,\"valueName\":\"search_term_string\"}}],\"inLanguage\":\"pt-BR\"},{\"@type\":\"Organization\",\"@id\":\"https:\/\/www.oarcanjo.net\/site\/#organization\",\"name\":\"Par\u00f3quia S\u00e3o Miguel Arcanjo\",\"url\":\"https:\/\/www.oarcanjo.net\/site\/\",\"logo\":{\"@type\":\"ImageObject\",\"inLanguage\":\"pt-BR\",\"@id\":\"https:\/\/www.oarcanjo.net\/site\/#\/schema\/logo\/image\/\",\"url\":\"https:\/\/www.oarcanjo.net\/site\/wp-content\/uploads\/LogoOArcanjo.png\",\"contentUrl\":\"https:\/\/www.oarcanjo.net\/site\/wp-content\/uploads\/LogoOArcanjo.png\",\"width\":319,\"height\":99,\"caption\":\"Par\u00f3quia S\u00e3o Miguel Arcanjo\"},\"image\":{\"@id\":\"https:\/\/www.oarcanjo.net\/site\/#\/schema\/logo\/image\/\"},\"sameAs\":[\"https:\/\/www.facebook.com\/OArcanjoNoAr\/\"]},{\"@type\":\"Person\",\"@id\":\"https:\/\/www.oarcanjo.net\/site\/#\/schema\/person\/f7024d007863202483a31326673a0838\",\"name\":\"editor\",\"sameAs\":[\"http:\/\/www.oarcanjo.net\"]}]}<\/script>\n<!-- \/ Yoast SEO plugin. -->","yoast_head_json":{"title":"Sob o signo da alegria - O Arcanjo no ar","robots":{"index":"index","follow":"follow","max-snippet":"max-snippet:-1","max-image-preview":"max-image-preview:large","max-video-preview":"max-video-preview:-1"},"canonical":"https:\/\/www.oarcanjo.net\/site\/sob-o-signo-da-alegria\/","og_locale":"pt_BR","og_type":"article","og_title":"Sob o signo da alegria - O Arcanjo no ar","og_description":"Dom Dem\u00e9trio Valentini Continua repercutindo o recente documento Evangelii Gaudium, do Papa Francisco. \u00c9 tido como o primeiro documento oficial escrito por ele, em forma de \u201cExorta\u00e7\u00e3o Apost\u00f3lica p\u00f3s sinodal\u201d. A forma do documento remete ao S\u00ednodo de 2012, realizado para comemorar os 50 anos do Conc\u00edlio. Portanto, em princ\u00edpio, o documento de agora recolhe [&hellip;]","og_url":"https:\/\/www.oarcanjo.net\/site\/sob-o-signo-da-alegria\/","og_site_name":"O Arcanjo no ar","article_publisher":"https:\/\/www.facebook.com\/OArcanjoNoAr\/","article_published_time":"2013-12-06T17:08:48+00:00","og_image":[{"width":300,"height":300,"url":"https:\/\/www.oarcanjo.net\/site\/wp-content\/uploads\/logo-o-arcanjo-no-ar-facebook.png","type":"image\/png"}],"author":"editor","twitter_card":"summary_large_image","twitter_misc":{"Escrito por":"editor","Est. tempo de leitura":"3 minutos"},"schema":{"@context":"https:\/\/schema.org","@graph":[{"@type":"Article","@id":"https:\/\/www.oarcanjo.net\/site\/sob-o-signo-da-alegria\/#article","isPartOf":{"@id":"https:\/\/www.oarcanjo.net\/site\/sob-o-signo-da-alegria\/"},"author":{"name":"editor","@id":"https:\/\/www.oarcanjo.net\/site\/#\/schema\/person\/f7024d007863202483a31326673a0838"},"headline":"Sob o signo da alegria","datePublished":"2013-12-06T17:08:48+00:00","dateModified":"2013-12-06T17:08:48+00:00","mainEntityOfPage":{"@id":"https:\/\/www.oarcanjo.net\/site\/sob-o-signo-da-alegria\/"},"wordCount":553,"commentCount":0,"publisher":{"@id":"https:\/\/www.oarcanjo.net\/site\/#organization"},"keywords":["Conc\u00edlio Vaticano II","Evangelii Gaudium","evangeliza\u00e7\u00e3o","Papa Francisco"],"articleSection":["Reflex\u00f5es"],"inLanguage":"pt-BR","potentialAction":[{"@type":"CommentAction","name":"Comment","target":["https:\/\/www.oarcanjo.net\/site\/sob-o-signo-da-alegria\/#respond"]}]},{"@type":"WebPage","@id":"https:\/\/www.oarcanjo.net\/site\/sob-o-signo-da-alegria\/","url":"https:\/\/www.oarcanjo.net\/site\/sob-o-signo-da-alegria\/","name":"Sob o signo da alegria - O Arcanjo no ar","isPartOf":{"@id":"https:\/\/www.oarcanjo.net\/site\/#website"},"datePublished":"2013-12-06T17:08:48+00:00","dateModified":"2013-12-06T17:08:48+00:00","breadcrumb":{"@id":"https:\/\/www.oarcanjo.net\/site\/sob-o-signo-da-alegria\/#breadcrumb"},"inLanguage":"pt-BR","potentialAction":[{"@type":"ReadAction","target":["https:\/\/www.oarcanjo.net\/site\/sob-o-signo-da-alegria\/"]}]},{"@type":"BreadcrumbList","@id":"https:\/\/www.oarcanjo.net\/site\/sob-o-signo-da-alegria\/#breadcrumb","itemListElement":[{"@type":"ListItem","position":1,"name":"In\u00edcio","item":"https:\/\/www.oarcanjo.net\/site\/"},{"@type":"ListItem","position":2,"name":"Sob o signo da alegria"}]},{"@type":"WebSite","@id":"https:\/\/www.oarcanjo.net\/site\/#website","url":"https:\/\/www.oarcanjo.net\/site\/","name":"O Arcanjo no ar","description":"Site da Par\u00f3quia S\u00e3o Miguel Arcanjo (Arquidiocese de SP)","publisher":{"@id":"https:\/\/www.oarcanjo.net\/site\/#organization"},"potentialAction":[{"@type":"SearchAction","target":{"@type":"EntryPoint","urlTemplate":"https:\/\/www.oarcanjo.net\/site\/?s={search_term_string}"},"query-input":{"@type":"PropertyValueSpecification","valueRequired":true,"valueName":"search_term_string"}}],"inLanguage":"pt-BR"},{"@type":"Organization","@id":"https:\/\/www.oarcanjo.net\/site\/#organization","name":"Par\u00f3quia S\u00e3o Miguel Arcanjo","url":"https:\/\/www.oarcanjo.net\/site\/","logo":{"@type":"ImageObject","inLanguage":"pt-BR","@id":"https:\/\/www.oarcanjo.net\/site\/#\/schema\/logo\/image\/","url":"https:\/\/www.oarcanjo.net\/site\/wp-content\/uploads\/LogoOArcanjo.png","contentUrl":"https:\/\/www.oarcanjo.net\/site\/wp-content\/uploads\/LogoOArcanjo.png","width":319,"height":99,"caption":"Par\u00f3quia S\u00e3o Miguel Arcanjo"},"image":{"@id":"https:\/\/www.oarcanjo.net\/site\/#\/schema\/logo\/image\/"},"sameAs":["https:\/\/www.facebook.com\/OArcanjoNoAr\/"]},{"@type":"Person","@id":"https:\/\/www.oarcanjo.net\/site\/#\/schema\/person\/f7024d007863202483a31326673a0838","name":"editor","sameAs":["http:\/\/www.oarcanjo.net"]}]}},"publishpress_future_action":{"enabled":false,"date":"2026-05-09 00:11:50","action":"category","newStatus":"draft","terms":[],"taxonomy":"category"},"publishpress_future_workflow_manual_trigger":{"enabledWorkflows":[]},"_links":{"self":[{"href":"https:\/\/www.oarcanjo.net\/site\/wp-json\/wp\/v2\/posts\/23946"}],"collection":[{"href":"https:\/\/www.oarcanjo.net\/site\/wp-json\/wp\/v2\/posts"}],"about":[{"href":"https:\/\/www.oarcanjo.net\/site\/wp-json\/wp\/v2\/types\/post"}],"author":[{"embeddable":true,"href":"https:\/\/www.oarcanjo.net\/site\/wp-json\/wp\/v2\/users\/5"}],"replies":[{"embeddable":true,"href":"https:\/\/www.oarcanjo.net\/site\/wp-json\/wp\/v2\/comments?post=23946"}],"version-history":[{"count":0,"href":"https:\/\/www.oarcanjo.net\/site\/wp-json\/wp\/v2\/posts\/23946\/revisions"}],"wp:attachment":[{"href":"https:\/\/www.oarcanjo.net\/site\/wp-json\/wp\/v2\/media?parent=23946"}],"wp:term":[{"taxonomy":"category","embeddable":true,"href":"https:\/\/www.oarcanjo.net\/site\/wp-json\/wp\/v2\/categories?post=23946"},{"taxonomy":"post_tag","embeddable":true,"href":"https:\/\/www.oarcanjo.net\/site\/wp-json\/wp\/v2\/tags?post=23946"}],"curies":[{"name":"wp","href":"https:\/\/api.w.org\/{rel}","templated":true}]}}