
{"id":2395,"date":"2009-03-16T08:39:34","date_gmt":"2009-03-16T11:39:34","guid":{"rendered":"http:\/\/www.oarcanjo.net\/site\/?p=2395"},"modified":"2009-03-16T08:39:34","modified_gmt":"2009-03-16T11:39:34","slug":"cf-2009-verdadeira-cultura-da-paz","status":"publish","type":"post","link":"https:\/\/www.oarcanjo.net\/site\/cf-2009-verdadeira-cultura-da-paz\/","title":{"rendered":"CF 2009: Verdadeira cultura da paz"},"content":{"rendered":"<p>D. Odilo Pedro Scherer<br \/>\nCardeal arcebispo de S\u00e3o Paulo<\/p>\n<p>Desde o lan\u00e7amento da Campanha da Fraternidade (CF) deste ano, recebi diversas manifesta\u00e7\u00f5es de apre\u00e7o pelo fato de a Igreja ter escolhido a \u201cseguran\u00e7a p\u00fablica\u201d como tema da CF de 2009: \u201cque bom, que a Igreja entrou nesta quest\u00e3o!\u201d Sente-se de muitas formas a falta  de seguran\u00e7a e muitas pessoas esperavam por esta iniciativa da Igreja \u201cpara fazer alguma coisa\u201d&#8230; Est\u00e1 claro que a quest\u00e3o de fundo \u00e9 a viol\u00eancia, que se alastra sempre mais, embora isso n\u00e3o apare\u00e7a no enunciado do tema da CF.<\/p>\n<p>Para que a CF tenha o efeito desejado, isto \u00e9, menos viol\u00eancia e mais paz na conviv\u00eancia social, a sociedade \u00e9 chamada para uma reflex\u00e3o ampla sobre os fatos de viol\u00eancia e, sobretudo, sobre suas causas, que podem ser tantas. Para isso, apela para o envolvimento e a participa\u00e7\u00e3o de todos os seus filhos e filhas e de todas as suas organiza\u00e7\u00f5es. Coloca \u00e0 disposi\u00e7\u00e3o materiais de apoio j\u00e1 conhecidos, como o Texto-Base e o Manual da CF, que apresentam a abordagem do tema e a propostas de reflex\u00e3o e de a\u00e7\u00e3o; h\u00e1 ainda materiais para destinat\u00e1rios e grupos diversos, como escolas, a catequese, a juventude e as fam\u00edlias. <\/p>\n<p>Mas a reflex\u00e3o n\u00e3o deve ficar apenas dentro do \u00e2mbito da Igreja: esta \u00e9 mission\u00e1ria e quer falar a toda a sociedade. Para isso, \u00e9 necess\u00e1rio que o tema chegue \u00e0s p\u00e1ginas dos jornais e revistas, \u00e0s telas das TVs, ao r\u00e1dio e \u00e0 Internet. Manifesta\u00e7\u00f5es p\u00fablicas podem ser organizadas para chamar mais a aten\u00e7\u00e3o sobre algum aspecto do problema. Iniciativas e criatividade est\u00e3o liberadas amplamente e s\u00e3o muito desejadas. Leigos e suas organiza\u00e7\u00f5es podem dar grande contribui\u00e7\u00e3o para esta tarefa, valendo-se de sua compet\u00eancia profissional e de suas responsabilidades e compet\u00eancias na vida e nas organiza\u00e7\u00f5es da sociedade. Penso que toda iniciativa para propor uma reflex\u00e3o sobre o tema da viol\u00eancia nos ambientes de trabalho e de conviv\u00eancia social seja bem-vinda; a\u00e7\u00f5es poder\u00e3o ser promovidas de forma ecum\u00eanica, de m\u00e3os dadas com outros grupos religiosos ou organiza\u00e7\u00f5es sociais e culturais. Os beneficiados ser\u00e3o as pessoas e a sociedade inteira.<\/p>\n<p>Chamamos a aten\u00e7\u00e3o para as responsabilidades do Estado na solu\u00e7\u00e3o do problema da viol\u00eancia: seguran\u00e7a p\u00fablica \u00e9 um direito dos cidad\u00e3os e um dever do Estado; denunciamos os esquemas de viol\u00eancia organizada e criminosa, as injusti\u00e7as sociais n\u00e3o resolvidas e que s\u00e3o uma viol\u00eancia cont\u00ednua, especialmente sobre as pessoas e as camadas sociais fr\u00e1geis e indefesas; alertamos para certa cultura complacente com a viol\u00eancia, que aparece no apre\u00e7o dado a espet\u00e1culos deprimentes de viol\u00eancia, ou na explora\u00e7\u00e3o, como mercadoria e recurso para captar lucros, da curiosidade m\u00f3rbida sobre fatos de viol\u00eancia; vai-se formando assim a insensibilidade e a indiferen\u00e7a das consci\u00eancias diante das situa\u00e7\u00f5es concretas de viol\u00eancia, que se tornam corriqueiras e parte do dia-a-dia.<\/p>\n<p>A CF levanta um forte grito de alerta contra a viol\u00eancia, antes que esta fique incontrol\u00e1vel; quem nada faz para combat\u00ea-la, acabar\u00e1 sendo vitimado por ela. \u00c9 preciso haver uma verdadeira \u201cconvers\u00e3o social\u201d, para n\u00e3o dar lugar \u00e0 cultura da viol\u00eancia, \u00e0s estruturas e organiza\u00e7\u00f5es que fazem da viol\u00eancia o seu modo de se impor e ter vantagens; \u00e9 preciso que seja difundida a cultura da dignidade do ser humano e do respeito aos seus direitos; e que sejam criadas favorecidas as condi\u00e7\u00f5es de uma verdadeira justi\u00e7a social, pois sem justi\u00e7a n\u00e3o haver\u00e1 paz.<\/p>\n<p>Na nossa proposta para a solu\u00e7\u00e3o desse problema, por\u00e9m, h\u00e1 um diferencial, que queremos afirmar claramente durante esta Quaresma: a supera\u00e7\u00e3o da viol\u00eancia n\u00e3o depende apenas de condi\u00e7\u00f5es externas, mas tamb\u00e9m da convers\u00e3o do cora\u00e7\u00e3o e da orienta\u00e7\u00e3o da vida segundo a verdade e o bem. \u201cO reino de Deus chegou! Convertei-vos e crede no Evangelho!\u201d (cf Mc 1,15). Este an\u00fancio de Jesus orienta toda a caminhada quaresmal e a vida crist\u00e3. Quem quer viver segundo Deus deve mudar de conduta, abandonar o que n\u00e3o conv\u00e9m diante de Deus e abra\u00e7ar aquilo que \u00e9 coerente com seu reinado.<\/p>\n<p>Tamb\u00e9m a CF orienta-se por este princ\u00edpio fundamental. Na medida em que o cora\u00e7\u00e3o humano aceitar o reino de Deus e sua justi\u00e7a, mudam tamb\u00e9m as rela\u00e7\u00f5es sociais. Por isso a CF nos traz a sabedoria preciosa e j\u00e1 bem antiga do profeta Isa\u00edas: \u201cA paz \u00e9 fruto da justi\u00e7a!\u201d (37,17). E, no reino de Deus, o modo de viver e conviver \u00e9 a fraternidade, onde o pr\u00f3ximo \u00e9 visto como um irm\u00e3o, filho do mesmo Pai celeste e digno de todo o respeito e considera\u00e7\u00e3o. Viver segundo o reino de Deus \u00e9 promover a verdadeira cultura da paz.<\/p>\n<div id=\"themify_builder_content-2395\" data-postid=\"2395\" class=\"themify_builder_content themify_builder_content-2395 themify_builder themify_builder_front\">\n\t<\/div>\n<!-- \/themify_builder_content -->","protected":false},"excerpt":{"rendered":"<p>D. Odilo Pedro Scherer Cardeal arcebispo de S\u00e3o Paulo Desde o lan\u00e7amento da Campanha da Fraternidade (CF) deste ano, recebi diversas manifesta\u00e7\u00f5es de apre\u00e7o pelo fato de a Igreja ter escolhido a \u201cseguran\u00e7a p\u00fablica\u201d como tema da CF de 2009: \u201cque bom, que a Igreja entrou nesta quest\u00e3o!\u201d Sente-se de muitas formas a falta de [&hellip;]<\/p>\n","protected":false},"author":5,"featured_media":0,"comment_status":"open","ping_status":"open","sticky":false,"template":"","format":"standard","meta":{"ngg_post_thumbnail":0,"footnotes":""},"categories":[241],"tags":[229,284,230,167,231,20],"yoast_head":"<!-- This site is optimized with the Yoast SEO plugin v23.5 - https:\/\/yoast.com\/wordpress\/plugins\/seo\/ -->\n<title>CF 2009: Verdadeira cultura da paz - O Arcanjo no ar<\/title>\n<meta name=\"robots\" content=\"index, follow, max-snippet:-1, max-image-preview:large, max-video-preview:-1\" \/>\n<link rel=\"canonical\" href=\"https:\/\/www.oarcanjo.net\/site\/cf-2009-verdadeira-cultura-da-paz\/\" \/>\n<meta property=\"og:locale\" content=\"pt_BR\" \/>\n<meta property=\"og:type\" content=\"article\" \/>\n<meta property=\"og:title\" content=\"CF 2009: Verdadeira cultura da paz - O Arcanjo no ar\" \/>\n<meta property=\"og:description\" content=\"D. Odilo Pedro Scherer Cardeal arcebispo de S\u00e3o Paulo Desde o lan\u00e7amento da Campanha da Fraternidade (CF) deste ano, recebi diversas manifesta\u00e7\u00f5es de apre\u00e7o pelo fato de a Igreja ter escolhido a \u201cseguran\u00e7a p\u00fablica\u201d como tema da CF de 2009: \u201cque bom, que a Igreja entrou nesta quest\u00e3o!\u201d Sente-se de muitas formas a falta de [&hellip;]\" \/>\n<meta property=\"og:url\" content=\"https:\/\/www.oarcanjo.net\/site\/cf-2009-verdadeira-cultura-da-paz\/\" \/>\n<meta property=\"og:site_name\" content=\"O Arcanjo no ar\" \/>\n<meta property=\"article:publisher\" content=\"https:\/\/www.facebook.com\/OArcanjoNoAr\/\" \/>\n<meta property=\"article:published_time\" content=\"2009-03-16T11:39:34+00:00\" \/>\n<meta property=\"og:image\" content=\"https:\/\/www.oarcanjo.net\/site\/wp-content\/uploads\/logo-o-arcanjo-no-ar-facebook.png\" \/>\n\t<meta property=\"og:image:width\" content=\"300\" \/>\n\t<meta property=\"og:image:height\" content=\"300\" \/>\n\t<meta property=\"og:image:type\" content=\"image\/png\" \/>\n<meta name=\"author\" content=\"editor\" \/>\n<meta name=\"twitter:card\" content=\"summary_large_image\" \/>\n<meta name=\"twitter:label1\" content=\"Escrito por\" \/>\n\t<meta name=\"twitter:data1\" content=\"editor\" \/>\n\t<meta name=\"twitter:label2\" content=\"Est. tempo de leitura\" \/>\n\t<meta name=\"twitter:data2\" content=\"4 minutos\" \/>\n<script type=\"application\/ld+json\" class=\"yoast-schema-graph\">{\"@context\":\"https:\/\/schema.org\",\"@graph\":[{\"@type\":\"Article\",\"@id\":\"https:\/\/www.oarcanjo.net\/site\/cf-2009-verdadeira-cultura-da-paz\/#article\",\"isPartOf\":{\"@id\":\"https:\/\/www.oarcanjo.net\/site\/cf-2009-verdadeira-cultura-da-paz\/\"},\"author\":{\"name\":\"editor\",\"@id\":\"https:\/\/www.oarcanjo.net\/site\/#\/schema\/person\/f7024d007863202483a31326673a0838\"},\"headline\":\"CF 2009: Verdadeira cultura da paz\",\"datePublished\":\"2009-03-16T11:39:34+00:00\",\"dateModified\":\"2009-03-16T11:39:34+00:00\",\"mainEntityOfPage\":{\"@id\":\"https:\/\/www.oarcanjo.net\/site\/cf-2009-verdadeira-cultura-da-paz\/\"},\"wordCount\":854,\"commentCount\":0,\"publisher\":{\"@id\":\"https:\/\/www.oarcanjo.net\/site\/#organization\"},\"keywords\":[\"Campanha da Fraternidade\",\"cultura da paz\",\"justi\u00e7a\",\"paz\",\"seguran\u00e7a\",\"viol\u00eancia\"],\"articleSection\":[\"CF\"],\"inLanguage\":\"pt-BR\",\"potentialAction\":[{\"@type\":\"CommentAction\",\"name\":\"Comment\",\"target\":[\"https:\/\/www.oarcanjo.net\/site\/cf-2009-verdadeira-cultura-da-paz\/#respond\"]}]},{\"@type\":\"WebPage\",\"@id\":\"https:\/\/www.oarcanjo.net\/site\/cf-2009-verdadeira-cultura-da-paz\/\",\"url\":\"https:\/\/www.oarcanjo.net\/site\/cf-2009-verdadeira-cultura-da-paz\/\",\"name\":\"CF 2009: Verdadeira cultura da paz - O Arcanjo no ar\",\"isPartOf\":{\"@id\":\"https:\/\/www.oarcanjo.net\/site\/#website\"},\"datePublished\":\"2009-03-16T11:39:34+00:00\",\"dateModified\":\"2009-03-16T11:39:34+00:00\",\"breadcrumb\":{\"@id\":\"https:\/\/www.oarcanjo.net\/site\/cf-2009-verdadeira-cultura-da-paz\/#breadcrumb\"},\"inLanguage\":\"pt-BR\",\"potentialAction\":[{\"@type\":\"ReadAction\",\"target\":[\"https:\/\/www.oarcanjo.net\/site\/cf-2009-verdadeira-cultura-da-paz\/\"]}]},{\"@type\":\"BreadcrumbList\",\"@id\":\"https:\/\/www.oarcanjo.net\/site\/cf-2009-verdadeira-cultura-da-paz\/#breadcrumb\",\"itemListElement\":[{\"@type\":\"ListItem\",\"position\":1,\"name\":\"In\u00edcio\",\"item\":\"https:\/\/www.oarcanjo.net\/site\/\"},{\"@type\":\"ListItem\",\"position\":2,\"name\":\"CF 2009: Verdadeira cultura da paz\"}]},{\"@type\":\"WebSite\",\"@id\":\"https:\/\/www.oarcanjo.net\/site\/#website\",\"url\":\"https:\/\/www.oarcanjo.net\/site\/\",\"name\":\"O Arcanjo no ar\",\"description\":\"Site da Par\u00f3quia S\u00e3o Miguel Arcanjo (Arquidiocese de SP)\",\"publisher\":{\"@id\":\"https:\/\/www.oarcanjo.net\/site\/#organization\"},\"potentialAction\":[{\"@type\":\"SearchAction\",\"target\":{\"@type\":\"EntryPoint\",\"urlTemplate\":\"https:\/\/www.oarcanjo.net\/site\/?s={search_term_string}\"},\"query-input\":{\"@type\":\"PropertyValueSpecification\",\"valueRequired\":true,\"valueName\":\"search_term_string\"}}],\"inLanguage\":\"pt-BR\"},{\"@type\":\"Organization\",\"@id\":\"https:\/\/www.oarcanjo.net\/site\/#organization\",\"name\":\"Par\u00f3quia S\u00e3o Miguel Arcanjo\",\"url\":\"https:\/\/www.oarcanjo.net\/site\/\",\"logo\":{\"@type\":\"ImageObject\",\"inLanguage\":\"pt-BR\",\"@id\":\"https:\/\/www.oarcanjo.net\/site\/#\/schema\/logo\/image\/\",\"url\":\"https:\/\/www.oarcanjo.net\/site\/wp-content\/uploads\/LogoOArcanjo.png\",\"contentUrl\":\"https:\/\/www.oarcanjo.net\/site\/wp-content\/uploads\/LogoOArcanjo.png\",\"width\":319,\"height\":99,\"caption\":\"Par\u00f3quia S\u00e3o Miguel Arcanjo\"},\"image\":{\"@id\":\"https:\/\/www.oarcanjo.net\/site\/#\/schema\/logo\/image\/\"},\"sameAs\":[\"https:\/\/www.facebook.com\/OArcanjoNoAr\/\"]},{\"@type\":\"Person\",\"@id\":\"https:\/\/www.oarcanjo.net\/site\/#\/schema\/person\/f7024d007863202483a31326673a0838\",\"name\":\"editor\",\"sameAs\":[\"http:\/\/www.oarcanjo.net\"]}]}<\/script>\n<!-- \/ Yoast SEO plugin. -->","yoast_head_json":{"title":"CF 2009: Verdadeira cultura da paz - O Arcanjo no ar","robots":{"index":"index","follow":"follow","max-snippet":"max-snippet:-1","max-image-preview":"max-image-preview:large","max-video-preview":"max-video-preview:-1"},"canonical":"https:\/\/www.oarcanjo.net\/site\/cf-2009-verdadeira-cultura-da-paz\/","og_locale":"pt_BR","og_type":"article","og_title":"CF 2009: Verdadeira cultura da paz - O Arcanjo no ar","og_description":"D. Odilo Pedro Scherer Cardeal arcebispo de S\u00e3o Paulo Desde o lan\u00e7amento da Campanha da Fraternidade (CF) deste ano, recebi diversas manifesta\u00e7\u00f5es de apre\u00e7o pelo fato de a Igreja ter escolhido a \u201cseguran\u00e7a p\u00fablica\u201d como tema da CF de 2009: \u201cque bom, que a Igreja entrou nesta quest\u00e3o!\u201d Sente-se de muitas formas a falta de [&hellip;]","og_url":"https:\/\/www.oarcanjo.net\/site\/cf-2009-verdadeira-cultura-da-paz\/","og_site_name":"O Arcanjo no ar","article_publisher":"https:\/\/www.facebook.com\/OArcanjoNoAr\/","article_published_time":"2009-03-16T11:39:34+00:00","og_image":[{"width":300,"height":300,"url":"https:\/\/www.oarcanjo.net\/site\/wp-content\/uploads\/logo-o-arcanjo-no-ar-facebook.png","type":"image\/png"}],"author":"editor","twitter_card":"summary_large_image","twitter_misc":{"Escrito por":"editor","Est. tempo de leitura":"4 minutos"},"schema":{"@context":"https:\/\/schema.org","@graph":[{"@type":"Article","@id":"https:\/\/www.oarcanjo.net\/site\/cf-2009-verdadeira-cultura-da-paz\/#article","isPartOf":{"@id":"https:\/\/www.oarcanjo.net\/site\/cf-2009-verdadeira-cultura-da-paz\/"},"author":{"name":"editor","@id":"https:\/\/www.oarcanjo.net\/site\/#\/schema\/person\/f7024d007863202483a31326673a0838"},"headline":"CF 2009: Verdadeira cultura da paz","datePublished":"2009-03-16T11:39:34+00:00","dateModified":"2009-03-16T11:39:34+00:00","mainEntityOfPage":{"@id":"https:\/\/www.oarcanjo.net\/site\/cf-2009-verdadeira-cultura-da-paz\/"},"wordCount":854,"commentCount":0,"publisher":{"@id":"https:\/\/www.oarcanjo.net\/site\/#organization"},"keywords":["Campanha da Fraternidade","cultura da paz","justi\u00e7a","paz","seguran\u00e7a","viol\u00eancia"],"articleSection":["CF"],"inLanguage":"pt-BR","potentialAction":[{"@type":"CommentAction","name":"Comment","target":["https:\/\/www.oarcanjo.net\/site\/cf-2009-verdadeira-cultura-da-paz\/#respond"]}]},{"@type":"WebPage","@id":"https:\/\/www.oarcanjo.net\/site\/cf-2009-verdadeira-cultura-da-paz\/","url":"https:\/\/www.oarcanjo.net\/site\/cf-2009-verdadeira-cultura-da-paz\/","name":"CF 2009: Verdadeira cultura da paz - O Arcanjo no ar","isPartOf":{"@id":"https:\/\/www.oarcanjo.net\/site\/#website"},"datePublished":"2009-03-16T11:39:34+00:00","dateModified":"2009-03-16T11:39:34+00:00","breadcrumb":{"@id":"https:\/\/www.oarcanjo.net\/site\/cf-2009-verdadeira-cultura-da-paz\/#breadcrumb"},"inLanguage":"pt-BR","potentialAction":[{"@type":"ReadAction","target":["https:\/\/www.oarcanjo.net\/site\/cf-2009-verdadeira-cultura-da-paz\/"]}]},{"@type":"BreadcrumbList","@id":"https:\/\/www.oarcanjo.net\/site\/cf-2009-verdadeira-cultura-da-paz\/#breadcrumb","itemListElement":[{"@type":"ListItem","position":1,"name":"In\u00edcio","item":"https:\/\/www.oarcanjo.net\/site\/"},{"@type":"ListItem","position":2,"name":"CF 2009: Verdadeira cultura da paz"}]},{"@type":"WebSite","@id":"https:\/\/www.oarcanjo.net\/site\/#website","url":"https:\/\/www.oarcanjo.net\/site\/","name":"O Arcanjo no ar","description":"Site da Par\u00f3quia S\u00e3o Miguel Arcanjo (Arquidiocese de SP)","publisher":{"@id":"https:\/\/www.oarcanjo.net\/site\/#organization"},"potentialAction":[{"@type":"SearchAction","target":{"@type":"EntryPoint","urlTemplate":"https:\/\/www.oarcanjo.net\/site\/?s={search_term_string}"},"query-input":{"@type":"PropertyValueSpecification","valueRequired":true,"valueName":"search_term_string"}}],"inLanguage":"pt-BR"},{"@type":"Organization","@id":"https:\/\/www.oarcanjo.net\/site\/#organization","name":"Par\u00f3quia S\u00e3o Miguel Arcanjo","url":"https:\/\/www.oarcanjo.net\/site\/","logo":{"@type":"ImageObject","inLanguage":"pt-BR","@id":"https:\/\/www.oarcanjo.net\/site\/#\/schema\/logo\/image\/","url":"https:\/\/www.oarcanjo.net\/site\/wp-content\/uploads\/LogoOArcanjo.png","contentUrl":"https:\/\/www.oarcanjo.net\/site\/wp-content\/uploads\/LogoOArcanjo.png","width":319,"height":99,"caption":"Par\u00f3quia S\u00e3o Miguel Arcanjo"},"image":{"@id":"https:\/\/www.oarcanjo.net\/site\/#\/schema\/logo\/image\/"},"sameAs":["https:\/\/www.facebook.com\/OArcanjoNoAr\/"]},{"@type":"Person","@id":"https:\/\/www.oarcanjo.net\/site\/#\/schema\/person\/f7024d007863202483a31326673a0838","name":"editor","sameAs":["http:\/\/www.oarcanjo.net"]}]}},"publishpress_future_action":{"enabled":false,"date":"2026-05-08 13:02:43","action":"category","newStatus":"draft","terms":[],"taxonomy":"category"},"publishpress_future_workflow_manual_trigger":{"enabledWorkflows":[]},"_links":{"self":[{"href":"https:\/\/www.oarcanjo.net\/site\/wp-json\/wp\/v2\/posts\/2395"}],"collection":[{"href":"https:\/\/www.oarcanjo.net\/site\/wp-json\/wp\/v2\/posts"}],"about":[{"href":"https:\/\/www.oarcanjo.net\/site\/wp-json\/wp\/v2\/types\/post"}],"author":[{"embeddable":true,"href":"https:\/\/www.oarcanjo.net\/site\/wp-json\/wp\/v2\/users\/5"}],"replies":[{"embeddable":true,"href":"https:\/\/www.oarcanjo.net\/site\/wp-json\/wp\/v2\/comments?post=2395"}],"version-history":[{"count":0,"href":"https:\/\/www.oarcanjo.net\/site\/wp-json\/wp\/v2\/posts\/2395\/revisions"}],"wp:attachment":[{"href":"https:\/\/www.oarcanjo.net\/site\/wp-json\/wp\/v2\/media?parent=2395"}],"wp:term":[{"taxonomy":"category","embeddable":true,"href":"https:\/\/www.oarcanjo.net\/site\/wp-json\/wp\/v2\/categories?post=2395"},{"taxonomy":"post_tag","embeddable":true,"href":"https:\/\/www.oarcanjo.net\/site\/wp-json\/wp\/v2\/tags?post=2395"}],"curies":[{"name":"wp","href":"https:\/\/api.w.org\/{rel}","templated":true}]}}