
{"id":23956,"date":"2013-12-08T22:05:23","date_gmt":"2013-12-09T00:05:23","guid":{"rendered":"http:\/\/www.oarcanjo.net\/site\/?p=23956"},"modified":"2013-12-08T22:09:10","modified_gmt":"2013-12-09T00:09:10","slug":"evangelli-gaudium-em-2014-na-sao-miguel","status":"publish","type":"post","link":"https:\/\/www.oarcanjo.net\/site\/evangelli-gaudium-em-2014-na-sao-miguel\/","title":{"rendered":"Evangelli Gaudium em 2014 na S\u00e3o Miguel"},"content":{"rendered":"<p style=\"text-align: justify;\">Alegria do Evangelho. Neste s\u00e1bado, 07\/12\/13, \u00a0a Comunidade S\u00e3o Miguel Arcanjo reuniu seu grupo de liturgia, dentro do aprofundamento das leituras, com especial destaque para os Evangelhos da Inf\u00e2ncia. Antes, por\u00e9m, o Pe J\u00falio distribuiu os exemplares da Exorta\u00e7\u00e3o apost\u00f3lica do Papa Francisco, Evangelii Gaudium, a Alegria do Evangelho, como prop\u00f3sito para estudo e reflex\u00e3o no ano de 2014, por toda a Par\u00f3quia. Conseguiu desconto na Editora Loyola, facilitando a aquisi\u00e7\u00e3o por todos e lembrando que aqui no site est\u00e1 publicada a \u00edntegra do documento do Papa. Salientou a simplicidade da leitura e exclamou: \u201cEu pensei que n\u00e3o ia viver para receber um documento como esse do Papa, que \u00e9 para ser vivido.\u201d<\/p>\n<p style=\"text-align: justify;\"><a href=\"http:\/\/www.oarcanjo.net\/site\/wp-content\/uploads\/DSC00804.jpg\"><img loading=\"lazy\" decoding=\"async\" class=\"alignleft size-medium wp-image-23957\" title=\"DSC00804\" src=\"http:\/\/www.oarcanjo.net\/site\/wp-content\/uploads\/DSC00804-300x211.jpg\" alt=\"\" width=\"300\" height=\"211\" srcset=\"https:\/\/www.oarcanjo.net\/site\/wp-content\/uploads\/DSC00804-300x211.jpg 300w, https:\/\/www.oarcanjo.net\/site\/wp-content\/uploads\/DSC00804.jpg 610w\" sizes=\"(max-width: 300px) 100vw, 300px\" \/><\/a><a href=\"http:\/\/www.oarcanjo.net\/site\/wp-content\/uploads\/DSC00792.jpg\"><img loading=\"lazy\" decoding=\"async\" class=\"alignright size-medium wp-image-23958\" title=\"DSC00792\" src=\"http:\/\/www.oarcanjo.net\/site\/wp-content\/uploads\/DSC00792-300x230.jpg\" alt=\"\" width=\"300\" height=\"230\" srcset=\"https:\/\/www.oarcanjo.net\/site\/wp-content\/uploads\/DSC00792-300x230.jpg 300w, https:\/\/www.oarcanjo.net\/site\/wp-content\/uploads\/DSC00792.jpg 561w\" sizes=\"(max-width: 300px) 100vw, 300px\" \/><\/a><a href=\"http:\/\/www.oarcanjo.net\/site\/wp-content\/uploads\/DSC00813.jpg\"><img loading=\"lazy\" decoding=\"async\" class=\"alignleft size-medium wp-image-23959\" title=\"DSC00813\" src=\"http:\/\/www.oarcanjo.net\/site\/wp-content\/uploads\/DSC00813-300x228.jpg\" alt=\"\" width=\"300\" height=\"228\" srcset=\"https:\/\/www.oarcanjo.net\/site\/wp-content\/uploads\/DSC00813-300x228.jpg 300w, https:\/\/www.oarcanjo.net\/site\/wp-content\/uploads\/DSC00813.jpg 566w\" sizes=\"(max-width: 300px) 100vw, 300px\" \/><\/a><a href=\"http:\/\/www.oarcanjo.net\/site\/wp-content\/uploads\/DSC00815.jpg\"><img loading=\"lazy\" decoding=\"async\" class=\"alignright size-medium wp-image-23960\" title=\"DSC00815\" src=\"http:\/\/www.oarcanjo.net\/site\/wp-content\/uploads\/DSC00815-300x224.jpg\" alt=\"\" width=\"300\" height=\"224\" srcset=\"https:\/\/www.oarcanjo.net\/site\/wp-content\/uploads\/DSC00815-300x224.jpg 300w, https:\/\/www.oarcanjo.net\/site\/wp-content\/uploads\/DSC00815.jpg 575w\" sizes=\"(max-width: 300px) 100vw, 300px\" \/><\/a><\/p>\n<div id=\"themify_builder_content-23956\" data-postid=\"23956\" class=\"themify_builder_content themify_builder_content-23956 themify_builder themify_builder_front\">\n\t<\/div>\n<!-- \/themify_builder_content -->","protected":false},"excerpt":{"rendered":"<p>Alegria do Evangelho. Neste s\u00e1bado, 07\/12\/13, \u00a0a Comunidade S\u00e3o Miguel Arcanjo reuniu seu grupo de liturgia, dentro do aprofundamento das leituras, com especial destaque para os Evangelhos da Inf\u00e2ncia. Antes, por\u00e9m, o Pe J\u00falio distribuiu os exemplares da Exorta\u00e7\u00e3o apost\u00f3lica do Papa Francisco, Evangelii Gaudium, a Alegria do Evangelho, como prop\u00f3sito para estudo e reflex\u00e3o [&hellip;]<\/p>\n","protected":false},"author":10,"featured_media":0,"comment_status":"open","ping_status":"open","sticky":false,"template":"","format":"standard","meta":{"ngg_post_thumbnail":0,"footnotes":""},"categories":[109,8],"tags":[2892],"yoast_head":"<!-- This site is optimized with the Yoast SEO plugin v23.5 - https:\/\/yoast.com\/wordpress\/plugins\/seo\/ -->\n<title>Evangelli Gaudium em 2014 na S\u00e3o Miguel - O Arcanjo no ar<\/title>\n<meta name=\"robots\" content=\"index, follow, max-snippet:-1, max-image-preview:large, max-video-preview:-1\" \/>\n<link rel=\"canonical\" href=\"https:\/\/www.oarcanjo.net\/site\/evangelli-gaudium-em-2014-na-sao-miguel\/\" \/>\n<meta property=\"og:locale\" content=\"pt_BR\" \/>\n<meta property=\"og:type\" content=\"article\" \/>\n<meta property=\"og:title\" content=\"Evangelli Gaudium em 2014 na S\u00e3o Miguel - O Arcanjo no ar\" \/>\n<meta property=\"og:description\" content=\"Alegria do Evangelho. Neste s\u00e1bado, 07\/12\/13, \u00a0a Comunidade S\u00e3o Miguel Arcanjo reuniu seu grupo de liturgia, dentro do aprofundamento das leituras, com especial destaque para os Evangelhos da Inf\u00e2ncia. Antes, por\u00e9m, o Pe J\u00falio distribuiu os exemplares da Exorta\u00e7\u00e3o apost\u00f3lica do Papa Francisco, Evangelii Gaudium, a Alegria do Evangelho, como prop\u00f3sito para estudo e reflex\u00e3o [&hellip;]\" \/>\n<meta property=\"og:url\" content=\"https:\/\/www.oarcanjo.net\/site\/evangelli-gaudium-em-2014-na-sao-miguel\/\" \/>\n<meta property=\"og:site_name\" content=\"O Arcanjo no ar\" \/>\n<meta property=\"article:publisher\" content=\"https:\/\/www.facebook.com\/OArcanjoNoAr\/\" \/>\n<meta property=\"article:published_time\" content=\"2013-12-09T00:05:23+00:00\" \/>\n<meta property=\"article:modified_time\" content=\"2013-12-09T00:09:10+00:00\" \/>\n<meta property=\"og:image\" content=\"http:\/\/www.oarcanjo.net\/site\/wp-content\/uploads\/DSC00804-300x211.jpg\" \/>\n<meta name=\"author\" content=\"carlos\" \/>\n<meta name=\"twitter:card\" content=\"summary_large_image\" \/>\n<meta name=\"twitter:label1\" content=\"Escrito por\" \/>\n\t<meta name=\"twitter:data1\" content=\"carlos\" \/>\n\t<meta name=\"twitter:label2\" content=\"Est. tempo de leitura\" \/>\n\t<meta name=\"twitter:data2\" content=\"1 minuto\" \/>\n<script type=\"application\/ld+json\" class=\"yoast-schema-graph\">{\"@context\":\"https:\/\/schema.org\",\"@graph\":[{\"@type\":\"Article\",\"@id\":\"https:\/\/www.oarcanjo.net\/site\/evangelli-gaudium-em-2014-na-sao-miguel\/#article\",\"isPartOf\":{\"@id\":\"https:\/\/www.oarcanjo.net\/site\/evangelli-gaudium-em-2014-na-sao-miguel\/\"},\"author\":{\"name\":\"carlos\",\"@id\":\"https:\/\/www.oarcanjo.net\/site\/#\/schema\/person\/f7870e710d8c8c30673de3a0ac2e451d\"},\"headline\":\"Evangelli Gaudium em 2014 na S\u00e3o Miguel\",\"datePublished\":\"2013-12-09T00:05:23+00:00\",\"dateModified\":\"2013-12-09T00:09:10+00:00\",\"mainEntityOfPage\":{\"@id\":\"https:\/\/www.oarcanjo.net\/site\/evangelli-gaudium-em-2014-na-sao-miguel\/\"},\"wordCount\":129,\"commentCount\":0,\"publisher\":{\"@id\":\"https:\/\/www.oarcanjo.net\/site\/#organization\"},\"image\":{\"@id\":\"https:\/\/www.oarcanjo.net\/site\/evangelli-gaudium-em-2014-na-sao-miguel\/#primaryimage\"},\"thumbnailUrl\":\"http:\/\/www.oarcanjo.net\/site\/wp-content\/uploads\/DSC00804-300x211.jpg\",\"keywords\":[\"Evangelii Gaudium 2014\"],\"articleSection\":[\"Liturgia\",\"Not\u00edcias\"],\"inLanguage\":\"pt-BR\",\"potentialAction\":[{\"@type\":\"CommentAction\",\"name\":\"Comment\",\"target\":[\"https:\/\/www.oarcanjo.net\/site\/evangelli-gaudium-em-2014-na-sao-miguel\/#respond\"]}]},{\"@type\":\"WebPage\",\"@id\":\"https:\/\/www.oarcanjo.net\/site\/evangelli-gaudium-em-2014-na-sao-miguel\/\",\"url\":\"https:\/\/www.oarcanjo.net\/site\/evangelli-gaudium-em-2014-na-sao-miguel\/\",\"name\":\"Evangelli Gaudium em 2014 na S\u00e3o Miguel - O Arcanjo no ar\",\"isPartOf\":{\"@id\":\"https:\/\/www.oarcanjo.net\/site\/#website\"},\"primaryImageOfPage\":{\"@id\":\"https:\/\/www.oarcanjo.net\/site\/evangelli-gaudium-em-2014-na-sao-miguel\/#primaryimage\"},\"image\":{\"@id\":\"https:\/\/www.oarcanjo.net\/site\/evangelli-gaudium-em-2014-na-sao-miguel\/#primaryimage\"},\"thumbnailUrl\":\"http:\/\/www.oarcanjo.net\/site\/wp-content\/uploads\/DSC00804-300x211.jpg\",\"datePublished\":\"2013-12-09T00:05:23+00:00\",\"dateModified\":\"2013-12-09T00:09:10+00:00\",\"breadcrumb\":{\"@id\":\"https:\/\/www.oarcanjo.net\/site\/evangelli-gaudium-em-2014-na-sao-miguel\/#breadcrumb\"},\"inLanguage\":\"pt-BR\",\"potentialAction\":[{\"@type\":\"ReadAction\",\"target\":[\"https:\/\/www.oarcanjo.net\/site\/evangelli-gaudium-em-2014-na-sao-miguel\/\"]}]},{\"@type\":\"ImageObject\",\"inLanguage\":\"pt-BR\",\"@id\":\"https:\/\/www.oarcanjo.net\/site\/evangelli-gaudium-em-2014-na-sao-miguel\/#primaryimage\",\"url\":\"https:\/\/www.oarcanjo.net\/site\/wp-content\/uploads\/DSC00804.jpg\",\"contentUrl\":\"https:\/\/www.oarcanjo.net\/site\/wp-content\/uploads\/DSC00804.jpg\",\"width\":\"610\",\"height\":\"431\"},{\"@type\":\"BreadcrumbList\",\"@id\":\"https:\/\/www.oarcanjo.net\/site\/evangelli-gaudium-em-2014-na-sao-miguel\/#breadcrumb\",\"itemListElement\":[{\"@type\":\"ListItem\",\"position\":1,\"name\":\"In\u00edcio\",\"item\":\"https:\/\/www.oarcanjo.net\/site\/\"},{\"@type\":\"ListItem\",\"position\":2,\"name\":\"Evangelli Gaudium em 2014 na S\u00e3o Miguel\"}]},{\"@type\":\"WebSite\",\"@id\":\"https:\/\/www.oarcanjo.net\/site\/#website\",\"url\":\"https:\/\/www.oarcanjo.net\/site\/\",\"name\":\"O Arcanjo no ar\",\"description\":\"Site da Par\u00f3quia S\u00e3o Miguel Arcanjo (Arquidiocese de SP)\",\"publisher\":{\"@id\":\"https:\/\/www.oarcanjo.net\/site\/#organization\"},\"potentialAction\":[{\"@type\":\"SearchAction\",\"target\":{\"@type\":\"EntryPoint\",\"urlTemplate\":\"https:\/\/www.oarcanjo.net\/site\/?s={search_term_string}\"},\"query-input\":{\"@type\":\"PropertyValueSpecification\",\"valueRequired\":true,\"valueName\":\"search_term_string\"}}],\"inLanguage\":\"pt-BR\"},{\"@type\":\"Organization\",\"@id\":\"https:\/\/www.oarcanjo.net\/site\/#organization\",\"name\":\"Par\u00f3quia S\u00e3o Miguel Arcanjo\",\"url\":\"https:\/\/www.oarcanjo.net\/site\/\",\"logo\":{\"@type\":\"ImageObject\",\"inLanguage\":\"pt-BR\",\"@id\":\"https:\/\/www.oarcanjo.net\/site\/#\/schema\/logo\/image\/\",\"url\":\"https:\/\/www.oarcanjo.net\/site\/wp-content\/uploads\/LogoOArcanjo.png\",\"contentUrl\":\"https:\/\/www.oarcanjo.net\/site\/wp-content\/uploads\/LogoOArcanjo.png\",\"width\":319,\"height\":99,\"caption\":\"Par\u00f3quia S\u00e3o Miguel Arcanjo\"},\"image\":{\"@id\":\"https:\/\/www.oarcanjo.net\/site\/#\/schema\/logo\/image\/\"},\"sameAs\":[\"https:\/\/www.facebook.com\/OArcanjoNoAr\/\"]},{\"@type\":\"Person\",\"@id\":\"https:\/\/www.oarcanjo.net\/site\/#\/schema\/person\/f7870e710d8c8c30673de3a0ac2e451d\",\"name\":\"carlos\"}]}<\/script>\n<!-- \/ Yoast SEO plugin. -->","yoast_head_json":{"title":"Evangelli Gaudium em 2014 na S\u00e3o Miguel - O Arcanjo no ar","robots":{"index":"index","follow":"follow","max-snippet":"max-snippet:-1","max-image-preview":"max-image-preview:large","max-video-preview":"max-video-preview:-1"},"canonical":"https:\/\/www.oarcanjo.net\/site\/evangelli-gaudium-em-2014-na-sao-miguel\/","og_locale":"pt_BR","og_type":"article","og_title":"Evangelli Gaudium em 2014 na S\u00e3o Miguel - O Arcanjo no ar","og_description":"Alegria do Evangelho. Neste s\u00e1bado, 07\/12\/13, \u00a0a Comunidade S\u00e3o Miguel Arcanjo reuniu seu grupo de liturgia, dentro do aprofundamento das leituras, com especial destaque para os Evangelhos da Inf\u00e2ncia. Antes, por\u00e9m, o Pe J\u00falio distribuiu os exemplares da Exorta\u00e7\u00e3o apost\u00f3lica do Papa Francisco, Evangelii Gaudium, a Alegria do Evangelho, como prop\u00f3sito para estudo e reflex\u00e3o [&hellip;]","og_url":"https:\/\/www.oarcanjo.net\/site\/evangelli-gaudium-em-2014-na-sao-miguel\/","og_site_name":"O Arcanjo no ar","article_publisher":"https:\/\/www.facebook.com\/OArcanjoNoAr\/","article_published_time":"2013-12-09T00:05:23+00:00","article_modified_time":"2013-12-09T00:09:10+00:00","og_image":[{"url":"http:\/\/www.oarcanjo.net\/site\/wp-content\/uploads\/DSC00804-300x211.jpg"}],"author":"carlos","twitter_card":"summary_large_image","twitter_misc":{"Escrito por":"carlos","Est. tempo de leitura":"1 minuto"},"schema":{"@context":"https:\/\/schema.org","@graph":[{"@type":"Article","@id":"https:\/\/www.oarcanjo.net\/site\/evangelli-gaudium-em-2014-na-sao-miguel\/#article","isPartOf":{"@id":"https:\/\/www.oarcanjo.net\/site\/evangelli-gaudium-em-2014-na-sao-miguel\/"},"author":{"name":"carlos","@id":"https:\/\/www.oarcanjo.net\/site\/#\/schema\/person\/f7870e710d8c8c30673de3a0ac2e451d"},"headline":"Evangelli Gaudium em 2014 na S\u00e3o Miguel","datePublished":"2013-12-09T00:05:23+00:00","dateModified":"2013-12-09T00:09:10+00:00","mainEntityOfPage":{"@id":"https:\/\/www.oarcanjo.net\/site\/evangelli-gaudium-em-2014-na-sao-miguel\/"},"wordCount":129,"commentCount":0,"publisher":{"@id":"https:\/\/www.oarcanjo.net\/site\/#organization"},"image":{"@id":"https:\/\/www.oarcanjo.net\/site\/evangelli-gaudium-em-2014-na-sao-miguel\/#primaryimage"},"thumbnailUrl":"http:\/\/www.oarcanjo.net\/site\/wp-content\/uploads\/DSC00804-300x211.jpg","keywords":["Evangelii Gaudium 2014"],"articleSection":["Liturgia","Not\u00edcias"],"inLanguage":"pt-BR","potentialAction":[{"@type":"CommentAction","name":"Comment","target":["https:\/\/www.oarcanjo.net\/site\/evangelli-gaudium-em-2014-na-sao-miguel\/#respond"]}]},{"@type":"WebPage","@id":"https:\/\/www.oarcanjo.net\/site\/evangelli-gaudium-em-2014-na-sao-miguel\/","url":"https:\/\/www.oarcanjo.net\/site\/evangelli-gaudium-em-2014-na-sao-miguel\/","name":"Evangelli Gaudium em 2014 na S\u00e3o Miguel - O Arcanjo no ar","isPartOf":{"@id":"https:\/\/www.oarcanjo.net\/site\/#website"},"primaryImageOfPage":{"@id":"https:\/\/www.oarcanjo.net\/site\/evangelli-gaudium-em-2014-na-sao-miguel\/#primaryimage"},"image":{"@id":"https:\/\/www.oarcanjo.net\/site\/evangelli-gaudium-em-2014-na-sao-miguel\/#primaryimage"},"thumbnailUrl":"http:\/\/www.oarcanjo.net\/site\/wp-content\/uploads\/DSC00804-300x211.jpg","datePublished":"2013-12-09T00:05:23+00:00","dateModified":"2013-12-09T00:09:10+00:00","breadcrumb":{"@id":"https:\/\/www.oarcanjo.net\/site\/evangelli-gaudium-em-2014-na-sao-miguel\/#breadcrumb"},"inLanguage":"pt-BR","potentialAction":[{"@type":"ReadAction","target":["https:\/\/www.oarcanjo.net\/site\/evangelli-gaudium-em-2014-na-sao-miguel\/"]}]},{"@type":"ImageObject","inLanguage":"pt-BR","@id":"https:\/\/www.oarcanjo.net\/site\/evangelli-gaudium-em-2014-na-sao-miguel\/#primaryimage","url":"https:\/\/www.oarcanjo.net\/site\/wp-content\/uploads\/DSC00804.jpg","contentUrl":"https:\/\/www.oarcanjo.net\/site\/wp-content\/uploads\/DSC00804.jpg","width":"610","height":"431"},{"@type":"BreadcrumbList","@id":"https:\/\/www.oarcanjo.net\/site\/evangelli-gaudium-em-2014-na-sao-miguel\/#breadcrumb","itemListElement":[{"@type":"ListItem","position":1,"name":"In\u00edcio","item":"https:\/\/www.oarcanjo.net\/site\/"},{"@type":"ListItem","position":2,"name":"Evangelli Gaudium em 2014 na S\u00e3o Miguel"}]},{"@type":"WebSite","@id":"https:\/\/www.oarcanjo.net\/site\/#website","url":"https:\/\/www.oarcanjo.net\/site\/","name":"O Arcanjo no ar","description":"Site da Par\u00f3quia S\u00e3o Miguel Arcanjo (Arquidiocese de SP)","publisher":{"@id":"https:\/\/www.oarcanjo.net\/site\/#organization"},"potentialAction":[{"@type":"SearchAction","target":{"@type":"EntryPoint","urlTemplate":"https:\/\/www.oarcanjo.net\/site\/?s={search_term_string}"},"query-input":{"@type":"PropertyValueSpecification","valueRequired":true,"valueName":"search_term_string"}}],"inLanguage":"pt-BR"},{"@type":"Organization","@id":"https:\/\/www.oarcanjo.net\/site\/#organization","name":"Par\u00f3quia S\u00e3o Miguel Arcanjo","url":"https:\/\/www.oarcanjo.net\/site\/","logo":{"@type":"ImageObject","inLanguage":"pt-BR","@id":"https:\/\/www.oarcanjo.net\/site\/#\/schema\/logo\/image\/","url":"https:\/\/www.oarcanjo.net\/site\/wp-content\/uploads\/LogoOArcanjo.png","contentUrl":"https:\/\/www.oarcanjo.net\/site\/wp-content\/uploads\/LogoOArcanjo.png","width":319,"height":99,"caption":"Par\u00f3quia S\u00e3o Miguel Arcanjo"},"image":{"@id":"https:\/\/www.oarcanjo.net\/site\/#\/schema\/logo\/image\/"},"sameAs":["https:\/\/www.facebook.com\/OArcanjoNoAr\/"]},{"@type":"Person","@id":"https:\/\/www.oarcanjo.net\/site\/#\/schema\/person\/f7870e710d8c8c30673de3a0ac2e451d","name":"carlos"}]}},"publishpress_future_action":{"enabled":false,"date":"2026-05-07 04:23:41","action":"category","newStatus":"draft","terms":[],"taxonomy":"category"},"publishpress_future_workflow_manual_trigger":{"enabledWorkflows":[]},"_links":{"self":[{"href":"https:\/\/www.oarcanjo.net\/site\/wp-json\/wp\/v2\/posts\/23956"}],"collection":[{"href":"https:\/\/www.oarcanjo.net\/site\/wp-json\/wp\/v2\/posts"}],"about":[{"href":"https:\/\/www.oarcanjo.net\/site\/wp-json\/wp\/v2\/types\/post"}],"author":[{"embeddable":true,"href":"https:\/\/www.oarcanjo.net\/site\/wp-json\/wp\/v2\/users\/10"}],"replies":[{"embeddable":true,"href":"https:\/\/www.oarcanjo.net\/site\/wp-json\/wp\/v2\/comments?post=23956"}],"version-history":[{"count":0,"href":"https:\/\/www.oarcanjo.net\/site\/wp-json\/wp\/v2\/posts\/23956\/revisions"}],"wp:attachment":[{"href":"https:\/\/www.oarcanjo.net\/site\/wp-json\/wp\/v2\/media?parent=23956"}],"wp:term":[{"taxonomy":"category","embeddable":true,"href":"https:\/\/www.oarcanjo.net\/site\/wp-json\/wp\/v2\/categories?post=23956"},{"taxonomy":"post_tag","embeddable":true,"href":"https:\/\/www.oarcanjo.net\/site\/wp-json\/wp\/v2\/tags?post=23956"}],"curies":[{"name":"wp","href":"https:\/\/api.w.org\/{rel}","templated":true}]}}