
{"id":23969,"date":"2013-12-09T15:22:38","date_gmt":"2013-12-09T17:22:38","guid":{"rendered":"http:\/\/www.oarcanjo.net\/site\/?p=23969"},"modified":"2013-12-09T15:22:38","modified_gmt":"2013-12-09T17:22:38","slug":"boa-noticia-para-todo-o-povo","status":"publish","type":"post","link":"https:\/\/www.oarcanjo.net\/site\/boa-noticia-para-todo-o-povo\/","title":{"rendered":"Boa not\u00edcia para todo o povo!"},"content":{"rendered":"<p><em>Cardeal Odilo Pedro Scherer<\/em><\/p>\n<p>O Advento e o Natal s\u00e3o per\u00edodos especialmente marcados pelo Evangelho da alegria. O papa Francisco, com sua Exorta\u00e7\u00e3o Apost\u00f3lica sobre o an\u00fancio do Evangelho no mundo atual (Evangelii Gaudium), convidou toda a comunidade da Igreja a se envolver, de forma renovada, na evangeliza\u00e7\u00e3o, destacando que o Evangelho, an\u00fancio bom e alegre, deve chegar a todos.<\/p>\n<p>\u00c9 interessante que, lendo as palavras do Novo Testamento depois de conhecer a Evangelii Gaudium, saltam aos olhos as caracter\u00edsticas da alegria e da esperan\u00e7a no an\u00fancio do Evangelho, confiado \u00e0 Igreja. Sem esquecer que tamb\u00e9m se trata de um chamado \u00e0 convers\u00e3o e a fazer escolhas dif\u00edceis, n\u00e3o se pode transformar o Evangelho ou identificar a prega\u00e7\u00e3o da Igreja num elenco de \u201cn\u00e3o pode\u201d, ou num fardo imposto pesadamente sobre as pessoas.<\/p>\n<p>O caminho estreito \u00e9 conseq\u00fc\u00eancia do an\u00fancio de algo grandioso e sumamente bom, como \u00e9 a experi\u00eancia do amor misericordioso de Deus e sua proximidade em rela\u00e7\u00e3o a n\u00f3s; portanto, \u00e9 poss\u00edvel tamb\u00e9m propor a cruz de Cristo no caminho que leva a Deus;  sem ela, n\u00e3o h\u00e1 aut\u00eantica escolha por Deus.<\/p>\n<p>No nascimento de Jesus, o anjo disse aos assustados pastores de Bel\u00e9m: \u201cn\u00e3o tenhais medo: eu vos anuncio uma grande alegria, que ser\u00e1 alegria tamb\u00e9m para todo povo!\u201d (Lc 2,10). Os pastores foram a Bel\u00e9m, viram e experimentaram grande alegria e foram iluminados pela gl\u00f3ria de Deus, irradiada pelo rec\u00e9m-nascido deitado sobre palhas&#8230; E voltaram para as suas ocupa\u00e7\u00f5es, contando a todos o que tinham visto e ouvido; e assim, a sua alegria tornou-se \u201calegria para todo povo\u201d.<\/p>\n<p>S\u00e3o t\u00edpicos do tempo do Advento e do Natal a abertura \u00e0 solidariedade e os gestos de bondade e de partilha. Isso \u00e9 muito bonito e tem rela\u00e7\u00e3o direta com a experi\u00eancia crist\u00e3 do Natal. Que isso n\u00e3o se perca nem seja substitu\u00eddo por atitudes cada vez mais individualistas e egoc\u00eantricas; h\u00e1 o risco de se diluir o verdadeiro \u201cesp\u00edrito do Natal\u201d, deixando que ele seja absorvido pela tend\u00eancia cultural dos dias atuais, marcada pela  busca s\u00f4frega de satisfa\u00e7\u00f5es particulares.<\/p>\n<p>Que as a\u00e7\u00f5es de bondade e de amor fraterno continuem a irradiar a esperan\u00e7a e a alegria, fazendo com que o Natal signifique \u201calegria grande para todo povo\u201d. Os pobres, os doentes e os \u201cpequeninos\u201d deste mundo s\u00e3o os que mais t\u00eam a necessidade de ouvir a alegre not\u00edcia do Natal.<\/p>\n<p>N\u00e3o deixemos de fazer gestos que testemunhem a alegre mensagem que temos a comunicar aos outros, quer por uma visita pessoal, quer por um momento de ora\u00e7\u00e3o e de partilha comunit\u00e1ria da Palavra de Deus. As novenas de Natal em fam\u00edlia ajudar\u00e3o a criar um clima de f\u00e9, no qual \u00e9 poss\u00edvel acolher o Deus-que-vem e que j\u00e1 est\u00e1 no meio de n\u00f3s. Sem uma prepara\u00e7\u00e3o espiritual, \u00e9 poss\u00edvel celebrar um Natal com mesa farta de comidas e guloseimas, esquecendo at\u00e9 mesmo Jesus Cristo, primeiro homenageado desta festa&#8230;<\/p>\n<p>Para que o belo an\u00fancio do Natal continue a ser \u201cboa not\u00edcia para todo o povo\u201d, \u00e9 necess\u00e1rio que o Evangelho seja anunciado a todos e testemunhado de muitas maneiras. A Campanha Nacional para a Evangeliza\u00e7\u00e3o precisa do apoio generoso de todos. Por isso, no domingo, dia 15 de dezembro, teremos o \u201cgesto concreto\u201d em favor da evangeliza\u00e7\u00e3o nas nossas igrejas e par\u00f3quias.<\/p>\n<div id=\"themify_builder_content-23969\" data-postid=\"23969\" class=\"themify_builder_content themify_builder_content-23969 themify_builder themify_builder_front\">\n\t<\/div>\n<!-- \/themify_builder_content -->","protected":false},"excerpt":{"rendered":"<p>Cardeal Odilo Pedro Scherer O Advento e o Natal s\u00e3o per\u00edodos especialmente marcados pelo Evangelho da alegria. O papa Francisco, com sua Exorta\u00e7\u00e3o Apost\u00f3lica sobre o an\u00fancio do Evangelho no mundo atual (Evangelii Gaudium), convidou toda a comunidade da Igreja a se envolver, de forma renovada, na evangeliza\u00e7\u00e3o, destacando que o Evangelho, an\u00fancio bom e [&hellip;]<\/p>\n","protected":false},"author":5,"featured_media":0,"comment_status":"open","ping_status":"open","sticky":false,"template":"","format":"standard","meta":{"ngg_post_thumbnail":0,"footnotes":""},"categories":[9],"tags":[108,871,2749,2283,2860,60],"yoast_head":"<!-- This site is optimized with the Yoast SEO plugin v23.5 - https:\/\/yoast.com\/wordpress\/plugins\/seo\/ -->\n<title>Boa not\u00edcia para todo o povo! - O Arcanjo no ar<\/title>\n<meta name=\"robots\" content=\"index, follow, max-snippet:-1, max-image-preview:large, max-video-preview:-1\" \/>\n<link rel=\"canonical\" href=\"https:\/\/www.oarcanjo.net\/site\/boa-noticia-para-todo-o-povo\/\" \/>\n<meta property=\"og:locale\" content=\"pt_BR\" \/>\n<meta property=\"og:type\" content=\"article\" \/>\n<meta property=\"og:title\" content=\"Boa not\u00edcia para todo o povo! - O Arcanjo no ar\" \/>\n<meta property=\"og:description\" content=\"Cardeal Odilo Pedro Scherer O Advento e o Natal s\u00e3o per\u00edodos especialmente marcados pelo Evangelho da alegria. O papa Francisco, com sua Exorta\u00e7\u00e3o Apost\u00f3lica sobre o an\u00fancio do Evangelho no mundo atual (Evangelii Gaudium), convidou toda a comunidade da Igreja a se envolver, de forma renovada, na evangeliza\u00e7\u00e3o, destacando que o Evangelho, an\u00fancio bom e [&hellip;]\" \/>\n<meta property=\"og:url\" content=\"https:\/\/www.oarcanjo.net\/site\/boa-noticia-para-todo-o-povo\/\" \/>\n<meta property=\"og:site_name\" content=\"O Arcanjo no ar\" \/>\n<meta property=\"article:publisher\" content=\"https:\/\/www.facebook.com\/OArcanjoNoAr\/\" \/>\n<meta property=\"article:published_time\" content=\"2013-12-09T17:22:38+00:00\" \/>\n<meta property=\"og:image\" content=\"https:\/\/www.oarcanjo.net\/site\/wp-content\/uploads\/logo-o-arcanjo-no-ar-facebook.png\" \/>\n\t<meta property=\"og:image:width\" content=\"300\" \/>\n\t<meta property=\"og:image:height\" content=\"300\" \/>\n\t<meta property=\"og:image:type\" content=\"image\/png\" \/>\n<meta name=\"author\" content=\"editor\" \/>\n<meta name=\"twitter:card\" content=\"summary_large_image\" \/>\n<meta name=\"twitter:label1\" content=\"Escrito por\" \/>\n\t<meta name=\"twitter:data1\" content=\"editor\" \/>\n\t<meta name=\"twitter:label2\" content=\"Est. tempo de leitura\" \/>\n\t<meta name=\"twitter:data2\" content=\"3 minutos\" \/>\n<script type=\"application\/ld+json\" class=\"yoast-schema-graph\">{\"@context\":\"https:\/\/schema.org\",\"@graph\":[{\"@type\":\"Article\",\"@id\":\"https:\/\/www.oarcanjo.net\/site\/boa-noticia-para-todo-o-povo\/#article\",\"isPartOf\":{\"@id\":\"https:\/\/www.oarcanjo.net\/site\/boa-noticia-para-todo-o-povo\/\"},\"author\":{\"name\":\"editor\",\"@id\":\"https:\/\/www.oarcanjo.net\/site\/#\/schema\/person\/f7024d007863202483a31326673a0838\"},\"headline\":\"Boa not\u00edcia para todo o povo!\",\"datePublished\":\"2013-12-09T17:22:38+00:00\",\"dateModified\":\"2013-12-09T17:22:38+00:00\",\"mainEntityOfPage\":{\"@id\":\"https:\/\/www.oarcanjo.net\/site\/boa-noticia-para-todo-o-povo\/\"},\"wordCount\":602,\"commentCount\":0,\"publisher\":{\"@id\":\"https:\/\/www.oarcanjo.net\/site\/#organization\"},\"keywords\":[\"Advento\",\"alegria\",\"Campanha Nacional para a Evangeliza\u00e7\u00e3o\",\"Cardeal Odilo Pedro Scherer\",\"Evangelii Gaudium\",\"natal\"],\"articleSection\":[\"Reflex\u00f5es\"],\"inLanguage\":\"pt-BR\",\"potentialAction\":[{\"@type\":\"CommentAction\",\"name\":\"Comment\",\"target\":[\"https:\/\/www.oarcanjo.net\/site\/boa-noticia-para-todo-o-povo\/#respond\"]}]},{\"@type\":\"WebPage\",\"@id\":\"https:\/\/www.oarcanjo.net\/site\/boa-noticia-para-todo-o-povo\/\",\"url\":\"https:\/\/www.oarcanjo.net\/site\/boa-noticia-para-todo-o-povo\/\",\"name\":\"Boa not\u00edcia para todo o povo! - O Arcanjo no ar\",\"isPartOf\":{\"@id\":\"https:\/\/www.oarcanjo.net\/site\/#website\"},\"datePublished\":\"2013-12-09T17:22:38+00:00\",\"dateModified\":\"2013-12-09T17:22:38+00:00\",\"breadcrumb\":{\"@id\":\"https:\/\/www.oarcanjo.net\/site\/boa-noticia-para-todo-o-povo\/#breadcrumb\"},\"inLanguage\":\"pt-BR\",\"potentialAction\":[{\"@type\":\"ReadAction\",\"target\":[\"https:\/\/www.oarcanjo.net\/site\/boa-noticia-para-todo-o-povo\/\"]}]},{\"@type\":\"BreadcrumbList\",\"@id\":\"https:\/\/www.oarcanjo.net\/site\/boa-noticia-para-todo-o-povo\/#breadcrumb\",\"itemListElement\":[{\"@type\":\"ListItem\",\"position\":1,\"name\":\"In\u00edcio\",\"item\":\"https:\/\/www.oarcanjo.net\/site\/\"},{\"@type\":\"ListItem\",\"position\":2,\"name\":\"Boa not\u00edcia para todo o povo!\"}]},{\"@type\":\"WebSite\",\"@id\":\"https:\/\/www.oarcanjo.net\/site\/#website\",\"url\":\"https:\/\/www.oarcanjo.net\/site\/\",\"name\":\"O Arcanjo no ar\",\"description\":\"Site da Par\u00f3quia S\u00e3o Miguel Arcanjo (Arquidiocese de SP)\",\"publisher\":{\"@id\":\"https:\/\/www.oarcanjo.net\/site\/#organization\"},\"potentialAction\":[{\"@type\":\"SearchAction\",\"target\":{\"@type\":\"EntryPoint\",\"urlTemplate\":\"https:\/\/www.oarcanjo.net\/site\/?s={search_term_string}\"},\"query-input\":{\"@type\":\"PropertyValueSpecification\",\"valueRequired\":true,\"valueName\":\"search_term_string\"}}],\"inLanguage\":\"pt-BR\"},{\"@type\":\"Organization\",\"@id\":\"https:\/\/www.oarcanjo.net\/site\/#organization\",\"name\":\"Par\u00f3quia S\u00e3o Miguel Arcanjo\",\"url\":\"https:\/\/www.oarcanjo.net\/site\/\",\"logo\":{\"@type\":\"ImageObject\",\"inLanguage\":\"pt-BR\",\"@id\":\"https:\/\/www.oarcanjo.net\/site\/#\/schema\/logo\/image\/\",\"url\":\"https:\/\/www.oarcanjo.net\/site\/wp-content\/uploads\/LogoOArcanjo.png\",\"contentUrl\":\"https:\/\/www.oarcanjo.net\/site\/wp-content\/uploads\/LogoOArcanjo.png\",\"width\":319,\"height\":99,\"caption\":\"Par\u00f3quia S\u00e3o Miguel Arcanjo\"},\"image\":{\"@id\":\"https:\/\/www.oarcanjo.net\/site\/#\/schema\/logo\/image\/\"},\"sameAs\":[\"https:\/\/www.facebook.com\/OArcanjoNoAr\/\"]},{\"@type\":\"Person\",\"@id\":\"https:\/\/www.oarcanjo.net\/site\/#\/schema\/person\/f7024d007863202483a31326673a0838\",\"name\":\"editor\",\"sameAs\":[\"http:\/\/www.oarcanjo.net\"]}]}<\/script>\n<!-- \/ Yoast SEO plugin. -->","yoast_head_json":{"title":"Boa not\u00edcia para todo o povo! - O Arcanjo no ar","robots":{"index":"index","follow":"follow","max-snippet":"max-snippet:-1","max-image-preview":"max-image-preview:large","max-video-preview":"max-video-preview:-1"},"canonical":"https:\/\/www.oarcanjo.net\/site\/boa-noticia-para-todo-o-povo\/","og_locale":"pt_BR","og_type":"article","og_title":"Boa not\u00edcia para todo o povo! - O Arcanjo no ar","og_description":"Cardeal Odilo Pedro Scherer O Advento e o Natal s\u00e3o per\u00edodos especialmente marcados pelo Evangelho da alegria. O papa Francisco, com sua Exorta\u00e7\u00e3o Apost\u00f3lica sobre o an\u00fancio do Evangelho no mundo atual (Evangelii Gaudium), convidou toda a comunidade da Igreja a se envolver, de forma renovada, na evangeliza\u00e7\u00e3o, destacando que o Evangelho, an\u00fancio bom e [&hellip;]","og_url":"https:\/\/www.oarcanjo.net\/site\/boa-noticia-para-todo-o-povo\/","og_site_name":"O Arcanjo no ar","article_publisher":"https:\/\/www.facebook.com\/OArcanjoNoAr\/","article_published_time":"2013-12-09T17:22:38+00:00","og_image":[{"width":300,"height":300,"url":"https:\/\/www.oarcanjo.net\/site\/wp-content\/uploads\/logo-o-arcanjo-no-ar-facebook.png","type":"image\/png"}],"author":"editor","twitter_card":"summary_large_image","twitter_misc":{"Escrito por":"editor","Est. tempo de leitura":"3 minutos"},"schema":{"@context":"https:\/\/schema.org","@graph":[{"@type":"Article","@id":"https:\/\/www.oarcanjo.net\/site\/boa-noticia-para-todo-o-povo\/#article","isPartOf":{"@id":"https:\/\/www.oarcanjo.net\/site\/boa-noticia-para-todo-o-povo\/"},"author":{"name":"editor","@id":"https:\/\/www.oarcanjo.net\/site\/#\/schema\/person\/f7024d007863202483a31326673a0838"},"headline":"Boa not\u00edcia para todo o povo!","datePublished":"2013-12-09T17:22:38+00:00","dateModified":"2013-12-09T17:22:38+00:00","mainEntityOfPage":{"@id":"https:\/\/www.oarcanjo.net\/site\/boa-noticia-para-todo-o-povo\/"},"wordCount":602,"commentCount":0,"publisher":{"@id":"https:\/\/www.oarcanjo.net\/site\/#organization"},"keywords":["Advento","alegria","Campanha Nacional para a Evangeliza\u00e7\u00e3o","Cardeal Odilo Pedro Scherer","Evangelii Gaudium","natal"],"articleSection":["Reflex\u00f5es"],"inLanguage":"pt-BR","potentialAction":[{"@type":"CommentAction","name":"Comment","target":["https:\/\/www.oarcanjo.net\/site\/boa-noticia-para-todo-o-povo\/#respond"]}]},{"@type":"WebPage","@id":"https:\/\/www.oarcanjo.net\/site\/boa-noticia-para-todo-o-povo\/","url":"https:\/\/www.oarcanjo.net\/site\/boa-noticia-para-todo-o-povo\/","name":"Boa not\u00edcia para todo o povo! - O Arcanjo no ar","isPartOf":{"@id":"https:\/\/www.oarcanjo.net\/site\/#website"},"datePublished":"2013-12-09T17:22:38+00:00","dateModified":"2013-12-09T17:22:38+00:00","breadcrumb":{"@id":"https:\/\/www.oarcanjo.net\/site\/boa-noticia-para-todo-o-povo\/#breadcrumb"},"inLanguage":"pt-BR","potentialAction":[{"@type":"ReadAction","target":["https:\/\/www.oarcanjo.net\/site\/boa-noticia-para-todo-o-povo\/"]}]},{"@type":"BreadcrumbList","@id":"https:\/\/www.oarcanjo.net\/site\/boa-noticia-para-todo-o-povo\/#breadcrumb","itemListElement":[{"@type":"ListItem","position":1,"name":"In\u00edcio","item":"https:\/\/www.oarcanjo.net\/site\/"},{"@type":"ListItem","position":2,"name":"Boa not\u00edcia para todo o povo!"}]},{"@type":"WebSite","@id":"https:\/\/www.oarcanjo.net\/site\/#website","url":"https:\/\/www.oarcanjo.net\/site\/","name":"O Arcanjo no ar","description":"Site da Par\u00f3quia S\u00e3o Miguel Arcanjo (Arquidiocese de SP)","publisher":{"@id":"https:\/\/www.oarcanjo.net\/site\/#organization"},"potentialAction":[{"@type":"SearchAction","target":{"@type":"EntryPoint","urlTemplate":"https:\/\/www.oarcanjo.net\/site\/?s={search_term_string}"},"query-input":{"@type":"PropertyValueSpecification","valueRequired":true,"valueName":"search_term_string"}}],"inLanguage":"pt-BR"},{"@type":"Organization","@id":"https:\/\/www.oarcanjo.net\/site\/#organization","name":"Par\u00f3quia S\u00e3o Miguel Arcanjo","url":"https:\/\/www.oarcanjo.net\/site\/","logo":{"@type":"ImageObject","inLanguage":"pt-BR","@id":"https:\/\/www.oarcanjo.net\/site\/#\/schema\/logo\/image\/","url":"https:\/\/www.oarcanjo.net\/site\/wp-content\/uploads\/LogoOArcanjo.png","contentUrl":"https:\/\/www.oarcanjo.net\/site\/wp-content\/uploads\/LogoOArcanjo.png","width":319,"height":99,"caption":"Par\u00f3quia S\u00e3o Miguel Arcanjo"},"image":{"@id":"https:\/\/www.oarcanjo.net\/site\/#\/schema\/logo\/image\/"},"sameAs":["https:\/\/www.facebook.com\/OArcanjoNoAr\/"]},{"@type":"Person","@id":"https:\/\/www.oarcanjo.net\/site\/#\/schema\/person\/f7024d007863202483a31326673a0838","name":"editor","sameAs":["http:\/\/www.oarcanjo.net"]}]}},"publishpress_future_action":{"enabled":false,"date":"2026-05-09 00:11:50","action":"category","newStatus":"draft","terms":[],"taxonomy":"category"},"publishpress_future_workflow_manual_trigger":{"enabledWorkflows":[]},"_links":{"self":[{"href":"https:\/\/www.oarcanjo.net\/site\/wp-json\/wp\/v2\/posts\/23969"}],"collection":[{"href":"https:\/\/www.oarcanjo.net\/site\/wp-json\/wp\/v2\/posts"}],"about":[{"href":"https:\/\/www.oarcanjo.net\/site\/wp-json\/wp\/v2\/types\/post"}],"author":[{"embeddable":true,"href":"https:\/\/www.oarcanjo.net\/site\/wp-json\/wp\/v2\/users\/5"}],"replies":[{"embeddable":true,"href":"https:\/\/www.oarcanjo.net\/site\/wp-json\/wp\/v2\/comments?post=23969"}],"version-history":[{"count":0,"href":"https:\/\/www.oarcanjo.net\/site\/wp-json\/wp\/v2\/posts\/23969\/revisions"}],"wp:attachment":[{"href":"https:\/\/www.oarcanjo.net\/site\/wp-json\/wp\/v2\/media?parent=23969"}],"wp:term":[{"taxonomy":"category","embeddable":true,"href":"https:\/\/www.oarcanjo.net\/site\/wp-json\/wp\/v2\/categories?post=23969"},{"taxonomy":"post_tag","embeddable":true,"href":"https:\/\/www.oarcanjo.net\/site\/wp-json\/wp\/v2\/tags?post=23969"}],"curies":[{"name":"wp","href":"https:\/\/api.w.org\/{rel}","templated":true}]}}