
{"id":2397,"date":"2009-03-16T08:30:35","date_gmt":"2009-03-16T11:30:35","guid":{"rendered":"http:\/\/www.oarcanjo.net\/site\/?p=2397"},"modified":"2009-03-16T08:42:38","modified_gmt":"2009-03-16T11:42:38","slug":"entrevista-de-d-odilo-scherer-para-o-sao-paulo","status":"publish","type":"post","link":"https:\/\/www.oarcanjo.net\/site\/entrevista-de-d-odilo-scherer-para-o-sao-paulo\/","title":{"rendered":"Entrevista de D. Odilo Scherer para O S\u00e3o Paulo"},"content":{"rendered":"<p><em>1. Por que a Igreja resolveu falar de \u201cSeguran\u00e7a P\u00fablica\u201d? N\u00e3o \u00e9 um tema muito distante do interesse religioso?<\/em><\/p>\n<p>R. A falta de seguran\u00e7a \u00e9 preocupante e se manifesta nos fatos e situa\u00e7\u00f5es de viol\u00eancia que atingem a popula\u00e7\u00e3o, ferindo a dignidade das pessoas e seus direitos fundamentais. A seguran\u00e7a p\u00fablica \u00e9 um dever do Estado e um direito dos cidad\u00e3os; por outro lado, ela n\u00e3o depende apenas do Estado, mas tamb\u00e9m dos cidad\u00e3os. A Igreja acredita que uma forte tomada de consci\u00eancia sobre a situa\u00e7\u00e3o de viol\u00eancia e sobre seus motivos possa contribuir para a tomada de atitudes corretas na supera\u00e7\u00e3o desse problema.  Os temas da Campanha da Fraternidade n\u00e3o s\u00e3o necessariamente \u201creligiosos\u201d, mas referem-se a situa\u00e7\u00f5es que o povo vive e onde fica caracterizado um \u201cpecado social\u201d e a falta de fraternidade. A motiva\u00e7\u00e3o da Campanha \u00e9 religiosa; chama \u00e0 convers\u00e3o do cora\u00e7\u00e3o e \u00e0 viv\u00eancia da caridade concreta e da fraternidade, como atitudes coerentes com a f\u00e9 e o amor a Deus.<\/p>\n<p><em>2. Quais resultados a Igreja espera obter com uma campanha dessas?<\/em><\/p>\n<p>R. Antes de tudo, \u00e9 desej\u00e1vel o envolvimento amplo da sociedade nesta Campanha para que ela n\u00e3o fique apenas \u201cdentro\u201d da Igreja; o problema atinge a todos. Esperamos que a Campanha tamb\u00e9m possa contribuir para despertar a sensibilidade das consci\u00eancias diante de certa cultura da viol\u00eancia que se vai afirmando e na qual a viol\u00eancia acaba sendo aceita como \u201cnormal\u201d e at\u00e9 inevit\u00e1vel. A solu\u00e7\u00e3o, no fundo, est\u00e1 ligada em grande parte a uma correta educa\u00e7\u00e3o para a paz, desde o ber\u00e7o at\u00e9 \u00e0 morte. Evidentemente, a Igreja quer chamar \u00e0 convers\u00e3o dos cora\u00e7\u00f5es, para que o respeito ao pr\u00f3ximo, \u00e0 sua dignidade, aos seus direitos e \u00e0 sua vida; e que o agir violento seja superado. Claro \u00e9 que a Igreja tamb\u00e9m espera que a Campanha ajude a superar as situa\u00e7\u00f5es de viol\u00eancia estrutural na sociedade, de maneira que a justi\u00e7a social verdadeira tenha como fruto a paz social. <\/p>\n<p><em>3. A Igreja acredita que a corrup\u00e7\u00e3o tamb\u00e9m \u00e9 sintoma da falta de seguran\u00e7a p\u00fablica na sociedade brasileira. Por qu\u00ea?<\/em><\/p>\n<p>R. A corrup\u00e7\u00e3o vinga no campo da impunidade; ela \u00e9 uma forma de viol\u00eancia porque  desrespeita o direito dos outros e o bem comum. Aquilo que \u00e9 surrupiado ao patrim\u00f4nio p\u00fablico pela corrup\u00e7\u00e3o far\u00e1 falta sobretudo aos mais necessitados e lhes faz viol\u00eancia. Os fatos de viol\u00eancia nunca s\u00e3o isolados mas acabam desencadeando uma espiral de viol\u00eancia. N\u00e3o \u00e9 diferente com a corrup\u00e7\u00e3o que, por isso mesmo, precisa ser combatida mediante a afirma\u00e7\u00e3o do direito e ao respeito ao pr\u00f3ximo.<\/p>\n<p><em>4. O Texto-Base da CF 2009 mostra que as diversas formas de viol\u00eancia no Brasil s\u00e3o um fen\u00f4meno social. Quais as implica\u00e7\u00f5es dessa afirma\u00e7\u00e3o?<\/em><\/p>\n<p>R. N\u00e3o todas as formas de viol\u00eancia s\u00e3o um fen\u00f4meno social, nem se pode afirmar que a viol\u00eancia depende sempre de problemas sociais. Muitos fatos de viol\u00eancia dependem mesmo da falta de uma \u00e9tica pessoal e da corrup\u00e7\u00e3o dos costumes.  Por isso, a Igreja tamb\u00e9m apela nesta Campanha da Fraternidade para a convers\u00e3o pessoal, para o abandono do v\u00edcio da viol\u00eancia e para a reorienta\u00e7\u00e3o de tend\u00eancias \u00e0 viol\u00eancia para h\u00e1bitos de respeito e de paz. Mas n\u00e3o h\u00e1 d\u00favidas que h\u00e1 muitas situa\u00e7\u00f5es e fatos de viol\u00eancia que est\u00e3o implicados com problemas sociais e culturais; as injusti\u00e7as sociais e certos mecanismos de organiza\u00e7\u00e3o social e econ\u00f4mica s\u00e3o promotores de viol\u00eancia contra as pessoas. Por isso tamb\u00e9m se faz necess\u00e1ria a \u201cconvers\u00e3o\u201d das estruturas de viol\u00eancia com as quais temos que conviver todos os dias.<\/p>\n<p><em>5. Na cidade de SP as pessoas sofrem bastante com a viol\u00eancia crescente. Concretamente, de que maneira a Igreja local aqui em SP pretende contribuir na solu\u00e7\u00e3o deste problema?<\/em><\/p>\n<p>R. Infelizmente, a viol\u00eancia passou a fazer parte do dia a dia das cidades grandes, m\u00e9dias e pequenas. O risco \u00e9 que nos habituemos com ela e fiquemos sem rea\u00e7\u00e3o. A Igreja age em diversas frentes: socorro e assist\u00eancia \u00e0s v\u00edtimas da viol\u00eancia, educa\u00e7\u00e3o para a justi\u00e7a, a fraternidade e a paz, alerta \u00e0s consci\u00eancias para o respeito \u00e0 pessoa do pr\u00f3ximo, \u00e0 sua dignidade, seus direitos e sua vida; podemos dizer que a a\u00e7\u00e3o da Igreja \u00e9 sobretudo educativa, pois ela n\u00e3o disp\u00f5e de recursos para a vigil\u00e2ncia ou a repress\u00e3o da viol\u00eancia, nem seria isso de sua compet\u00eancia, mas do Estado.<\/p>\n<p><em>6. Como uma campanha sobre seguran\u00e7a p\u00fablica pode ajudar na prepara\u00e7\u00e3o da P\u00e1scoa para os cat\u00f3licos?<\/em><\/p>\n<p>R. A Campanha da Fraternidade insere-se no apelo quaresmal da convers\u00e3o ao Evangelho e da busca da \u201cvida nova\u201d; tamb\u00e9m a supera\u00e7\u00e3o da viol\u00eancia e a constru\u00e7\u00e3o de rela\u00e7\u00f5es de justi\u00e7a e fraternidade est\u00e1 nessa mesma linha. A convers\u00e3o deve ser pessoal, mediante o arrependimento dos pecados que tenham rela\u00e7\u00e3o com a viol\u00eancia; mas a Campanha da Fraternidade tamb\u00e9m \u00e9 um chamado \u00e0 convers\u00e3o comunit\u00e1ria, para somar esfor\u00e7os na supera\u00e7\u00e3o mais eficaz de um \u201cpecado social\u201d e de suas causas. <\/p>\n<div id=\"themify_builder_content-2397\" data-postid=\"2397\" class=\"themify_builder_content themify_builder_content-2397 themify_builder themify_builder_front\">\n\t<\/div>\n<!-- \/themify_builder_content -->","protected":false},"excerpt":{"rendered":"<p>1. Por que a Igreja resolveu falar de \u201cSeguran\u00e7a P\u00fablica\u201d? N\u00e3o \u00e9 um tema muito distante do interesse religioso? R. A falta de seguran\u00e7a \u00e9 preocupante e se manifesta nos fatos e situa\u00e7\u00f5es de viol\u00eancia que atingem a popula\u00e7\u00e3o, ferindo a dignidade das pessoas e seus direitos fundamentais. A seguran\u00e7a p\u00fablica \u00e9 um dever do [&hellip;]<\/p>\n","protected":false},"author":5,"featured_media":0,"comment_status":"open","ping_status":"open","sticky":false,"template":"","format":"standard","meta":{"ngg_post_thumbnail":0,"footnotes":""},"categories":[241],"tags":[229,230,167,231,20],"yoast_head":"<!-- This site is optimized with the Yoast SEO plugin v23.5 - https:\/\/yoast.com\/wordpress\/plugins\/seo\/ -->\n<title>Entrevista de D. Odilo Scherer para O S\u00e3o Paulo - O Arcanjo no ar<\/title>\n<meta name=\"robots\" content=\"index, follow, max-snippet:-1, max-image-preview:large, max-video-preview:-1\" \/>\n<link rel=\"canonical\" href=\"https:\/\/www.oarcanjo.net\/site\/entrevista-de-d-odilo-scherer-para-o-sao-paulo\/\" \/>\n<meta property=\"og:locale\" content=\"pt_BR\" \/>\n<meta property=\"og:type\" content=\"article\" \/>\n<meta property=\"og:title\" content=\"Entrevista de D. Odilo Scherer para O S\u00e3o Paulo - O Arcanjo no ar\" \/>\n<meta property=\"og:description\" content=\"1. Por que a Igreja resolveu falar de \u201cSeguran\u00e7a P\u00fablica\u201d? N\u00e3o \u00e9 um tema muito distante do interesse religioso? R. A falta de seguran\u00e7a \u00e9 preocupante e se manifesta nos fatos e situa\u00e7\u00f5es de viol\u00eancia que atingem a popula\u00e7\u00e3o, ferindo a dignidade das pessoas e seus direitos fundamentais. A seguran\u00e7a p\u00fablica \u00e9 um dever do [&hellip;]\" \/>\n<meta property=\"og:url\" content=\"https:\/\/www.oarcanjo.net\/site\/entrevista-de-d-odilo-scherer-para-o-sao-paulo\/\" \/>\n<meta property=\"og:site_name\" content=\"O Arcanjo no ar\" \/>\n<meta property=\"article:publisher\" content=\"https:\/\/www.facebook.com\/OArcanjoNoAr\/\" \/>\n<meta property=\"article:published_time\" content=\"2009-03-16T11:30:35+00:00\" \/>\n<meta property=\"article:modified_time\" content=\"2009-03-16T11:42:38+00:00\" \/>\n<meta property=\"og:image\" content=\"https:\/\/www.oarcanjo.net\/site\/wp-content\/uploads\/logo-o-arcanjo-no-ar-facebook.png\" \/>\n\t<meta property=\"og:image:width\" content=\"300\" \/>\n\t<meta property=\"og:image:height\" content=\"300\" \/>\n\t<meta property=\"og:image:type\" content=\"image\/png\" \/>\n<meta name=\"author\" content=\"editor\" \/>\n<meta name=\"twitter:card\" content=\"summary_large_image\" \/>\n<meta name=\"twitter:label1\" content=\"Escrito por\" \/>\n\t<meta name=\"twitter:data1\" content=\"editor\" \/>\n\t<meta name=\"twitter:label2\" content=\"Est. tempo de leitura\" \/>\n\t<meta name=\"twitter:data2\" content=\"5 minutos\" \/>\n<script type=\"application\/ld+json\" class=\"yoast-schema-graph\">{\"@context\":\"https:\/\/schema.org\",\"@graph\":[{\"@type\":\"Article\",\"@id\":\"https:\/\/www.oarcanjo.net\/site\/entrevista-de-d-odilo-scherer-para-o-sao-paulo\/#article\",\"isPartOf\":{\"@id\":\"https:\/\/www.oarcanjo.net\/site\/entrevista-de-d-odilo-scherer-para-o-sao-paulo\/\"},\"author\":{\"name\":\"editor\",\"@id\":\"https:\/\/www.oarcanjo.net\/site\/#\/schema\/person\/f7024d007863202483a31326673a0838\"},\"headline\":\"Entrevista de D. Odilo Scherer para O S\u00e3o Paulo\",\"datePublished\":\"2009-03-16T11:30:35+00:00\",\"dateModified\":\"2009-03-16T11:42:38+00:00\",\"mainEntityOfPage\":{\"@id\":\"https:\/\/www.oarcanjo.net\/site\/entrevista-de-d-odilo-scherer-para-o-sao-paulo\/\"},\"wordCount\":924,\"commentCount\":0,\"publisher\":{\"@id\":\"https:\/\/www.oarcanjo.net\/site\/#organization\"},\"keywords\":[\"Campanha da Fraternidade\",\"justi\u00e7a\",\"paz\",\"seguran\u00e7a\",\"viol\u00eancia\"],\"articleSection\":[\"CF\"],\"inLanguage\":\"pt-BR\",\"potentialAction\":[{\"@type\":\"CommentAction\",\"name\":\"Comment\",\"target\":[\"https:\/\/www.oarcanjo.net\/site\/entrevista-de-d-odilo-scherer-para-o-sao-paulo\/#respond\"]}]},{\"@type\":\"WebPage\",\"@id\":\"https:\/\/www.oarcanjo.net\/site\/entrevista-de-d-odilo-scherer-para-o-sao-paulo\/\",\"url\":\"https:\/\/www.oarcanjo.net\/site\/entrevista-de-d-odilo-scherer-para-o-sao-paulo\/\",\"name\":\"Entrevista de D. Odilo Scherer para O S\u00e3o Paulo - O Arcanjo no ar\",\"isPartOf\":{\"@id\":\"https:\/\/www.oarcanjo.net\/site\/#website\"},\"datePublished\":\"2009-03-16T11:30:35+00:00\",\"dateModified\":\"2009-03-16T11:42:38+00:00\",\"breadcrumb\":{\"@id\":\"https:\/\/www.oarcanjo.net\/site\/entrevista-de-d-odilo-scherer-para-o-sao-paulo\/#breadcrumb\"},\"inLanguage\":\"pt-BR\",\"potentialAction\":[{\"@type\":\"ReadAction\",\"target\":[\"https:\/\/www.oarcanjo.net\/site\/entrevista-de-d-odilo-scherer-para-o-sao-paulo\/\"]}]},{\"@type\":\"BreadcrumbList\",\"@id\":\"https:\/\/www.oarcanjo.net\/site\/entrevista-de-d-odilo-scherer-para-o-sao-paulo\/#breadcrumb\",\"itemListElement\":[{\"@type\":\"ListItem\",\"position\":1,\"name\":\"In\u00edcio\",\"item\":\"https:\/\/www.oarcanjo.net\/site\/\"},{\"@type\":\"ListItem\",\"position\":2,\"name\":\"Entrevista de D. Odilo Scherer para O S\u00e3o Paulo\"}]},{\"@type\":\"WebSite\",\"@id\":\"https:\/\/www.oarcanjo.net\/site\/#website\",\"url\":\"https:\/\/www.oarcanjo.net\/site\/\",\"name\":\"O Arcanjo no ar\",\"description\":\"Site da Par\u00f3quia S\u00e3o Miguel Arcanjo (Arquidiocese de SP)\",\"publisher\":{\"@id\":\"https:\/\/www.oarcanjo.net\/site\/#organization\"},\"potentialAction\":[{\"@type\":\"SearchAction\",\"target\":{\"@type\":\"EntryPoint\",\"urlTemplate\":\"https:\/\/www.oarcanjo.net\/site\/?s={search_term_string}\"},\"query-input\":{\"@type\":\"PropertyValueSpecification\",\"valueRequired\":true,\"valueName\":\"search_term_string\"}}],\"inLanguage\":\"pt-BR\"},{\"@type\":\"Organization\",\"@id\":\"https:\/\/www.oarcanjo.net\/site\/#organization\",\"name\":\"Par\u00f3quia S\u00e3o Miguel Arcanjo\",\"url\":\"https:\/\/www.oarcanjo.net\/site\/\",\"logo\":{\"@type\":\"ImageObject\",\"inLanguage\":\"pt-BR\",\"@id\":\"https:\/\/www.oarcanjo.net\/site\/#\/schema\/logo\/image\/\",\"url\":\"https:\/\/www.oarcanjo.net\/site\/wp-content\/uploads\/LogoOArcanjo.png\",\"contentUrl\":\"https:\/\/www.oarcanjo.net\/site\/wp-content\/uploads\/LogoOArcanjo.png\",\"width\":319,\"height\":99,\"caption\":\"Par\u00f3quia S\u00e3o Miguel Arcanjo\"},\"image\":{\"@id\":\"https:\/\/www.oarcanjo.net\/site\/#\/schema\/logo\/image\/\"},\"sameAs\":[\"https:\/\/www.facebook.com\/OArcanjoNoAr\/\"]},{\"@type\":\"Person\",\"@id\":\"https:\/\/www.oarcanjo.net\/site\/#\/schema\/person\/f7024d007863202483a31326673a0838\",\"name\":\"editor\",\"sameAs\":[\"http:\/\/www.oarcanjo.net\"]}]}<\/script>\n<!-- \/ Yoast SEO plugin. -->","yoast_head_json":{"title":"Entrevista de D. Odilo Scherer para O S\u00e3o Paulo - O Arcanjo no ar","robots":{"index":"index","follow":"follow","max-snippet":"max-snippet:-1","max-image-preview":"max-image-preview:large","max-video-preview":"max-video-preview:-1"},"canonical":"https:\/\/www.oarcanjo.net\/site\/entrevista-de-d-odilo-scherer-para-o-sao-paulo\/","og_locale":"pt_BR","og_type":"article","og_title":"Entrevista de D. Odilo Scherer para O S\u00e3o Paulo - O Arcanjo no ar","og_description":"1. Por que a Igreja resolveu falar de \u201cSeguran\u00e7a P\u00fablica\u201d? N\u00e3o \u00e9 um tema muito distante do interesse religioso? R. A falta de seguran\u00e7a \u00e9 preocupante e se manifesta nos fatos e situa\u00e7\u00f5es de viol\u00eancia que atingem a popula\u00e7\u00e3o, ferindo a dignidade das pessoas e seus direitos fundamentais. A seguran\u00e7a p\u00fablica \u00e9 um dever do [&hellip;]","og_url":"https:\/\/www.oarcanjo.net\/site\/entrevista-de-d-odilo-scherer-para-o-sao-paulo\/","og_site_name":"O Arcanjo no ar","article_publisher":"https:\/\/www.facebook.com\/OArcanjoNoAr\/","article_published_time":"2009-03-16T11:30:35+00:00","article_modified_time":"2009-03-16T11:42:38+00:00","og_image":[{"width":300,"height":300,"url":"https:\/\/www.oarcanjo.net\/site\/wp-content\/uploads\/logo-o-arcanjo-no-ar-facebook.png","type":"image\/png"}],"author":"editor","twitter_card":"summary_large_image","twitter_misc":{"Escrito por":"editor","Est. tempo de leitura":"5 minutos"},"schema":{"@context":"https:\/\/schema.org","@graph":[{"@type":"Article","@id":"https:\/\/www.oarcanjo.net\/site\/entrevista-de-d-odilo-scherer-para-o-sao-paulo\/#article","isPartOf":{"@id":"https:\/\/www.oarcanjo.net\/site\/entrevista-de-d-odilo-scherer-para-o-sao-paulo\/"},"author":{"name":"editor","@id":"https:\/\/www.oarcanjo.net\/site\/#\/schema\/person\/f7024d007863202483a31326673a0838"},"headline":"Entrevista de D. Odilo Scherer para O S\u00e3o Paulo","datePublished":"2009-03-16T11:30:35+00:00","dateModified":"2009-03-16T11:42:38+00:00","mainEntityOfPage":{"@id":"https:\/\/www.oarcanjo.net\/site\/entrevista-de-d-odilo-scherer-para-o-sao-paulo\/"},"wordCount":924,"commentCount":0,"publisher":{"@id":"https:\/\/www.oarcanjo.net\/site\/#organization"},"keywords":["Campanha da Fraternidade","justi\u00e7a","paz","seguran\u00e7a","viol\u00eancia"],"articleSection":["CF"],"inLanguage":"pt-BR","potentialAction":[{"@type":"CommentAction","name":"Comment","target":["https:\/\/www.oarcanjo.net\/site\/entrevista-de-d-odilo-scherer-para-o-sao-paulo\/#respond"]}]},{"@type":"WebPage","@id":"https:\/\/www.oarcanjo.net\/site\/entrevista-de-d-odilo-scherer-para-o-sao-paulo\/","url":"https:\/\/www.oarcanjo.net\/site\/entrevista-de-d-odilo-scherer-para-o-sao-paulo\/","name":"Entrevista de D. Odilo Scherer para O S\u00e3o Paulo - O Arcanjo no ar","isPartOf":{"@id":"https:\/\/www.oarcanjo.net\/site\/#website"},"datePublished":"2009-03-16T11:30:35+00:00","dateModified":"2009-03-16T11:42:38+00:00","breadcrumb":{"@id":"https:\/\/www.oarcanjo.net\/site\/entrevista-de-d-odilo-scherer-para-o-sao-paulo\/#breadcrumb"},"inLanguage":"pt-BR","potentialAction":[{"@type":"ReadAction","target":["https:\/\/www.oarcanjo.net\/site\/entrevista-de-d-odilo-scherer-para-o-sao-paulo\/"]}]},{"@type":"BreadcrumbList","@id":"https:\/\/www.oarcanjo.net\/site\/entrevista-de-d-odilo-scherer-para-o-sao-paulo\/#breadcrumb","itemListElement":[{"@type":"ListItem","position":1,"name":"In\u00edcio","item":"https:\/\/www.oarcanjo.net\/site\/"},{"@type":"ListItem","position":2,"name":"Entrevista de D. Odilo Scherer para O S\u00e3o Paulo"}]},{"@type":"WebSite","@id":"https:\/\/www.oarcanjo.net\/site\/#website","url":"https:\/\/www.oarcanjo.net\/site\/","name":"O Arcanjo no ar","description":"Site da Par\u00f3quia S\u00e3o Miguel Arcanjo (Arquidiocese de SP)","publisher":{"@id":"https:\/\/www.oarcanjo.net\/site\/#organization"},"potentialAction":[{"@type":"SearchAction","target":{"@type":"EntryPoint","urlTemplate":"https:\/\/www.oarcanjo.net\/site\/?s={search_term_string}"},"query-input":{"@type":"PropertyValueSpecification","valueRequired":true,"valueName":"search_term_string"}}],"inLanguage":"pt-BR"},{"@type":"Organization","@id":"https:\/\/www.oarcanjo.net\/site\/#organization","name":"Par\u00f3quia S\u00e3o Miguel Arcanjo","url":"https:\/\/www.oarcanjo.net\/site\/","logo":{"@type":"ImageObject","inLanguage":"pt-BR","@id":"https:\/\/www.oarcanjo.net\/site\/#\/schema\/logo\/image\/","url":"https:\/\/www.oarcanjo.net\/site\/wp-content\/uploads\/LogoOArcanjo.png","contentUrl":"https:\/\/www.oarcanjo.net\/site\/wp-content\/uploads\/LogoOArcanjo.png","width":319,"height":99,"caption":"Par\u00f3quia S\u00e3o Miguel Arcanjo"},"image":{"@id":"https:\/\/www.oarcanjo.net\/site\/#\/schema\/logo\/image\/"},"sameAs":["https:\/\/www.facebook.com\/OArcanjoNoAr\/"]},{"@type":"Person","@id":"https:\/\/www.oarcanjo.net\/site\/#\/schema\/person\/f7024d007863202483a31326673a0838","name":"editor","sameAs":["http:\/\/www.oarcanjo.net"]}]}},"publishpress_future_action":{"enabled":false,"date":"2026-05-08 15:36:55","action":"category","newStatus":"draft","terms":[],"taxonomy":"category"},"publishpress_future_workflow_manual_trigger":{"enabledWorkflows":[]},"_links":{"self":[{"href":"https:\/\/www.oarcanjo.net\/site\/wp-json\/wp\/v2\/posts\/2397"}],"collection":[{"href":"https:\/\/www.oarcanjo.net\/site\/wp-json\/wp\/v2\/posts"}],"about":[{"href":"https:\/\/www.oarcanjo.net\/site\/wp-json\/wp\/v2\/types\/post"}],"author":[{"embeddable":true,"href":"https:\/\/www.oarcanjo.net\/site\/wp-json\/wp\/v2\/users\/5"}],"replies":[{"embeddable":true,"href":"https:\/\/www.oarcanjo.net\/site\/wp-json\/wp\/v2\/comments?post=2397"}],"version-history":[{"count":0,"href":"https:\/\/www.oarcanjo.net\/site\/wp-json\/wp\/v2\/posts\/2397\/revisions"}],"wp:attachment":[{"href":"https:\/\/www.oarcanjo.net\/site\/wp-json\/wp\/v2\/media?parent=2397"}],"wp:term":[{"taxonomy":"category","embeddable":true,"href":"https:\/\/www.oarcanjo.net\/site\/wp-json\/wp\/v2\/categories?post=2397"},{"taxonomy":"post_tag","embeddable":true,"href":"https:\/\/www.oarcanjo.net\/site\/wp-json\/wp\/v2\/tags?post=2397"}],"curies":[{"name":"wp","href":"https:\/\/api.w.org\/{rel}","templated":true}]}}