
{"id":23975,"date":"2013-12-10T06:30:42","date_gmt":"2013-12-10T08:30:42","guid":{"rendered":"http:\/\/www.oarcanjo.net\/site\/?p=23975"},"modified":"2013-12-09T17:15:06","modified_gmt":"2013-12-09T19:15:06","slug":"alegrai-vos-ele-esta-bem-perto","status":"publish","type":"post","link":"https:\/\/www.oarcanjo.net\/site\/alegrai-vos-ele-esta-bem-perto\/","title":{"rendered":"Alegrai-vos, Ele est\u00e1 bem perto!"},"content":{"rendered":"<p><em>Dom\u00a0Edmar Peron<\/em><\/p>\n<p>O Tempo do Advento, \u201ctempo de piedosa e alegre expectativa\u201d, ao chegar no seu 3\u00ba Domingo, irrompe num grito: \u201cAlegrai-vos no Senhor\u201d (Fl 4,4). Essa alegria aparece nas ora\u00e7\u00f5es, nas leituras e nos cantos da missa desse dia, e encoraja a Igreja inteira a perseverar na prepara\u00e7\u00e3o para o Natal do Senhor.<\/p>\n<p>A <em>Ant\u00edfona de Entrada<\/em>, assumida como refr\u00e3o para o nosso canto de abertura, \u00e9 tomada da carta de S\u00e3o Paulo aos Ef\u00e9sios: \u201c<em>Alegrai-vos<\/em> sempre no Senhor. De novo eu vos digo: <em>alegrai-vos<\/em>. O Senhor est\u00e1 perto\u201d (4,4.5). S\u00e3o Paulo escreveu essa carta quando estava na pris\u00e3o; naquela situa\u00e7\u00e3o, o Ap\u00f3stolo experimentou que Deus estava pr\u00f3ximo e isso foi para ele causa de grande alegria. A liturgia, ao repropor cada ano esse texto em seu canto de abertura, o reinterpreta: est\u00e1 pr\u00f3ximo o Natal do Senhor! No mist\u00e9rio da Encarna\u00e7\u00e3o de Jesus Cristo, Deus se faz Emanuel, Deus-conosco, revela-nos sua proximidade. \u201c<em>Alegrai-vos: Ele est\u00e1 bem perto! Sim, alegrai-vos mais no Senhor<\/em>\u201d (CD Liturgia VIII, faixa 5).<\/p>\n<p>Tamb\u00e9m a <em>Ora\u00e7\u00e3o do Dia <\/em>manifesta esse car\u00e1ter jubiloso: \u201c\u00d3 Deus de bondade, que vedes vosso povo esperando fervoroso o Natal do Senhor, dai chegarmos <em>\u00e0s alegrias <\/em>da Salva\u00e7\u00e3o e celebr\u00e1-la sempre com intenso j\u00fabilo na solene liturgia\u201d (<em>Ora\u00e7\u00e3o do Dia<\/em>). N\u00e3o \u00e9 uma espera qualquer, esperamos o Senhor; e pedimos ao Pai aquela alegria profunda, um j\u00fabilo intenso, celebrado na liturgia. \u00c9 an\u00fancio antecipado daquela alegria que ser\u00e1 proclamada na noite do Natal: \u201cEu vos anuncio uma grande alegria: nasceu para v\u00f3s o Salvador\u201d (cf. Lc 2,10-11).<\/p>\n<p>As <em>Leituras<\/em> explicitam essa alegria: \u201c<em>Alegre-se<\/em> a terra que era deserta e intransit\u00e1vel, exulte a solid\u00e3o e flores\u00e7a como um l\u00edrio. Criai \u00e2nimo! Vede, \u00e9 vosso Deus! Ele vem para vos salvar\u201d (Primeira Leitura: Is 35,1-6a.10); \u201cFicai firmes at\u00e9 a vinda do Senhor\u201d (Segunda Leitura: Tg 5,7-10). \u201c<em>Feliz<\/em> aquele que n\u00e3o se escandaliza por causa de mim\u201d, diz Jesus; ele que revela por suas obras a salva\u00e7\u00e3o chegando aos pobres, aos desprezados (Evangelho: Mt 11,2-11).<\/p>\n<p>E na Ora\u00e7\u00e3o Eucar\u00edstica, felizes, agrademos a Deus Pai porque Jesus Cristo \u2013 \u201cpredito pelos profetas, esperado com amor de m\u00e3e pela Virgem Maria, foi anunciado e mostrado presente no mundo por S\u00e3o Jo\u00e3o Batista\u201d \u2013 \u201cnos d\u00e1 a alegria de entrarmos agora no mist\u00e9rio do seu Natal\u201d (<em>Pref\u00e1cio do Advento II<\/em>).<\/p>\n<p>Concluo com dois convites: 1\u00ba) prepare-se para a celebra\u00e7\u00e3o do pr\u00f3ximo domingo, o 3\u00ba do Advento, lendo antecipadamente as leituras acima citadas; pode ser sozinho, melhor, por\u00e9m, em fam\u00edlia ou em um pequeno grupo; 2\u00ba) iniciar, se ainda voc\u00ea n\u00e3o come\u00e7ou, a leitura da Exorta\u00e7\u00e3o Apost\u00f3lica <em>Evangelii Gaudium, <\/em>do Papa Francisco, cujas primeiras palavras nos ensinam que: \u201cA alegria do Evangelho enche o cora\u00e7\u00e3o e a vida inteira daqueles que se encontram com Jesus. Quantos se deixam salvar por Ele s\u00e3o libertados do pecado, da tristeza, do vazio interior, do isolamento. Com Jesus Cristo, renasce sem cessar a alegria\u201d.<\/p>\n<div id=\"themify_builder_content-23975\" data-postid=\"23975\" class=\"themify_builder_content themify_builder_content-23975 themify_builder themify_builder_front\">\n\t<\/div>\n<!-- \/themify_builder_content -->","protected":false},"excerpt":{"rendered":"<p>Dom\u00a0Edmar Peron O Tempo do Advento, \u201ctempo de piedosa e alegre expectativa\u201d, ao chegar no seu 3\u00ba Domingo, irrompe num grito: \u201cAlegrai-vos no Senhor\u201d (Fl 4,4). Essa alegria aparece nas ora\u00e7\u00f5es, nas leituras e nos cantos da missa desse dia, e encoraja a Igreja inteira a perseverar na prepara\u00e7\u00e3o para o Natal do Senhor. A [&hellip;]<\/p>\n","protected":false},"author":5,"featured_media":0,"comment_status":"open","ping_status":"open","sticky":false,"template":"","format":"standard","meta":{"ngg_post_thumbnail":0,"footnotes":""},"categories":[9],"tags":[108,1786,1785,2860,60,2433],"yoast_head":"<!-- This site is optimized with the Yoast SEO plugin v23.5 - https:\/\/yoast.com\/wordpress\/plugins\/seo\/ -->\n<title>Alegrai-vos, Ele est\u00e1 bem perto! - O Arcanjo no ar<\/title>\n<meta name=\"robots\" content=\"index, follow, max-snippet:-1, max-image-preview:large, max-video-preview:-1\" \/>\n<link rel=\"canonical\" href=\"https:\/\/www.oarcanjo.net\/site\/alegrai-vos-ele-esta-bem-perto\/\" \/>\n<meta property=\"og:locale\" content=\"pt_BR\" \/>\n<meta property=\"og:type\" content=\"article\" \/>\n<meta property=\"og:title\" content=\"Alegrai-vos, Ele est\u00e1 bem perto! - O Arcanjo no ar\" \/>\n<meta property=\"og:description\" content=\"Dom\u00a0Edmar Peron O Tempo do Advento, \u201ctempo de piedosa e alegre expectativa\u201d, ao chegar no seu 3\u00ba Domingo, irrompe num grito: \u201cAlegrai-vos no Senhor\u201d (Fl 4,4). Essa alegria aparece nas ora\u00e7\u00f5es, nas leituras e nos cantos da missa desse dia, e encoraja a Igreja inteira a perseverar na prepara\u00e7\u00e3o para o Natal do Senhor. A [&hellip;]\" \/>\n<meta property=\"og:url\" content=\"https:\/\/www.oarcanjo.net\/site\/alegrai-vos-ele-esta-bem-perto\/\" \/>\n<meta property=\"og:site_name\" content=\"O Arcanjo no ar\" \/>\n<meta property=\"article:publisher\" content=\"https:\/\/www.facebook.com\/OArcanjoNoAr\/\" \/>\n<meta property=\"article:published_time\" content=\"2013-12-10T08:30:42+00:00\" \/>\n<meta property=\"article:modified_time\" content=\"2013-12-09T19:15:06+00:00\" \/>\n<meta property=\"og:image\" content=\"https:\/\/www.oarcanjo.net\/site\/wp-content\/uploads\/logo-o-arcanjo-no-ar-facebook.png\" \/>\n\t<meta property=\"og:image:width\" content=\"300\" \/>\n\t<meta property=\"og:image:height\" content=\"300\" \/>\n\t<meta property=\"og:image:type\" content=\"image\/png\" \/>\n<meta name=\"author\" content=\"editor\" \/>\n<meta name=\"twitter:card\" content=\"summary_large_image\" \/>\n<meta name=\"twitter:label1\" content=\"Escrito por\" \/>\n\t<meta name=\"twitter:data1\" content=\"editor\" \/>\n\t<meta name=\"twitter:label2\" content=\"Est. tempo de leitura\" \/>\n\t<meta name=\"twitter:data2\" content=\"3 minutos\" \/>\n<script type=\"application\/ld+json\" class=\"yoast-schema-graph\">{\"@context\":\"https:\/\/schema.org\",\"@graph\":[{\"@type\":\"Article\",\"@id\":\"https:\/\/www.oarcanjo.net\/site\/alegrai-vos-ele-esta-bem-perto\/#article\",\"isPartOf\":{\"@id\":\"https:\/\/www.oarcanjo.net\/site\/alegrai-vos-ele-esta-bem-perto\/\"},\"author\":{\"name\":\"editor\",\"@id\":\"https:\/\/www.oarcanjo.net\/site\/#\/schema\/person\/f7024d007863202483a31326673a0838\"},\"headline\":\"Alegrai-vos, Ele est\u00e1 bem perto!\",\"datePublished\":\"2013-12-10T08:30:42+00:00\",\"dateModified\":\"2013-12-09T19:15:06+00:00\",\"mainEntityOfPage\":{\"@id\":\"https:\/\/www.oarcanjo.net\/site\/alegrai-vos-ele-esta-bem-perto\/\"},\"wordCount\":524,\"commentCount\":0,\"publisher\":{\"@id\":\"https:\/\/www.oarcanjo.net\/site\/#organization\"},\"keywords\":[\"Advento\",\"Deus conosco\",\"Emanuel\",\"Evangelii Gaudium\",\"natal\",\"Papa Francisco\"],\"articleSection\":[\"Reflex\u00f5es\"],\"inLanguage\":\"pt-BR\",\"potentialAction\":[{\"@type\":\"CommentAction\",\"name\":\"Comment\",\"target\":[\"https:\/\/www.oarcanjo.net\/site\/alegrai-vos-ele-esta-bem-perto\/#respond\"]}]},{\"@type\":\"WebPage\",\"@id\":\"https:\/\/www.oarcanjo.net\/site\/alegrai-vos-ele-esta-bem-perto\/\",\"url\":\"https:\/\/www.oarcanjo.net\/site\/alegrai-vos-ele-esta-bem-perto\/\",\"name\":\"Alegrai-vos, Ele est\u00e1 bem perto! - O Arcanjo no ar\",\"isPartOf\":{\"@id\":\"https:\/\/www.oarcanjo.net\/site\/#website\"},\"datePublished\":\"2013-12-10T08:30:42+00:00\",\"dateModified\":\"2013-12-09T19:15:06+00:00\",\"breadcrumb\":{\"@id\":\"https:\/\/www.oarcanjo.net\/site\/alegrai-vos-ele-esta-bem-perto\/#breadcrumb\"},\"inLanguage\":\"pt-BR\",\"potentialAction\":[{\"@type\":\"ReadAction\",\"target\":[\"https:\/\/www.oarcanjo.net\/site\/alegrai-vos-ele-esta-bem-perto\/\"]}]},{\"@type\":\"BreadcrumbList\",\"@id\":\"https:\/\/www.oarcanjo.net\/site\/alegrai-vos-ele-esta-bem-perto\/#breadcrumb\",\"itemListElement\":[{\"@type\":\"ListItem\",\"position\":1,\"name\":\"In\u00edcio\",\"item\":\"https:\/\/www.oarcanjo.net\/site\/\"},{\"@type\":\"ListItem\",\"position\":2,\"name\":\"Alegrai-vos, Ele est\u00e1 bem perto!\"}]},{\"@type\":\"WebSite\",\"@id\":\"https:\/\/www.oarcanjo.net\/site\/#website\",\"url\":\"https:\/\/www.oarcanjo.net\/site\/\",\"name\":\"O Arcanjo no ar\",\"description\":\"Site da Par\u00f3quia S\u00e3o Miguel Arcanjo (Arquidiocese de SP)\",\"publisher\":{\"@id\":\"https:\/\/www.oarcanjo.net\/site\/#organization\"},\"potentialAction\":[{\"@type\":\"SearchAction\",\"target\":{\"@type\":\"EntryPoint\",\"urlTemplate\":\"https:\/\/www.oarcanjo.net\/site\/?s={search_term_string}\"},\"query-input\":{\"@type\":\"PropertyValueSpecification\",\"valueRequired\":true,\"valueName\":\"search_term_string\"}}],\"inLanguage\":\"pt-BR\"},{\"@type\":\"Organization\",\"@id\":\"https:\/\/www.oarcanjo.net\/site\/#organization\",\"name\":\"Par\u00f3quia S\u00e3o Miguel Arcanjo\",\"url\":\"https:\/\/www.oarcanjo.net\/site\/\",\"logo\":{\"@type\":\"ImageObject\",\"inLanguage\":\"pt-BR\",\"@id\":\"https:\/\/www.oarcanjo.net\/site\/#\/schema\/logo\/image\/\",\"url\":\"https:\/\/www.oarcanjo.net\/site\/wp-content\/uploads\/LogoOArcanjo.png\",\"contentUrl\":\"https:\/\/www.oarcanjo.net\/site\/wp-content\/uploads\/LogoOArcanjo.png\",\"width\":319,\"height\":99,\"caption\":\"Par\u00f3quia S\u00e3o Miguel Arcanjo\"},\"image\":{\"@id\":\"https:\/\/www.oarcanjo.net\/site\/#\/schema\/logo\/image\/\"},\"sameAs\":[\"https:\/\/www.facebook.com\/OArcanjoNoAr\/\"]},{\"@type\":\"Person\",\"@id\":\"https:\/\/www.oarcanjo.net\/site\/#\/schema\/person\/f7024d007863202483a31326673a0838\",\"name\":\"editor\",\"sameAs\":[\"http:\/\/www.oarcanjo.net\"]}]}<\/script>\n<!-- \/ Yoast SEO plugin. -->","yoast_head_json":{"title":"Alegrai-vos, Ele est\u00e1 bem perto! - O Arcanjo no ar","robots":{"index":"index","follow":"follow","max-snippet":"max-snippet:-1","max-image-preview":"max-image-preview:large","max-video-preview":"max-video-preview:-1"},"canonical":"https:\/\/www.oarcanjo.net\/site\/alegrai-vos-ele-esta-bem-perto\/","og_locale":"pt_BR","og_type":"article","og_title":"Alegrai-vos, Ele est\u00e1 bem perto! - O Arcanjo no ar","og_description":"Dom\u00a0Edmar Peron O Tempo do Advento, \u201ctempo de piedosa e alegre expectativa\u201d, ao chegar no seu 3\u00ba Domingo, irrompe num grito: \u201cAlegrai-vos no Senhor\u201d (Fl 4,4). Essa alegria aparece nas ora\u00e7\u00f5es, nas leituras e nos cantos da missa desse dia, e encoraja a Igreja inteira a perseverar na prepara\u00e7\u00e3o para o Natal do Senhor. A [&hellip;]","og_url":"https:\/\/www.oarcanjo.net\/site\/alegrai-vos-ele-esta-bem-perto\/","og_site_name":"O Arcanjo no ar","article_publisher":"https:\/\/www.facebook.com\/OArcanjoNoAr\/","article_published_time":"2013-12-10T08:30:42+00:00","article_modified_time":"2013-12-09T19:15:06+00:00","og_image":[{"width":300,"height":300,"url":"https:\/\/www.oarcanjo.net\/site\/wp-content\/uploads\/logo-o-arcanjo-no-ar-facebook.png","type":"image\/png"}],"author":"editor","twitter_card":"summary_large_image","twitter_misc":{"Escrito por":"editor","Est. tempo de leitura":"3 minutos"},"schema":{"@context":"https:\/\/schema.org","@graph":[{"@type":"Article","@id":"https:\/\/www.oarcanjo.net\/site\/alegrai-vos-ele-esta-bem-perto\/#article","isPartOf":{"@id":"https:\/\/www.oarcanjo.net\/site\/alegrai-vos-ele-esta-bem-perto\/"},"author":{"name":"editor","@id":"https:\/\/www.oarcanjo.net\/site\/#\/schema\/person\/f7024d007863202483a31326673a0838"},"headline":"Alegrai-vos, Ele est\u00e1 bem perto!","datePublished":"2013-12-10T08:30:42+00:00","dateModified":"2013-12-09T19:15:06+00:00","mainEntityOfPage":{"@id":"https:\/\/www.oarcanjo.net\/site\/alegrai-vos-ele-esta-bem-perto\/"},"wordCount":524,"commentCount":0,"publisher":{"@id":"https:\/\/www.oarcanjo.net\/site\/#organization"},"keywords":["Advento","Deus conosco","Emanuel","Evangelii Gaudium","natal","Papa Francisco"],"articleSection":["Reflex\u00f5es"],"inLanguage":"pt-BR","potentialAction":[{"@type":"CommentAction","name":"Comment","target":["https:\/\/www.oarcanjo.net\/site\/alegrai-vos-ele-esta-bem-perto\/#respond"]}]},{"@type":"WebPage","@id":"https:\/\/www.oarcanjo.net\/site\/alegrai-vos-ele-esta-bem-perto\/","url":"https:\/\/www.oarcanjo.net\/site\/alegrai-vos-ele-esta-bem-perto\/","name":"Alegrai-vos, Ele est\u00e1 bem perto! - O Arcanjo no ar","isPartOf":{"@id":"https:\/\/www.oarcanjo.net\/site\/#website"},"datePublished":"2013-12-10T08:30:42+00:00","dateModified":"2013-12-09T19:15:06+00:00","breadcrumb":{"@id":"https:\/\/www.oarcanjo.net\/site\/alegrai-vos-ele-esta-bem-perto\/#breadcrumb"},"inLanguage":"pt-BR","potentialAction":[{"@type":"ReadAction","target":["https:\/\/www.oarcanjo.net\/site\/alegrai-vos-ele-esta-bem-perto\/"]}]},{"@type":"BreadcrumbList","@id":"https:\/\/www.oarcanjo.net\/site\/alegrai-vos-ele-esta-bem-perto\/#breadcrumb","itemListElement":[{"@type":"ListItem","position":1,"name":"In\u00edcio","item":"https:\/\/www.oarcanjo.net\/site\/"},{"@type":"ListItem","position":2,"name":"Alegrai-vos, Ele est\u00e1 bem perto!"}]},{"@type":"WebSite","@id":"https:\/\/www.oarcanjo.net\/site\/#website","url":"https:\/\/www.oarcanjo.net\/site\/","name":"O Arcanjo no ar","description":"Site da Par\u00f3quia S\u00e3o Miguel Arcanjo (Arquidiocese de SP)","publisher":{"@id":"https:\/\/www.oarcanjo.net\/site\/#organization"},"potentialAction":[{"@type":"SearchAction","target":{"@type":"EntryPoint","urlTemplate":"https:\/\/www.oarcanjo.net\/site\/?s={search_term_string}"},"query-input":{"@type":"PropertyValueSpecification","valueRequired":true,"valueName":"search_term_string"}}],"inLanguage":"pt-BR"},{"@type":"Organization","@id":"https:\/\/www.oarcanjo.net\/site\/#organization","name":"Par\u00f3quia S\u00e3o Miguel Arcanjo","url":"https:\/\/www.oarcanjo.net\/site\/","logo":{"@type":"ImageObject","inLanguage":"pt-BR","@id":"https:\/\/www.oarcanjo.net\/site\/#\/schema\/logo\/image\/","url":"https:\/\/www.oarcanjo.net\/site\/wp-content\/uploads\/LogoOArcanjo.png","contentUrl":"https:\/\/www.oarcanjo.net\/site\/wp-content\/uploads\/LogoOArcanjo.png","width":319,"height":99,"caption":"Par\u00f3quia S\u00e3o Miguel Arcanjo"},"image":{"@id":"https:\/\/www.oarcanjo.net\/site\/#\/schema\/logo\/image\/"},"sameAs":["https:\/\/www.facebook.com\/OArcanjoNoAr\/"]},{"@type":"Person","@id":"https:\/\/www.oarcanjo.net\/site\/#\/schema\/person\/f7024d007863202483a31326673a0838","name":"editor","sameAs":["http:\/\/www.oarcanjo.net"]}]}},"publishpress_future_action":{"enabled":false,"date":"2026-05-09 00:11:52","action":"category","newStatus":"draft","terms":[],"taxonomy":"category"},"publishpress_future_workflow_manual_trigger":{"enabledWorkflows":[]},"_links":{"self":[{"href":"https:\/\/www.oarcanjo.net\/site\/wp-json\/wp\/v2\/posts\/23975"}],"collection":[{"href":"https:\/\/www.oarcanjo.net\/site\/wp-json\/wp\/v2\/posts"}],"about":[{"href":"https:\/\/www.oarcanjo.net\/site\/wp-json\/wp\/v2\/types\/post"}],"author":[{"embeddable":true,"href":"https:\/\/www.oarcanjo.net\/site\/wp-json\/wp\/v2\/users\/5"}],"replies":[{"embeddable":true,"href":"https:\/\/www.oarcanjo.net\/site\/wp-json\/wp\/v2\/comments?post=23975"}],"version-history":[{"count":0,"href":"https:\/\/www.oarcanjo.net\/site\/wp-json\/wp\/v2\/posts\/23975\/revisions"}],"wp:attachment":[{"href":"https:\/\/www.oarcanjo.net\/site\/wp-json\/wp\/v2\/media?parent=23975"}],"wp:term":[{"taxonomy":"category","embeddable":true,"href":"https:\/\/www.oarcanjo.net\/site\/wp-json\/wp\/v2\/categories?post=23975"},{"taxonomy":"post_tag","embeddable":true,"href":"https:\/\/www.oarcanjo.net\/site\/wp-json\/wp\/v2\/tags?post=23975"}],"curies":[{"name":"wp","href":"https:\/\/api.w.org\/{rel}","templated":true}]}}