
{"id":23984,"date":"2013-12-10T09:27:22","date_gmt":"2013-12-10T11:27:22","guid":{"rendered":"http:\/\/www.oarcanjo.net\/site\/?p=23984"},"modified":"2013-12-10T09:27:22","modified_gmt":"2013-12-10T11:27:22","slug":"reflexao-de-advento","status":"publish","type":"post","link":"https:\/\/www.oarcanjo.net\/site\/reflexao-de-advento\/","title":{"rendered":"Reflex\u00e3o de Advento"},"content":{"rendered":"<p><em>Maria Clara Bingemer<\/em><\/p>\n<p>A palavra \u201cadvento\u201d tem origem latina e significa \u201cchegada\u201d, \u201caproxima\u00e7\u00e3o\u201d, \u201cvinda\u201d. No Ano Lit\u00fargico, o Advento \u00e9 um tempo de prepara\u00e7\u00e3o para a segunda maior festa crist\u00e3: o Natal do Senhor. Neste tempo, celebramos a grande verdade da nossa f\u00e9, que \u00e9 o nascimento de Jesus em Bel\u00e9m.\u00a0 Assim, a Igreja comemora a vinda do Filho de Deus entre os homens (aspecto hist\u00f3rico) e vive a alegre expectativa de sua segunda vinda d\u2019Ele, em poder e gl\u00f3ria, em dia e hora desconhecidos para n\u00f3s, mas conhecidos para Deus.<\/p>\n<p>A espiritualidade do Advento \u00e9 marcada por algumas atitudes b\u00e1sicas: a prepara\u00e7\u00e3o para receber Jesus que ad-v\u00e9m, que se aproxima, a vigil\u00e2ncia e a espera feita de esperan\u00e7a. Ser\u00e1 na \u00a0ora\u00e7\u00e3o e na viv\u00eancia da esperan\u00e7a crist\u00e3 que essas atitudes poder\u00e3o ser vividas e cultivadas.<\/p>\n<p>A prepara\u00e7\u00e3o para receber o Senhor se d\u00e1 na viv\u00eancia da convers\u00e3o e da ascese.\u00a0 E para isso \u00e9 necess\u00e1ria a vigil\u00e2ncia. \u00c9 com olhar atento sobre n\u00f3s e a realidade que nos cerca que somos convocados a nos empenharmos para corresponder \u00e0 a\u00e7\u00e3o do Esp\u00edrito de Deus que quer restaurar todas as coisas. Assim, nosso relacionamento com \u00a0nosso corpo e \u00a0nossos afetos, com nossos familiares e pessoas \u00edntimas, nossa participa\u00e7\u00e3o na vida eclesial e social devem estar no foco de nossa aten\u00e7\u00e3o.<\/p>\n<p>Para receber o Deus feito crian\u00e7a \u00e9 necess\u00e1ria uma renova\u00e7\u00e3o interior profunda e radical, deixando para tr\u00e1s o que foi ficando velho e desgastado em nossa vida e abrindo-nos para acolher o que \u00e9 novo e tem cheiro de p\u00e3o sa\u00eddo do forno, de livro rec\u00e9m impresso, de beb\u00ea sa\u00eddo do banho.\u00a0 Quando a eternidade invade o tempo, a divindade impregna a humanidade, o infinito perpassa a finitude, nada mais ser\u00e1 como antes, porque tudo se fez novo e tudo \u00e9 poss\u00edvel.<\/p>\n<p>Para receber o Menino Jesus\u00a0 que vem e chega no Natal \u00e9 igualmente necess\u00e1rio ter a atitude da espera.\u00a0 E para isso duas figuras b\u00edblicas podem ajudar.\u00a0 Uma \u00e9 Jo\u00e3o Batista, o profeta de olhos de lince e l\u00edngua de fogo, que esperava sem desfalecer a salva\u00e7\u00e3o de Deus, mas sabia que para isso era preciso passar pelo tempo das dores, quando o machado fincado na raiz da \u00e1rvore come\u00e7aria seu trabalho purificador.\u00a0 \u00c9 o mesmo Jo\u00e3o que reconhece e aponta o Cordeiro de Deus e o indica a seus disc\u00edpulos,\u00a0 Jo\u00e3o que tinha o olhar purificado por Deus e sabia reconhecer o advento definitivo que estava por acontecer ali mesmo, diante de seus olhos.<\/p>\n<p>Assim tamb\u00e9m Jo\u00e3o \u00e9 o que n\u00e3o tem medo de falar do que lhe enche o cora\u00e7\u00e3o.\u00a0 H\u00e1 tanto espera.\u00a0 Espera e cr\u00ea.\u00a0 E agora v\u00ea sua espera atendida e cumulada, preenchida pelo advento do esperado das na\u00e7\u00f5es. Reconhece o Messias e sua l\u00edngua de profeta, que denuncia injusti\u00e7as, tamb\u00e9m anuncia aquele que chega e muda o destino de todo o povo e da humanidade em seu conjunto.\u00a0 Jo\u00e3o Batista, o vigilante, \u00e9 figura da vigil\u00e2ncia que deve ser a nossa neste tempo que agora vivemos.<\/p>\n<p>A outra figura \u00e9 Maria, a jovem de Nazar\u00e9 que recebe o an\u00fancio do Advento que come\u00e7a a acontecer em seu corpo e mudar\u00e1 toda a sua vida. \u00a0E que acreditando e dizendo que sim, espera.\u00a0 Espera diligente, n\u00e3o se comprazendo em sua pr\u00f3pria gravidez, mas parte para ajudar a prima, que em sua velhice concebeu quando j\u00e1 n\u00e3o seria mais poss\u00edvel.\u00a0 Espera atenta que move no fundo de seu cora\u00e7\u00e3o as coisas que lhe s\u00e3o ditas da parte do Senhor.\u00a0 Espera alegre, que cr\u00ea que aquele do qual seu ventre est\u00e1 repleto encher\u00e1 a terra inteira com sua b\u00ean\u00e7\u00e3o e seu amor infinito.<\/p>\n<p>Maria n\u00e3o se cont\u00e9m e canta.\u00a0 Canta louvando a Deus pelas maravilhas que nela operou.\u00a0 Canta proclamando que a justi\u00e7a t\u00e3o esperada por seu povo j\u00e1 se encontra presente em seu ventre gr\u00e1vido do menino que se chamar\u00e1 Jesus. Canta anunciando que toda a espera de Israel finalmente culminou no evento salvador da vinda do Menino.\u00a0 E \u00a0alegra-se porque o fruto de seu ventre ser\u00e1 fruto de salva\u00e7\u00e3o para o mundo inteiro.<\/p>\n<p>Aquilo que \u00e9\u00a0 menor do que tudo que existe, a fragilidade mais absoluta que se possa imaginar &#8211;\u00a0 uma crian\u00e7a que se forma na vulnerabilidade do corpo de uma mulher &#8211;\u00a0 carrega em si a salva\u00e7\u00e3o que todos desejam e esperam.\u00a0 Seu Advento \u00e9 ocasi\u00e3o de vida em abund\u00e2ncia para todos os que vivem essa espera vigilante e amorosa, essa abertura de corpo e esp\u00edrito para a fecunda\u00e7\u00e3o que Deus realiza com sua gra\u00e7a sobre toda carne.<\/p>\n<div id=\"themify_builder_content-23984\" data-postid=\"23984\" class=\"themify_builder_content themify_builder_content-23984 themify_builder themify_builder_front\">\n\t<\/div>\n<!-- \/themify_builder_content -->","protected":false},"excerpt":{"rendered":"<p>Maria Clara Bingemer A palavra \u201cadvento\u201d tem origem latina e significa \u201cchegada\u201d, \u201caproxima\u00e7\u00e3o\u201d, \u201cvinda\u201d. No Ano Lit\u00fargico, o Advento \u00e9 um tempo de prepara\u00e7\u00e3o para a segunda maior festa crist\u00e3: o Natal do Senhor. Neste tempo, celebramos a grande verdade da nossa f\u00e9, que \u00e9 o nascimento de Jesus em Bel\u00e9m.\u00a0 Assim, a Igreja comemora [&hellip;]<\/p>\n","protected":false},"author":5,"featured_media":0,"comment_status":"open","ping_status":"open","sticky":false,"template":"","format":"standard","meta":{"ngg_post_thumbnail":0,"footnotes":""},"categories":[9],"tags":[108,2898,652,2897,2900,164,236,112,60,2879,2899],"yoast_head":"<!-- This site is optimized with the Yoast SEO plugin v23.5 - https:\/\/yoast.com\/wordpress\/plugins\/seo\/ -->\n<title>Reflex\u00e3o de Advento - O Arcanjo no ar<\/title>\n<meta name=\"robots\" content=\"index, follow, max-snippet:-1, max-image-preview:large, max-video-preview:-1\" \/>\n<link rel=\"canonical\" href=\"https:\/\/www.oarcanjo.net\/site\/reflexao-de-advento\/\" \/>\n<meta property=\"og:locale\" content=\"pt_BR\" \/>\n<meta property=\"og:type\" content=\"article\" \/>\n<meta property=\"og:title\" content=\"Reflex\u00e3o de Advento - O Arcanjo no ar\" \/>\n<meta property=\"og:description\" content=\"Maria Clara Bingemer A palavra \u201cadvento\u201d tem origem latina e significa \u201cchegada\u201d, \u201caproxima\u00e7\u00e3o\u201d, \u201cvinda\u201d. No Ano Lit\u00fargico, o Advento \u00e9 um tempo de prepara\u00e7\u00e3o para a segunda maior festa crist\u00e3: o Natal do Senhor. Neste tempo, celebramos a grande verdade da nossa f\u00e9, que \u00e9 o nascimento de Jesus em Bel\u00e9m.\u00a0 Assim, a Igreja comemora [&hellip;]\" \/>\n<meta property=\"og:url\" content=\"https:\/\/www.oarcanjo.net\/site\/reflexao-de-advento\/\" \/>\n<meta property=\"og:site_name\" content=\"O Arcanjo no ar\" \/>\n<meta property=\"article:publisher\" content=\"https:\/\/www.facebook.com\/OArcanjoNoAr\/\" \/>\n<meta property=\"article:published_time\" content=\"2013-12-10T11:27:22+00:00\" \/>\n<meta property=\"og:image\" content=\"https:\/\/www.oarcanjo.net\/site\/wp-content\/uploads\/logo-o-arcanjo-no-ar-facebook.png\" \/>\n\t<meta property=\"og:image:width\" content=\"300\" \/>\n\t<meta property=\"og:image:height\" content=\"300\" \/>\n\t<meta property=\"og:image:type\" content=\"image\/png\" \/>\n<meta name=\"author\" content=\"editor\" \/>\n<meta name=\"twitter:card\" content=\"summary_large_image\" \/>\n<meta name=\"twitter:label1\" content=\"Escrito por\" \/>\n\t<meta name=\"twitter:data1\" content=\"editor\" \/>\n\t<meta name=\"twitter:label2\" content=\"Est. tempo de leitura\" \/>\n\t<meta name=\"twitter:data2\" content=\"4 minutos\" \/>\n<script type=\"application\/ld+json\" class=\"yoast-schema-graph\">{\"@context\":\"https:\/\/schema.org\",\"@graph\":[{\"@type\":\"Article\",\"@id\":\"https:\/\/www.oarcanjo.net\/site\/reflexao-de-advento\/#article\",\"isPartOf\":{\"@id\":\"https:\/\/www.oarcanjo.net\/site\/reflexao-de-advento\/\"},\"author\":{\"name\":\"editor\",\"@id\":\"https:\/\/www.oarcanjo.net\/site\/#\/schema\/person\/f7024d007863202483a31326673a0838\"},\"headline\":\"Reflex\u00e3o de Advento\",\"datePublished\":\"2013-12-10T11:27:22+00:00\",\"dateModified\":\"2013-12-10T11:27:22+00:00\",\"mainEntityOfPage\":{\"@id\":\"https:\/\/www.oarcanjo.net\/site\/reflexao-de-advento\/\"},\"wordCount\":820,\"commentCount\":0,\"publisher\":{\"@id\":\"https:\/\/www.oarcanjo.net\/site\/#organization\"},\"keywords\":[\"Advento\",\"Aproxima\u00e7\u00e3o\",\"Bel\u00e9m\",\"Chegada\",\"Espera\",\"esperan\u00e7a\",\"Jesus\",\"nascimento\",\"natal\",\"Prepara\u00e7\u00e3o\",\"Vigil\u00e2ncia\"],\"articleSection\":[\"Reflex\u00f5es\"],\"inLanguage\":\"pt-BR\",\"potentialAction\":[{\"@type\":\"CommentAction\",\"name\":\"Comment\",\"target\":[\"https:\/\/www.oarcanjo.net\/site\/reflexao-de-advento\/#respond\"]}]},{\"@type\":\"WebPage\",\"@id\":\"https:\/\/www.oarcanjo.net\/site\/reflexao-de-advento\/\",\"url\":\"https:\/\/www.oarcanjo.net\/site\/reflexao-de-advento\/\",\"name\":\"Reflex\u00e3o de Advento - O Arcanjo no ar\",\"isPartOf\":{\"@id\":\"https:\/\/www.oarcanjo.net\/site\/#website\"},\"datePublished\":\"2013-12-10T11:27:22+00:00\",\"dateModified\":\"2013-12-10T11:27:22+00:00\",\"breadcrumb\":{\"@id\":\"https:\/\/www.oarcanjo.net\/site\/reflexao-de-advento\/#breadcrumb\"},\"inLanguage\":\"pt-BR\",\"potentialAction\":[{\"@type\":\"ReadAction\",\"target\":[\"https:\/\/www.oarcanjo.net\/site\/reflexao-de-advento\/\"]}]},{\"@type\":\"BreadcrumbList\",\"@id\":\"https:\/\/www.oarcanjo.net\/site\/reflexao-de-advento\/#breadcrumb\",\"itemListElement\":[{\"@type\":\"ListItem\",\"position\":1,\"name\":\"In\u00edcio\",\"item\":\"https:\/\/www.oarcanjo.net\/site\/\"},{\"@type\":\"ListItem\",\"position\":2,\"name\":\"Reflex\u00e3o de Advento\"}]},{\"@type\":\"WebSite\",\"@id\":\"https:\/\/www.oarcanjo.net\/site\/#website\",\"url\":\"https:\/\/www.oarcanjo.net\/site\/\",\"name\":\"O Arcanjo no ar\",\"description\":\"Site da Par\u00f3quia S\u00e3o Miguel Arcanjo (Arquidiocese de SP)\",\"publisher\":{\"@id\":\"https:\/\/www.oarcanjo.net\/site\/#organization\"},\"potentialAction\":[{\"@type\":\"SearchAction\",\"target\":{\"@type\":\"EntryPoint\",\"urlTemplate\":\"https:\/\/www.oarcanjo.net\/site\/?s={search_term_string}\"},\"query-input\":{\"@type\":\"PropertyValueSpecification\",\"valueRequired\":true,\"valueName\":\"search_term_string\"}}],\"inLanguage\":\"pt-BR\"},{\"@type\":\"Organization\",\"@id\":\"https:\/\/www.oarcanjo.net\/site\/#organization\",\"name\":\"Par\u00f3quia S\u00e3o Miguel Arcanjo\",\"url\":\"https:\/\/www.oarcanjo.net\/site\/\",\"logo\":{\"@type\":\"ImageObject\",\"inLanguage\":\"pt-BR\",\"@id\":\"https:\/\/www.oarcanjo.net\/site\/#\/schema\/logo\/image\/\",\"url\":\"https:\/\/www.oarcanjo.net\/site\/wp-content\/uploads\/LogoOArcanjo.png\",\"contentUrl\":\"https:\/\/www.oarcanjo.net\/site\/wp-content\/uploads\/LogoOArcanjo.png\",\"width\":319,\"height\":99,\"caption\":\"Par\u00f3quia S\u00e3o Miguel Arcanjo\"},\"image\":{\"@id\":\"https:\/\/www.oarcanjo.net\/site\/#\/schema\/logo\/image\/\"},\"sameAs\":[\"https:\/\/www.facebook.com\/OArcanjoNoAr\/\"]},{\"@type\":\"Person\",\"@id\":\"https:\/\/www.oarcanjo.net\/site\/#\/schema\/person\/f7024d007863202483a31326673a0838\",\"name\":\"editor\",\"sameAs\":[\"http:\/\/www.oarcanjo.net\"]}]}<\/script>\n<!-- \/ Yoast SEO plugin. -->","yoast_head_json":{"title":"Reflex\u00e3o de Advento - O Arcanjo no ar","robots":{"index":"index","follow":"follow","max-snippet":"max-snippet:-1","max-image-preview":"max-image-preview:large","max-video-preview":"max-video-preview:-1"},"canonical":"https:\/\/www.oarcanjo.net\/site\/reflexao-de-advento\/","og_locale":"pt_BR","og_type":"article","og_title":"Reflex\u00e3o de Advento - O Arcanjo no ar","og_description":"Maria Clara Bingemer A palavra \u201cadvento\u201d tem origem latina e significa \u201cchegada\u201d, \u201caproxima\u00e7\u00e3o\u201d, \u201cvinda\u201d. No Ano Lit\u00fargico, o Advento \u00e9 um tempo de prepara\u00e7\u00e3o para a segunda maior festa crist\u00e3: o Natal do Senhor. Neste tempo, celebramos a grande verdade da nossa f\u00e9, que \u00e9 o nascimento de Jesus em Bel\u00e9m.\u00a0 Assim, a Igreja comemora [&hellip;]","og_url":"https:\/\/www.oarcanjo.net\/site\/reflexao-de-advento\/","og_site_name":"O Arcanjo no ar","article_publisher":"https:\/\/www.facebook.com\/OArcanjoNoAr\/","article_published_time":"2013-12-10T11:27:22+00:00","og_image":[{"width":300,"height":300,"url":"https:\/\/www.oarcanjo.net\/site\/wp-content\/uploads\/logo-o-arcanjo-no-ar-facebook.png","type":"image\/png"}],"author":"editor","twitter_card":"summary_large_image","twitter_misc":{"Escrito por":"editor","Est. tempo de leitura":"4 minutos"},"schema":{"@context":"https:\/\/schema.org","@graph":[{"@type":"Article","@id":"https:\/\/www.oarcanjo.net\/site\/reflexao-de-advento\/#article","isPartOf":{"@id":"https:\/\/www.oarcanjo.net\/site\/reflexao-de-advento\/"},"author":{"name":"editor","@id":"https:\/\/www.oarcanjo.net\/site\/#\/schema\/person\/f7024d007863202483a31326673a0838"},"headline":"Reflex\u00e3o de Advento","datePublished":"2013-12-10T11:27:22+00:00","dateModified":"2013-12-10T11:27:22+00:00","mainEntityOfPage":{"@id":"https:\/\/www.oarcanjo.net\/site\/reflexao-de-advento\/"},"wordCount":820,"commentCount":0,"publisher":{"@id":"https:\/\/www.oarcanjo.net\/site\/#organization"},"keywords":["Advento","Aproxima\u00e7\u00e3o","Bel\u00e9m","Chegada","Espera","esperan\u00e7a","Jesus","nascimento","natal","Prepara\u00e7\u00e3o","Vigil\u00e2ncia"],"articleSection":["Reflex\u00f5es"],"inLanguage":"pt-BR","potentialAction":[{"@type":"CommentAction","name":"Comment","target":["https:\/\/www.oarcanjo.net\/site\/reflexao-de-advento\/#respond"]}]},{"@type":"WebPage","@id":"https:\/\/www.oarcanjo.net\/site\/reflexao-de-advento\/","url":"https:\/\/www.oarcanjo.net\/site\/reflexao-de-advento\/","name":"Reflex\u00e3o de Advento - O Arcanjo no ar","isPartOf":{"@id":"https:\/\/www.oarcanjo.net\/site\/#website"},"datePublished":"2013-12-10T11:27:22+00:00","dateModified":"2013-12-10T11:27:22+00:00","breadcrumb":{"@id":"https:\/\/www.oarcanjo.net\/site\/reflexao-de-advento\/#breadcrumb"},"inLanguage":"pt-BR","potentialAction":[{"@type":"ReadAction","target":["https:\/\/www.oarcanjo.net\/site\/reflexao-de-advento\/"]}]},{"@type":"BreadcrumbList","@id":"https:\/\/www.oarcanjo.net\/site\/reflexao-de-advento\/#breadcrumb","itemListElement":[{"@type":"ListItem","position":1,"name":"In\u00edcio","item":"https:\/\/www.oarcanjo.net\/site\/"},{"@type":"ListItem","position":2,"name":"Reflex\u00e3o de Advento"}]},{"@type":"WebSite","@id":"https:\/\/www.oarcanjo.net\/site\/#website","url":"https:\/\/www.oarcanjo.net\/site\/","name":"O Arcanjo no ar","description":"Site da Par\u00f3quia S\u00e3o Miguel Arcanjo (Arquidiocese de SP)","publisher":{"@id":"https:\/\/www.oarcanjo.net\/site\/#organization"},"potentialAction":[{"@type":"SearchAction","target":{"@type":"EntryPoint","urlTemplate":"https:\/\/www.oarcanjo.net\/site\/?s={search_term_string}"},"query-input":{"@type":"PropertyValueSpecification","valueRequired":true,"valueName":"search_term_string"}}],"inLanguage":"pt-BR"},{"@type":"Organization","@id":"https:\/\/www.oarcanjo.net\/site\/#organization","name":"Par\u00f3quia S\u00e3o Miguel Arcanjo","url":"https:\/\/www.oarcanjo.net\/site\/","logo":{"@type":"ImageObject","inLanguage":"pt-BR","@id":"https:\/\/www.oarcanjo.net\/site\/#\/schema\/logo\/image\/","url":"https:\/\/www.oarcanjo.net\/site\/wp-content\/uploads\/LogoOArcanjo.png","contentUrl":"https:\/\/www.oarcanjo.net\/site\/wp-content\/uploads\/LogoOArcanjo.png","width":319,"height":99,"caption":"Par\u00f3quia S\u00e3o Miguel Arcanjo"},"image":{"@id":"https:\/\/www.oarcanjo.net\/site\/#\/schema\/logo\/image\/"},"sameAs":["https:\/\/www.facebook.com\/OArcanjoNoAr\/"]},{"@type":"Person","@id":"https:\/\/www.oarcanjo.net\/site\/#\/schema\/person\/f7024d007863202483a31326673a0838","name":"editor","sameAs":["http:\/\/www.oarcanjo.net"]}]}},"publishpress_future_action":{"enabled":false,"date":"2026-05-09 00:05:37","action":"category","newStatus":"draft","terms":[],"taxonomy":"category"},"publishpress_future_workflow_manual_trigger":{"enabledWorkflows":[]},"_links":{"self":[{"href":"https:\/\/www.oarcanjo.net\/site\/wp-json\/wp\/v2\/posts\/23984"}],"collection":[{"href":"https:\/\/www.oarcanjo.net\/site\/wp-json\/wp\/v2\/posts"}],"about":[{"href":"https:\/\/www.oarcanjo.net\/site\/wp-json\/wp\/v2\/types\/post"}],"author":[{"embeddable":true,"href":"https:\/\/www.oarcanjo.net\/site\/wp-json\/wp\/v2\/users\/5"}],"replies":[{"embeddable":true,"href":"https:\/\/www.oarcanjo.net\/site\/wp-json\/wp\/v2\/comments?post=23984"}],"version-history":[{"count":0,"href":"https:\/\/www.oarcanjo.net\/site\/wp-json\/wp\/v2\/posts\/23984\/revisions"}],"wp:attachment":[{"href":"https:\/\/www.oarcanjo.net\/site\/wp-json\/wp\/v2\/media?parent=23984"}],"wp:term":[{"taxonomy":"category","embeddable":true,"href":"https:\/\/www.oarcanjo.net\/site\/wp-json\/wp\/v2\/categories?post=23984"},{"taxonomy":"post_tag","embeddable":true,"href":"https:\/\/www.oarcanjo.net\/site\/wp-json\/wp\/v2\/tags?post=23984"}],"curies":[{"name":"wp","href":"https:\/\/api.w.org\/{rel}","templated":true}]}}