
{"id":23987,"date":"2013-12-10T19:39:09","date_gmt":"2013-12-10T21:39:09","guid":{"rendered":"http:\/\/www.oarcanjo.net\/site\/?p=23987"},"modified":"2013-12-10T19:39:09","modified_gmt":"2013-12-10T21:39:09","slug":"direitos-humanos-e-humanos-direitos","status":"publish","type":"post","link":"https:\/\/www.oarcanjo.net\/site\/direitos-humanos-e-humanos-direitos\/","title":{"rendered":"Direitos humanos e humanos direitos"},"content":{"rendered":"<p style=\"text-align: justify;\"><em>Pe. Alfredo J. Gon\u00e7alves, cs<\/em><\/p>\n<p style=\"text-align: justify;\">O <em>Dia Internacional dos Direitos Humanos<\/em> \u00e9 celebrado anualmente em 10 de dezembro. Por qu\u00ea essa data? Porque justamente nesse dia, no ano de 1948, a Assembleia Geral das Na\u00e7\u00f5es Unidas proclamou a Declara\u00e7\u00e3o Universal dos Direitos do Homem. Assinada por nada menos do que 58 pa\u00edses, o objetivo da declara\u00e7\u00e3o era, por um lado, o de combater todo tipo de preconceito, discrimina\u00e7\u00e3o e xenofobia e, por outro, ap\u00f3s os sangrentos conflitos da Segunda Guerra Mundial que deixaram um rastro macabro de milh\u00f5es de mortos e mutilados, promover a paz entre os pa\u00edses e em toda a humanidade.<\/p>\n<p style=\"text-align: justify;\">Hoje, como sabemos, a <em>cultura dos direitos humanos<\/em> se estende aos mais variados grupos, setores, classes, extratos sociais, minorias \u00e9tnicas, situa\u00e7\u00f5es e campos da exist\u00eancia humana, sem falar de cada ser humano individualmente \u00fanico e irrepet\u00edvel. Em outras palavras, povos e na\u00e7\u00f5es, bem como popula\u00e7\u00f5es inteiras abrigam-se nesses amplo chap\u00e9u que \u00e9 a defesa, o respeito e a garantia dos direitos humanos. \u00c0 cultura do \u00f3dio ou da intoler\u00e2ncia, da viol\u00eancia ou da guerra, do individualismo ou do nacionalismo exacerbado \u2013 sobrep\u00f5e-se a ideia de uma conviv\u00eancia pac\u00edfica. \u00c0 cultura da indiferen\u00e7a (Papa Francisco) e do consumo fren\u00e9tico e indiscriminado, centralizada num hedonismo egoc\u00eantrico \u2013 sobrep\u00f5e-se a solidariedade com as v\u00edtimas do mercado total e da economia globalizada.<\/p>\n<p style=\"text-align: justify;\">Mas, entre pessoas, povos e na\u00e7\u00f5es diferentes, n\u00e3o bastam a toler\u00e2ncia e a coexist\u00eancia pac\u00edfica. N\u00e3o basta levar em conta apenas o conceito de multiculturalismo. N\u00e3o basta o lado quantitativo ou exterior do pluralismo, seja este de car\u00e1ter religioso ou cultural, seja de natureza pol\u00edtica ou ideol\u00f3gica. N\u00e3o basta cruzar e recruzar, quase que diariamente \u2013 na rua e no trabalho, na televis\u00e3o ou na Internet \u2013 com os \u201cmil rostos do outro\u201d. N\u00e3o basta conhecer, observar e admirar os costumes e a vis\u00e3o de mundo de outros seres humanos, como se o globo n\u00e3o passasse de um gigantesco teatro onde as pessoas desfilam no palco iluminado, ao mesmo temo como atores e espectadores de vidas ex\u00f3ticas. Ou pior ainda, como se todos fiz\u00e9ssemos parte de um colossal zool\u00f3gico, onde, simultaneamente, observamos e nos deixamos observar em nossos comportamentos estranhos um ao outro. Em uma palavra, n\u00e3o basta a letra morta da Declara\u00e7\u00e3o Universal dos Direitos Humanos. \u00c9 preciso um passo adiante!<\/p>\n<p style=\"text-align: justify;\">O esp\u00edrito da Declara\u00e7\u00e3o exige um salto qualitativono relacionamento com o outro e diferente. Requer escuta e aten\u00e7\u00e3o, empatia e compreens\u00e3o, aceita\u00e7\u00e3o e di\u00e1logo&#8230; Nisto encontra-se a chave do verdadeiro encontro. N\u00e3o um mon\u00f3logo entre dois surdos ou dois mudos indiferentes enre si, mas o interc\u00e2mbio respeitoso de ideias, a argumenta\u00e7\u00e3o racional e sadia, o confronto dial\u00f3gico de cora\u00e7\u00f5es, mentes e almas. O segredo desse encontro \u00e9 que os valores de cada pessoa ou cultura, apesar de diferentes (ou precisamente por isso) se enriquecem reciprocamente. Ao dialogarem entre si, tendem a crescer, a se purificar e a se depurar um ao outro. No debate aberto, sincero e corajoso, incorporam novas ideias e filtram impurezas acumuladas. Se \u00e9 no confronto que se constr\u00f3i a pr\u00f3pria identidade, esta aperfei\u00e7oa sua imagem (faz, desfaz e a refaz) diante do espelho que \u00e9 a face do outro. No dizer de Martin Buber, o encontro s\u00f3 \u00e9 poss\u00edvel entre diferentes!<\/p>\n<p style=\"text-align: justify;\">Um novo conceito entra em cena: o de interculturalismo. De fato, enquanto o <em>multiculturalismo<\/em> pressup\u00f5e a coexist\u00eancia mais ou menos pac\u00edfica entre pessoas e povos, costumes e culturas diversas, o <em>interculturalismo<\/em> passa necessariamente pelo di\u00e1logo e pelo confronto, onde ambas as partes saem mutuamente questionadas e enriquecidas. No primeiro caso, as diferen\u00e7as se justap\u00f5em, convivem lado a lado, toleram-se uma \u00e0 outra, numa esp\u00e9cie de mistura entre \u00e1gua a azeite \u2013 mas n\u00e3o mudam absolutamente nada da sua vis\u00e3o de mundo e de seu comportamento. No segundo caso, ao contr\u00e1rio, as diferen\u00e7as se entrela\u00e7am e se interpelam, uma buscando contemporaneamente aprender e enriquecer a outra. Aqui cada momento de di\u00e1logo muda, transforma, faz crescer. N\u00e3o se trata de mera justaposi\u00e7\u00e3o, mas de encontro de almas e culturas, onde cada uma se abre aos valores da outra. Como ambas constituem uma mistura de \u00e1gua e sede ou de luz e sombra, ambas t\u00eam a ganhar com o interc\u00e2mbio. Com raz\u00e3o lembrava o fil\u00f3sofo franc\u00eas Emanuel Levin\u00e1s que o caminho para mim mesmo passa pelo outro, enquanto H.J.Gadamer, fil\u00f3sofo alem\u00e3o, insistia que o outro tem mais a dizer sobre mim do que sobre ele mesmo.<\/p>\n<p style=\"text-align: justify;\">A conclus\u00e3o \u00e9 que o esp\u00edrito mais profundo da cultura dos <em>Direitos Humanos<\/em> assenta-se sobre a sabedoria e a grandeza de <em>Humanos Direitos<\/em>. Estes, numa <em>conditio sine qua non<\/em>, preparam o campo para a conquista, o respeito e a garantia \u00e0 dignidade de cada pessoa humana, a qual, por sua vez, constitui o fio condutor da Doutrina Social da Igreja. Aqui, por\u00e9m, mais do que subordinar a primeira express\u00e3o \u00e0 segunda ou fazer um jogo de palavras, o acento deve recair sobre uma din\u00e2mica dial\u00e9tica entre os dois aspectos da quest\u00e3o. Se, por um lado, os direitos humanos requerem a exist\u00eancia de humanos direitos, por outro, estes s\u00f3 podem proliferar num ambiente livre, aberto e solid\u00e1rio com todas as pessoas, povos e culturas. Em outras palavras, ao mesmo tempo que a cultura dos direitos humanos engendra as condi\u00e7\u00f5es para o surgimento de humanos direitos, estes \u00faltimos pavimentam o terreno para o fortalecimento daquela. Direitos humanos e humanos direitos s\u00e3o duas faces da mesma moeda.<\/p>\n<p style=\"text-align: justify;\">Nesse terreno, o joio se comp\u00f5e de discrimina\u00e7\u00e3o, preconceito, racismo, xenofobia, persegui\u00e7\u00e3o, intoler\u00e2ncia, fundamentalismo (pol\u00edtico, religioso ou ideol\u00f3gico)&#8230; Enquanto o trigo encontra-se na abertura dial\u00f3gica entre as pessoas, para usar o conceito de Paulo Freire em seus livros <em>Pedagogia do oprmido<\/em> e <em>Educa\u00e7\u00e3o como pr\u00e1tica da liberdade<\/em>. Semelhante abertura ao outro ou diferente d\u00e1 in\u00edcio a uma esp\u00e9cie de movimento espiral de compreens\u00e3o e respeito, o qual, a partir de um encontro eu-tu como ponto central, expande-se centrifugamente em todas as dire\u00e7\u00f5es e a todas as rela\u00e7\u00f5es humanas. No centro, no cora\u00e7\u00e3o, est\u00e1 a pessoa humana capaz de abrir-se e de escutar, de dar e receber, de ensinar e aprender. \u00c9 nesse caminho de m\u00e3o dupla que se levanta o edif\u00edcio dos Direitos Humanos, independentemente de sexo, cor, ra\u00e7a, l\u00edngua, credo, na\u00e7\u00e3o, bandeira, ideologia, costumes, cultura&#8230;<\/p>\n<p style=\"text-align: justify;\">\u00c9 igualmente esse ponto central \u2013 encontro eu-tu \u2013 que d\u00e1 origem ao verdadeiro conceito de evangeliza\u00e7\u00e3o. Tamb\u00e9m neste caso a Boa Nova do Evangelho pressup\u00f5e e ao mesmo tempo engendra mulheres e homens novos. Instala-se uma din\u00e2mica espiral entre a convers\u00e3o pessoal e as transforma\u00e7\u00f5es de ordem social, econ\u00f4mica, pol\u00edtica e cultural. Por uma parte, mulheres e homens convertidos abrem o caminho para a Boa Not\u00edcia, por outra, a evangeliza\u00e7\u00e3o alarga as oportunidades para novas convers\u00f5es. Os dois aspectos s\u00e3o indissoci\u00e1veis, fazem parte de um \u00fanico processo evangelizador.<\/p>\n<p style=\"text-align: justify;\">&nbsp;<\/p>\n<p style=\"text-align: justify;\"><em>Roma, It\u00e1lia, 10 de dezembro de 2013<\/em><\/p>\n<p style=\"text-align: justify;\">&nbsp;<\/p>\n<div id=\"themify_builder_content-23987\" data-postid=\"23987\" class=\"themify_builder_content themify_builder_content-23987 themify_builder themify_builder_front\">\n\t<\/div>\n<!-- \/themify_builder_content -->","protected":false},"excerpt":{"rendered":"<p>Pe. Alfredo J. Gon\u00e7alves, cs O Dia Internacional dos Direitos Humanos \u00e9 celebrado anualmente em 10 de dezembro. Por qu\u00ea essa data? Porque justamente nesse dia, no ano de 1948, a Assembleia Geral das Na\u00e7\u00f5es Unidas proclamou a Declara\u00e7\u00e3o Universal dos Direitos do Homem. Assinada por nada menos do que 58 pa\u00edses, o objetivo da [&hellip;]<\/p>\n","protected":false},"author":15,"featured_media":0,"comment_status":"open","ping_status":"open","sticky":false,"template":"","format":"standard","meta":{"ngg_post_thumbnail":0,"footnotes":""},"categories":[9],"tags":[],"yoast_head":"<!-- This site is optimized with the Yoast SEO plugin v23.5 - https:\/\/yoast.com\/wordpress\/plugins\/seo\/ -->\n<title>Direitos humanos e humanos direitos - O Arcanjo no ar<\/title>\n<meta name=\"robots\" content=\"index, follow, max-snippet:-1, max-image-preview:large, max-video-preview:-1\" \/>\n<link rel=\"canonical\" href=\"https:\/\/www.oarcanjo.net\/site\/direitos-humanos-e-humanos-direitos\/\" \/>\n<meta property=\"og:locale\" content=\"pt_BR\" \/>\n<meta property=\"og:type\" content=\"article\" \/>\n<meta property=\"og:title\" content=\"Direitos humanos e humanos direitos - O Arcanjo no ar\" \/>\n<meta property=\"og:description\" content=\"Pe. Alfredo J. Gon\u00e7alves, cs O Dia Internacional dos Direitos Humanos \u00e9 celebrado anualmente em 10 de dezembro. Por qu\u00ea essa data? Porque justamente nesse dia, no ano de 1948, a Assembleia Geral das Na\u00e7\u00f5es Unidas proclamou a Declara\u00e7\u00e3o Universal dos Direitos do Homem. Assinada por nada menos do que 58 pa\u00edses, o objetivo da [&hellip;]\" \/>\n<meta property=\"og:url\" content=\"https:\/\/www.oarcanjo.net\/site\/direitos-humanos-e-humanos-direitos\/\" \/>\n<meta property=\"og:site_name\" content=\"O Arcanjo no ar\" \/>\n<meta property=\"article:publisher\" content=\"https:\/\/www.facebook.com\/OArcanjoNoAr\/\" \/>\n<meta property=\"article:published_time\" content=\"2013-12-10T21:39:09+00:00\" \/>\n<meta property=\"og:image\" content=\"https:\/\/www.oarcanjo.net\/site\/wp-content\/uploads\/logo-o-arcanjo-no-ar-facebook.png\" \/>\n\t<meta property=\"og:image:width\" content=\"300\" \/>\n\t<meta property=\"og:image:height\" content=\"300\" \/>\n\t<meta property=\"og:image:type\" content=\"image\/png\" \/>\n<meta name=\"author\" content=\"Alexandre Nunes\" \/>\n<meta name=\"twitter:card\" content=\"summary_large_image\" \/>\n<meta name=\"twitter:label1\" content=\"Escrito por\" \/>\n\t<meta name=\"twitter:data1\" content=\"Alexandre Nunes\" \/>\n\t<meta name=\"twitter:label2\" content=\"Est. tempo de leitura\" \/>\n\t<meta name=\"twitter:data2\" content=\"6 minutos\" \/>\n<script type=\"application\/ld+json\" class=\"yoast-schema-graph\">{\"@context\":\"https:\/\/schema.org\",\"@graph\":[{\"@type\":\"Article\",\"@id\":\"https:\/\/www.oarcanjo.net\/site\/direitos-humanos-e-humanos-direitos\/#article\",\"isPartOf\":{\"@id\":\"https:\/\/www.oarcanjo.net\/site\/direitos-humanos-e-humanos-direitos\/\"},\"author\":{\"name\":\"Alexandre Nunes\",\"@id\":\"https:\/\/www.oarcanjo.net\/site\/#\/schema\/person\/0a2ae077c1a09b69d29928e3b9f1c0d1\"},\"headline\":\"Direitos humanos e humanos direitos\",\"datePublished\":\"2013-12-10T21:39:09+00:00\",\"dateModified\":\"2013-12-10T21:39:09+00:00\",\"mainEntityOfPage\":{\"@id\":\"https:\/\/www.oarcanjo.net\/site\/direitos-humanos-e-humanos-direitos\/\"},\"wordCount\":1238,\"commentCount\":0,\"publisher\":{\"@id\":\"https:\/\/www.oarcanjo.net\/site\/#organization\"},\"articleSection\":[\"Reflex\u00f5es\"],\"inLanguage\":\"pt-BR\",\"potentialAction\":[{\"@type\":\"CommentAction\",\"name\":\"Comment\",\"target\":[\"https:\/\/www.oarcanjo.net\/site\/direitos-humanos-e-humanos-direitos\/#respond\"]}]},{\"@type\":\"WebPage\",\"@id\":\"https:\/\/www.oarcanjo.net\/site\/direitos-humanos-e-humanos-direitos\/\",\"url\":\"https:\/\/www.oarcanjo.net\/site\/direitos-humanos-e-humanos-direitos\/\",\"name\":\"Direitos humanos e humanos direitos - O Arcanjo no ar\",\"isPartOf\":{\"@id\":\"https:\/\/www.oarcanjo.net\/site\/#website\"},\"datePublished\":\"2013-12-10T21:39:09+00:00\",\"dateModified\":\"2013-12-10T21:39:09+00:00\",\"breadcrumb\":{\"@id\":\"https:\/\/www.oarcanjo.net\/site\/direitos-humanos-e-humanos-direitos\/#breadcrumb\"},\"inLanguage\":\"pt-BR\",\"potentialAction\":[{\"@type\":\"ReadAction\",\"target\":[\"https:\/\/www.oarcanjo.net\/site\/direitos-humanos-e-humanos-direitos\/\"]}]},{\"@type\":\"BreadcrumbList\",\"@id\":\"https:\/\/www.oarcanjo.net\/site\/direitos-humanos-e-humanos-direitos\/#breadcrumb\",\"itemListElement\":[{\"@type\":\"ListItem\",\"position\":1,\"name\":\"In\u00edcio\",\"item\":\"https:\/\/www.oarcanjo.net\/site\/\"},{\"@type\":\"ListItem\",\"position\":2,\"name\":\"Direitos humanos e humanos direitos\"}]},{\"@type\":\"WebSite\",\"@id\":\"https:\/\/www.oarcanjo.net\/site\/#website\",\"url\":\"https:\/\/www.oarcanjo.net\/site\/\",\"name\":\"O Arcanjo no ar\",\"description\":\"Site da Par\u00f3quia S\u00e3o Miguel Arcanjo (Arquidiocese de SP)\",\"publisher\":{\"@id\":\"https:\/\/www.oarcanjo.net\/site\/#organization\"},\"potentialAction\":[{\"@type\":\"SearchAction\",\"target\":{\"@type\":\"EntryPoint\",\"urlTemplate\":\"https:\/\/www.oarcanjo.net\/site\/?s={search_term_string}\"},\"query-input\":{\"@type\":\"PropertyValueSpecification\",\"valueRequired\":true,\"valueName\":\"search_term_string\"}}],\"inLanguage\":\"pt-BR\"},{\"@type\":\"Organization\",\"@id\":\"https:\/\/www.oarcanjo.net\/site\/#organization\",\"name\":\"Par\u00f3quia S\u00e3o Miguel Arcanjo\",\"url\":\"https:\/\/www.oarcanjo.net\/site\/\",\"logo\":{\"@type\":\"ImageObject\",\"inLanguage\":\"pt-BR\",\"@id\":\"https:\/\/www.oarcanjo.net\/site\/#\/schema\/logo\/image\/\",\"url\":\"https:\/\/www.oarcanjo.net\/site\/wp-content\/uploads\/LogoOArcanjo.png\",\"contentUrl\":\"https:\/\/www.oarcanjo.net\/site\/wp-content\/uploads\/LogoOArcanjo.png\",\"width\":319,\"height\":99,\"caption\":\"Par\u00f3quia S\u00e3o Miguel Arcanjo\"},\"image\":{\"@id\":\"https:\/\/www.oarcanjo.net\/site\/#\/schema\/logo\/image\/\"},\"sameAs\":[\"https:\/\/www.facebook.com\/OArcanjoNoAr\/\"]},{\"@type\":\"Person\",\"@id\":\"https:\/\/www.oarcanjo.net\/site\/#\/schema\/person\/0a2ae077c1a09b69d29928e3b9f1c0d1\",\"name\":\"Alexandre Nunes\",\"sameAs\":[\"http:\/\/alexandrenu.com\"]}]}<\/script>\n<!-- \/ Yoast SEO plugin. -->","yoast_head_json":{"title":"Direitos humanos e humanos direitos - O Arcanjo no ar","robots":{"index":"index","follow":"follow","max-snippet":"max-snippet:-1","max-image-preview":"max-image-preview:large","max-video-preview":"max-video-preview:-1"},"canonical":"https:\/\/www.oarcanjo.net\/site\/direitos-humanos-e-humanos-direitos\/","og_locale":"pt_BR","og_type":"article","og_title":"Direitos humanos e humanos direitos - O Arcanjo no ar","og_description":"Pe. Alfredo J. Gon\u00e7alves, cs O Dia Internacional dos Direitos Humanos \u00e9 celebrado anualmente em 10 de dezembro. Por qu\u00ea essa data? Porque justamente nesse dia, no ano de 1948, a Assembleia Geral das Na\u00e7\u00f5es Unidas proclamou a Declara\u00e7\u00e3o Universal dos Direitos do Homem. Assinada por nada menos do que 58 pa\u00edses, o objetivo da [&hellip;]","og_url":"https:\/\/www.oarcanjo.net\/site\/direitos-humanos-e-humanos-direitos\/","og_site_name":"O Arcanjo no ar","article_publisher":"https:\/\/www.facebook.com\/OArcanjoNoAr\/","article_published_time":"2013-12-10T21:39:09+00:00","og_image":[{"width":300,"height":300,"url":"https:\/\/www.oarcanjo.net\/site\/wp-content\/uploads\/logo-o-arcanjo-no-ar-facebook.png","type":"image\/png"}],"author":"Alexandre Nunes","twitter_card":"summary_large_image","twitter_misc":{"Escrito por":"Alexandre Nunes","Est. tempo de leitura":"6 minutos"},"schema":{"@context":"https:\/\/schema.org","@graph":[{"@type":"Article","@id":"https:\/\/www.oarcanjo.net\/site\/direitos-humanos-e-humanos-direitos\/#article","isPartOf":{"@id":"https:\/\/www.oarcanjo.net\/site\/direitos-humanos-e-humanos-direitos\/"},"author":{"name":"Alexandre Nunes","@id":"https:\/\/www.oarcanjo.net\/site\/#\/schema\/person\/0a2ae077c1a09b69d29928e3b9f1c0d1"},"headline":"Direitos humanos e humanos direitos","datePublished":"2013-12-10T21:39:09+00:00","dateModified":"2013-12-10T21:39:09+00:00","mainEntityOfPage":{"@id":"https:\/\/www.oarcanjo.net\/site\/direitos-humanos-e-humanos-direitos\/"},"wordCount":1238,"commentCount":0,"publisher":{"@id":"https:\/\/www.oarcanjo.net\/site\/#organization"},"articleSection":["Reflex\u00f5es"],"inLanguage":"pt-BR","potentialAction":[{"@type":"CommentAction","name":"Comment","target":["https:\/\/www.oarcanjo.net\/site\/direitos-humanos-e-humanos-direitos\/#respond"]}]},{"@type":"WebPage","@id":"https:\/\/www.oarcanjo.net\/site\/direitos-humanos-e-humanos-direitos\/","url":"https:\/\/www.oarcanjo.net\/site\/direitos-humanos-e-humanos-direitos\/","name":"Direitos humanos e humanos direitos - O Arcanjo no ar","isPartOf":{"@id":"https:\/\/www.oarcanjo.net\/site\/#website"},"datePublished":"2013-12-10T21:39:09+00:00","dateModified":"2013-12-10T21:39:09+00:00","breadcrumb":{"@id":"https:\/\/www.oarcanjo.net\/site\/direitos-humanos-e-humanos-direitos\/#breadcrumb"},"inLanguage":"pt-BR","potentialAction":[{"@type":"ReadAction","target":["https:\/\/www.oarcanjo.net\/site\/direitos-humanos-e-humanos-direitos\/"]}]},{"@type":"BreadcrumbList","@id":"https:\/\/www.oarcanjo.net\/site\/direitos-humanos-e-humanos-direitos\/#breadcrumb","itemListElement":[{"@type":"ListItem","position":1,"name":"In\u00edcio","item":"https:\/\/www.oarcanjo.net\/site\/"},{"@type":"ListItem","position":2,"name":"Direitos humanos e humanos direitos"}]},{"@type":"WebSite","@id":"https:\/\/www.oarcanjo.net\/site\/#website","url":"https:\/\/www.oarcanjo.net\/site\/","name":"O Arcanjo no ar","description":"Site da Par\u00f3quia S\u00e3o Miguel Arcanjo (Arquidiocese de SP)","publisher":{"@id":"https:\/\/www.oarcanjo.net\/site\/#organization"},"potentialAction":[{"@type":"SearchAction","target":{"@type":"EntryPoint","urlTemplate":"https:\/\/www.oarcanjo.net\/site\/?s={search_term_string}"},"query-input":{"@type":"PropertyValueSpecification","valueRequired":true,"valueName":"search_term_string"}}],"inLanguage":"pt-BR"},{"@type":"Organization","@id":"https:\/\/www.oarcanjo.net\/site\/#organization","name":"Par\u00f3quia S\u00e3o Miguel Arcanjo","url":"https:\/\/www.oarcanjo.net\/site\/","logo":{"@type":"ImageObject","inLanguage":"pt-BR","@id":"https:\/\/www.oarcanjo.net\/site\/#\/schema\/logo\/image\/","url":"https:\/\/www.oarcanjo.net\/site\/wp-content\/uploads\/LogoOArcanjo.png","contentUrl":"https:\/\/www.oarcanjo.net\/site\/wp-content\/uploads\/LogoOArcanjo.png","width":319,"height":99,"caption":"Par\u00f3quia S\u00e3o Miguel Arcanjo"},"image":{"@id":"https:\/\/www.oarcanjo.net\/site\/#\/schema\/logo\/image\/"},"sameAs":["https:\/\/www.facebook.com\/OArcanjoNoAr\/"]},{"@type":"Person","@id":"https:\/\/www.oarcanjo.net\/site\/#\/schema\/person\/0a2ae077c1a09b69d29928e3b9f1c0d1","name":"Alexandre Nunes","sameAs":["http:\/\/alexandrenu.com"]}]}},"publishpress_future_action":{"enabled":false,"date":"2026-05-09 00:12:31","action":"category","newStatus":"draft","terms":[],"taxonomy":"category"},"publishpress_future_workflow_manual_trigger":{"enabledWorkflows":[]},"_links":{"self":[{"href":"https:\/\/www.oarcanjo.net\/site\/wp-json\/wp\/v2\/posts\/23987"}],"collection":[{"href":"https:\/\/www.oarcanjo.net\/site\/wp-json\/wp\/v2\/posts"}],"about":[{"href":"https:\/\/www.oarcanjo.net\/site\/wp-json\/wp\/v2\/types\/post"}],"author":[{"embeddable":true,"href":"https:\/\/www.oarcanjo.net\/site\/wp-json\/wp\/v2\/users\/15"}],"replies":[{"embeddable":true,"href":"https:\/\/www.oarcanjo.net\/site\/wp-json\/wp\/v2\/comments?post=23987"}],"version-history":[{"count":0,"href":"https:\/\/www.oarcanjo.net\/site\/wp-json\/wp\/v2\/posts\/23987\/revisions"}],"wp:attachment":[{"href":"https:\/\/www.oarcanjo.net\/site\/wp-json\/wp\/v2\/media?parent=23987"}],"wp:term":[{"taxonomy":"category","embeddable":true,"href":"https:\/\/www.oarcanjo.net\/site\/wp-json\/wp\/v2\/categories?post=23987"},{"taxonomy":"post_tag","embeddable":true,"href":"https:\/\/www.oarcanjo.net\/site\/wp-json\/wp\/v2\/tags?post=23987"}],"curies":[{"name":"wp","href":"https:\/\/api.w.org\/{rel}","templated":true}]}}