
{"id":23989,"date":"2013-12-11T10:33:58","date_gmt":"2013-12-11T12:33:58","guid":{"rendered":"http:\/\/www.oarcanjo.net\/site\/?p=23989"},"modified":"2013-12-11T10:33:58","modified_gmt":"2013-12-11T12:33:58","slug":"papa-pede-a-erradicacao-do-escandalo-da-fome","status":"publish","type":"post","link":"https:\/\/www.oarcanjo.net\/site\/papa-pede-a-erradicacao-do-escandalo-da-fome\/","title":{"rendered":"Papa pede a erradica\u00e7\u00e3o do &#8220;esc\u00e2ndalo da fome&#8221;"},"content":{"rendered":"<p>Em v\u00eddeo realizado para a campanha da organiza\u00e7\u00e3o cat\u00f3lica Caritas Internacional contra a fome no mundo, o Papa apela aos cat\u00f3licos, governos e \u00e0 sociedade em geral para erradicar \u201co esc\u00e2ndalo da fome\u201d, aderindo \u00e0 campanha da Caritas \u2018Uma s\u00f3 fam\u00edlia humana, alimento para todos\u2019.<\/p>\n<p><iframe loading=\"lazy\" frameborder=\"0\" height=\"315\" src=\"\/\/www.youtube.com\/embed\/6XPUl_VTtGo?rel=0\" width=\"560\"><\/iframe><\/p>\n<p>Abaixo, a \u00edntegra da mensagem:<\/p>\n<p style=\"padding-left: 30px;\"><em>Queridos irm\u00e3os e queridas irm\u00e3s,<\/em><\/p>\n<p style=\"padding-left: 30px;\"><em>Hoje anuncio com prazer a \u201cCampanha contra a fome no mundo\u201d, lan\u00e7ada pela nossa Caritas Internacional, \u00e0 qual darei todo o meu apoio.<\/em><\/p>\n<p style=\"padding-left: 30px;\"><em>Esta confedera\u00e7\u00e3o, junto com suas 164 organiza\u00e7\u00f5es-membro, se empenha em 200 pa\u00edses e territ\u00f3rios do mundo e o seu trabalho est\u00e1 no cora\u00e7\u00e3o da miss\u00e3o da Igreja e de sua aten\u00e7\u00e3o para com os que sofrem o esc\u00e2ndalo da fome, com o qual o Senhor se identificou quando disse: \u201cTinha fome e me destes de comer\u201d.<\/em><\/p>\n<p style=\"padding-left: 30px;\"><em>Quando os ap\u00f3stolos revelaram a Jesus que as pessoas que foram ouvir suas palavras estavam famintas, ele os incitou a ir procurar comida. Sendo eles mesmos pobres, encontraram apenas cinco p\u00e3es e dois peixes, mas com a gra\u00e7a de Deus, puderam saciar uma multid\u00e3o de pessoas, juntar os restos e evitar qualquer desperd\u00edcio.<\/em><\/p>\n<p style=\"padding-left: 30px;\"><em>Estamos diante do esc\u00e2ndalo mundial de cerca de um bilh\u00e3o, um bilh\u00e3o de pessoas que ainda hoje t\u00eam fome. N\u00e3o podemos virar as costas e fazer de conta que isto n\u00e3o existe. O alimento que o mundo tem \u00e0 disposi\u00e7\u00e3o pode saciar todos.<\/em><\/p>\n<p style=\"padding-left: 30px;\"><em>A par\u00e1bola da multiplica\u00e7\u00e3o dos p\u00e3es e dos peixes nos ensina justamente que se houver vontade, o que temos n\u00e3o vai acabar, ao contr\u00e1rio, vai sobrar, e n\u00e3o deve ser perdido.<\/em><\/p>\n<p style=\"padding-left: 30px;\"><em>Por isso, queridos irm\u00e3os e queridas irm\u00e3s, convido-os a abrir um espa\u00e7o em seus cora\u00e7\u00f5es para esta urg\u00eancia, respeitando o direito dado por Deus a todos de ter acesso a uma alimenta\u00e7\u00e3o adequada.<\/em><\/p>\n<p style=\"padding-left: 30px;\"><em>Compartilhemos o que temos, em caridade crist\u00e3, com os que s\u00e3o obrigados a enfrentar muitos obst\u00e1culos para satisfazer uma necessidade t\u00e3o prim\u00e1ria; e ao mesmo tempo, promovamos uma aut\u00eantica coopera\u00e7\u00e3o com os pobres para que, atrav\u00e9s dos frutos do seu e do nosso trabalho, possamos viver uma vida digna.<\/em><\/p>\n<p style=\"padding-left: 30px;\"><em>Convido todas as institui\u00e7\u00f5es do mundo, toda a Igreja e cada um de n\u00f3s, como uma \u00fanica fam\u00edlia humana, a dar voz a todas as pessoas que passam fome silenciosamente, a fim de que esta voz se torne um grito que possa sacudir o mundo.<\/em><\/p>\n<p style=\"padding-left: 30px;\"><em>Esta campanha quer ser tamb\u00e9m um convite a todos n\u00f3s para sermos mais conscientes de nosso regime alimentar, que muitas vezes comporta desperd\u00edcio de comida e m\u00e1-utiliza\u00e7\u00e3o dos recursos de que dispomos. Ela \u00e9 tamb\u00e9m uma exorta\u00e7\u00e3o a pararmos de pensar que nossos gestos cotidianos n\u00e3o t\u00eam impacto na vida de quem \u2013 seja perto, seja longe de n\u00f3s \u2013 sofre a fome na pr\u00f3pria pele.<\/em><\/p>\n<p style=\"padding-left: 30px;\"><em>Pe\u00e7o-lhes, com todo o cora\u00e7\u00e3o, que ajudem a nossa Caritas nesta nobre Campanha, agindo como uma \u00fanica fam\u00edlia que se empenha em garantir o alimento para todos.<\/em><\/p>\n<p style=\"padding-left: 30px;\"><em>Rezemos para que Deus nos d\u00ea a gra\u00e7a de ver um mundo no qual ningu\u00e9m jamais deva morrer de fome. Ao pedir esta gra\u00e7a, concedo-lhes a minha b\u00ean\u00e7\u00e3o.<\/em><\/p>\n<p style=\"padding-left: 30px;\"><em>(Tradu\u00e7\u00e3o livre da reda\u00e7\u00e3o do Programa Brasileiro \u2013 RV)<\/em><\/p>\n<p><em>Fonte: News.Va<\/em><\/p>\n<div id=\"themify_builder_content-23989\" data-postid=\"23989\" class=\"themify_builder_content themify_builder_content-23989 themify_builder themify_builder_front\">\n\t<\/div>\n<!-- \/themify_builder_content -->","protected":false},"excerpt":{"rendered":"<p>Em v\u00eddeo realizado para a campanha da organiza\u00e7\u00e3o cat\u00f3lica Caritas Internacional contra a fome no mundo, o Papa apela aos cat\u00f3licos, governos e \u00e0 sociedade em geral para erradicar \u201co esc\u00e2ndalo da fome\u201d, aderindo \u00e0 campanha da Caritas \u2018Uma s\u00f3 fam\u00edlia humana, alimento para todos\u2019. Abaixo, a \u00edntegra da mensagem: Queridos irm\u00e3os e queridas irm\u00e3s, [&hellip;]<\/p>\n","protected":false},"author":5,"featured_media":0,"comment_status":"open","ping_status":"open","sticky":false,"template":"","format":"standard","meta":{"ngg_post_thumbnail":0,"footnotes":""},"categories":[8],"tags":[952,2091,2816,38,2433],"yoast_head":"<!-- This site is optimized with the Yoast SEO plugin v23.5 - https:\/\/yoast.com\/wordpress\/plugins\/seo\/ -->\n<title>Papa pede a erradica\u00e7\u00e3o do &quot;esc\u00e2ndalo da fome&quot; - O Arcanjo no ar<\/title>\n<meta name=\"robots\" content=\"index, follow, max-snippet:-1, max-image-preview:large, max-video-preview:-1\" \/>\n<link rel=\"canonical\" href=\"https:\/\/www.oarcanjo.net\/site\/papa-pede-a-erradicacao-do-escandalo-da-fome\/\" \/>\n<meta property=\"og:locale\" content=\"pt_BR\" \/>\n<meta property=\"og:type\" content=\"article\" \/>\n<meta property=\"og:title\" content=\"Papa pede a erradica\u00e7\u00e3o do &quot;esc\u00e2ndalo da fome&quot; - O Arcanjo no ar\" \/>\n<meta property=\"og:description\" content=\"Em v\u00eddeo realizado para a campanha da organiza\u00e7\u00e3o cat\u00f3lica Caritas Internacional contra a fome no mundo, o Papa apela aos cat\u00f3licos, governos e \u00e0 sociedade em geral para erradicar \u201co esc\u00e2ndalo da fome\u201d, aderindo \u00e0 campanha da Caritas \u2018Uma s\u00f3 fam\u00edlia humana, alimento para todos\u2019. Abaixo, a \u00edntegra da mensagem: Queridos irm\u00e3os e queridas irm\u00e3s, [&hellip;]\" \/>\n<meta property=\"og:url\" content=\"https:\/\/www.oarcanjo.net\/site\/papa-pede-a-erradicacao-do-escandalo-da-fome\/\" \/>\n<meta property=\"og:site_name\" content=\"O Arcanjo no ar\" \/>\n<meta property=\"article:publisher\" content=\"https:\/\/www.facebook.com\/OArcanjoNoAr\/\" \/>\n<meta property=\"article:published_time\" content=\"2013-12-11T12:33:58+00:00\" \/>\n<meta property=\"og:image\" content=\"https:\/\/www.oarcanjo.net\/site\/wp-content\/uploads\/logo-o-arcanjo-no-ar-facebook.png\" \/>\n\t<meta property=\"og:image:width\" content=\"300\" \/>\n\t<meta property=\"og:image:height\" content=\"300\" \/>\n\t<meta property=\"og:image:type\" content=\"image\/png\" \/>\n<meta name=\"author\" content=\"editor\" \/>\n<meta name=\"twitter:card\" content=\"summary_large_image\" \/>\n<meta name=\"twitter:label1\" content=\"Escrito por\" \/>\n\t<meta name=\"twitter:data1\" content=\"editor\" \/>\n\t<meta name=\"twitter:label2\" content=\"Est. tempo de leitura\" \/>\n\t<meta name=\"twitter:data2\" content=\"3 minutos\" \/>\n<script type=\"application\/ld+json\" class=\"yoast-schema-graph\">{\"@context\":\"https:\/\/schema.org\",\"@graph\":[{\"@type\":\"Article\",\"@id\":\"https:\/\/www.oarcanjo.net\/site\/papa-pede-a-erradicacao-do-escandalo-da-fome\/#article\",\"isPartOf\":{\"@id\":\"https:\/\/www.oarcanjo.net\/site\/papa-pede-a-erradicacao-do-escandalo-da-fome\/\"},\"author\":{\"name\":\"editor\",\"@id\":\"https:\/\/www.oarcanjo.net\/site\/#\/schema\/person\/f7024d007863202483a31326673a0838\"},\"headline\":\"Papa pede a erradica\u00e7\u00e3o do &#8220;esc\u00e2ndalo da fome&#8221;\",\"datePublished\":\"2013-12-11T12:33:58+00:00\",\"dateModified\":\"2013-12-11T12:33:58+00:00\",\"mainEntityOfPage\":{\"@id\":\"https:\/\/www.oarcanjo.net\/site\/papa-pede-a-erradicacao-do-escandalo-da-fome\/\"},\"wordCount\":593,\"commentCount\":0,\"publisher\":{\"@id\":\"https:\/\/www.oarcanjo.net\/site\/#organization\"},\"keywords\":[\"alimento\",\"campanha\",\"C\u00e1ritas Internacional\",\"fome\",\"Papa Francisco\"],\"articleSection\":[\"Not\u00edcias\"],\"inLanguage\":\"pt-BR\",\"potentialAction\":[{\"@type\":\"CommentAction\",\"name\":\"Comment\",\"target\":[\"https:\/\/www.oarcanjo.net\/site\/papa-pede-a-erradicacao-do-escandalo-da-fome\/#respond\"]}]},{\"@type\":\"WebPage\",\"@id\":\"https:\/\/www.oarcanjo.net\/site\/papa-pede-a-erradicacao-do-escandalo-da-fome\/\",\"url\":\"https:\/\/www.oarcanjo.net\/site\/papa-pede-a-erradicacao-do-escandalo-da-fome\/\",\"name\":\"Papa pede a erradica\u00e7\u00e3o do \\\"esc\u00e2ndalo da fome\\\" - O Arcanjo no ar\",\"isPartOf\":{\"@id\":\"https:\/\/www.oarcanjo.net\/site\/#website\"},\"datePublished\":\"2013-12-11T12:33:58+00:00\",\"dateModified\":\"2013-12-11T12:33:58+00:00\",\"breadcrumb\":{\"@id\":\"https:\/\/www.oarcanjo.net\/site\/papa-pede-a-erradicacao-do-escandalo-da-fome\/#breadcrumb\"},\"inLanguage\":\"pt-BR\",\"potentialAction\":[{\"@type\":\"ReadAction\",\"target\":[\"https:\/\/www.oarcanjo.net\/site\/papa-pede-a-erradicacao-do-escandalo-da-fome\/\"]}]},{\"@type\":\"BreadcrumbList\",\"@id\":\"https:\/\/www.oarcanjo.net\/site\/papa-pede-a-erradicacao-do-escandalo-da-fome\/#breadcrumb\",\"itemListElement\":[{\"@type\":\"ListItem\",\"position\":1,\"name\":\"In\u00edcio\",\"item\":\"https:\/\/www.oarcanjo.net\/site\/\"},{\"@type\":\"ListItem\",\"position\":2,\"name\":\"Papa pede a erradica\u00e7\u00e3o do &#8220;esc\u00e2ndalo da fome&#8221;\"}]},{\"@type\":\"WebSite\",\"@id\":\"https:\/\/www.oarcanjo.net\/site\/#website\",\"url\":\"https:\/\/www.oarcanjo.net\/site\/\",\"name\":\"O Arcanjo no ar\",\"description\":\"Site da Par\u00f3quia S\u00e3o Miguel Arcanjo (Arquidiocese de SP)\",\"publisher\":{\"@id\":\"https:\/\/www.oarcanjo.net\/site\/#organization\"},\"potentialAction\":[{\"@type\":\"SearchAction\",\"target\":{\"@type\":\"EntryPoint\",\"urlTemplate\":\"https:\/\/www.oarcanjo.net\/site\/?s={search_term_string}\"},\"query-input\":{\"@type\":\"PropertyValueSpecification\",\"valueRequired\":true,\"valueName\":\"search_term_string\"}}],\"inLanguage\":\"pt-BR\"},{\"@type\":\"Organization\",\"@id\":\"https:\/\/www.oarcanjo.net\/site\/#organization\",\"name\":\"Par\u00f3quia S\u00e3o Miguel Arcanjo\",\"url\":\"https:\/\/www.oarcanjo.net\/site\/\",\"logo\":{\"@type\":\"ImageObject\",\"inLanguage\":\"pt-BR\",\"@id\":\"https:\/\/www.oarcanjo.net\/site\/#\/schema\/logo\/image\/\",\"url\":\"https:\/\/www.oarcanjo.net\/site\/wp-content\/uploads\/LogoOArcanjo.png\",\"contentUrl\":\"https:\/\/www.oarcanjo.net\/site\/wp-content\/uploads\/LogoOArcanjo.png\",\"width\":319,\"height\":99,\"caption\":\"Par\u00f3quia S\u00e3o Miguel Arcanjo\"},\"image\":{\"@id\":\"https:\/\/www.oarcanjo.net\/site\/#\/schema\/logo\/image\/\"},\"sameAs\":[\"https:\/\/www.facebook.com\/OArcanjoNoAr\/\"]},{\"@type\":\"Person\",\"@id\":\"https:\/\/www.oarcanjo.net\/site\/#\/schema\/person\/f7024d007863202483a31326673a0838\",\"name\":\"editor\",\"sameAs\":[\"http:\/\/www.oarcanjo.net\"]}]}<\/script>\n<!-- \/ Yoast SEO plugin. -->","yoast_head_json":{"title":"Papa pede a erradica\u00e7\u00e3o do \"esc\u00e2ndalo da fome\" - O Arcanjo no ar","robots":{"index":"index","follow":"follow","max-snippet":"max-snippet:-1","max-image-preview":"max-image-preview:large","max-video-preview":"max-video-preview:-1"},"canonical":"https:\/\/www.oarcanjo.net\/site\/papa-pede-a-erradicacao-do-escandalo-da-fome\/","og_locale":"pt_BR","og_type":"article","og_title":"Papa pede a erradica\u00e7\u00e3o do \"esc\u00e2ndalo da fome\" - O Arcanjo no ar","og_description":"Em v\u00eddeo realizado para a campanha da organiza\u00e7\u00e3o cat\u00f3lica Caritas Internacional contra a fome no mundo, o Papa apela aos cat\u00f3licos, governos e \u00e0 sociedade em geral para erradicar \u201co esc\u00e2ndalo da fome\u201d, aderindo \u00e0 campanha da Caritas \u2018Uma s\u00f3 fam\u00edlia humana, alimento para todos\u2019. Abaixo, a \u00edntegra da mensagem: Queridos irm\u00e3os e queridas irm\u00e3s, [&hellip;]","og_url":"https:\/\/www.oarcanjo.net\/site\/papa-pede-a-erradicacao-do-escandalo-da-fome\/","og_site_name":"O Arcanjo no ar","article_publisher":"https:\/\/www.facebook.com\/OArcanjoNoAr\/","article_published_time":"2013-12-11T12:33:58+00:00","og_image":[{"width":300,"height":300,"url":"https:\/\/www.oarcanjo.net\/site\/wp-content\/uploads\/logo-o-arcanjo-no-ar-facebook.png","type":"image\/png"}],"author":"editor","twitter_card":"summary_large_image","twitter_misc":{"Escrito por":"editor","Est. tempo de leitura":"3 minutos"},"schema":{"@context":"https:\/\/schema.org","@graph":[{"@type":"Article","@id":"https:\/\/www.oarcanjo.net\/site\/papa-pede-a-erradicacao-do-escandalo-da-fome\/#article","isPartOf":{"@id":"https:\/\/www.oarcanjo.net\/site\/papa-pede-a-erradicacao-do-escandalo-da-fome\/"},"author":{"name":"editor","@id":"https:\/\/www.oarcanjo.net\/site\/#\/schema\/person\/f7024d007863202483a31326673a0838"},"headline":"Papa pede a erradica\u00e7\u00e3o do &#8220;esc\u00e2ndalo da fome&#8221;","datePublished":"2013-12-11T12:33:58+00:00","dateModified":"2013-12-11T12:33:58+00:00","mainEntityOfPage":{"@id":"https:\/\/www.oarcanjo.net\/site\/papa-pede-a-erradicacao-do-escandalo-da-fome\/"},"wordCount":593,"commentCount":0,"publisher":{"@id":"https:\/\/www.oarcanjo.net\/site\/#organization"},"keywords":["alimento","campanha","C\u00e1ritas Internacional","fome","Papa Francisco"],"articleSection":["Not\u00edcias"],"inLanguage":"pt-BR","potentialAction":[{"@type":"CommentAction","name":"Comment","target":["https:\/\/www.oarcanjo.net\/site\/papa-pede-a-erradicacao-do-escandalo-da-fome\/#respond"]}]},{"@type":"WebPage","@id":"https:\/\/www.oarcanjo.net\/site\/papa-pede-a-erradicacao-do-escandalo-da-fome\/","url":"https:\/\/www.oarcanjo.net\/site\/papa-pede-a-erradicacao-do-escandalo-da-fome\/","name":"Papa pede a erradica\u00e7\u00e3o do \"esc\u00e2ndalo da fome\" - O Arcanjo no ar","isPartOf":{"@id":"https:\/\/www.oarcanjo.net\/site\/#website"},"datePublished":"2013-12-11T12:33:58+00:00","dateModified":"2013-12-11T12:33:58+00:00","breadcrumb":{"@id":"https:\/\/www.oarcanjo.net\/site\/papa-pede-a-erradicacao-do-escandalo-da-fome\/#breadcrumb"},"inLanguage":"pt-BR","potentialAction":[{"@type":"ReadAction","target":["https:\/\/www.oarcanjo.net\/site\/papa-pede-a-erradicacao-do-escandalo-da-fome\/"]}]},{"@type":"BreadcrumbList","@id":"https:\/\/www.oarcanjo.net\/site\/papa-pede-a-erradicacao-do-escandalo-da-fome\/#breadcrumb","itemListElement":[{"@type":"ListItem","position":1,"name":"In\u00edcio","item":"https:\/\/www.oarcanjo.net\/site\/"},{"@type":"ListItem","position":2,"name":"Papa pede a erradica\u00e7\u00e3o do &#8220;esc\u00e2ndalo da fome&#8221;"}]},{"@type":"WebSite","@id":"https:\/\/www.oarcanjo.net\/site\/#website","url":"https:\/\/www.oarcanjo.net\/site\/","name":"O Arcanjo no ar","description":"Site da Par\u00f3quia S\u00e3o Miguel Arcanjo (Arquidiocese de SP)","publisher":{"@id":"https:\/\/www.oarcanjo.net\/site\/#organization"},"potentialAction":[{"@type":"SearchAction","target":{"@type":"EntryPoint","urlTemplate":"https:\/\/www.oarcanjo.net\/site\/?s={search_term_string}"},"query-input":{"@type":"PropertyValueSpecification","valueRequired":true,"valueName":"search_term_string"}}],"inLanguage":"pt-BR"},{"@type":"Organization","@id":"https:\/\/www.oarcanjo.net\/site\/#organization","name":"Par\u00f3quia S\u00e3o Miguel Arcanjo","url":"https:\/\/www.oarcanjo.net\/site\/","logo":{"@type":"ImageObject","inLanguage":"pt-BR","@id":"https:\/\/www.oarcanjo.net\/site\/#\/schema\/logo\/image\/","url":"https:\/\/www.oarcanjo.net\/site\/wp-content\/uploads\/LogoOArcanjo.png","contentUrl":"https:\/\/www.oarcanjo.net\/site\/wp-content\/uploads\/LogoOArcanjo.png","width":319,"height":99,"caption":"Par\u00f3quia S\u00e3o Miguel Arcanjo"},"image":{"@id":"https:\/\/www.oarcanjo.net\/site\/#\/schema\/logo\/image\/"},"sameAs":["https:\/\/www.facebook.com\/OArcanjoNoAr\/"]},{"@type":"Person","@id":"https:\/\/www.oarcanjo.net\/site\/#\/schema\/person\/f7024d007863202483a31326673a0838","name":"editor","sameAs":["http:\/\/www.oarcanjo.net"]}]}},"publishpress_future_action":{"enabled":false,"date":"2026-05-07 06:54:53","action":"category","newStatus":"draft","terms":[],"taxonomy":"category"},"publishpress_future_workflow_manual_trigger":{"enabledWorkflows":[]},"_links":{"self":[{"href":"https:\/\/www.oarcanjo.net\/site\/wp-json\/wp\/v2\/posts\/23989"}],"collection":[{"href":"https:\/\/www.oarcanjo.net\/site\/wp-json\/wp\/v2\/posts"}],"about":[{"href":"https:\/\/www.oarcanjo.net\/site\/wp-json\/wp\/v2\/types\/post"}],"author":[{"embeddable":true,"href":"https:\/\/www.oarcanjo.net\/site\/wp-json\/wp\/v2\/users\/5"}],"replies":[{"embeddable":true,"href":"https:\/\/www.oarcanjo.net\/site\/wp-json\/wp\/v2\/comments?post=23989"}],"version-history":[{"count":0,"href":"https:\/\/www.oarcanjo.net\/site\/wp-json\/wp\/v2\/posts\/23989\/revisions"}],"wp:attachment":[{"href":"https:\/\/www.oarcanjo.net\/site\/wp-json\/wp\/v2\/media?parent=23989"}],"wp:term":[{"taxonomy":"category","embeddable":true,"href":"https:\/\/www.oarcanjo.net\/site\/wp-json\/wp\/v2\/categories?post=23989"},{"taxonomy":"post_tag","embeddable":true,"href":"https:\/\/www.oarcanjo.net\/site\/wp-json\/wp\/v2\/tags?post=23989"}],"curies":[{"name":"wp","href":"https:\/\/api.w.org\/{rel}","templated":true}]}}