
{"id":23992,"date":"2013-12-11T10:55:10","date_gmt":"2013-12-11T12:55:10","guid":{"rendered":"http:\/\/www.oarcanjo.net\/site\/?p=23992"},"modified":"2014-02-09T22:25:55","modified_gmt":"2014-02-10T00:25:55","slug":"igreja-lanca-campanha-mundial-contra-a-fome-e-a-pobreza","status":"publish","type":"post","link":"https:\/\/www.oarcanjo.net\/site\/igreja-lanca-campanha-mundial-contra-a-fome-e-a-pobreza\/","title":{"rendered":"Igreja lan\u00e7a campanha mundial contra a fome e a pobreza"},"content":{"rendered":"<p><iframe loading=\"lazy\" frameborder=\"0\" height=\"315\" src=\"\/\/www.youtube.com\/embed\/mD2JjkF5irU?rel=0\" width=\"560\"><\/iframe><\/p>\n<p>A <strong>CNBB<\/strong> e a <strong>C\u00e1ritas Brasileira<\/strong> lan\u00e7aram no dia dos Direitos Humanos, 10\/12, a campanha mundial contra a fome, a pobreza e a desigualdade cujo tema no Brasil \u00e9 \u201c<em>Uma fam\u00edlia humana, p\u00e3o e justi\u00e7a para todas as pessoas<\/em>\u201d.<\/p>\n<p>Mesmo o Brasil sendo a sexta mais rica economia do mundo, segundo o IBGE, a desigualdade ainda \u00e9 evidente. Cerca de 57 milh\u00f5es de pessoas est\u00e3o em situa\u00e7\u00e3o de pobreza no pa\u00eds e este \u00e9 um problema que se estende no mundo todo.<\/p>\n<p>\u201cTemos como matar a fome no mundo, mas, para isso, \u00e9 preciso matar primeiro a gan\u00e2ncia\u201d, afirmou dom Fl\u00e1vio Giovenale, presidente da C\u00e1ritas Brasileira. \u201cA campanha mundial quer relembrar a meta estabelecida pelas Na\u00e7\u00f5es Unidas de reduzir pela metade o n\u00famero de pessoas que vivem em extrema pobreza, at\u00e9 2015\u201d, completou. A concentra\u00e7\u00e3o de renda na m\u00e3o de poucos, a m\u00e1 distribui\u00e7\u00e3o de comida, o monop\u00f3lio de terras para plantio e a falta de condi\u00e7\u00f5es para se adquirir alimentos para a subsist\u00eancia s\u00e3o apenas alguns dos fatores que fazem com que a mis\u00e9ria seja um problema cr\u00f4nico da atualidade.  \u201cNosso grande desafio \u00e9, sem d\u00favidas, sensibilizar e levar as pessoas a ajudarem uns aos outros. Despertar a consci\u00eancia da coopera\u00e7\u00e3o no sentido da promo\u00e7\u00e3o do ser humano como um todo\u201d, disse a Pastora Cacielen Nobre, da Igreja Presbiteriana Unida e integrante da Comiss\u00e3o Teol\u00f3gica do Conselho Nacional de Igrejas Crist\u00e3s do Brasil (Conic).<\/p>\n<p>A caminhada \u00e9 longa, mas o primeiro passo j\u00e1 foi dado. \u201cN\u00e3o queremos somente p\u00e3o. Queremos justi\u00e7a e paz para todos e todas\u201d, finalizou Dom Fl\u00e1vio.<\/p>\n<p><a href=\"http:\/\/caritas.org.br\/campanha-mundial\" target=\"_blank\">Leia mais no site da campanha: http:\/\/caritas.org.br\/campanha-mundial<\/a><\/p>\n<p>Assista \u00e0 mensagem do Cardeal \u00d3scar Rodriguez Maradiaga, presidente da <strong>Caritas Internacional<\/strong>:<\/p>\n<p><iframe loading=\"lazy\" frameborder=\"0\" height=\"315\" src=\"\/\/www.youtube.com\/embed\/s5fGrF3PX5I?rel=0\" width=\"560\"><\/iframe><\/p>\n<div id=\"themify_builder_content-23992\" data-postid=\"23992\" class=\"themify_builder_content themify_builder_content-23992 themify_builder themify_builder_front\">\n\t<\/div>\n<!-- \/themify_builder_content -->","protected":false},"excerpt":{"rendered":"<p>A CNBB e a C\u00e1ritas Brasileira lan\u00e7aram no dia dos Direitos Humanos, 10\/12, a campanha mundial contra a fome, a pobreza e a desigualdade cujo tema no Brasil \u00e9 \u201cUma fam\u00edlia humana, p\u00e3o e justi\u00e7a para todas as pessoas\u201d.<\/p>\n","protected":false},"author":5,"featured_media":0,"comment_status":"open","ping_status":"open","sticky":false,"template":"","format":"standard","meta":{"ngg_post_thumbnail":0,"footnotes":""},"categories":[8],"tags":[952,2901,90,63,466,38,2433],"yoast_head":"<!-- This site is optimized with the Yoast SEO plugin v23.5 - https:\/\/yoast.com\/wordpress\/plugins\/seo\/ -->\n<title>Igreja lan\u00e7a campanha mundial contra a fome e a pobreza - O Arcanjo no ar<\/title>\n<meta name=\"robots\" content=\"index, follow, max-snippet:-1, max-image-preview:large, max-video-preview:-1\" \/>\n<link rel=\"canonical\" href=\"https:\/\/www.oarcanjo.net\/site\/igreja-lanca-campanha-mundial-contra-a-fome-e-a-pobreza\/\" \/>\n<meta property=\"og:locale\" content=\"pt_BR\" \/>\n<meta property=\"og:type\" content=\"article\" \/>\n<meta property=\"og:title\" content=\"Igreja lan\u00e7a campanha mundial contra a fome e a pobreza - O Arcanjo no ar\" \/>\n<meta property=\"og:description\" content=\"A CNBB e a C\u00e1ritas Brasileira lan\u00e7aram no dia dos Direitos Humanos, 10\/12, a campanha mundial contra a fome, a pobreza e a desigualdade cujo tema no Brasil \u00e9 \u201cUma fam\u00edlia humana, p\u00e3o e justi\u00e7a para todas as pessoas\u201d.\" \/>\n<meta property=\"og:url\" content=\"https:\/\/www.oarcanjo.net\/site\/igreja-lanca-campanha-mundial-contra-a-fome-e-a-pobreza\/\" \/>\n<meta property=\"og:site_name\" content=\"O Arcanjo no ar\" \/>\n<meta property=\"article:publisher\" content=\"https:\/\/www.facebook.com\/OArcanjoNoAr\/\" \/>\n<meta property=\"article:published_time\" content=\"2013-12-11T12:55:10+00:00\" \/>\n<meta property=\"article:modified_time\" content=\"2014-02-10T00:25:55+00:00\" \/>\n<meta property=\"og:image\" content=\"https:\/\/www.oarcanjo.net\/site\/wp-content\/uploads\/logo-o-arcanjo-no-ar-facebook.png\" \/>\n\t<meta property=\"og:image:width\" content=\"300\" \/>\n\t<meta property=\"og:image:height\" content=\"300\" \/>\n\t<meta property=\"og:image:type\" content=\"image\/png\" \/>\n<meta name=\"author\" content=\"editor\" \/>\n<meta name=\"twitter:card\" content=\"summary_large_image\" \/>\n<meta name=\"twitter:label1\" content=\"Escrito por\" \/>\n\t<meta name=\"twitter:data1\" content=\"editor\" \/>\n\t<meta name=\"twitter:label2\" content=\"Est. tempo de leitura\" \/>\n\t<meta name=\"twitter:data2\" content=\"2 minutos\" \/>\n<script type=\"application\/ld+json\" class=\"yoast-schema-graph\">{\"@context\":\"https:\/\/schema.org\",\"@graph\":[{\"@type\":\"Article\",\"@id\":\"https:\/\/www.oarcanjo.net\/site\/igreja-lanca-campanha-mundial-contra-a-fome-e-a-pobreza\/#article\",\"isPartOf\":{\"@id\":\"https:\/\/www.oarcanjo.net\/site\/igreja-lanca-campanha-mundial-contra-a-fome-e-a-pobreza\/\"},\"author\":{\"name\":\"editor\",\"@id\":\"https:\/\/www.oarcanjo.net\/site\/#\/schema\/person\/f7024d007863202483a31326673a0838\"},\"headline\":\"Igreja lan\u00e7a campanha mundial contra a fome e a pobreza\",\"datePublished\":\"2013-12-11T12:55:10+00:00\",\"dateModified\":\"2014-02-10T00:25:55+00:00\",\"mainEntityOfPage\":{\"@id\":\"https:\/\/www.oarcanjo.net\/site\/igreja-lanca-campanha-mundial-contra-a-fome-e-a-pobreza\/\"},\"wordCount\":319,\"commentCount\":0,\"publisher\":{\"@id\":\"https:\/\/www.oarcanjo.net\/site\/#organization\"},\"keywords\":[\"alimento\",\"campanha mundial contra a fome\",\"C\u00e1ritas\",\"CNBB\",\"exclus\u00e3o\",\"fome\",\"Papa Francisco\"],\"articleSection\":[\"Not\u00edcias\"],\"inLanguage\":\"pt-BR\",\"potentialAction\":[{\"@type\":\"CommentAction\",\"name\":\"Comment\",\"target\":[\"https:\/\/www.oarcanjo.net\/site\/igreja-lanca-campanha-mundial-contra-a-fome-e-a-pobreza\/#respond\"]}]},{\"@type\":\"WebPage\",\"@id\":\"https:\/\/www.oarcanjo.net\/site\/igreja-lanca-campanha-mundial-contra-a-fome-e-a-pobreza\/\",\"url\":\"https:\/\/www.oarcanjo.net\/site\/igreja-lanca-campanha-mundial-contra-a-fome-e-a-pobreza\/\",\"name\":\"Igreja lan\u00e7a campanha mundial contra a fome e a pobreza - O Arcanjo no ar\",\"isPartOf\":{\"@id\":\"https:\/\/www.oarcanjo.net\/site\/#website\"},\"datePublished\":\"2013-12-11T12:55:10+00:00\",\"dateModified\":\"2014-02-10T00:25:55+00:00\",\"breadcrumb\":{\"@id\":\"https:\/\/www.oarcanjo.net\/site\/igreja-lanca-campanha-mundial-contra-a-fome-e-a-pobreza\/#breadcrumb\"},\"inLanguage\":\"pt-BR\",\"potentialAction\":[{\"@type\":\"ReadAction\",\"target\":[\"https:\/\/www.oarcanjo.net\/site\/igreja-lanca-campanha-mundial-contra-a-fome-e-a-pobreza\/\"]}]},{\"@type\":\"BreadcrumbList\",\"@id\":\"https:\/\/www.oarcanjo.net\/site\/igreja-lanca-campanha-mundial-contra-a-fome-e-a-pobreza\/#breadcrumb\",\"itemListElement\":[{\"@type\":\"ListItem\",\"position\":1,\"name\":\"In\u00edcio\",\"item\":\"https:\/\/www.oarcanjo.net\/site\/\"},{\"@type\":\"ListItem\",\"position\":2,\"name\":\"Igreja lan\u00e7a campanha mundial contra a fome e a pobreza\"}]},{\"@type\":\"WebSite\",\"@id\":\"https:\/\/www.oarcanjo.net\/site\/#website\",\"url\":\"https:\/\/www.oarcanjo.net\/site\/\",\"name\":\"O Arcanjo no ar\",\"description\":\"Site da Par\u00f3quia S\u00e3o Miguel Arcanjo (Arquidiocese de SP)\",\"publisher\":{\"@id\":\"https:\/\/www.oarcanjo.net\/site\/#organization\"},\"potentialAction\":[{\"@type\":\"SearchAction\",\"target\":{\"@type\":\"EntryPoint\",\"urlTemplate\":\"https:\/\/www.oarcanjo.net\/site\/?s={search_term_string}\"},\"query-input\":{\"@type\":\"PropertyValueSpecification\",\"valueRequired\":true,\"valueName\":\"search_term_string\"}}],\"inLanguage\":\"pt-BR\"},{\"@type\":\"Organization\",\"@id\":\"https:\/\/www.oarcanjo.net\/site\/#organization\",\"name\":\"Par\u00f3quia S\u00e3o Miguel Arcanjo\",\"url\":\"https:\/\/www.oarcanjo.net\/site\/\",\"logo\":{\"@type\":\"ImageObject\",\"inLanguage\":\"pt-BR\",\"@id\":\"https:\/\/www.oarcanjo.net\/site\/#\/schema\/logo\/image\/\",\"url\":\"https:\/\/www.oarcanjo.net\/site\/wp-content\/uploads\/LogoOArcanjo.png\",\"contentUrl\":\"https:\/\/www.oarcanjo.net\/site\/wp-content\/uploads\/LogoOArcanjo.png\",\"width\":319,\"height\":99,\"caption\":\"Par\u00f3quia S\u00e3o Miguel Arcanjo\"},\"image\":{\"@id\":\"https:\/\/www.oarcanjo.net\/site\/#\/schema\/logo\/image\/\"},\"sameAs\":[\"https:\/\/www.facebook.com\/OArcanjoNoAr\/\"]},{\"@type\":\"Person\",\"@id\":\"https:\/\/www.oarcanjo.net\/site\/#\/schema\/person\/f7024d007863202483a31326673a0838\",\"name\":\"editor\",\"sameAs\":[\"http:\/\/www.oarcanjo.net\"]}]}<\/script>\n<!-- \/ Yoast SEO plugin. -->","yoast_head_json":{"title":"Igreja lan\u00e7a campanha mundial contra a fome e a pobreza - O Arcanjo no ar","robots":{"index":"index","follow":"follow","max-snippet":"max-snippet:-1","max-image-preview":"max-image-preview:large","max-video-preview":"max-video-preview:-1"},"canonical":"https:\/\/www.oarcanjo.net\/site\/igreja-lanca-campanha-mundial-contra-a-fome-e-a-pobreza\/","og_locale":"pt_BR","og_type":"article","og_title":"Igreja lan\u00e7a campanha mundial contra a fome e a pobreza - O Arcanjo no ar","og_description":"A CNBB e a C\u00e1ritas Brasileira lan\u00e7aram no dia dos Direitos Humanos, 10\/12, a campanha mundial contra a fome, a pobreza e a desigualdade cujo tema no Brasil \u00e9 \u201cUma fam\u00edlia humana, p\u00e3o e justi\u00e7a para todas as pessoas\u201d.","og_url":"https:\/\/www.oarcanjo.net\/site\/igreja-lanca-campanha-mundial-contra-a-fome-e-a-pobreza\/","og_site_name":"O Arcanjo no ar","article_publisher":"https:\/\/www.facebook.com\/OArcanjoNoAr\/","article_published_time":"2013-12-11T12:55:10+00:00","article_modified_time":"2014-02-10T00:25:55+00:00","og_image":[{"width":300,"height":300,"url":"https:\/\/www.oarcanjo.net\/site\/wp-content\/uploads\/logo-o-arcanjo-no-ar-facebook.png","type":"image\/png"}],"author":"editor","twitter_card":"summary_large_image","twitter_misc":{"Escrito por":"editor","Est. tempo de leitura":"2 minutos"},"schema":{"@context":"https:\/\/schema.org","@graph":[{"@type":"Article","@id":"https:\/\/www.oarcanjo.net\/site\/igreja-lanca-campanha-mundial-contra-a-fome-e-a-pobreza\/#article","isPartOf":{"@id":"https:\/\/www.oarcanjo.net\/site\/igreja-lanca-campanha-mundial-contra-a-fome-e-a-pobreza\/"},"author":{"name":"editor","@id":"https:\/\/www.oarcanjo.net\/site\/#\/schema\/person\/f7024d007863202483a31326673a0838"},"headline":"Igreja lan\u00e7a campanha mundial contra a fome e a pobreza","datePublished":"2013-12-11T12:55:10+00:00","dateModified":"2014-02-10T00:25:55+00:00","mainEntityOfPage":{"@id":"https:\/\/www.oarcanjo.net\/site\/igreja-lanca-campanha-mundial-contra-a-fome-e-a-pobreza\/"},"wordCount":319,"commentCount":0,"publisher":{"@id":"https:\/\/www.oarcanjo.net\/site\/#organization"},"keywords":["alimento","campanha mundial contra a fome","C\u00e1ritas","CNBB","exclus\u00e3o","fome","Papa Francisco"],"articleSection":["Not\u00edcias"],"inLanguage":"pt-BR","potentialAction":[{"@type":"CommentAction","name":"Comment","target":["https:\/\/www.oarcanjo.net\/site\/igreja-lanca-campanha-mundial-contra-a-fome-e-a-pobreza\/#respond"]}]},{"@type":"WebPage","@id":"https:\/\/www.oarcanjo.net\/site\/igreja-lanca-campanha-mundial-contra-a-fome-e-a-pobreza\/","url":"https:\/\/www.oarcanjo.net\/site\/igreja-lanca-campanha-mundial-contra-a-fome-e-a-pobreza\/","name":"Igreja lan\u00e7a campanha mundial contra a fome e a pobreza - O Arcanjo no ar","isPartOf":{"@id":"https:\/\/www.oarcanjo.net\/site\/#website"},"datePublished":"2013-12-11T12:55:10+00:00","dateModified":"2014-02-10T00:25:55+00:00","breadcrumb":{"@id":"https:\/\/www.oarcanjo.net\/site\/igreja-lanca-campanha-mundial-contra-a-fome-e-a-pobreza\/#breadcrumb"},"inLanguage":"pt-BR","potentialAction":[{"@type":"ReadAction","target":["https:\/\/www.oarcanjo.net\/site\/igreja-lanca-campanha-mundial-contra-a-fome-e-a-pobreza\/"]}]},{"@type":"BreadcrumbList","@id":"https:\/\/www.oarcanjo.net\/site\/igreja-lanca-campanha-mundial-contra-a-fome-e-a-pobreza\/#breadcrumb","itemListElement":[{"@type":"ListItem","position":1,"name":"In\u00edcio","item":"https:\/\/www.oarcanjo.net\/site\/"},{"@type":"ListItem","position":2,"name":"Igreja lan\u00e7a campanha mundial contra a fome e a pobreza"}]},{"@type":"WebSite","@id":"https:\/\/www.oarcanjo.net\/site\/#website","url":"https:\/\/www.oarcanjo.net\/site\/","name":"O Arcanjo no ar","description":"Site da Par\u00f3quia S\u00e3o Miguel Arcanjo (Arquidiocese de SP)","publisher":{"@id":"https:\/\/www.oarcanjo.net\/site\/#organization"},"potentialAction":[{"@type":"SearchAction","target":{"@type":"EntryPoint","urlTemplate":"https:\/\/www.oarcanjo.net\/site\/?s={search_term_string}"},"query-input":{"@type":"PropertyValueSpecification","valueRequired":true,"valueName":"search_term_string"}}],"inLanguage":"pt-BR"},{"@type":"Organization","@id":"https:\/\/www.oarcanjo.net\/site\/#organization","name":"Par\u00f3quia S\u00e3o Miguel Arcanjo","url":"https:\/\/www.oarcanjo.net\/site\/","logo":{"@type":"ImageObject","inLanguage":"pt-BR","@id":"https:\/\/www.oarcanjo.net\/site\/#\/schema\/logo\/image\/","url":"https:\/\/www.oarcanjo.net\/site\/wp-content\/uploads\/LogoOArcanjo.png","contentUrl":"https:\/\/www.oarcanjo.net\/site\/wp-content\/uploads\/LogoOArcanjo.png","width":319,"height":99,"caption":"Par\u00f3quia S\u00e3o Miguel Arcanjo"},"image":{"@id":"https:\/\/www.oarcanjo.net\/site\/#\/schema\/logo\/image\/"},"sameAs":["https:\/\/www.facebook.com\/OArcanjoNoAr\/"]},{"@type":"Person","@id":"https:\/\/www.oarcanjo.net\/site\/#\/schema\/person\/f7024d007863202483a31326673a0838","name":"editor","sameAs":["http:\/\/www.oarcanjo.net"]}]}},"publishpress_future_action":{"enabled":false,"date":"2026-05-07 07:11:34","action":"category","newStatus":"draft","terms":[],"taxonomy":"category"},"publishpress_future_workflow_manual_trigger":{"enabledWorkflows":[]},"_links":{"self":[{"href":"https:\/\/www.oarcanjo.net\/site\/wp-json\/wp\/v2\/posts\/23992"}],"collection":[{"href":"https:\/\/www.oarcanjo.net\/site\/wp-json\/wp\/v2\/posts"}],"about":[{"href":"https:\/\/www.oarcanjo.net\/site\/wp-json\/wp\/v2\/types\/post"}],"author":[{"embeddable":true,"href":"https:\/\/www.oarcanjo.net\/site\/wp-json\/wp\/v2\/users\/5"}],"replies":[{"embeddable":true,"href":"https:\/\/www.oarcanjo.net\/site\/wp-json\/wp\/v2\/comments?post=23992"}],"version-history":[{"count":0,"href":"https:\/\/www.oarcanjo.net\/site\/wp-json\/wp\/v2\/posts\/23992\/revisions"}],"wp:attachment":[{"href":"https:\/\/www.oarcanjo.net\/site\/wp-json\/wp\/v2\/media?parent=23992"}],"wp:term":[{"taxonomy":"category","embeddable":true,"href":"https:\/\/www.oarcanjo.net\/site\/wp-json\/wp\/v2\/categories?post=23992"},{"taxonomy":"post_tag","embeddable":true,"href":"https:\/\/www.oarcanjo.net\/site\/wp-json\/wp\/v2\/tags?post=23992"}],"curies":[{"name":"wp","href":"https:\/\/api.w.org\/{rel}","templated":true}]}}