
{"id":23997,"date":"2013-12-13T19:15:02","date_gmt":"2013-12-13T21:15:02","guid":{"rendered":"http:\/\/www.oarcanjo.net\/site\/?p=23997"},"modified":"2013-12-13T19:15:02","modified_gmt":"2013-12-13T21:15:02","slug":"fome-no-mundo","status":"publish","type":"post","link":"https:\/\/www.oarcanjo.net\/site\/fome-no-mundo\/","title":{"rendered":"Fome no mundo"},"content":{"rendered":"<p><em>Dom Dem\u00e9trio Valentini<\/em><\/p>\n<p>A Igreja acaba de lan\u00e7ar uma campanha para a erradica\u00e7\u00e3o da fome no mundo. Esta campanha vem respaldada de apoios muito significativos. Quem a encabe\u00e7a \u00e9 a C\u00e1ritas Internacional, mas quem a subscreve \u00e9 o Papa Francisco. <\/p>\n<p>A repercuss\u00e3o pr\u00e1tica da posi\u00e7\u00e3o do Papa j\u00e1 se mostrou muito eficaz, quando do seu contundente posicionamento contr\u00e1rio \u00e0 interven\u00e7\u00e3o dos Estados Unidos na S\u00edria. A posi\u00e7\u00e3o do Papa demoveu uma decis\u00e3o j\u00e1 praticamente tomada pelo Presidente Obama. E a partir da\u00ed, os acontecimentos na S\u00edria v\u00e3o convergindo para uma solu\u00e7\u00e3o pac\u00edfica do conflito interno, mesmo com as muitas dificuldades ainda a serem superadas pelo pr\u00f3prio povo da S\u00edria.<\/p>\n<p>Agora, a campanha \u00e9 mais ampla, mais complexa, e mais duradoura. Desta vez, o Papa fez quest\u00e3o de agregar outros apoios, estrat\u00e9gicos e pr\u00e1ticos, visando inserir esta campanha contra a fome na pr\u00f3pria din\u00e2mica da a\u00e7\u00e3o da Igreja.<\/p>\n<p>A campanha foi sugerida pela C\u00e1ritas da Espanha, e foi logo encampada pela C\u00e1ritas Internacional. \u00c9 de salientar que o Presidente da C\u00e1ritas Internacional \u00e9 o Cardeal Oscar Maradiaga, que \u00e9 um dos membros do \u201cGrupo dos oito Cardeais\u201d, nomeados pelo Papa Francisco para o ajudarem no governo da Igreja.<\/p>\n<p>Desta maneira, resulta evidente a import\u00e2ncia estrat\u00e9gica desta campanha, lan\u00e7ada quando vai tomando forma a nova postura da Igreja, simbolizada pela figura do Papa Francisco.<\/p>\n<p>Para concretizar a proposta de uma Igreja \u201cvoltada para a sociedade\u201d, solid\u00e1ria com suas grandes causas, nada melhor do que enfrentar este \u201cesc\u00e2ndalo p\u00fablico\u201d, que \u00e9 o flagelo da fome no mundo, como o pr\u00f3prio Papa o qualificou.<\/p>\n<p>Com o lema: \u201cUma s\u00f3 fam\u00edlia \u2013 P\u00e3o e Justi\u00e7a para todas as pessoas\u201d a campanha \u00e9 lan\u00e7ada agora, com a inten\u00e7\u00e3o de ir envolvendo a Igreja toda, para atrair tamb\u00e9m as ades\u00f5es da esfera p\u00fablica, sobretudo a n\u00edvel das Na\u00e7\u00f5es Unidas, onde o brasileiro Jos\u00e9 Graziano da Silva preside a FAO, a Organiza\u00e7\u00e3o das Na\u00e7\u00f5es Unidas para a Alimenta\u00e7\u00e3o e a Agricultura.<\/p>\n<p>A campanha come\u00e7a \u201cem casa\u201d, convocando as C\u00e1ritas de todos os pa\u00edses onde ela est\u00e1 organizada. Tem a inten\u00e7\u00e3o de se prolongar at\u00e9 o ano de 2015, quando com certeza j\u00e1 ser\u00e1 poss\u00edvel avaliar suas repercuss\u00f5es pr\u00e1ticas, para que a a\u00e7\u00e3o contra a fome se traduza em pol\u00edticas p\u00fablicas org\u00e2nicas e eficazes nos pa\u00edses que atualmente mais padecem deste flagelo, especialmente na \u00c1frica, e tamb\u00e9m na \u00c1sia.<\/p>\n<p>Dependendo do crit\u00e9rio adotado, chega-se a cifras aproximadas, que quantificam as estat\u00edsticas da fome.  O fato \u00e9 que, segundo as Na\u00e7\u00f5es Unidas, existe aproximadamente um bilh\u00e3o de pessoas que padecem de desnutri\u00e7\u00e3o no mundo. Outra constata\u00e7\u00e3o persistente \u00e9 que o problema n\u00e3o decorre da escassez de alimentos. Com a produ\u00e7\u00e3o atual, seria poss\u00edvel garantir alimenta\u00e7\u00e3o suficiente para o mundo inteiro. O problema, portanto, n\u00e3o se limita \u00e0 produ\u00e7\u00e3o de alimentos, que continua sendo um desafio. O mais dif\u00edcil \u00e9 a adequada distribui\u00e7\u00e3o dos alimentos, que n\u00e3o pode ser deixada \u00e0 l\u00f3gica mercantilista, onde o alimento vira mera mercadoria, e a pr\u00f3pria fome se torna, inclusive, fator de especula\u00e7\u00e3o financeira.<\/p>\n<p>Esta, portanto, ser\u00e1 uma campanha que vai mexer com nossas convic\u00e7\u00f5es. E vai colocar em destaque a import\u00e2ncia do Brasil, n\u00e3o s\u00f3 pelo seu espl\u00eandido potencial de produtor de alimentos, mas tamb\u00e9m pelos efeitos ben\u00e9ficos de suas pol\u00edticas sociais, embora ainda incipientes.<\/p>\n<p>Vamos aguardar as instru\u00e7\u00f5es pr\u00e1ticas da C\u00e1ritas Brasileira, para que esta campanha se insira de maneira articulada em nossas comunidades, e encontre uma generosa proposta por parte do povo brasileiro.<\/p>\n<div id=\"themify_builder_content-23997\" data-postid=\"23997\" class=\"themify_builder_content themify_builder_content-23997 themify_builder themify_builder_front\">\n\t<\/div>\n<!-- \/themify_builder_content -->","protected":false},"excerpt":{"rendered":"<p>Dom Dem\u00e9trio Valentini A Igreja acaba de lan\u00e7ar uma campanha para a erradica\u00e7\u00e3o da fome no mundo. Esta campanha vem respaldada de apoios muito significativos. Quem a encabe\u00e7a \u00e9 a C\u00e1ritas Internacional, mas quem a subscreve \u00e9 o Papa Francisco. A repercuss\u00e3o pr\u00e1tica da posi\u00e7\u00e3o do Papa j\u00e1 se mostrou muito eficaz, quando do seu [&hellip;]<\/p>\n","protected":false},"author":5,"featured_media":0,"comment_status":"open","ping_status":"open","sticky":false,"template":"","format":"standard","meta":{"ngg_post_thumbnail":0,"footnotes":""},"categories":[9],"tags":[2091,90,38,230,2433],"yoast_head":"<!-- This site is optimized with the Yoast SEO plugin v23.5 - https:\/\/yoast.com\/wordpress\/plugins\/seo\/ -->\n<title>Fome no mundo - O Arcanjo no ar<\/title>\n<meta name=\"robots\" content=\"index, follow, max-snippet:-1, max-image-preview:large, max-video-preview:-1\" \/>\n<link rel=\"canonical\" href=\"https:\/\/www.oarcanjo.net\/site\/fome-no-mundo\/\" \/>\n<meta property=\"og:locale\" content=\"pt_BR\" \/>\n<meta property=\"og:type\" content=\"article\" \/>\n<meta property=\"og:title\" content=\"Fome no mundo - O Arcanjo no ar\" \/>\n<meta property=\"og:description\" content=\"Dom Dem\u00e9trio Valentini A Igreja acaba de lan\u00e7ar uma campanha para a erradica\u00e7\u00e3o da fome no mundo. Esta campanha vem respaldada de apoios muito significativos. Quem a encabe\u00e7a \u00e9 a C\u00e1ritas Internacional, mas quem a subscreve \u00e9 o Papa Francisco. A repercuss\u00e3o pr\u00e1tica da posi\u00e7\u00e3o do Papa j\u00e1 se mostrou muito eficaz, quando do seu [&hellip;]\" \/>\n<meta property=\"og:url\" content=\"https:\/\/www.oarcanjo.net\/site\/fome-no-mundo\/\" \/>\n<meta property=\"og:site_name\" content=\"O Arcanjo no ar\" \/>\n<meta property=\"article:publisher\" content=\"https:\/\/www.facebook.com\/OArcanjoNoAr\/\" \/>\n<meta property=\"article:published_time\" content=\"2013-12-13T21:15:02+00:00\" \/>\n<meta property=\"og:image\" content=\"https:\/\/www.oarcanjo.net\/site\/wp-content\/uploads\/logo-o-arcanjo-no-ar-facebook.png\" \/>\n\t<meta property=\"og:image:width\" content=\"300\" \/>\n\t<meta property=\"og:image:height\" content=\"300\" \/>\n\t<meta property=\"og:image:type\" content=\"image\/png\" \/>\n<meta name=\"author\" content=\"editor\" \/>\n<meta name=\"twitter:card\" content=\"summary_large_image\" \/>\n<meta name=\"twitter:label1\" content=\"Escrito por\" \/>\n\t<meta name=\"twitter:data1\" content=\"editor\" \/>\n\t<meta name=\"twitter:label2\" content=\"Est. tempo de leitura\" \/>\n\t<meta name=\"twitter:data2\" content=\"3 minutos\" \/>\n<script type=\"application\/ld+json\" class=\"yoast-schema-graph\">{\"@context\":\"https:\/\/schema.org\",\"@graph\":[{\"@type\":\"Article\",\"@id\":\"https:\/\/www.oarcanjo.net\/site\/fome-no-mundo\/#article\",\"isPartOf\":{\"@id\":\"https:\/\/www.oarcanjo.net\/site\/fome-no-mundo\/\"},\"author\":{\"name\":\"editor\",\"@id\":\"https:\/\/www.oarcanjo.net\/site\/#\/schema\/person\/f7024d007863202483a31326673a0838\"},\"headline\":\"Fome no mundo\",\"datePublished\":\"2013-12-13T21:15:02+00:00\",\"dateModified\":\"2013-12-13T21:15:02+00:00\",\"mainEntityOfPage\":{\"@id\":\"https:\/\/www.oarcanjo.net\/site\/fome-no-mundo\/\"},\"wordCount\":647,\"commentCount\":0,\"publisher\":{\"@id\":\"https:\/\/www.oarcanjo.net\/site\/#organization\"},\"keywords\":[\"campanha\",\"C\u00e1ritas\",\"fome\",\"justi\u00e7a\",\"Papa Francisco\"],\"articleSection\":[\"Reflex\u00f5es\"],\"inLanguage\":\"pt-BR\",\"potentialAction\":[{\"@type\":\"CommentAction\",\"name\":\"Comment\",\"target\":[\"https:\/\/www.oarcanjo.net\/site\/fome-no-mundo\/#respond\"]}]},{\"@type\":\"WebPage\",\"@id\":\"https:\/\/www.oarcanjo.net\/site\/fome-no-mundo\/\",\"url\":\"https:\/\/www.oarcanjo.net\/site\/fome-no-mundo\/\",\"name\":\"Fome no mundo - O Arcanjo no ar\",\"isPartOf\":{\"@id\":\"https:\/\/www.oarcanjo.net\/site\/#website\"},\"datePublished\":\"2013-12-13T21:15:02+00:00\",\"dateModified\":\"2013-12-13T21:15:02+00:00\",\"breadcrumb\":{\"@id\":\"https:\/\/www.oarcanjo.net\/site\/fome-no-mundo\/#breadcrumb\"},\"inLanguage\":\"pt-BR\",\"potentialAction\":[{\"@type\":\"ReadAction\",\"target\":[\"https:\/\/www.oarcanjo.net\/site\/fome-no-mundo\/\"]}]},{\"@type\":\"BreadcrumbList\",\"@id\":\"https:\/\/www.oarcanjo.net\/site\/fome-no-mundo\/#breadcrumb\",\"itemListElement\":[{\"@type\":\"ListItem\",\"position\":1,\"name\":\"In\u00edcio\",\"item\":\"https:\/\/www.oarcanjo.net\/site\/\"},{\"@type\":\"ListItem\",\"position\":2,\"name\":\"Fome no mundo\"}]},{\"@type\":\"WebSite\",\"@id\":\"https:\/\/www.oarcanjo.net\/site\/#website\",\"url\":\"https:\/\/www.oarcanjo.net\/site\/\",\"name\":\"O Arcanjo no ar\",\"description\":\"Site da Par\u00f3quia S\u00e3o Miguel Arcanjo (Arquidiocese de SP)\",\"publisher\":{\"@id\":\"https:\/\/www.oarcanjo.net\/site\/#organization\"},\"potentialAction\":[{\"@type\":\"SearchAction\",\"target\":{\"@type\":\"EntryPoint\",\"urlTemplate\":\"https:\/\/www.oarcanjo.net\/site\/?s={search_term_string}\"},\"query-input\":{\"@type\":\"PropertyValueSpecification\",\"valueRequired\":true,\"valueName\":\"search_term_string\"}}],\"inLanguage\":\"pt-BR\"},{\"@type\":\"Organization\",\"@id\":\"https:\/\/www.oarcanjo.net\/site\/#organization\",\"name\":\"Par\u00f3quia S\u00e3o Miguel Arcanjo\",\"url\":\"https:\/\/www.oarcanjo.net\/site\/\",\"logo\":{\"@type\":\"ImageObject\",\"inLanguage\":\"pt-BR\",\"@id\":\"https:\/\/www.oarcanjo.net\/site\/#\/schema\/logo\/image\/\",\"url\":\"https:\/\/www.oarcanjo.net\/site\/wp-content\/uploads\/LogoOArcanjo.png\",\"contentUrl\":\"https:\/\/www.oarcanjo.net\/site\/wp-content\/uploads\/LogoOArcanjo.png\",\"width\":319,\"height\":99,\"caption\":\"Par\u00f3quia S\u00e3o Miguel Arcanjo\"},\"image\":{\"@id\":\"https:\/\/www.oarcanjo.net\/site\/#\/schema\/logo\/image\/\"},\"sameAs\":[\"https:\/\/www.facebook.com\/OArcanjoNoAr\/\"]},{\"@type\":\"Person\",\"@id\":\"https:\/\/www.oarcanjo.net\/site\/#\/schema\/person\/f7024d007863202483a31326673a0838\",\"name\":\"editor\",\"sameAs\":[\"http:\/\/www.oarcanjo.net\"]}]}<\/script>\n<!-- \/ Yoast SEO plugin. -->","yoast_head_json":{"title":"Fome no mundo - O Arcanjo no ar","robots":{"index":"index","follow":"follow","max-snippet":"max-snippet:-1","max-image-preview":"max-image-preview:large","max-video-preview":"max-video-preview:-1"},"canonical":"https:\/\/www.oarcanjo.net\/site\/fome-no-mundo\/","og_locale":"pt_BR","og_type":"article","og_title":"Fome no mundo - O Arcanjo no ar","og_description":"Dom Dem\u00e9trio Valentini A Igreja acaba de lan\u00e7ar uma campanha para a erradica\u00e7\u00e3o da fome no mundo. Esta campanha vem respaldada de apoios muito significativos. Quem a encabe\u00e7a \u00e9 a C\u00e1ritas Internacional, mas quem a subscreve \u00e9 o Papa Francisco. A repercuss\u00e3o pr\u00e1tica da posi\u00e7\u00e3o do Papa j\u00e1 se mostrou muito eficaz, quando do seu [&hellip;]","og_url":"https:\/\/www.oarcanjo.net\/site\/fome-no-mundo\/","og_site_name":"O Arcanjo no ar","article_publisher":"https:\/\/www.facebook.com\/OArcanjoNoAr\/","article_published_time":"2013-12-13T21:15:02+00:00","og_image":[{"width":300,"height":300,"url":"https:\/\/www.oarcanjo.net\/site\/wp-content\/uploads\/logo-o-arcanjo-no-ar-facebook.png","type":"image\/png"}],"author":"editor","twitter_card":"summary_large_image","twitter_misc":{"Escrito por":"editor","Est. tempo de leitura":"3 minutos"},"schema":{"@context":"https:\/\/schema.org","@graph":[{"@type":"Article","@id":"https:\/\/www.oarcanjo.net\/site\/fome-no-mundo\/#article","isPartOf":{"@id":"https:\/\/www.oarcanjo.net\/site\/fome-no-mundo\/"},"author":{"name":"editor","@id":"https:\/\/www.oarcanjo.net\/site\/#\/schema\/person\/f7024d007863202483a31326673a0838"},"headline":"Fome no mundo","datePublished":"2013-12-13T21:15:02+00:00","dateModified":"2013-12-13T21:15:02+00:00","mainEntityOfPage":{"@id":"https:\/\/www.oarcanjo.net\/site\/fome-no-mundo\/"},"wordCount":647,"commentCount":0,"publisher":{"@id":"https:\/\/www.oarcanjo.net\/site\/#organization"},"keywords":["campanha","C\u00e1ritas","fome","justi\u00e7a","Papa Francisco"],"articleSection":["Reflex\u00f5es"],"inLanguage":"pt-BR","potentialAction":[{"@type":"CommentAction","name":"Comment","target":["https:\/\/www.oarcanjo.net\/site\/fome-no-mundo\/#respond"]}]},{"@type":"WebPage","@id":"https:\/\/www.oarcanjo.net\/site\/fome-no-mundo\/","url":"https:\/\/www.oarcanjo.net\/site\/fome-no-mundo\/","name":"Fome no mundo - O Arcanjo no ar","isPartOf":{"@id":"https:\/\/www.oarcanjo.net\/site\/#website"},"datePublished":"2013-12-13T21:15:02+00:00","dateModified":"2013-12-13T21:15:02+00:00","breadcrumb":{"@id":"https:\/\/www.oarcanjo.net\/site\/fome-no-mundo\/#breadcrumb"},"inLanguage":"pt-BR","potentialAction":[{"@type":"ReadAction","target":["https:\/\/www.oarcanjo.net\/site\/fome-no-mundo\/"]}]},{"@type":"BreadcrumbList","@id":"https:\/\/www.oarcanjo.net\/site\/fome-no-mundo\/#breadcrumb","itemListElement":[{"@type":"ListItem","position":1,"name":"In\u00edcio","item":"https:\/\/www.oarcanjo.net\/site\/"},{"@type":"ListItem","position":2,"name":"Fome no mundo"}]},{"@type":"WebSite","@id":"https:\/\/www.oarcanjo.net\/site\/#website","url":"https:\/\/www.oarcanjo.net\/site\/","name":"O Arcanjo no ar","description":"Site da Par\u00f3quia S\u00e3o Miguel Arcanjo (Arquidiocese de SP)","publisher":{"@id":"https:\/\/www.oarcanjo.net\/site\/#organization"},"potentialAction":[{"@type":"SearchAction","target":{"@type":"EntryPoint","urlTemplate":"https:\/\/www.oarcanjo.net\/site\/?s={search_term_string}"},"query-input":{"@type":"PropertyValueSpecification","valueRequired":true,"valueName":"search_term_string"}}],"inLanguage":"pt-BR"},{"@type":"Organization","@id":"https:\/\/www.oarcanjo.net\/site\/#organization","name":"Par\u00f3quia S\u00e3o Miguel Arcanjo","url":"https:\/\/www.oarcanjo.net\/site\/","logo":{"@type":"ImageObject","inLanguage":"pt-BR","@id":"https:\/\/www.oarcanjo.net\/site\/#\/schema\/logo\/image\/","url":"https:\/\/www.oarcanjo.net\/site\/wp-content\/uploads\/LogoOArcanjo.png","contentUrl":"https:\/\/www.oarcanjo.net\/site\/wp-content\/uploads\/LogoOArcanjo.png","width":319,"height":99,"caption":"Par\u00f3quia S\u00e3o Miguel Arcanjo"},"image":{"@id":"https:\/\/www.oarcanjo.net\/site\/#\/schema\/logo\/image\/"},"sameAs":["https:\/\/www.facebook.com\/OArcanjoNoAr\/"]},{"@type":"Person","@id":"https:\/\/www.oarcanjo.net\/site\/#\/schema\/person\/f7024d007863202483a31326673a0838","name":"editor","sameAs":["http:\/\/www.oarcanjo.net"]}]}},"publishpress_future_action":{"enabled":false,"date":"2026-05-08 23:09:01","action":"category","newStatus":"draft","terms":[],"taxonomy":"category"},"publishpress_future_workflow_manual_trigger":{"enabledWorkflows":[]},"_links":{"self":[{"href":"https:\/\/www.oarcanjo.net\/site\/wp-json\/wp\/v2\/posts\/23997"}],"collection":[{"href":"https:\/\/www.oarcanjo.net\/site\/wp-json\/wp\/v2\/posts"}],"about":[{"href":"https:\/\/www.oarcanjo.net\/site\/wp-json\/wp\/v2\/types\/post"}],"author":[{"embeddable":true,"href":"https:\/\/www.oarcanjo.net\/site\/wp-json\/wp\/v2\/users\/5"}],"replies":[{"embeddable":true,"href":"https:\/\/www.oarcanjo.net\/site\/wp-json\/wp\/v2\/comments?post=23997"}],"version-history":[{"count":0,"href":"https:\/\/www.oarcanjo.net\/site\/wp-json\/wp\/v2\/posts\/23997\/revisions"}],"wp:attachment":[{"href":"https:\/\/www.oarcanjo.net\/site\/wp-json\/wp\/v2\/media?parent=23997"}],"wp:term":[{"taxonomy":"category","embeddable":true,"href":"https:\/\/www.oarcanjo.net\/site\/wp-json\/wp\/v2\/categories?post=23997"},{"taxonomy":"post_tag","embeddable":true,"href":"https:\/\/www.oarcanjo.net\/site\/wp-json\/wp\/v2\/tags?post=23997"}],"curies":[{"name":"wp","href":"https:\/\/api.w.org\/{rel}","templated":true}]}}