
{"id":23999,"date":"2013-12-13T19:18:28","date_gmt":"2013-12-13T21:18:28","guid":{"rendered":"http:\/\/www.oarcanjo.net\/site\/?p=23999"},"modified":"2013-12-13T19:18:28","modified_gmt":"2013-12-13T21:18:28","slug":"francisco-e-a-economia-de-mercado","status":"publish","type":"post","link":"https:\/\/www.oarcanjo.net\/site\/francisco-e-a-economia-de-mercado\/","title":{"rendered":"Francisco e a economia de mercado"},"content":{"rendered":"<p><em>Frei Betto<\/em><\/p>\n<p><em>O papa Francisco acaba de divulgar o documento \u201cAlegria do Evangelho\u201d, no qual deixa clar<\/em>o a que veio. Sua voz prof\u00e9tica incomodou a CNN, poderosa rede de comunica\u00e7\u00e3o dos EUA, que lhe concedeu a \u201cMedalha de Papel\u00e3o\u201d, destinada \u00e0queles que, em mat\u00e9ria de economia, falam bobagens&#8230;<\/p>\n<p>Quais as \u201cbobagens\u201d proferidas pelo papa Francisco? Julgue o leitor: \u201cHoje devemos dizer n\u00e3o a uma economia da exclus\u00e3o e da desigualdade social. Esta economia mata. N\u00e3o \u00e9 poss\u00edvel que a morte por enregelamento de um idoso sem abrigo n\u00e3o seja not\u00edcia, enquanto o \u00e9 a descida de dois pontos na Bolsa. Isto \u00e9 exclus\u00e3o. N\u00e3o se pode tolerar mais o fato de se lan\u00e7ar comida no lixo, quando h\u00e1 pessoas que passam fome. Isto \u00e9 desigualdade social.<\/p>\n<p>\u201cHoje, tudo entra no jogo da competitividade e da lei do mais forte, onde o poderoso engole o mais fraco. Em consequ\u00eancia dessa situa\u00e7\u00e3o, grandes massas da popula\u00e7\u00e3o veem-se exclu\u00eddas e marginalizadas: sem trabalho, sem perspectivas, num beco sem sa\u00edda.<\/p>\n<p>\u201cO ser humano \u00e9 considerado, em si mesmo, como um bem de consumo que se pode usar e, depois, lan\u00e7ar fora. Assim teve in\u00edcio a cultura do \u00abdescart\u00e1vel\u00bb que, ali\u00e1s, chega a ser promovida. J\u00e1 n\u00e3o se trata simplesmente do fen\u00f4meno de explora\u00e7\u00e3o e opress\u00e3o, mas de uma realidade nova: com a exclus\u00e3o, fere-se, na pr\u00f3pria raiz, a perten\u00e7a \u00e0 sociedade onde se vive, pois quem vive nas favelas, na periferia ou sem poder j\u00e1 n\u00e3o est\u00e1 nela, mas fora. Os exclu\u00eddos n\u00e3o s\u00e3o explorados, mas res\u00edduos, sobras.\u201d (53)<\/p>\n<p>Em seguida, Francisco condena a l\u00f3gica de que o livre mercado consegue, por si mesmo, promover inclus\u00e3o social: \u201cEsta opini\u00e3o, que nunca foi confirmada pelos fatos, exprime uma confian\u00e7a vaga e ing\u00eanua na bondade daqueles que det\u00eam o poder econ\u00f4mico e nos mecanismos sacralizados do sistema econ\u00f4mico reinante. Entretanto, os exclu\u00eddos continuam a esperar.<\/p>\n<p>\u201cPara se poder apoiar um estilo de vida que exclui os outros ou mesmo entusiasmar-se com este ideal ego\u00edsta, desenvolveu-se uma globaliza\u00e7\u00e3o da indiferen\u00e7a. Quase sem nos dar conta, tornamo-nos incapazes de nos compadecer ao ouvir os clamores alheios, j\u00e1 n\u00e3o choramos \u00e0 vista do drama dos outros, nem nos interessamos por cuidar deles, como se tudo fosse uma responsabilidade de outrem, que n\u00e3o nos incumbe.<\/p>\n<p>\u201cA cultura do bem-estar anestesia-nos, a ponto de perdermos a serenidade se o mercado oferece algo que ainda n\u00e3o compramos, enquanto todas estas vidas ceifadas por falta de possibilidades nos parecem um mero espet\u00e1culo que n\u00e3o nos incomoda de forma alguma.\u201d (54)<\/p>\n<p>O papa enfatiza que os interesses do capital n\u00e3o podem estar acima dos direitos humanos: \u201cUma das causas desta situa\u00e7\u00e3o est\u00e1 na rela\u00e7\u00e3o estabelecida com o dinheiro, porque aceitamos pacificamente o seu dom\u00ednio sobre n\u00f3s e as nossas sociedades. A crise financeira que atravessamos faz-nos esquecer que, na sua origem, h\u00e1 uma crise antropol\u00f3gica profunda: a nega\u00e7\u00e3o da primazia do ser humano.<\/p>\n<p>\u201cCriamos novos \u00eddolos. A adora\u00e7\u00e3o do antigo bezerro de ouro (cf. \u00caxodo 32, 1-35) encontrou uma nova e cruel vers\u00e3o no fetichismo do dinheiro e na ditadura de uma economia sem rosto e sem um objetivo verdadeiramente humano. A crise mundial, que envolve as finan\u00e7as e a economia, p\u00f5e a descoberto os seus pr\u00f3prios desequil\u00edbrios e, sobretudo, a grave car\u00eancia de uma orienta\u00e7\u00e3o antropol\u00f3gica que reduz o ser humano a apenas uma das suas necessidades: o consumo.\u201d (55)<\/p>\n<p>Sem citar o capitalismo, Francisco defende o papel do Estado como provedor social e condena a autonomia absoluta do livre mercado: \u201cEnquanto os lucros de poucos crescem exponencialmente, os da maioria situam-se cada vez mais longe do bem-estar daquela minoria feliz. Tal desequil\u00edbrio prov\u00e9m de ideologias que defendem a autonomia absoluta dos mercados e a especula\u00e7\u00e3o financeira. Por isso, negam o direito de controle dos Estados, encarregados de velar pela tutela do bem comum.<\/p>\n<p>\u201cInstaura-se uma nova tirania invis\u00edvel, \u00e0s vezes virtual, que imp\u00f5e, de forma unilateral e implac\u00e1vel, as suas leis e as suas regras. Al\u00e9m disso, a d\u00edvida e os respectivos juros afastam os pa\u00edses das possibilidades vi\u00e1veis da sua economia, e os cidad\u00e3os do seu real poder de compra. A tudo isto vem juntar-se uma corrup\u00e7\u00e3o ramificada e uma evas\u00e3o fiscal ego\u00edsta, que assumiram dimens\u00f5es mundiais. A ambi\u00e7\u00e3o do poder e do\u00a0ter\u00a0n\u00e3o conhece limites. Neste sistema que tende a deteriorar tudo para aumentar os benef\u00edcios, qualquer realidade que seja fr\u00e1gil, como o meio ambiente, fica indefesa face aos interesses do mercado divinizado, transformados em regra absoluta.\u201d (56)<\/p>\n<p>Enfim, um profeta que p\u00f5e o dedo na ferida, pois ningu\u00e9m ignora que o capitalismo fracassou para 2\/3 da humanidade: as 4 bilh\u00f5es de pessoas que, segundo a ONU, vivem abaixo da linha da pobreza.<\/p>\n<div id=\"themify_builder_content-23999\" data-postid=\"23999\" class=\"themify_builder_content themify_builder_content-23999 themify_builder themify_builder_front\">\n\t<\/div>\n<!-- \/themify_builder_content -->","protected":false},"excerpt":{"rendered":"<p>Frei Betto O papa Francisco acaba de divulgar o documento \u201cAlegria do Evangelho\u201d, no qual deixa claro a que veio. Sua voz prof\u00e9tica incomodou a CNN, poderosa rede de comunica\u00e7\u00e3o dos EUA, que lhe concedeu a \u201cMedalha de Papel\u00e3o\u201d, destinada \u00e0queles que, em mat\u00e9ria de economia, falam bobagens&#8230; Quais as \u201cbobagens\u201d proferidas pelo papa Francisco? [&hellip;]<\/p>\n","protected":false},"author":5,"featured_media":0,"comment_status":"open","ping_status":"open","sticky":false,"template":"","format":"standard","meta":{"ngg_post_thumbnail":0,"footnotes":""},"categories":[9],"tags":[2902,320,38,376,2903,511,2433,37],"yoast_head":"<!-- This site is optimized with the Yoast SEO plugin v23.5 - https:\/\/yoast.com\/wordpress\/plugins\/seo\/ -->\n<title>Francisco e a economia de mercado - O Arcanjo no ar<\/title>\n<meta name=\"robots\" content=\"index, follow, max-snippet:-1, max-image-preview:large, max-video-preview:-1\" \/>\n<link rel=\"canonical\" href=\"https:\/\/www.oarcanjo.net\/site\/francisco-e-a-economia-de-mercado\/\" \/>\n<meta property=\"og:locale\" content=\"pt_BR\" \/>\n<meta property=\"og:type\" content=\"article\" \/>\n<meta property=\"og:title\" content=\"Francisco e a economia de mercado - O Arcanjo no ar\" \/>\n<meta property=\"og:description\" content=\"Frei Betto O papa Francisco acaba de divulgar o documento \u201cAlegria do Evangelho\u201d, no qual deixa claro a que veio. Sua voz prof\u00e9tica incomodou a CNN, poderosa rede de comunica\u00e7\u00e3o dos EUA, que lhe concedeu a \u201cMedalha de Papel\u00e3o\u201d, destinada \u00e0queles que, em mat\u00e9ria de economia, falam bobagens&#8230; Quais as \u201cbobagens\u201d proferidas pelo papa Francisco? [&hellip;]\" \/>\n<meta property=\"og:url\" content=\"https:\/\/www.oarcanjo.net\/site\/francisco-e-a-economia-de-mercado\/\" \/>\n<meta property=\"og:site_name\" content=\"O Arcanjo no ar\" \/>\n<meta property=\"article:publisher\" content=\"https:\/\/www.facebook.com\/OArcanjoNoAr\/\" \/>\n<meta property=\"article:published_time\" content=\"2013-12-13T21:18:28+00:00\" \/>\n<meta property=\"og:image\" content=\"https:\/\/www.oarcanjo.net\/site\/wp-content\/uploads\/logo-o-arcanjo-no-ar-facebook.png\" \/>\n\t<meta property=\"og:image:width\" content=\"300\" \/>\n\t<meta property=\"og:image:height\" content=\"300\" \/>\n\t<meta property=\"og:image:type\" content=\"image\/png\" \/>\n<meta name=\"author\" content=\"editor\" \/>\n<meta name=\"twitter:card\" content=\"summary_large_image\" \/>\n<meta name=\"twitter:label1\" content=\"Escrito por\" \/>\n\t<meta name=\"twitter:data1\" content=\"editor\" \/>\n\t<meta name=\"twitter:label2\" content=\"Est. tempo de leitura\" \/>\n\t<meta name=\"twitter:data2\" content=\"4 minutos\" \/>\n<script type=\"application\/ld+json\" class=\"yoast-schema-graph\">{\"@context\":\"https:\/\/schema.org\",\"@graph\":[{\"@type\":\"Article\",\"@id\":\"https:\/\/www.oarcanjo.net\/site\/francisco-e-a-economia-de-mercado\/#article\",\"isPartOf\":{\"@id\":\"https:\/\/www.oarcanjo.net\/site\/francisco-e-a-economia-de-mercado\/\"},\"author\":{\"name\":\"editor\",\"@id\":\"https:\/\/www.oarcanjo.net\/site\/#\/schema\/person\/f7024d007863202483a31326673a0838\"},\"headline\":\"Francisco e a economia de mercado\",\"datePublished\":\"2013-12-13T21:18:28+00:00\",\"dateModified\":\"2013-12-13T21:18:28+00:00\",\"mainEntityOfPage\":{\"@id\":\"https:\/\/www.oarcanjo.net\/site\/francisco-e-a-economia-de-mercado\/\"},\"wordCount\":855,\"commentCount\":0,\"publisher\":{\"@id\":\"https:\/\/www.oarcanjo.net\/site\/#organization\"},\"keywords\":[\"Alegria do Evangelho\",\"economia\",\"fome\",\"globaliza\u00e7\u00e3o\",\"Livre mercado\",\"ONU\",\"Papa Francisco\",\"pobreza\"],\"articleSection\":[\"Reflex\u00f5es\"],\"inLanguage\":\"pt-BR\",\"potentialAction\":[{\"@type\":\"CommentAction\",\"name\":\"Comment\",\"target\":[\"https:\/\/www.oarcanjo.net\/site\/francisco-e-a-economia-de-mercado\/#respond\"]}]},{\"@type\":\"WebPage\",\"@id\":\"https:\/\/www.oarcanjo.net\/site\/francisco-e-a-economia-de-mercado\/\",\"url\":\"https:\/\/www.oarcanjo.net\/site\/francisco-e-a-economia-de-mercado\/\",\"name\":\"Francisco e a economia de mercado - O Arcanjo no ar\",\"isPartOf\":{\"@id\":\"https:\/\/www.oarcanjo.net\/site\/#website\"},\"datePublished\":\"2013-12-13T21:18:28+00:00\",\"dateModified\":\"2013-12-13T21:18:28+00:00\",\"breadcrumb\":{\"@id\":\"https:\/\/www.oarcanjo.net\/site\/francisco-e-a-economia-de-mercado\/#breadcrumb\"},\"inLanguage\":\"pt-BR\",\"potentialAction\":[{\"@type\":\"ReadAction\",\"target\":[\"https:\/\/www.oarcanjo.net\/site\/francisco-e-a-economia-de-mercado\/\"]}]},{\"@type\":\"BreadcrumbList\",\"@id\":\"https:\/\/www.oarcanjo.net\/site\/francisco-e-a-economia-de-mercado\/#breadcrumb\",\"itemListElement\":[{\"@type\":\"ListItem\",\"position\":1,\"name\":\"In\u00edcio\",\"item\":\"https:\/\/www.oarcanjo.net\/site\/\"},{\"@type\":\"ListItem\",\"position\":2,\"name\":\"Francisco e a economia de mercado\"}]},{\"@type\":\"WebSite\",\"@id\":\"https:\/\/www.oarcanjo.net\/site\/#website\",\"url\":\"https:\/\/www.oarcanjo.net\/site\/\",\"name\":\"O Arcanjo no ar\",\"description\":\"Site da Par\u00f3quia S\u00e3o Miguel Arcanjo (Arquidiocese de SP)\",\"publisher\":{\"@id\":\"https:\/\/www.oarcanjo.net\/site\/#organization\"},\"potentialAction\":[{\"@type\":\"SearchAction\",\"target\":{\"@type\":\"EntryPoint\",\"urlTemplate\":\"https:\/\/www.oarcanjo.net\/site\/?s={search_term_string}\"},\"query-input\":{\"@type\":\"PropertyValueSpecification\",\"valueRequired\":true,\"valueName\":\"search_term_string\"}}],\"inLanguage\":\"pt-BR\"},{\"@type\":\"Organization\",\"@id\":\"https:\/\/www.oarcanjo.net\/site\/#organization\",\"name\":\"Par\u00f3quia S\u00e3o Miguel Arcanjo\",\"url\":\"https:\/\/www.oarcanjo.net\/site\/\",\"logo\":{\"@type\":\"ImageObject\",\"inLanguage\":\"pt-BR\",\"@id\":\"https:\/\/www.oarcanjo.net\/site\/#\/schema\/logo\/image\/\",\"url\":\"https:\/\/www.oarcanjo.net\/site\/wp-content\/uploads\/LogoOArcanjo.png\",\"contentUrl\":\"https:\/\/www.oarcanjo.net\/site\/wp-content\/uploads\/LogoOArcanjo.png\",\"width\":319,\"height\":99,\"caption\":\"Par\u00f3quia S\u00e3o Miguel Arcanjo\"},\"image\":{\"@id\":\"https:\/\/www.oarcanjo.net\/site\/#\/schema\/logo\/image\/\"},\"sameAs\":[\"https:\/\/www.facebook.com\/OArcanjoNoAr\/\"]},{\"@type\":\"Person\",\"@id\":\"https:\/\/www.oarcanjo.net\/site\/#\/schema\/person\/f7024d007863202483a31326673a0838\",\"name\":\"editor\",\"sameAs\":[\"http:\/\/www.oarcanjo.net\"]}]}<\/script>\n<!-- \/ Yoast SEO plugin. -->","yoast_head_json":{"title":"Francisco e a economia de mercado - O Arcanjo no ar","robots":{"index":"index","follow":"follow","max-snippet":"max-snippet:-1","max-image-preview":"max-image-preview:large","max-video-preview":"max-video-preview:-1"},"canonical":"https:\/\/www.oarcanjo.net\/site\/francisco-e-a-economia-de-mercado\/","og_locale":"pt_BR","og_type":"article","og_title":"Francisco e a economia de mercado - O Arcanjo no ar","og_description":"Frei Betto O papa Francisco acaba de divulgar o documento \u201cAlegria do Evangelho\u201d, no qual deixa claro a que veio. Sua voz prof\u00e9tica incomodou a CNN, poderosa rede de comunica\u00e7\u00e3o dos EUA, que lhe concedeu a \u201cMedalha de Papel\u00e3o\u201d, destinada \u00e0queles que, em mat\u00e9ria de economia, falam bobagens&#8230; Quais as \u201cbobagens\u201d proferidas pelo papa Francisco? [&hellip;]","og_url":"https:\/\/www.oarcanjo.net\/site\/francisco-e-a-economia-de-mercado\/","og_site_name":"O Arcanjo no ar","article_publisher":"https:\/\/www.facebook.com\/OArcanjoNoAr\/","article_published_time":"2013-12-13T21:18:28+00:00","og_image":[{"width":300,"height":300,"url":"https:\/\/www.oarcanjo.net\/site\/wp-content\/uploads\/logo-o-arcanjo-no-ar-facebook.png","type":"image\/png"}],"author":"editor","twitter_card":"summary_large_image","twitter_misc":{"Escrito por":"editor","Est. tempo de leitura":"4 minutos"},"schema":{"@context":"https:\/\/schema.org","@graph":[{"@type":"Article","@id":"https:\/\/www.oarcanjo.net\/site\/francisco-e-a-economia-de-mercado\/#article","isPartOf":{"@id":"https:\/\/www.oarcanjo.net\/site\/francisco-e-a-economia-de-mercado\/"},"author":{"name":"editor","@id":"https:\/\/www.oarcanjo.net\/site\/#\/schema\/person\/f7024d007863202483a31326673a0838"},"headline":"Francisco e a economia de mercado","datePublished":"2013-12-13T21:18:28+00:00","dateModified":"2013-12-13T21:18:28+00:00","mainEntityOfPage":{"@id":"https:\/\/www.oarcanjo.net\/site\/francisco-e-a-economia-de-mercado\/"},"wordCount":855,"commentCount":0,"publisher":{"@id":"https:\/\/www.oarcanjo.net\/site\/#organization"},"keywords":["Alegria do Evangelho","economia","fome","globaliza\u00e7\u00e3o","Livre mercado","ONU","Papa Francisco","pobreza"],"articleSection":["Reflex\u00f5es"],"inLanguage":"pt-BR","potentialAction":[{"@type":"CommentAction","name":"Comment","target":["https:\/\/www.oarcanjo.net\/site\/francisco-e-a-economia-de-mercado\/#respond"]}]},{"@type":"WebPage","@id":"https:\/\/www.oarcanjo.net\/site\/francisco-e-a-economia-de-mercado\/","url":"https:\/\/www.oarcanjo.net\/site\/francisco-e-a-economia-de-mercado\/","name":"Francisco e a economia de mercado - O Arcanjo no ar","isPartOf":{"@id":"https:\/\/www.oarcanjo.net\/site\/#website"},"datePublished":"2013-12-13T21:18:28+00:00","dateModified":"2013-12-13T21:18:28+00:00","breadcrumb":{"@id":"https:\/\/www.oarcanjo.net\/site\/francisco-e-a-economia-de-mercado\/#breadcrumb"},"inLanguage":"pt-BR","potentialAction":[{"@type":"ReadAction","target":["https:\/\/www.oarcanjo.net\/site\/francisco-e-a-economia-de-mercado\/"]}]},{"@type":"BreadcrumbList","@id":"https:\/\/www.oarcanjo.net\/site\/francisco-e-a-economia-de-mercado\/#breadcrumb","itemListElement":[{"@type":"ListItem","position":1,"name":"In\u00edcio","item":"https:\/\/www.oarcanjo.net\/site\/"},{"@type":"ListItem","position":2,"name":"Francisco e a economia de mercado"}]},{"@type":"WebSite","@id":"https:\/\/www.oarcanjo.net\/site\/#website","url":"https:\/\/www.oarcanjo.net\/site\/","name":"O Arcanjo no ar","description":"Site da Par\u00f3quia S\u00e3o Miguel Arcanjo (Arquidiocese de SP)","publisher":{"@id":"https:\/\/www.oarcanjo.net\/site\/#organization"},"potentialAction":[{"@type":"SearchAction","target":{"@type":"EntryPoint","urlTemplate":"https:\/\/www.oarcanjo.net\/site\/?s={search_term_string}"},"query-input":{"@type":"PropertyValueSpecification","valueRequired":true,"valueName":"search_term_string"}}],"inLanguage":"pt-BR"},{"@type":"Organization","@id":"https:\/\/www.oarcanjo.net\/site\/#organization","name":"Par\u00f3quia S\u00e3o Miguel Arcanjo","url":"https:\/\/www.oarcanjo.net\/site\/","logo":{"@type":"ImageObject","inLanguage":"pt-BR","@id":"https:\/\/www.oarcanjo.net\/site\/#\/schema\/logo\/image\/","url":"https:\/\/www.oarcanjo.net\/site\/wp-content\/uploads\/LogoOArcanjo.png","contentUrl":"https:\/\/www.oarcanjo.net\/site\/wp-content\/uploads\/LogoOArcanjo.png","width":319,"height":99,"caption":"Par\u00f3quia S\u00e3o Miguel Arcanjo"},"image":{"@id":"https:\/\/www.oarcanjo.net\/site\/#\/schema\/logo\/image\/"},"sameAs":["https:\/\/www.facebook.com\/OArcanjoNoAr\/"]},{"@type":"Person","@id":"https:\/\/www.oarcanjo.net\/site\/#\/schema\/person\/f7024d007863202483a31326673a0838","name":"editor","sameAs":["http:\/\/www.oarcanjo.net"]}]}},"publishpress_future_action":{"enabled":false,"date":"2026-05-09 00:30:20","action":"category","newStatus":"draft","terms":[],"taxonomy":"category"},"publishpress_future_workflow_manual_trigger":{"enabledWorkflows":[]},"_links":{"self":[{"href":"https:\/\/www.oarcanjo.net\/site\/wp-json\/wp\/v2\/posts\/23999"}],"collection":[{"href":"https:\/\/www.oarcanjo.net\/site\/wp-json\/wp\/v2\/posts"}],"about":[{"href":"https:\/\/www.oarcanjo.net\/site\/wp-json\/wp\/v2\/types\/post"}],"author":[{"embeddable":true,"href":"https:\/\/www.oarcanjo.net\/site\/wp-json\/wp\/v2\/users\/5"}],"replies":[{"embeddable":true,"href":"https:\/\/www.oarcanjo.net\/site\/wp-json\/wp\/v2\/comments?post=23999"}],"version-history":[{"count":0,"href":"https:\/\/www.oarcanjo.net\/site\/wp-json\/wp\/v2\/posts\/23999\/revisions"}],"wp:attachment":[{"href":"https:\/\/www.oarcanjo.net\/site\/wp-json\/wp\/v2\/media?parent=23999"}],"wp:term":[{"taxonomy":"category","embeddable":true,"href":"https:\/\/www.oarcanjo.net\/site\/wp-json\/wp\/v2\/categories?post=23999"},{"taxonomy":"post_tag","embeddable":true,"href":"https:\/\/www.oarcanjo.net\/site\/wp-json\/wp\/v2\/tags?post=23999"}],"curies":[{"name":"wp","href":"https:\/\/api.w.org\/{rel}","templated":true}]}}