
{"id":24,"date":"2008-09-23T08:13:43","date_gmt":"2008-09-23T11:13:43","guid":{"rendered":"http:\/\/www.oarcanjo.net\/site\/?p=24"},"modified":"2008-10-02T07:59:47","modified_gmt":"2008-10-02T10:59:47","slug":"o-homem-medio","status":"publish","type":"post","link":"https:\/\/www.oarcanjo.net\/site\/o-homem-medio\/","title":{"rendered":"O homem m\u00e9dio"},"content":{"rendered":"<p>DAVID OLIVEIRA DE SOUZA*<\/p>\n<p>Este ano, foram libertadas as pessoas acusadas de extorquir o padre J\u00falio Lancellotti. A senten\u00e7a, proferida pelo juiz Julio Caio Farto Sales, surpreendeu pela inconsist\u00eancia dos argumentos. O magistrado ignora fatos relevantes, como a conclus\u00e3o do inqu\u00e9rito policial que reconheceu a ocorr\u00eancia de extors\u00e3o e o pedido de condena\u00e7\u00e3o dos r\u00e9us pelo Minist\u00e9rio P\u00fablico de S\u00e3o Paulo. O que mais assusta, no entanto, \u00e9 a falta de an\u00e1lise do contexto em que os fatos se deram e os acusados agiram, pois permite interpreta\u00e7\u00f5es distorcidas, como a que faz o juiz na senten\u00e7a ao concluir que n\u00e3o \u00e9 compreens\u00edvel que um \u201chomem m\u00e9dio\u201d \u2013 no caso o padre J\u00falio &#8211; tenha aceitado uma extors\u00e3o por tanto tempo. \u00c9 curioso o fato de que para o referido juiz, um homem m\u00e9dio jamais aceitaria uma extors\u00e3o por longo per\u00edodo, por\u00e9m de bom grado abriria m\u00e3o das economias de toda uma vida por raz\u00f5es fr\u00edvolas.<\/p>\n<p>N\u00e3o se sabe o que o merit\u00edssimo definiu com o termo \u201chomem m\u00e9dio\u201d, mas tudo indica que referiu-se \u00e0 m\u00e9dia dos homens da sociedade, faltando especificar sob que aspecto trata-se a v\u00edtima de um \u201chomem m\u00e9dio\u201d. Econ\u00f4mico, social, moral, educacional, religioso? Poderemos ter um homem m\u00e9dio na educa\u00e7\u00e3o, mas abaixo da m\u00e9dia na dimens\u00e3o econ\u00f4mica? Ou outro homem m\u00e9dio no porte f\u00edsico, mas acima da m\u00e9dia na dimens\u00e3o moral? Qualquer que seja a resposta tem-se que todo \u201chomem m\u00e9dio\u201d pode ser v\u00edtima de viol\u00eancia e, uma vez o sendo, pode reagir de formas diversas, principalmente se a viol\u00eancia em quest\u00e3o for psicol\u00f3gica.<\/p>\n<p>Segundo o Centro Latino-Americano de Estudos da Viol\u00eancia e Sa\u00fade da Funda\u00e7\u00e3o Oswaldo Cruz, a viol\u00eancia psicol\u00f3gica consiste em agress\u00f5es verbais ou gestuais com o objetivo de aterrorizar, rejeitar, humilhar a pessoa, restringir sua liberdade ou ainda isol\u00e1-la do conv\u00edvio social. Tem efeito sobre a auto-estima e a autoconfian\u00e7a. \u00c9 uma modalidade de viol\u00eancia pouco reconhecida e notificada. No entanto, est\u00e1 na base de problemas de sa\u00fade como transtornos de ansiedade e depress\u00e3o. O processo mostra que padre J\u00falio foi v\u00edtima de viol\u00eancia psicol\u00f3gica cont\u00ednua. O mesmo tipo de viol\u00eancia sofrida pelos moradores do im\u00f3vel irregularmente ocupado na zona leste de S\u00e3o Paulo para onde os r\u00e9us foram pouco depois de sua liberta\u00e7\u00e3o, exigindo de forma violenta, segundo relatos das v\u00edtimas, o pagamento dos alugu\u00e9is que recebiam ilegalmente antes de serem presos.<\/p>\n<p>\u00c9 fato conhecido que a viol\u00eancia psicol\u00f3gica pode perpetuar-se por longos per\u00edodos, principalmente se houver v\u00ednculo familiar entre o algoz e sua v\u00edtima. S\u00e3o comuns abusos psicol\u00f3gicos de pais contra filhos, de filhos contra pais ou entre empregadores e empregados. O v\u00ednculo deixa muitas vezes a v\u00edtima aprisionada num conflito mental em que espera, sem sucesso, a mudan\u00e7a de atitude de seu agressor, o qual, por sua vez, alimenta essa esperan\u00e7a com interregnos menos agressivos, at\u00e9 voltar a ser violento. No caso espec\u00edfico de J\u00falio Lancellotti, somam-se outras dimens\u00f5es \u00e0 cena, que justificam o fato de a den\u00fancia formal ter ocorrido apenas tr\u00eas anos ap\u00f3s o in\u00edcio da extors\u00e3o (a informal fora feita dois anos antes, ao governador, ao secret\u00e1rio-adjunto de Seguran\u00e7a e ao comandante da PM): a dimens\u00e3o religiosa, que fortalecia a cren\u00e7a na possibilidade de mudan\u00e7a de atitude do agressor; a dimens\u00e3o hist\u00f3rica, do cidad\u00e3o que dedicou anos de sua vida \u00e0 defesa de uma atitude sociedade menos punitiva e mais cuidadora da sociedade diante dos jovens infratores, fazendo com que a condena\u00e7\u00e3o do r\u00e9u representasse simbolicamente a derrota de sua causa; a dimens\u00e3o biol\u00f3gica, que fez com que reagisse de forma depressiva \u00e0s amea\u00e7as perpetradas contra sua vida. Nenhuma dessas dimens\u00f5es pode ser ignorada e,se acrescidas dos fatos evidenciados no processo, n\u00e3o deixam d\u00favidas de que J\u00falio Lancellotti foi v\u00edtima de extors\u00e3o continuada.<\/p>\n<p>Um elemento final e muito destacado \u00e9 o fato de padre J\u00falio n\u00e3o ter at\u00e9 o momento se pronunciado publicamente em defesa pr\u00f3pria, sendo que tantas vezes o fez em favor dos exclu\u00eddos. O sil\u00eancio do padre reproduz a atitude hist\u00f3rica de muitos religiosos em momentos de dificuldade e remonta at\u00e9 o referencial maior dos crist\u00e3os, a pr\u00f3pria figura de Jesus, a quem Pilatos perguntou insistentemente: \u201cNada respondes? V\u00ea quantas coisas testificam contra ti?\u201d.  E Jesus nada respondeu.<\/p>\n<p><em><\/p>\n<p>DAVID OLIVEIRA DE SOUZA, 32, \u00e9 m\u00e9dico pessoal do padre J\u00falio Lancellotti, professor de sa\u00fade coletiva da Universidade Federal de Sergipe e trabalha para a Organiza\u00e7\u00e3o M\u00e9dicos Sem Fronteiras. \u00c9 especialista em medicina de fam\u00edlia e comunidade pela UERJ, especialista em cl\u00ednica m\u00e9dica pela UFRJ e mestre em rela\u00e7\u00f5es internacionais pelo Instituto de Estudos Pol\u00edticos de Paris.<\/p>\n<p><\/em><\/p>\n<div id=\"themify_builder_content-24\" data-postid=\"24\" class=\"themify_builder_content themify_builder_content-24 themify_builder themify_builder_front\">\n\t<\/div>\n<!-- \/themify_builder_content -->","protected":false},"excerpt":{"rendered":"<p>DAVID OLIVEIRA DE SOUZA* Este ano, foram libertadas as pessoas acusadas de extorquir o padre J\u00falio Lancellotti. A senten\u00e7a, proferida pelo juiz Julio Caio Farto Sales, surpreendeu pela inconsist\u00eancia dos argumentos. O magistrado ignora fatos relevantes, como a conclus\u00e3o do inqu\u00e9rito policial que reconheceu a ocorr\u00eancia de extors\u00e3o e o pedido de condena\u00e7\u00e3o dos r\u00e9us [&hellip;]<\/p>\n","protected":false},"author":5,"featured_media":0,"comment_status":"open","ping_status":"open","sticky":false,"template":"","format":"standard","meta":{"ngg_post_thumbnail":0,"footnotes":""},"categories":[9],"tags":[19,3203,20],"yoast_head":"<!-- This site is optimized with the Yoast SEO plugin v23.5 - https:\/\/yoast.com\/wordpress\/plugins\/seo\/ -->\n<title>O homem m\u00e9dio - O Arcanjo no ar<\/title>\n<meta name=\"robots\" content=\"index, follow, max-snippet:-1, max-image-preview:large, max-video-preview:-1\" \/>\n<link rel=\"canonical\" href=\"https:\/\/www.oarcanjo.net\/site\/o-homem-medio\/\" \/>\n<meta property=\"og:locale\" content=\"pt_BR\" \/>\n<meta property=\"og:type\" content=\"article\" \/>\n<meta property=\"og:title\" content=\"O homem m\u00e9dio - O Arcanjo no ar\" \/>\n<meta property=\"og:description\" content=\"DAVID OLIVEIRA DE SOUZA* Este ano, foram libertadas as pessoas acusadas de extorquir o padre J\u00falio Lancellotti. A senten\u00e7a, proferida pelo juiz Julio Caio Farto Sales, surpreendeu pela inconsist\u00eancia dos argumentos. O magistrado ignora fatos relevantes, como a conclus\u00e3o do inqu\u00e9rito policial que reconheceu a ocorr\u00eancia de extors\u00e3o e o pedido de condena\u00e7\u00e3o dos r\u00e9us [&hellip;]\" \/>\n<meta property=\"og:url\" content=\"https:\/\/www.oarcanjo.net\/site\/o-homem-medio\/\" \/>\n<meta property=\"og:site_name\" content=\"O Arcanjo no ar\" \/>\n<meta property=\"article:publisher\" content=\"https:\/\/www.facebook.com\/OArcanjoNoAr\/\" \/>\n<meta property=\"article:published_time\" content=\"2008-09-23T11:13:43+00:00\" \/>\n<meta property=\"article:modified_time\" content=\"2008-10-02T10:59:47+00:00\" \/>\n<meta property=\"og:image\" content=\"https:\/\/www.oarcanjo.net\/site\/wp-content\/uploads\/logo-o-arcanjo-no-ar-facebook.png\" \/>\n\t<meta property=\"og:image:width\" content=\"300\" \/>\n\t<meta property=\"og:image:height\" content=\"300\" \/>\n\t<meta property=\"og:image:type\" content=\"image\/png\" \/>\n<meta name=\"author\" content=\"editor\" \/>\n<meta name=\"twitter:card\" content=\"summary_large_image\" \/>\n<meta name=\"twitter:label1\" content=\"Escrito por\" \/>\n\t<meta name=\"twitter:data1\" content=\"editor\" \/>\n\t<meta name=\"twitter:label2\" content=\"Est. tempo de leitura\" \/>\n\t<meta name=\"twitter:data2\" content=\"4 minutos\" \/>\n<script type=\"application\/ld+json\" class=\"yoast-schema-graph\">{\"@context\":\"https:\/\/schema.org\",\"@graph\":[{\"@type\":\"Article\",\"@id\":\"https:\/\/www.oarcanjo.net\/site\/o-homem-medio\/#article\",\"isPartOf\":{\"@id\":\"https:\/\/www.oarcanjo.net\/site\/o-homem-medio\/\"},\"author\":{\"name\":\"editor\",\"@id\":\"https:\/\/www.oarcanjo.net\/site\/#\/schema\/person\/f7024d007863202483a31326673a0838\"},\"headline\":\"O homem m\u00e9dio\",\"datePublished\":\"2008-09-23T11:13:43+00:00\",\"dateModified\":\"2008-10-02T10:59:47+00:00\",\"mainEntityOfPage\":{\"@id\":\"https:\/\/www.oarcanjo.net\/site\/o-homem-medio\/\"},\"wordCount\":871,\"commentCount\":0,\"publisher\":{\"@id\":\"https:\/\/www.oarcanjo.net\/site\/#organization\"},\"keywords\":[\"extors\u00e3o\",\"Reflex\u00f5es\",\"viol\u00eancia\"],\"articleSection\":[\"Reflex\u00f5es\"],\"inLanguage\":\"pt-BR\",\"potentialAction\":[{\"@type\":\"CommentAction\",\"name\":\"Comment\",\"target\":[\"https:\/\/www.oarcanjo.net\/site\/o-homem-medio\/#respond\"]}]},{\"@type\":\"WebPage\",\"@id\":\"https:\/\/www.oarcanjo.net\/site\/o-homem-medio\/\",\"url\":\"https:\/\/www.oarcanjo.net\/site\/o-homem-medio\/\",\"name\":\"O homem m\u00e9dio - O Arcanjo no ar\",\"isPartOf\":{\"@id\":\"https:\/\/www.oarcanjo.net\/site\/#website\"},\"datePublished\":\"2008-09-23T11:13:43+00:00\",\"dateModified\":\"2008-10-02T10:59:47+00:00\",\"breadcrumb\":{\"@id\":\"https:\/\/www.oarcanjo.net\/site\/o-homem-medio\/#breadcrumb\"},\"inLanguage\":\"pt-BR\",\"potentialAction\":[{\"@type\":\"ReadAction\",\"target\":[\"https:\/\/www.oarcanjo.net\/site\/o-homem-medio\/\"]}]},{\"@type\":\"BreadcrumbList\",\"@id\":\"https:\/\/www.oarcanjo.net\/site\/o-homem-medio\/#breadcrumb\",\"itemListElement\":[{\"@type\":\"ListItem\",\"position\":1,\"name\":\"In\u00edcio\",\"item\":\"https:\/\/www.oarcanjo.net\/site\/\"},{\"@type\":\"ListItem\",\"position\":2,\"name\":\"O homem m\u00e9dio\"}]},{\"@type\":\"WebSite\",\"@id\":\"https:\/\/www.oarcanjo.net\/site\/#website\",\"url\":\"https:\/\/www.oarcanjo.net\/site\/\",\"name\":\"O Arcanjo no ar\",\"description\":\"Site da Par\u00f3quia S\u00e3o Miguel Arcanjo (Arquidiocese de SP)\",\"publisher\":{\"@id\":\"https:\/\/www.oarcanjo.net\/site\/#organization\"},\"potentialAction\":[{\"@type\":\"SearchAction\",\"target\":{\"@type\":\"EntryPoint\",\"urlTemplate\":\"https:\/\/www.oarcanjo.net\/site\/?s={search_term_string}\"},\"query-input\":{\"@type\":\"PropertyValueSpecification\",\"valueRequired\":true,\"valueName\":\"search_term_string\"}}],\"inLanguage\":\"pt-BR\"},{\"@type\":\"Organization\",\"@id\":\"https:\/\/www.oarcanjo.net\/site\/#organization\",\"name\":\"Par\u00f3quia S\u00e3o Miguel Arcanjo\",\"url\":\"https:\/\/www.oarcanjo.net\/site\/\",\"logo\":{\"@type\":\"ImageObject\",\"inLanguage\":\"pt-BR\",\"@id\":\"https:\/\/www.oarcanjo.net\/site\/#\/schema\/logo\/image\/\",\"url\":\"https:\/\/www.oarcanjo.net\/site\/wp-content\/uploads\/LogoOArcanjo.png\",\"contentUrl\":\"https:\/\/www.oarcanjo.net\/site\/wp-content\/uploads\/LogoOArcanjo.png\",\"width\":319,\"height\":99,\"caption\":\"Par\u00f3quia S\u00e3o Miguel Arcanjo\"},\"image\":{\"@id\":\"https:\/\/www.oarcanjo.net\/site\/#\/schema\/logo\/image\/\"},\"sameAs\":[\"https:\/\/www.facebook.com\/OArcanjoNoAr\/\"]},{\"@type\":\"Person\",\"@id\":\"https:\/\/www.oarcanjo.net\/site\/#\/schema\/person\/f7024d007863202483a31326673a0838\",\"name\":\"editor\",\"sameAs\":[\"http:\/\/www.oarcanjo.net\"]}]}<\/script>\n<!-- \/ Yoast SEO plugin. -->","yoast_head_json":{"title":"O homem m\u00e9dio - O Arcanjo no ar","robots":{"index":"index","follow":"follow","max-snippet":"max-snippet:-1","max-image-preview":"max-image-preview:large","max-video-preview":"max-video-preview:-1"},"canonical":"https:\/\/www.oarcanjo.net\/site\/o-homem-medio\/","og_locale":"pt_BR","og_type":"article","og_title":"O homem m\u00e9dio - O Arcanjo no ar","og_description":"DAVID OLIVEIRA DE SOUZA* Este ano, foram libertadas as pessoas acusadas de extorquir o padre J\u00falio Lancellotti. A senten\u00e7a, proferida pelo juiz Julio Caio Farto Sales, surpreendeu pela inconsist\u00eancia dos argumentos. O magistrado ignora fatos relevantes, como a conclus\u00e3o do inqu\u00e9rito policial que reconheceu a ocorr\u00eancia de extors\u00e3o e o pedido de condena\u00e7\u00e3o dos r\u00e9us [&hellip;]","og_url":"https:\/\/www.oarcanjo.net\/site\/o-homem-medio\/","og_site_name":"O Arcanjo no ar","article_publisher":"https:\/\/www.facebook.com\/OArcanjoNoAr\/","article_published_time":"2008-09-23T11:13:43+00:00","article_modified_time":"2008-10-02T10:59:47+00:00","og_image":[{"width":300,"height":300,"url":"https:\/\/www.oarcanjo.net\/site\/wp-content\/uploads\/logo-o-arcanjo-no-ar-facebook.png","type":"image\/png"}],"author":"editor","twitter_card":"summary_large_image","twitter_misc":{"Escrito por":"editor","Est. tempo de leitura":"4 minutos"},"schema":{"@context":"https:\/\/schema.org","@graph":[{"@type":"Article","@id":"https:\/\/www.oarcanjo.net\/site\/o-homem-medio\/#article","isPartOf":{"@id":"https:\/\/www.oarcanjo.net\/site\/o-homem-medio\/"},"author":{"name":"editor","@id":"https:\/\/www.oarcanjo.net\/site\/#\/schema\/person\/f7024d007863202483a31326673a0838"},"headline":"O homem m\u00e9dio","datePublished":"2008-09-23T11:13:43+00:00","dateModified":"2008-10-02T10:59:47+00:00","mainEntityOfPage":{"@id":"https:\/\/www.oarcanjo.net\/site\/o-homem-medio\/"},"wordCount":871,"commentCount":0,"publisher":{"@id":"https:\/\/www.oarcanjo.net\/site\/#organization"},"keywords":["extors\u00e3o","Reflex\u00f5es","viol\u00eancia"],"articleSection":["Reflex\u00f5es"],"inLanguage":"pt-BR","potentialAction":[{"@type":"CommentAction","name":"Comment","target":["https:\/\/www.oarcanjo.net\/site\/o-homem-medio\/#respond"]}]},{"@type":"WebPage","@id":"https:\/\/www.oarcanjo.net\/site\/o-homem-medio\/","url":"https:\/\/www.oarcanjo.net\/site\/o-homem-medio\/","name":"O homem m\u00e9dio - O Arcanjo no ar","isPartOf":{"@id":"https:\/\/www.oarcanjo.net\/site\/#website"},"datePublished":"2008-09-23T11:13:43+00:00","dateModified":"2008-10-02T10:59:47+00:00","breadcrumb":{"@id":"https:\/\/www.oarcanjo.net\/site\/o-homem-medio\/#breadcrumb"},"inLanguage":"pt-BR","potentialAction":[{"@type":"ReadAction","target":["https:\/\/www.oarcanjo.net\/site\/o-homem-medio\/"]}]},{"@type":"BreadcrumbList","@id":"https:\/\/www.oarcanjo.net\/site\/o-homem-medio\/#breadcrumb","itemListElement":[{"@type":"ListItem","position":1,"name":"In\u00edcio","item":"https:\/\/www.oarcanjo.net\/site\/"},{"@type":"ListItem","position":2,"name":"O homem m\u00e9dio"}]},{"@type":"WebSite","@id":"https:\/\/www.oarcanjo.net\/site\/#website","url":"https:\/\/www.oarcanjo.net\/site\/","name":"O Arcanjo no ar","description":"Site da Par\u00f3quia S\u00e3o Miguel Arcanjo (Arquidiocese de SP)","publisher":{"@id":"https:\/\/www.oarcanjo.net\/site\/#organization"},"potentialAction":[{"@type":"SearchAction","target":{"@type":"EntryPoint","urlTemplate":"https:\/\/www.oarcanjo.net\/site\/?s={search_term_string}"},"query-input":{"@type":"PropertyValueSpecification","valueRequired":true,"valueName":"search_term_string"}}],"inLanguage":"pt-BR"},{"@type":"Organization","@id":"https:\/\/www.oarcanjo.net\/site\/#organization","name":"Par\u00f3quia S\u00e3o Miguel Arcanjo","url":"https:\/\/www.oarcanjo.net\/site\/","logo":{"@type":"ImageObject","inLanguage":"pt-BR","@id":"https:\/\/www.oarcanjo.net\/site\/#\/schema\/logo\/image\/","url":"https:\/\/www.oarcanjo.net\/site\/wp-content\/uploads\/LogoOArcanjo.png","contentUrl":"https:\/\/www.oarcanjo.net\/site\/wp-content\/uploads\/LogoOArcanjo.png","width":319,"height":99,"caption":"Par\u00f3quia S\u00e3o Miguel Arcanjo"},"image":{"@id":"https:\/\/www.oarcanjo.net\/site\/#\/schema\/logo\/image\/"},"sameAs":["https:\/\/www.facebook.com\/OArcanjoNoAr\/"]},{"@type":"Person","@id":"https:\/\/www.oarcanjo.net\/site\/#\/schema\/person\/f7024d007863202483a31326673a0838","name":"editor","sameAs":["http:\/\/www.oarcanjo.net"]}]}},"publishpress_future_action":{"enabled":false,"date":"2026-05-08 20:31:24","action":"category","newStatus":"draft","terms":[],"taxonomy":"category"},"publishpress_future_workflow_manual_trigger":{"enabledWorkflows":[]},"_links":{"self":[{"href":"https:\/\/www.oarcanjo.net\/site\/wp-json\/wp\/v2\/posts\/24"}],"collection":[{"href":"https:\/\/www.oarcanjo.net\/site\/wp-json\/wp\/v2\/posts"}],"about":[{"href":"https:\/\/www.oarcanjo.net\/site\/wp-json\/wp\/v2\/types\/post"}],"author":[{"embeddable":true,"href":"https:\/\/www.oarcanjo.net\/site\/wp-json\/wp\/v2\/users\/5"}],"replies":[{"embeddable":true,"href":"https:\/\/www.oarcanjo.net\/site\/wp-json\/wp\/v2\/comments?post=24"}],"version-history":[{"count":0,"href":"https:\/\/www.oarcanjo.net\/site\/wp-json\/wp\/v2\/posts\/24\/revisions"}],"wp:attachment":[{"href":"https:\/\/www.oarcanjo.net\/site\/wp-json\/wp\/v2\/media?parent=24"}],"wp:term":[{"taxonomy":"category","embeddable":true,"href":"https:\/\/www.oarcanjo.net\/site\/wp-json\/wp\/v2\/categories?post=24"},{"taxonomy":"post_tag","embeddable":true,"href":"https:\/\/www.oarcanjo.net\/site\/wp-json\/wp\/v2\/tags?post=24"}],"curies":[{"name":"wp","href":"https:\/\/api.w.org\/{rel}","templated":true}]}}