
{"id":24003,"date":"2013-12-15T00:58:42","date_gmt":"2013-12-15T02:58:42","guid":{"rendered":"http:\/\/www.oarcanjo.net\/site\/?p=24003"},"modified":"2013-12-26T10:52:24","modified_gmt":"2013-12-26T12:52:24","slug":"natal-da-pastoral-da-crianca-2","status":"publish","type":"post","link":"https:\/\/www.oarcanjo.net\/site\/natal-da-pastoral-da-crianca-2\/","title":{"rendered":"Natal da Pastoral da Crian\u00e7a"},"content":{"rendered":"<p style=\"text-align: justify;\">O Natal Pastoral da Crian\u00e7a da\u00a0Comunidade S\u00e3o Miguel Arcanjo foi antecipado. Aconteceu neste s\u00e1bado, 14\/12\/13 no Centro Comunit\u00e1rio. Os volunt\u00e1rios capricharam, os colaboradores foram, como sempre, muito bondosos, alegrando as crian\u00e7as e seus pais. At\u00e9 as crian\u00e7as da catequese ajudaram e participaram. Os jovens estavam l\u00e1 com a participa\u00e7\u00e3o de sempre. Kemi, foi o menino Jesus deste ano, de origem boliviana, como muitos outros, e igualmente acolhido. Emo\u00e7\u00e3o, alegria, sorrisos, trabalho, mas o sorriso de cada crian\u00e7a \u00e9 inesquec\u00edvel. A Lorrana ficou emocionada ao ouvir uma crian\u00e7a, abrindo seu presente dizer: &#8220;Que lindo&#8221;. Cada colaborador fica com esse agradecimento, que certamente foi repetido por cada crian\u00e7a. Um agradecimento especial \u00e0s volunt\u00e1rias da Pastoral da Crian\u00e7a, que seguindo as orienta\u00e7\u00f5es da\u00a0tamb\u00e9m inesquec\u00edvel Dra. \u00a0Zilda Arns, fazem um trabalho t\u00e3o importante, que alcan\u00e7a os v\u00e1rios aspectos da sa\u00fade e inclus\u00e3o social.<\/p>\n<p style=\"text-align: justify;\">Pe Julio, no seu facebook disse: &#8220;Estou muito emocionado com a festa da Pastoral da Crian\u00e7a na nosso Par\u00f3quia S.Miguel Arcanjo , com a participa\u00e7\u00e3o alegre e festiva , cheia de acolhimento , toda a comunidade apoiou e de alguma maneira participou .O menino Jesus , uma crian\u00e7a filho de imigrantes bolivianos com um m\u00eas a todos encantou . Me alegrou ver um casal querido com dois filhos que at\u00e9 uma semana atr\u00e1s viviam na rua&#8221;.<\/p>\n<p>Vejam as fotos, tamb\u00e9m de mais uma colaboradora<\/p>\nngg_shortcode_0_placeholder\n<div id=\"themify_builder_content-24003\" data-postid=\"24003\" class=\"themify_builder_content themify_builder_content-24003 themify_builder themify_builder_front\">\n\t<\/div>\n<!-- \/themify_builder_content -->","protected":false},"excerpt":{"rendered":"<p>O Natal Pastoral da Crian\u00e7a da\u00a0Comunidade S\u00e3o Miguel Arcanjo foi antecipado. Aconteceu neste s\u00e1bado, 14\/12\/13 no Centro Comunit\u00e1rio. Os volunt\u00e1rios capricharam, os colaboradores foram, como sempre, muito bondosos, alegrando as crian\u00e7as e seus pais. At\u00e9 as crian\u00e7as da catequese ajudaram e participaram. Os jovens estavam l\u00e1 com a participa\u00e7\u00e3o de sempre. Kemi, foi o menino [&hellip;]<\/p>\n","protected":false},"author":10,"featured_media":0,"comment_status":"open","ping_status":"open","sticky":false,"template":"","format":"standard","meta":{"ngg_post_thumbnail":0,"footnotes":""},"categories":[8,7],"tags":[2904],"yoast_head":"<!-- This site is optimized with the Yoast SEO plugin v23.5 - https:\/\/yoast.com\/wordpress\/plugins\/seo\/ -->\n<title>Natal da Pastoral da Crian\u00e7a - O Arcanjo no ar<\/title>\n<meta name=\"robots\" content=\"index, follow, max-snippet:-1, max-image-preview:large, max-video-preview:-1\" \/>\n<link rel=\"canonical\" href=\"https:\/\/www.oarcanjo.net\/site\/natal-da-pastoral-da-crianca-2\/\" \/>\n<meta property=\"og:locale\" content=\"pt_BR\" \/>\n<meta property=\"og:type\" content=\"article\" \/>\n<meta property=\"og:title\" content=\"Natal da Pastoral da Crian\u00e7a - O Arcanjo no ar\" \/>\n<meta property=\"og:description\" content=\"O Natal Pastoral da Crian\u00e7a da\u00a0Comunidade S\u00e3o Miguel Arcanjo foi antecipado. Aconteceu neste s\u00e1bado, 14\/12\/13 no Centro Comunit\u00e1rio. Os volunt\u00e1rios capricharam, os colaboradores foram, como sempre, muito bondosos, alegrando as crian\u00e7as e seus pais. At\u00e9 as crian\u00e7as da catequese ajudaram e participaram. Os jovens estavam l\u00e1 com a participa\u00e7\u00e3o de sempre. Kemi, foi o menino [&hellip;]\" \/>\n<meta property=\"og:url\" content=\"https:\/\/www.oarcanjo.net\/site\/natal-da-pastoral-da-crianca-2\/\" \/>\n<meta property=\"og:site_name\" content=\"O Arcanjo no ar\" \/>\n<meta property=\"article:publisher\" content=\"https:\/\/www.facebook.com\/OArcanjoNoAr\/\" \/>\n<meta property=\"article:published_time\" content=\"2013-12-15T02:58:42+00:00\" \/>\n<meta property=\"article:modified_time\" content=\"2013-12-26T12:52:24+00:00\" \/>\n<meta property=\"og:image\" content=\"https:\/\/www.oarcanjo.net\/site\/wp-content\/uploads\/logo-o-arcanjo-no-ar-facebook.png\" \/>\n\t<meta property=\"og:image:width\" content=\"300\" \/>\n\t<meta property=\"og:image:height\" content=\"300\" \/>\n\t<meta property=\"og:image:type\" content=\"image\/png\" \/>\n<meta name=\"author\" content=\"carlos\" \/>\n<meta name=\"twitter:card\" content=\"summary_large_image\" \/>\n<meta name=\"twitter:label1\" content=\"Escrito por\" \/>\n\t<meta name=\"twitter:data1\" content=\"carlos\" \/>\n\t<meta name=\"twitter:label2\" content=\"Est. tempo de leitura\" \/>\n\t<meta name=\"twitter:data2\" content=\"1 minuto\" \/>\n<script type=\"application\/ld+json\" class=\"yoast-schema-graph\">{\"@context\":\"https:\/\/schema.org\",\"@graph\":[{\"@type\":\"Article\",\"@id\":\"https:\/\/www.oarcanjo.net\/site\/natal-da-pastoral-da-crianca-2\/#article\",\"isPartOf\":{\"@id\":\"https:\/\/www.oarcanjo.net\/site\/natal-da-pastoral-da-crianca-2\/\"},\"author\":{\"name\":\"carlos\",\"@id\":\"https:\/\/www.oarcanjo.net\/site\/#\/schema\/person\/f7870e710d8c8c30673de3a0ac2e451d\"},\"headline\":\"Natal da Pastoral da Crian\u00e7a\",\"datePublished\":\"2013-12-15T02:58:42+00:00\",\"dateModified\":\"2013-12-26T12:52:24+00:00\",\"mainEntityOfPage\":{\"@id\":\"https:\/\/www.oarcanjo.net\/site\/natal-da-pastoral-da-crianca-2\/\"},\"wordCount\":257,\"commentCount\":0,\"publisher\":{\"@id\":\"https:\/\/www.oarcanjo.net\/site\/#organization\"},\"keywords\":[\"Natal da Pastoral da Crian\u00e7a\"],\"articleSection\":[\"Not\u00edcias\",\"Rosto da comunidade\"],\"inLanguage\":\"pt-BR\",\"potentialAction\":[{\"@type\":\"CommentAction\",\"name\":\"Comment\",\"target\":[\"https:\/\/www.oarcanjo.net\/site\/natal-da-pastoral-da-crianca-2\/#respond\"]}]},{\"@type\":\"WebPage\",\"@id\":\"https:\/\/www.oarcanjo.net\/site\/natal-da-pastoral-da-crianca-2\/\",\"url\":\"https:\/\/www.oarcanjo.net\/site\/natal-da-pastoral-da-crianca-2\/\",\"name\":\"Natal da Pastoral da Crian\u00e7a - O Arcanjo no ar\",\"isPartOf\":{\"@id\":\"https:\/\/www.oarcanjo.net\/site\/#website\"},\"datePublished\":\"2013-12-15T02:58:42+00:00\",\"dateModified\":\"2013-12-26T12:52:24+00:00\",\"breadcrumb\":{\"@id\":\"https:\/\/www.oarcanjo.net\/site\/natal-da-pastoral-da-crianca-2\/#breadcrumb\"},\"inLanguage\":\"pt-BR\",\"potentialAction\":[{\"@type\":\"ReadAction\",\"target\":[\"https:\/\/www.oarcanjo.net\/site\/natal-da-pastoral-da-crianca-2\/\"]}]},{\"@type\":\"BreadcrumbList\",\"@id\":\"https:\/\/www.oarcanjo.net\/site\/natal-da-pastoral-da-crianca-2\/#breadcrumb\",\"itemListElement\":[{\"@type\":\"ListItem\",\"position\":1,\"name\":\"In\u00edcio\",\"item\":\"https:\/\/www.oarcanjo.net\/site\/\"},{\"@type\":\"ListItem\",\"position\":2,\"name\":\"Natal da Pastoral da Crian\u00e7a\"}]},{\"@type\":\"WebSite\",\"@id\":\"https:\/\/www.oarcanjo.net\/site\/#website\",\"url\":\"https:\/\/www.oarcanjo.net\/site\/\",\"name\":\"O Arcanjo no ar\",\"description\":\"Site da Par\u00f3quia S\u00e3o Miguel Arcanjo (Arquidiocese de SP)\",\"publisher\":{\"@id\":\"https:\/\/www.oarcanjo.net\/site\/#organization\"},\"potentialAction\":[{\"@type\":\"SearchAction\",\"target\":{\"@type\":\"EntryPoint\",\"urlTemplate\":\"https:\/\/www.oarcanjo.net\/site\/?s={search_term_string}\"},\"query-input\":{\"@type\":\"PropertyValueSpecification\",\"valueRequired\":true,\"valueName\":\"search_term_string\"}}],\"inLanguage\":\"pt-BR\"},{\"@type\":\"Organization\",\"@id\":\"https:\/\/www.oarcanjo.net\/site\/#organization\",\"name\":\"Par\u00f3quia S\u00e3o Miguel Arcanjo\",\"url\":\"https:\/\/www.oarcanjo.net\/site\/\",\"logo\":{\"@type\":\"ImageObject\",\"inLanguage\":\"pt-BR\",\"@id\":\"https:\/\/www.oarcanjo.net\/site\/#\/schema\/logo\/image\/\",\"url\":\"https:\/\/www.oarcanjo.net\/site\/wp-content\/uploads\/LogoOArcanjo.png\",\"contentUrl\":\"https:\/\/www.oarcanjo.net\/site\/wp-content\/uploads\/LogoOArcanjo.png\",\"width\":319,\"height\":99,\"caption\":\"Par\u00f3quia S\u00e3o Miguel Arcanjo\"},\"image\":{\"@id\":\"https:\/\/www.oarcanjo.net\/site\/#\/schema\/logo\/image\/\"},\"sameAs\":[\"https:\/\/www.facebook.com\/OArcanjoNoAr\/\"]},{\"@type\":\"Person\",\"@id\":\"https:\/\/www.oarcanjo.net\/site\/#\/schema\/person\/f7870e710d8c8c30673de3a0ac2e451d\",\"name\":\"carlos\"}]}<\/script>\n<!-- \/ Yoast SEO plugin. -->","yoast_head_json":{"title":"Natal da Pastoral da Crian\u00e7a - O Arcanjo no ar","robots":{"index":"index","follow":"follow","max-snippet":"max-snippet:-1","max-image-preview":"max-image-preview:large","max-video-preview":"max-video-preview:-1"},"canonical":"https:\/\/www.oarcanjo.net\/site\/natal-da-pastoral-da-crianca-2\/","og_locale":"pt_BR","og_type":"article","og_title":"Natal da Pastoral da Crian\u00e7a - O Arcanjo no ar","og_description":"O Natal Pastoral da Crian\u00e7a da\u00a0Comunidade S\u00e3o Miguel Arcanjo foi antecipado. Aconteceu neste s\u00e1bado, 14\/12\/13 no Centro Comunit\u00e1rio. Os volunt\u00e1rios capricharam, os colaboradores foram, como sempre, muito bondosos, alegrando as crian\u00e7as e seus pais. At\u00e9 as crian\u00e7as da catequese ajudaram e participaram. Os jovens estavam l\u00e1 com a participa\u00e7\u00e3o de sempre. Kemi, foi o menino [&hellip;]","og_url":"https:\/\/www.oarcanjo.net\/site\/natal-da-pastoral-da-crianca-2\/","og_site_name":"O Arcanjo no ar","article_publisher":"https:\/\/www.facebook.com\/OArcanjoNoAr\/","article_published_time":"2013-12-15T02:58:42+00:00","article_modified_time":"2013-12-26T12:52:24+00:00","og_image":[{"width":300,"height":300,"url":"https:\/\/www.oarcanjo.net\/site\/wp-content\/uploads\/logo-o-arcanjo-no-ar-facebook.png","type":"image\/png"}],"author":"carlos","twitter_card":"summary_large_image","twitter_misc":{"Escrito por":"carlos","Est. tempo de leitura":"1 minuto"},"schema":{"@context":"https:\/\/schema.org","@graph":[{"@type":"Article","@id":"https:\/\/www.oarcanjo.net\/site\/natal-da-pastoral-da-crianca-2\/#article","isPartOf":{"@id":"https:\/\/www.oarcanjo.net\/site\/natal-da-pastoral-da-crianca-2\/"},"author":{"name":"carlos","@id":"https:\/\/www.oarcanjo.net\/site\/#\/schema\/person\/f7870e710d8c8c30673de3a0ac2e451d"},"headline":"Natal da Pastoral da Crian\u00e7a","datePublished":"2013-12-15T02:58:42+00:00","dateModified":"2013-12-26T12:52:24+00:00","mainEntityOfPage":{"@id":"https:\/\/www.oarcanjo.net\/site\/natal-da-pastoral-da-crianca-2\/"},"wordCount":257,"commentCount":0,"publisher":{"@id":"https:\/\/www.oarcanjo.net\/site\/#organization"},"keywords":["Natal da Pastoral da Crian\u00e7a"],"articleSection":["Not\u00edcias","Rosto da comunidade"],"inLanguage":"pt-BR","potentialAction":[{"@type":"CommentAction","name":"Comment","target":["https:\/\/www.oarcanjo.net\/site\/natal-da-pastoral-da-crianca-2\/#respond"]}]},{"@type":"WebPage","@id":"https:\/\/www.oarcanjo.net\/site\/natal-da-pastoral-da-crianca-2\/","url":"https:\/\/www.oarcanjo.net\/site\/natal-da-pastoral-da-crianca-2\/","name":"Natal da Pastoral da Crian\u00e7a - O Arcanjo no ar","isPartOf":{"@id":"https:\/\/www.oarcanjo.net\/site\/#website"},"datePublished":"2013-12-15T02:58:42+00:00","dateModified":"2013-12-26T12:52:24+00:00","breadcrumb":{"@id":"https:\/\/www.oarcanjo.net\/site\/natal-da-pastoral-da-crianca-2\/#breadcrumb"},"inLanguage":"pt-BR","potentialAction":[{"@type":"ReadAction","target":["https:\/\/www.oarcanjo.net\/site\/natal-da-pastoral-da-crianca-2\/"]}]},{"@type":"BreadcrumbList","@id":"https:\/\/www.oarcanjo.net\/site\/natal-da-pastoral-da-crianca-2\/#breadcrumb","itemListElement":[{"@type":"ListItem","position":1,"name":"In\u00edcio","item":"https:\/\/www.oarcanjo.net\/site\/"},{"@type":"ListItem","position":2,"name":"Natal da Pastoral da Crian\u00e7a"}]},{"@type":"WebSite","@id":"https:\/\/www.oarcanjo.net\/site\/#website","url":"https:\/\/www.oarcanjo.net\/site\/","name":"O Arcanjo no ar","description":"Site da Par\u00f3quia S\u00e3o Miguel Arcanjo (Arquidiocese de SP)","publisher":{"@id":"https:\/\/www.oarcanjo.net\/site\/#organization"},"potentialAction":[{"@type":"SearchAction","target":{"@type":"EntryPoint","urlTemplate":"https:\/\/www.oarcanjo.net\/site\/?s={search_term_string}"},"query-input":{"@type":"PropertyValueSpecification","valueRequired":true,"valueName":"search_term_string"}}],"inLanguage":"pt-BR"},{"@type":"Organization","@id":"https:\/\/www.oarcanjo.net\/site\/#organization","name":"Par\u00f3quia S\u00e3o Miguel Arcanjo","url":"https:\/\/www.oarcanjo.net\/site\/","logo":{"@type":"ImageObject","inLanguage":"pt-BR","@id":"https:\/\/www.oarcanjo.net\/site\/#\/schema\/logo\/image\/","url":"https:\/\/www.oarcanjo.net\/site\/wp-content\/uploads\/LogoOArcanjo.png","contentUrl":"https:\/\/www.oarcanjo.net\/site\/wp-content\/uploads\/LogoOArcanjo.png","width":319,"height":99,"caption":"Par\u00f3quia S\u00e3o Miguel Arcanjo"},"image":{"@id":"https:\/\/www.oarcanjo.net\/site\/#\/schema\/logo\/image\/"},"sameAs":["https:\/\/www.facebook.com\/OArcanjoNoAr\/"]},{"@type":"Person","@id":"https:\/\/www.oarcanjo.net\/site\/#\/schema\/person\/f7870e710d8c8c30673de3a0ac2e451d","name":"carlos"}]}},"publishpress_future_action":{"enabled":false,"date":"2026-05-07 08:57:22","action":"category","newStatus":"draft","terms":[],"taxonomy":"category"},"publishpress_future_workflow_manual_trigger":{"enabledWorkflows":[]},"_links":{"self":[{"href":"https:\/\/www.oarcanjo.net\/site\/wp-json\/wp\/v2\/posts\/24003"}],"collection":[{"href":"https:\/\/www.oarcanjo.net\/site\/wp-json\/wp\/v2\/posts"}],"about":[{"href":"https:\/\/www.oarcanjo.net\/site\/wp-json\/wp\/v2\/types\/post"}],"author":[{"embeddable":true,"href":"https:\/\/www.oarcanjo.net\/site\/wp-json\/wp\/v2\/users\/10"}],"replies":[{"embeddable":true,"href":"https:\/\/www.oarcanjo.net\/site\/wp-json\/wp\/v2\/comments?post=24003"}],"version-history":[{"count":0,"href":"https:\/\/www.oarcanjo.net\/site\/wp-json\/wp\/v2\/posts\/24003\/revisions"}],"wp:attachment":[{"href":"https:\/\/www.oarcanjo.net\/site\/wp-json\/wp\/v2\/media?parent=24003"}],"wp:term":[{"taxonomy":"category","embeddable":true,"href":"https:\/\/www.oarcanjo.net\/site\/wp-json\/wp\/v2\/categories?post=24003"},{"taxonomy":"post_tag","embeddable":true,"href":"https:\/\/www.oarcanjo.net\/site\/wp-json\/wp\/v2\/tags?post=24003"}],"curies":[{"name":"wp","href":"https:\/\/api.w.org\/{rel}","templated":true}]}}