
{"id":24008,"date":"2013-12-16T12:24:45","date_gmt":"2013-12-16T14:24:45","guid":{"rendered":"http:\/\/www.oarcanjo.net\/site\/?p=24008"},"modified":"2013-12-16T12:31:38","modified_gmt":"2013-12-16T14:31:38","slug":"alegria-do-evangelho","status":"publish","type":"post","link":"https:\/\/www.oarcanjo.net\/site\/alegria-do-evangelho\/","title":{"rendered":"Alegria do Evangelho"},"content":{"rendered":"<p><em>Cardeal Odilo Pedro Scherer<\/em><\/p>\n<p>No dia 24 de novembro passado, o papa Francisco entregou \u00e0 Igreja sua exorta\u00e7\u00e3o apost\u00f3lica Evangelii Gaudium \u2013 A Alegria do Evangelho. Diversamente de uma enc\u00edclica, dirigida de maneira aberta a todos, a exorta\u00e7\u00e3o apost\u00f3lica \u00e9 uma diretriz vigorosa sobre determinado tema, dirigida aos membros da pr\u00f3pria Igreja.<\/p>\n<p>Nesta sua primeira exorta\u00e7\u00e3o apost\u00f3lica, Francisco trata do an\u00fancio do Evangelho no mundo atual, tema relacionado estreitamente com a assembleia do S\u00ednodo dos Bispos, de outubro de 2012, sobre \u201ca nova evangeliza\u00e7\u00e3o para a transmiss\u00e3o da f\u00e9 crist\u00e3\u201d. O Papa exp\u00f5e as intui\u00e7\u00f5es e preocupa\u00e7\u00f5es levantadas no S\u00ednodo de 2012, fundidas com a sua pessoal percep\u00e7\u00e3o e orienta\u00e7\u00e3o sobre as quest\u00f5es relacionadas com o tema.<\/p>\n<p>A principal miss\u00e3o da Igreja de Cristo, de fato, \u00e9 anunciar o Evangelho, ou \u201cevangelizar\u201d; ela o faz, quer pela prega\u00e7\u00e3o expl\u00edcita e a celebra\u00e7\u00e3o dos sacramentos, quer pelo testemunho de vida dos seus membros, quer ainda pelas obras que realiza no meio da comunidade humana nos \u00e2mbitos da sa\u00fade, da educa\u00e7\u00e3o, da assist\u00eancia social e da promo\u00e7\u00e3o da justi\u00e7a e da dignidade humana. \u201cA Igreja existe para evangelizar\u201d, j\u00e1 afirmava o papa Paulo VI na exorta\u00e7\u00e3o apost\u00f3lica &#8211; Evangelii Nuntiandi (1975) -, sempre recordada quando se trata do assunto.<\/p>\n<p>Se bem que a Igreja nunca tenha deixado de evangelizar ao longo de toda a sua hist\u00f3ria quase bimilenar, ela n\u00e3o o fez sempre do mesmo modo. O conte\u00fado \u00e9 o mesmo, mas o jeito mudou, com novos enfoques e destaques, dependendo das circunst\u00e2ncias e necessidades. Mais de uma vez, a Igreja precisou enfrentar o risco da desmotiva\u00e7\u00e3o e do cansa\u00e7o, de perplexidades resultantes de situa\u00e7\u00f5es moment\u00e2neas, ou de crises, que ela teve que enfrentar com \u00e2nimo renovado. Hoje n\u00e3o \u00e9 diferente.<\/p>\n<p>Esta \u00e9 a quest\u00e3o posta na exorta\u00e7\u00e3o Evangelii Gaudium. Antes de tudo, Francisco exorta a Igreja que ela n\u00e3o pode esquecer nem abdicar de sua identidade mission\u00e1ria. O Evangelho, que lhe foi confiado pelo seu Fundador, \u00e9 um dom para o mundo todo, que ela n\u00e3o deve reter apenas para si mesma, nem, muito menos, esconder para n\u00e3o ser contaminado com as realidades do mundo. A Igreja n\u00e3o existe em fun\u00e7\u00e3o de si mesma, nem pode fechar-se sobre si mesma; por sua pr\u00f3pria natureza, ela precisa estar em \u201catitude de sa\u00edda\u201d, em estado de miss\u00e3o.<\/p>\n<p>Por isso, Francisco chama os membros da comunidade eclesial a se voltarem para essa identidade mission\u00e1ria. Isso demanda a supera\u00e7\u00e3o de certa tend\u00eancia \u00e0 introvers\u00e3o eclesial e a renova\u00e7\u00e3o de convic\u00e7\u00f5es e atitudes, \u201ca partir do cora\u00e7\u00e3o do Evangelho\u201d. H\u00e1 tenta\u00e7\u00f5es a serem evitadas, como o des\u00e2nimo, a acomoda\u00e7\u00e3o \u00e0 mentalidade individualista, que faz perder a for\u00e7a din\u00e2mica do an\u00fancio do Evangelho; h\u00e1 tamb\u00e9m a tenta\u00e7\u00e3o de transformar a religi\u00e3o em pra\u00e7a de consumo ou em fonte de lucro, de poder e vangl\u00f3ria.<\/p>\n<p>O \u201cmundanismo\u201d, processo sutil de assimila\u00e7\u00e3o da Igreja e de sua prega\u00e7\u00e3o origin\u00e1ria ao ambiente, foi um risco j\u00e1 advertido por S\u00e3o Paulo no in\u00edcio do cristianismo \u2013 \u201cn\u00e3o vos conformeis com este mundo!\u201d &#8211; e recorrente em  toda a hist\u00f3ria da Igreja. \u201cN\u00e3o tenham medo de ir contra a corrente\u201d, convidou Francisco com insist\u00eancia aos milh\u00f5es de jovens reunidos na orla de Copacabana em julho passado. E isso, n\u00e3o por uma perfei\u00e7\u00e3o j\u00e1 alcan\u00e7ada, mas por se ter uma meta alta para a exist\u00eancia humana e um caminho para alcan\u00e7\u00e1-la, que requerem escolhas l\u00facidas e corajosas.<\/p>\n<p>O Papa exorta todos os membros da comunidade eclesial a fazerem sua parte na evangeliza\u00e7\u00e3o, que n\u00e3o pode ser relegada apenas para poucos e heroicos mensageiros. H\u00e1 \u201cdeveres de casa\u201d que n\u00e3o podem ser repassados simplesmente aos outros. Mas o Papa n\u00e3o deixa de dirigir uma palavra especial aos que devem fazer a homilia, a prega\u00e7\u00e3o feita dentro da celebra\u00e7\u00e3o lit\u00fargica. Essa tem um papel ineg\u00e1vel na transmiss\u00e3o e no cultivo da f\u00e9 crist\u00e3.<\/p>\n<p>A dimens\u00e3o social da evangeliza\u00e7\u00e3o deve receber uma aten\u00e7\u00e3o renovada, para que o Evangelho alcance todos os \u00e2mbitos da vida social e comunit\u00e1ria; sem isso, ele seria como o sal ou o fermento que permanecem na prateleira, n\u00e3o produzindo efeito algum. As convic\u00e7\u00f5es da f\u00e9 crist\u00e3 n\u00e3o dizem respeito apenas \u00e0 vida privada, mas trazem consigo uma vis\u00e3o pr\u00f3pria sobre as realidades do homem e do mundo e t\u00eam muito a contribuir em seu benef\u00edcio. O Evangelho \u00e9 um bem, n\u00e3o apenas para quem cr\u00ea, mas tamb\u00e9m para toda a comunidade humana.<\/p>\n<p>A doutrina social da Igreja, elaborada ao longo de s\u00e9culos e apresentada modernamente em v\u00e1rias enc\u00edclicas e outros documentos do magist\u00e9rio eclesial, exp\u00f5e de maneira sistem\u00e1tica o pensamento social crist\u00e3o e cat\u00f3lico sobre temas como a dignidade humana, as rela\u00e7\u00f5es sociais e pol\u00edticas, a economia, a justi\u00e7a social, a paz no mundo e, mais recentemente, sobre as quest\u00f5es ambientais. Nada disso \u00e9 indiferente ao Evangelho.<\/p>\n<p>Francisco recorda, com renovado frescor, que a aten\u00e7\u00e3o especial aos pobres, doentes e desvalidos deriva diretamente da f\u00e9 em Cristo. Portanto, essa preocupa\u00e7\u00e3o tamb\u00e9m \u00e9 parte integrante da evangeliza\u00e7\u00e3o e precisa ser traduzida, n\u00e3o apenas em atitudes assistenciais, mas tamb\u00e9m na a\u00e7\u00e3o em favor da justi\u00e7a e do respeito pela dignidade de todos no conv\u00edvio social.<\/p>\n<p>Por\u00e9m, o Papa recorda que o Evangelho n\u00e3o \u00e9 ideologia, mas for\u00e7a transformadora da vida. N\u00e3o se faz a evangeliza\u00e7\u00e3o por decretos, nem por decis\u00e3o em assembleias, mas pela a\u00e7\u00e3o de pessoas felizes por terem encontrado a grande luz de suas vidas no Evangelho de Cristo e na f\u00e9 em Deus. J\u00e1 havia dito Bento XVI: \u201ca Igreja n\u00e3o cresce por proselitismo, mas por atra\u00e7\u00e3o\u201d. O Evangelho enche de alegria o cora\u00e7\u00e3o daqueles que o acolhem; e eles o transmitem, n\u00e3o como um dever pesado, mas como algu\u00e9m muito feliz por ter coisas boas a comunicar.<\/p>\n<div id=\"themify_builder_content-24008\" data-postid=\"24008\" class=\"themify_builder_content themify_builder_content-24008 themify_builder themify_builder_front\">\n\t<\/div>\n<!-- \/themify_builder_content -->","protected":false},"excerpt":{"rendered":"<p>Cardeal Odilo Pedro Scherer No dia 24 de novembro passado, o papa Francisco entregou \u00e0 Igreja sua exorta\u00e7\u00e3o apost\u00f3lica Evangelii Gaudium \u2013 A Alegria do Evangelho. Diversamente de uma enc\u00edclica, dirigida de maneira aberta a todos, a exorta\u00e7\u00e3o apost\u00f3lica \u00e9 uma diretriz vigorosa sobre determinado tema, dirigida aos membros da pr\u00f3pria Igreja. Nesta sua primeira [&hellip;]<\/p>\n","protected":false},"author":5,"featured_media":0,"comment_status":"open","ping_status":"open","sticky":false,"template":"","format":"standard","meta":{"ngg_post_thumbnail":0,"footnotes":""},"categories":[9],"tags":[2902,273,2860,2905,2433],"yoast_head":"<!-- This site is optimized with the Yoast SEO plugin v23.5 - https:\/\/yoast.com\/wordpress\/plugins\/seo\/ -->\n<title>Alegria do Evangelho - O Arcanjo no ar<\/title>\n<meta name=\"robots\" content=\"index, follow, max-snippet:-1, max-image-preview:large, max-video-preview:-1\" \/>\n<link rel=\"canonical\" href=\"https:\/\/www.oarcanjo.net\/site\/alegria-do-evangelho\/\" \/>\n<meta property=\"og:locale\" content=\"pt_BR\" \/>\n<meta property=\"og:type\" content=\"article\" \/>\n<meta property=\"og:title\" content=\"Alegria do Evangelho - O Arcanjo no ar\" \/>\n<meta property=\"og:description\" content=\"Cardeal Odilo Pedro Scherer No dia 24 de novembro passado, o papa Francisco entregou \u00e0 Igreja sua exorta\u00e7\u00e3o apost\u00f3lica Evangelii Gaudium \u2013 A Alegria do Evangelho. Diversamente de uma enc\u00edclica, dirigida de maneira aberta a todos, a exorta\u00e7\u00e3o apost\u00f3lica \u00e9 uma diretriz vigorosa sobre determinado tema, dirigida aos membros da pr\u00f3pria Igreja. Nesta sua primeira [&hellip;]\" \/>\n<meta property=\"og:url\" content=\"https:\/\/www.oarcanjo.net\/site\/alegria-do-evangelho\/\" \/>\n<meta property=\"og:site_name\" content=\"O Arcanjo no ar\" \/>\n<meta property=\"article:publisher\" content=\"https:\/\/www.facebook.com\/OArcanjoNoAr\/\" \/>\n<meta property=\"article:published_time\" content=\"2013-12-16T14:24:45+00:00\" \/>\n<meta property=\"article:modified_time\" content=\"2013-12-16T14:31:38+00:00\" \/>\n<meta property=\"og:image\" content=\"https:\/\/www.oarcanjo.net\/site\/wp-content\/uploads\/logo-o-arcanjo-no-ar-facebook.png\" \/>\n\t<meta property=\"og:image:width\" content=\"300\" \/>\n\t<meta property=\"og:image:height\" content=\"300\" \/>\n\t<meta property=\"og:image:type\" content=\"image\/png\" \/>\n<meta name=\"author\" content=\"editor\" \/>\n<meta name=\"twitter:card\" content=\"summary_large_image\" \/>\n<meta name=\"twitter:label1\" content=\"Escrito por\" \/>\n\t<meta name=\"twitter:data1\" content=\"editor\" \/>\n\t<meta name=\"twitter:label2\" content=\"Est. tempo de leitura\" \/>\n\t<meta name=\"twitter:data2\" content=\"5 minutos\" \/>\n<script type=\"application\/ld+json\" class=\"yoast-schema-graph\">{\"@context\":\"https:\/\/schema.org\",\"@graph\":[{\"@type\":\"Article\",\"@id\":\"https:\/\/www.oarcanjo.net\/site\/alegria-do-evangelho\/#article\",\"isPartOf\":{\"@id\":\"https:\/\/www.oarcanjo.net\/site\/alegria-do-evangelho\/\"},\"author\":{\"name\":\"editor\",\"@id\":\"https:\/\/www.oarcanjo.net\/site\/#\/schema\/person\/f7024d007863202483a31326673a0838\"},\"headline\":\"Alegria do Evangelho\",\"datePublished\":\"2013-12-16T14:24:45+00:00\",\"dateModified\":\"2013-12-16T14:31:38+00:00\",\"mainEntityOfPage\":{\"@id\":\"https:\/\/www.oarcanjo.net\/site\/alegria-do-evangelho\/\"},\"wordCount\":1069,\"commentCount\":0,\"publisher\":{\"@id\":\"https:\/\/www.oarcanjo.net\/site\/#organization\"},\"keywords\":[\"Alegria do Evangelho\",\"evangelho\",\"Evangelii Gaudium\",\"Evangelii Nuntiandi\",\"Papa Francisco\"],\"articleSection\":[\"Reflex\u00f5es\"],\"inLanguage\":\"pt-BR\",\"potentialAction\":[{\"@type\":\"CommentAction\",\"name\":\"Comment\",\"target\":[\"https:\/\/www.oarcanjo.net\/site\/alegria-do-evangelho\/#respond\"]}]},{\"@type\":\"WebPage\",\"@id\":\"https:\/\/www.oarcanjo.net\/site\/alegria-do-evangelho\/\",\"url\":\"https:\/\/www.oarcanjo.net\/site\/alegria-do-evangelho\/\",\"name\":\"Alegria do Evangelho - O Arcanjo no ar\",\"isPartOf\":{\"@id\":\"https:\/\/www.oarcanjo.net\/site\/#website\"},\"datePublished\":\"2013-12-16T14:24:45+00:00\",\"dateModified\":\"2013-12-16T14:31:38+00:00\",\"breadcrumb\":{\"@id\":\"https:\/\/www.oarcanjo.net\/site\/alegria-do-evangelho\/#breadcrumb\"},\"inLanguage\":\"pt-BR\",\"potentialAction\":[{\"@type\":\"ReadAction\",\"target\":[\"https:\/\/www.oarcanjo.net\/site\/alegria-do-evangelho\/\"]}]},{\"@type\":\"BreadcrumbList\",\"@id\":\"https:\/\/www.oarcanjo.net\/site\/alegria-do-evangelho\/#breadcrumb\",\"itemListElement\":[{\"@type\":\"ListItem\",\"position\":1,\"name\":\"In\u00edcio\",\"item\":\"https:\/\/www.oarcanjo.net\/site\/\"},{\"@type\":\"ListItem\",\"position\":2,\"name\":\"Alegria do Evangelho\"}]},{\"@type\":\"WebSite\",\"@id\":\"https:\/\/www.oarcanjo.net\/site\/#website\",\"url\":\"https:\/\/www.oarcanjo.net\/site\/\",\"name\":\"O Arcanjo no ar\",\"description\":\"Site da Par\u00f3quia S\u00e3o Miguel Arcanjo (Arquidiocese de SP)\",\"publisher\":{\"@id\":\"https:\/\/www.oarcanjo.net\/site\/#organization\"},\"potentialAction\":[{\"@type\":\"SearchAction\",\"target\":{\"@type\":\"EntryPoint\",\"urlTemplate\":\"https:\/\/www.oarcanjo.net\/site\/?s={search_term_string}\"},\"query-input\":{\"@type\":\"PropertyValueSpecification\",\"valueRequired\":true,\"valueName\":\"search_term_string\"}}],\"inLanguage\":\"pt-BR\"},{\"@type\":\"Organization\",\"@id\":\"https:\/\/www.oarcanjo.net\/site\/#organization\",\"name\":\"Par\u00f3quia S\u00e3o Miguel Arcanjo\",\"url\":\"https:\/\/www.oarcanjo.net\/site\/\",\"logo\":{\"@type\":\"ImageObject\",\"inLanguage\":\"pt-BR\",\"@id\":\"https:\/\/www.oarcanjo.net\/site\/#\/schema\/logo\/image\/\",\"url\":\"https:\/\/www.oarcanjo.net\/site\/wp-content\/uploads\/LogoOArcanjo.png\",\"contentUrl\":\"https:\/\/www.oarcanjo.net\/site\/wp-content\/uploads\/LogoOArcanjo.png\",\"width\":319,\"height\":99,\"caption\":\"Par\u00f3quia S\u00e3o Miguel Arcanjo\"},\"image\":{\"@id\":\"https:\/\/www.oarcanjo.net\/site\/#\/schema\/logo\/image\/\"},\"sameAs\":[\"https:\/\/www.facebook.com\/OArcanjoNoAr\/\"]},{\"@type\":\"Person\",\"@id\":\"https:\/\/www.oarcanjo.net\/site\/#\/schema\/person\/f7024d007863202483a31326673a0838\",\"name\":\"editor\",\"sameAs\":[\"http:\/\/www.oarcanjo.net\"]}]}<\/script>\n<!-- \/ Yoast SEO plugin. -->","yoast_head_json":{"title":"Alegria do Evangelho - O Arcanjo no ar","robots":{"index":"index","follow":"follow","max-snippet":"max-snippet:-1","max-image-preview":"max-image-preview:large","max-video-preview":"max-video-preview:-1"},"canonical":"https:\/\/www.oarcanjo.net\/site\/alegria-do-evangelho\/","og_locale":"pt_BR","og_type":"article","og_title":"Alegria do Evangelho - O Arcanjo no ar","og_description":"Cardeal Odilo Pedro Scherer No dia 24 de novembro passado, o papa Francisco entregou \u00e0 Igreja sua exorta\u00e7\u00e3o apost\u00f3lica Evangelii Gaudium \u2013 A Alegria do Evangelho. Diversamente de uma enc\u00edclica, dirigida de maneira aberta a todos, a exorta\u00e7\u00e3o apost\u00f3lica \u00e9 uma diretriz vigorosa sobre determinado tema, dirigida aos membros da pr\u00f3pria Igreja. Nesta sua primeira [&hellip;]","og_url":"https:\/\/www.oarcanjo.net\/site\/alegria-do-evangelho\/","og_site_name":"O Arcanjo no ar","article_publisher":"https:\/\/www.facebook.com\/OArcanjoNoAr\/","article_published_time":"2013-12-16T14:24:45+00:00","article_modified_time":"2013-12-16T14:31:38+00:00","og_image":[{"width":300,"height":300,"url":"https:\/\/www.oarcanjo.net\/site\/wp-content\/uploads\/logo-o-arcanjo-no-ar-facebook.png","type":"image\/png"}],"author":"editor","twitter_card":"summary_large_image","twitter_misc":{"Escrito por":"editor","Est. tempo de leitura":"5 minutos"},"schema":{"@context":"https:\/\/schema.org","@graph":[{"@type":"Article","@id":"https:\/\/www.oarcanjo.net\/site\/alegria-do-evangelho\/#article","isPartOf":{"@id":"https:\/\/www.oarcanjo.net\/site\/alegria-do-evangelho\/"},"author":{"name":"editor","@id":"https:\/\/www.oarcanjo.net\/site\/#\/schema\/person\/f7024d007863202483a31326673a0838"},"headline":"Alegria do Evangelho","datePublished":"2013-12-16T14:24:45+00:00","dateModified":"2013-12-16T14:31:38+00:00","mainEntityOfPage":{"@id":"https:\/\/www.oarcanjo.net\/site\/alegria-do-evangelho\/"},"wordCount":1069,"commentCount":0,"publisher":{"@id":"https:\/\/www.oarcanjo.net\/site\/#organization"},"keywords":["Alegria do Evangelho","evangelho","Evangelii Gaudium","Evangelii Nuntiandi","Papa Francisco"],"articleSection":["Reflex\u00f5es"],"inLanguage":"pt-BR","potentialAction":[{"@type":"CommentAction","name":"Comment","target":["https:\/\/www.oarcanjo.net\/site\/alegria-do-evangelho\/#respond"]}]},{"@type":"WebPage","@id":"https:\/\/www.oarcanjo.net\/site\/alegria-do-evangelho\/","url":"https:\/\/www.oarcanjo.net\/site\/alegria-do-evangelho\/","name":"Alegria do Evangelho - O Arcanjo no ar","isPartOf":{"@id":"https:\/\/www.oarcanjo.net\/site\/#website"},"datePublished":"2013-12-16T14:24:45+00:00","dateModified":"2013-12-16T14:31:38+00:00","breadcrumb":{"@id":"https:\/\/www.oarcanjo.net\/site\/alegria-do-evangelho\/#breadcrumb"},"inLanguage":"pt-BR","potentialAction":[{"@type":"ReadAction","target":["https:\/\/www.oarcanjo.net\/site\/alegria-do-evangelho\/"]}]},{"@type":"BreadcrumbList","@id":"https:\/\/www.oarcanjo.net\/site\/alegria-do-evangelho\/#breadcrumb","itemListElement":[{"@type":"ListItem","position":1,"name":"In\u00edcio","item":"https:\/\/www.oarcanjo.net\/site\/"},{"@type":"ListItem","position":2,"name":"Alegria do Evangelho"}]},{"@type":"WebSite","@id":"https:\/\/www.oarcanjo.net\/site\/#website","url":"https:\/\/www.oarcanjo.net\/site\/","name":"O Arcanjo no ar","description":"Site da Par\u00f3quia S\u00e3o Miguel Arcanjo (Arquidiocese de SP)","publisher":{"@id":"https:\/\/www.oarcanjo.net\/site\/#organization"},"potentialAction":[{"@type":"SearchAction","target":{"@type":"EntryPoint","urlTemplate":"https:\/\/www.oarcanjo.net\/site\/?s={search_term_string}"},"query-input":{"@type":"PropertyValueSpecification","valueRequired":true,"valueName":"search_term_string"}}],"inLanguage":"pt-BR"},{"@type":"Organization","@id":"https:\/\/www.oarcanjo.net\/site\/#organization","name":"Par\u00f3quia S\u00e3o Miguel Arcanjo","url":"https:\/\/www.oarcanjo.net\/site\/","logo":{"@type":"ImageObject","inLanguage":"pt-BR","@id":"https:\/\/www.oarcanjo.net\/site\/#\/schema\/logo\/image\/","url":"https:\/\/www.oarcanjo.net\/site\/wp-content\/uploads\/LogoOArcanjo.png","contentUrl":"https:\/\/www.oarcanjo.net\/site\/wp-content\/uploads\/LogoOArcanjo.png","width":319,"height":99,"caption":"Par\u00f3quia S\u00e3o Miguel Arcanjo"},"image":{"@id":"https:\/\/www.oarcanjo.net\/site\/#\/schema\/logo\/image\/"},"sameAs":["https:\/\/www.facebook.com\/OArcanjoNoAr\/"]},{"@type":"Person","@id":"https:\/\/www.oarcanjo.net\/site\/#\/schema\/person\/f7024d007863202483a31326673a0838","name":"editor","sameAs":["http:\/\/www.oarcanjo.net"]}]}},"publishpress_future_action":{"enabled":false,"date":"2026-05-09 00:30:04","action":"category","newStatus":"draft","terms":[],"taxonomy":"category"},"publishpress_future_workflow_manual_trigger":{"enabledWorkflows":[]},"_links":{"self":[{"href":"https:\/\/www.oarcanjo.net\/site\/wp-json\/wp\/v2\/posts\/24008"}],"collection":[{"href":"https:\/\/www.oarcanjo.net\/site\/wp-json\/wp\/v2\/posts"}],"about":[{"href":"https:\/\/www.oarcanjo.net\/site\/wp-json\/wp\/v2\/types\/post"}],"author":[{"embeddable":true,"href":"https:\/\/www.oarcanjo.net\/site\/wp-json\/wp\/v2\/users\/5"}],"replies":[{"embeddable":true,"href":"https:\/\/www.oarcanjo.net\/site\/wp-json\/wp\/v2\/comments?post=24008"}],"version-history":[{"count":0,"href":"https:\/\/www.oarcanjo.net\/site\/wp-json\/wp\/v2\/posts\/24008\/revisions"}],"wp:attachment":[{"href":"https:\/\/www.oarcanjo.net\/site\/wp-json\/wp\/v2\/media?parent=24008"}],"wp:term":[{"taxonomy":"category","embeddable":true,"href":"https:\/\/www.oarcanjo.net\/site\/wp-json\/wp\/v2\/categories?post=24008"},{"taxonomy":"post_tag","embeddable":true,"href":"https:\/\/www.oarcanjo.net\/site\/wp-json\/wp\/v2\/tags?post=24008"}],"curies":[{"name":"wp","href":"https:\/\/api.w.org\/{rel}","templated":true}]}}