
{"id":24012,"date":"2013-12-16T12:35:35","date_gmt":"2013-12-16T14:35:35","guid":{"rendered":"http:\/\/www.oarcanjo.net\/site\/?p=24012"},"modified":"2013-12-16T12:36:26","modified_gmt":"2013-12-16T14:36:26","slug":"jamais-ter-medo-da-ternura-diz-papa-francisco-em-entrevista-ao-jornal-la-stampa","status":"publish","type":"post","link":"https:\/\/www.oarcanjo.net\/site\/jamais-ter-medo-da-ternura-diz-papa-francisco-em-entrevista-ao-jornal-la-stampa\/","title":{"rendered":"&#8220;Jamais ter medo da ternura&#8221;: diz Papa Francisco em entrevista ao jornal &#8220;La Stampa&#8221;"},"content":{"rendered":"<p>&#8220;O Natal para mim \u00e9 esperan\u00e7a e ternura&#8230;&#8221;. A entrevista que o Papa Francisco concedeu ao vaticanista do di\u00e1rio italiano &#8220;La Stampa&#8221;, Andrea Tornielli, inicia-se com uma reflex\u00e3o sobre o sentido do Natal. Tratou-se de um col\u00f3quio que durou uma hora e meia, durante o qual o Santo Padre abordou o tema do sofrimento das crian\u00e7as e o drama da fome no mundo, as rela\u00e7\u00f5es entre Igreja Cat\u00f3lica e as outras confiss\u00f5es crist\u00e3s, as quest\u00f5es do matrim\u00f4nio e da fam\u00edlia \u2013 que estar\u00e3o no centro do pr\u00f3ximo S\u00ednodo.<\/p>\n<p>Ser\u00e1 o primeiro Natal a ser celebrado sob o seu Pontificado e, com a sua habitual simplicidade, o Papa Francisco explica como viv\u00ea-lo: &#8220;\u00c9 o encontro com Jesus. O Natal \u00e9 o encontro de Deus com o seu povo. E \u00e9 tamb\u00e9m uma consola\u00e7\u00e3o, um mist\u00e9rio de consola\u00e7\u00e3o&#8221;.<\/p>\n<p>O Natal, explica o Pont\u00edfice, &#8220;fala-nos da ternura e da esperan\u00e7a&#8221;. O Papa convida todos os crist\u00e3os a n\u00e3o se tornarem uma &#8220;Igreja fria, que n\u00e3o sabe aonde ir e se emaranha nas ideologias, nas atitudes mundanas&#8221;.<\/p>\n<p>Francisco rebate as cr\u00edticas e os estere\u00f3tipos de quem com poucas e convincentes palavras quer banalizar as celebra\u00e7\u00f5es natalinas:<\/p>\n<p>&#8220;Quando n\u00e3o se tem a capacidade ou se se encontra numa situa\u00e7\u00e3o humana que n\u00e3o lhe permite compreender esta alegria, se vive a festa com a alegria mundana. Mas h\u00e1 diferen\u00e7a entre a alegria profunda e a alegria mundana.&#8221;<\/p>\n<p>Tendo partido da reflex\u00e3o sobre o Natal, a entrevista concedida ao jornal &#8220;La Stampa&#8221;, publicada neste domingo, permitiu ao Pont\u00edfice uma reflex\u00e3o sobre o cinquenten\u00e1rio da hist\u00f3rica visita de Paulo VI \u00e0 Terra Santa.<\/p>\n<p>O Papa Francisco expressa o desejo de tamb\u00e9m ele visitar a Terra Santa para encontrar a quem define &#8220;o meu irm\u00e3o Bartolomeu, Patriarca de Constantinopla&#8221;.<\/p>\n<p>Em seguida, o Papa aborda os temas do sofrimento inocente das crian\u00e7as, para o qual n\u00e3o existe um porque e n\u00e3o resta que confiar-se a Deus, &#8220;confiar em seu olhar&#8221;, diz Francisco. E a dor das crian\u00e7as \u00e9 vis\u00edvel tamb\u00e9m na situa\u00e7\u00e3o de fome. O Pont\u00edfice convida a sair da indiferen\u00e7a e a evitar desperd\u00edcios.<\/p>\n<p>A b\u00fassola do Papa \u00e9 a Doutrina Social da Igreja, como explica ele mesmo, referindo-se \u00e0 Exorta\u00e7\u00e3o apost\u00f3lica Evangelii Gaudium e a algumas cr\u00edticas que lhe foram feitas por alguns ambientes.<\/p>\n<p>Em seu pensamento est\u00e3o os pobres e a economia que jamais consegue melhorar a condi\u00e7\u00e3o deles mesmo em per\u00edodos de prosperidade.<\/p>\n<p>Respondendo ao jornalista ao perguntar-lhe se se sentia ofendido por ter sido definido &#8220;marxista&#8221;, o Papa diz que n\u00e3o: &#8220;\u00e9 uma ideologia equivocada, mas conheci muitos marxistas bons como pessoas, e por isso n\u00e3o me sinto ofendido&#8221;.<\/p>\n<p>A unidade dos crist\u00e3os \u00e9 uma prioridade. Hoje existe o &#8220;ecumenismo do sangue&#8221;, diz o Santo Padre, explicando que em muitos pa\u00edses os crist\u00e3os s\u00e3o assassinados sem distin\u00e7\u00e3o, mas a unidade \u00e9 uma gra\u00e7a que ainda deve ser alcan\u00e7ada.<\/p>\n<p>Sobre a quest\u00e3o dos sacramentos aos divorciados e recasados, o Papa n\u00e3o se pronuncia, aguardando o Consist\u00f3rio de fevereiro pr\u00f3ximo e o S\u00ednodo extraordin\u00e1rio de outubro de 2014, mas ressalta a necessidade de recorrer \u00e0 prud\u00eancia &#8220;n\u00e3o como atitude paralisante, mas como virtude de quem governa&#8221;.<\/p>\n<p>Respondendo \u00e0 quest\u00e3o da justa rela\u00e7\u00e3o entre Igreja e pol\u00edtica, o Papa fala de uma rela\u00e7\u00e3o que se perfaz em v\u00e1rios \u00e2mbitos e com diferentes tarefas, mas que deve convergir no ajudar o povo.<\/p>\n<p>&#8220;A pol\u00edtica \u00e9 nobre \u2013 diz Francisco citando Paulo VI \u2013, \u00e9 uma das formas mais altas de caridade. Manchamos a pol\u00edtica quando a usamos para fazer neg\u00f3cios.&#8221; Por fim, uma reflex\u00e3o sobre a figura da mulher na Igreja, que deve ser valorizada, n\u00e3o &#8220;clericalizada&#8221;.<\/p>\n<p><em>Fonte: News.Va<\/em><\/p>\n<div id=\"themify_builder_content-24012\" data-postid=\"24012\" class=\"themify_builder_content themify_builder_content-24012 themify_builder themify_builder_front\">\n\t<\/div>\n<!-- \/themify_builder_content -->","protected":false},"excerpt":{"rendered":"<p>&#8220;O Natal para mim \u00e9 esperan\u00e7a e ternura&#8230;&#8221;. A entrevista que o Papa Francisco concedeu ao vaticanista do di\u00e1rio italiano &#8220;La Stampa&#8221;, Andrea Tornielli, inicia-se com uma reflex\u00e3o sobre o sentido do Natal. Tratou-se de um col\u00f3quio que durou uma hora e meia, durante o qual o Santo Padre abordou o tema do sofrimento das [&hellip;]<\/p>\n","protected":false},"author":5,"featured_media":0,"comment_status":"open","ping_status":"open","sticky":false,"template":"","format":"standard","meta":{"ngg_post_thumbnail":0,"footnotes":""},"categories":[8],"tags":[164,2906,60,2433,619],"yoast_head":"<!-- This site is optimized with the Yoast SEO plugin v23.5 - https:\/\/yoast.com\/wordpress\/plugins\/seo\/ -->\n<title>&quot;Jamais ter medo da ternura&quot;: diz Papa Francisco em entrevista ao jornal &quot;La Stampa&quot; - O Arcanjo no ar<\/title>\n<meta name=\"robots\" content=\"index, follow, max-snippet:-1, max-image-preview:large, max-video-preview:-1\" \/>\n<link rel=\"canonical\" href=\"https:\/\/www.oarcanjo.net\/site\/jamais-ter-medo-da-ternura-diz-papa-francisco-em-entrevista-ao-jornal-la-stampa\/\" \/>\n<meta property=\"og:locale\" content=\"pt_BR\" \/>\n<meta property=\"og:type\" content=\"article\" \/>\n<meta property=\"og:title\" content=\"&quot;Jamais ter medo da ternura&quot;: diz Papa Francisco em entrevista ao jornal &quot;La Stampa&quot; - O Arcanjo no ar\" \/>\n<meta property=\"og:description\" content=\"&#8220;O Natal para mim \u00e9 esperan\u00e7a e ternura&#8230;&#8221;. A entrevista que o Papa Francisco concedeu ao vaticanista do di\u00e1rio italiano &#8220;La Stampa&#8221;, Andrea Tornielli, inicia-se com uma reflex\u00e3o sobre o sentido do Natal. Tratou-se de um col\u00f3quio que durou uma hora e meia, durante o qual o Santo Padre abordou o tema do sofrimento das [&hellip;]\" \/>\n<meta property=\"og:url\" content=\"https:\/\/www.oarcanjo.net\/site\/jamais-ter-medo-da-ternura-diz-papa-francisco-em-entrevista-ao-jornal-la-stampa\/\" \/>\n<meta property=\"og:site_name\" content=\"O Arcanjo no ar\" \/>\n<meta property=\"article:publisher\" content=\"https:\/\/www.facebook.com\/OArcanjoNoAr\/\" \/>\n<meta property=\"article:published_time\" content=\"2013-12-16T14:35:35+00:00\" \/>\n<meta property=\"article:modified_time\" content=\"2013-12-16T14:36:26+00:00\" \/>\n<meta property=\"og:image\" content=\"https:\/\/www.oarcanjo.net\/site\/wp-content\/uploads\/logo-o-arcanjo-no-ar-facebook.png\" \/>\n\t<meta property=\"og:image:width\" content=\"300\" \/>\n\t<meta property=\"og:image:height\" content=\"300\" \/>\n\t<meta property=\"og:image:type\" content=\"image\/png\" \/>\n<meta name=\"author\" content=\"editor\" \/>\n<meta name=\"twitter:card\" content=\"summary_large_image\" \/>\n<meta name=\"twitter:label1\" content=\"Escrito por\" \/>\n\t<meta name=\"twitter:data1\" content=\"editor\" \/>\n\t<meta name=\"twitter:label2\" content=\"Est. tempo de leitura\" \/>\n\t<meta name=\"twitter:data2\" content=\"3 minutos\" \/>\n<script type=\"application\/ld+json\" class=\"yoast-schema-graph\">{\"@context\":\"https:\/\/schema.org\",\"@graph\":[{\"@type\":\"Article\",\"@id\":\"https:\/\/www.oarcanjo.net\/site\/jamais-ter-medo-da-ternura-diz-papa-francisco-em-entrevista-ao-jornal-la-stampa\/#article\",\"isPartOf\":{\"@id\":\"https:\/\/www.oarcanjo.net\/site\/jamais-ter-medo-da-ternura-diz-papa-francisco-em-entrevista-ao-jornal-la-stampa\/\"},\"author\":{\"name\":\"editor\",\"@id\":\"https:\/\/www.oarcanjo.net\/site\/#\/schema\/person\/f7024d007863202483a31326673a0838\"},\"headline\":\"&#8220;Jamais ter medo da ternura&#8221;: diz Papa Francisco em entrevista ao jornal &#8220;La Stampa&#8221;\",\"datePublished\":\"2013-12-16T14:35:35+00:00\",\"dateModified\":\"2013-12-16T14:36:26+00:00\",\"mainEntityOfPage\":{\"@id\":\"https:\/\/www.oarcanjo.net\/site\/jamais-ter-medo-da-ternura-diz-papa-francisco-em-entrevista-ao-jornal-la-stampa\/\"},\"wordCount\":679,\"commentCount\":0,\"publisher\":{\"@id\":\"https:\/\/www.oarcanjo.net\/site\/#organization\"},\"keywords\":[\"esperan\u00e7a\",\"La Stampa\",\"natal\",\"Papa Francisco\",\"Ternura\"],\"articleSection\":[\"Not\u00edcias\"],\"inLanguage\":\"pt-BR\",\"potentialAction\":[{\"@type\":\"CommentAction\",\"name\":\"Comment\",\"target\":[\"https:\/\/www.oarcanjo.net\/site\/jamais-ter-medo-da-ternura-diz-papa-francisco-em-entrevista-ao-jornal-la-stampa\/#respond\"]}]},{\"@type\":\"WebPage\",\"@id\":\"https:\/\/www.oarcanjo.net\/site\/jamais-ter-medo-da-ternura-diz-papa-francisco-em-entrevista-ao-jornal-la-stampa\/\",\"url\":\"https:\/\/www.oarcanjo.net\/site\/jamais-ter-medo-da-ternura-diz-papa-francisco-em-entrevista-ao-jornal-la-stampa\/\",\"name\":\"\\\"Jamais ter medo da ternura\\\": diz Papa Francisco em entrevista ao jornal \\\"La Stampa\\\" - O Arcanjo no ar\",\"isPartOf\":{\"@id\":\"https:\/\/www.oarcanjo.net\/site\/#website\"},\"datePublished\":\"2013-12-16T14:35:35+00:00\",\"dateModified\":\"2013-12-16T14:36:26+00:00\",\"breadcrumb\":{\"@id\":\"https:\/\/www.oarcanjo.net\/site\/jamais-ter-medo-da-ternura-diz-papa-francisco-em-entrevista-ao-jornal-la-stampa\/#breadcrumb\"},\"inLanguage\":\"pt-BR\",\"potentialAction\":[{\"@type\":\"ReadAction\",\"target\":[\"https:\/\/www.oarcanjo.net\/site\/jamais-ter-medo-da-ternura-diz-papa-francisco-em-entrevista-ao-jornal-la-stampa\/\"]}]},{\"@type\":\"BreadcrumbList\",\"@id\":\"https:\/\/www.oarcanjo.net\/site\/jamais-ter-medo-da-ternura-diz-papa-francisco-em-entrevista-ao-jornal-la-stampa\/#breadcrumb\",\"itemListElement\":[{\"@type\":\"ListItem\",\"position\":1,\"name\":\"In\u00edcio\",\"item\":\"https:\/\/www.oarcanjo.net\/site\/\"},{\"@type\":\"ListItem\",\"position\":2,\"name\":\"&#8220;Jamais ter medo da ternura&#8221;: diz Papa Francisco em entrevista ao jornal &#8220;La Stampa&#8221;\"}]},{\"@type\":\"WebSite\",\"@id\":\"https:\/\/www.oarcanjo.net\/site\/#website\",\"url\":\"https:\/\/www.oarcanjo.net\/site\/\",\"name\":\"O Arcanjo no ar\",\"description\":\"Site da Par\u00f3quia S\u00e3o Miguel Arcanjo (Arquidiocese de SP)\",\"publisher\":{\"@id\":\"https:\/\/www.oarcanjo.net\/site\/#organization\"},\"potentialAction\":[{\"@type\":\"SearchAction\",\"target\":{\"@type\":\"EntryPoint\",\"urlTemplate\":\"https:\/\/www.oarcanjo.net\/site\/?s={search_term_string}\"},\"query-input\":{\"@type\":\"PropertyValueSpecification\",\"valueRequired\":true,\"valueName\":\"search_term_string\"}}],\"inLanguage\":\"pt-BR\"},{\"@type\":\"Organization\",\"@id\":\"https:\/\/www.oarcanjo.net\/site\/#organization\",\"name\":\"Par\u00f3quia S\u00e3o Miguel Arcanjo\",\"url\":\"https:\/\/www.oarcanjo.net\/site\/\",\"logo\":{\"@type\":\"ImageObject\",\"inLanguage\":\"pt-BR\",\"@id\":\"https:\/\/www.oarcanjo.net\/site\/#\/schema\/logo\/image\/\",\"url\":\"https:\/\/www.oarcanjo.net\/site\/wp-content\/uploads\/LogoOArcanjo.png\",\"contentUrl\":\"https:\/\/www.oarcanjo.net\/site\/wp-content\/uploads\/LogoOArcanjo.png\",\"width\":319,\"height\":99,\"caption\":\"Par\u00f3quia S\u00e3o Miguel Arcanjo\"},\"image\":{\"@id\":\"https:\/\/www.oarcanjo.net\/site\/#\/schema\/logo\/image\/\"},\"sameAs\":[\"https:\/\/www.facebook.com\/OArcanjoNoAr\/\"]},{\"@type\":\"Person\",\"@id\":\"https:\/\/www.oarcanjo.net\/site\/#\/schema\/person\/f7024d007863202483a31326673a0838\",\"name\":\"editor\",\"sameAs\":[\"http:\/\/www.oarcanjo.net\"]}]}<\/script>\n<!-- \/ Yoast SEO plugin. -->","yoast_head_json":{"title":"\"Jamais ter medo da ternura\": diz Papa Francisco em entrevista ao jornal \"La Stampa\" - O Arcanjo no ar","robots":{"index":"index","follow":"follow","max-snippet":"max-snippet:-1","max-image-preview":"max-image-preview:large","max-video-preview":"max-video-preview:-1"},"canonical":"https:\/\/www.oarcanjo.net\/site\/jamais-ter-medo-da-ternura-diz-papa-francisco-em-entrevista-ao-jornal-la-stampa\/","og_locale":"pt_BR","og_type":"article","og_title":"\"Jamais ter medo da ternura\": diz Papa Francisco em entrevista ao jornal \"La Stampa\" - O Arcanjo no ar","og_description":"&#8220;O Natal para mim \u00e9 esperan\u00e7a e ternura&#8230;&#8221;. A entrevista que o Papa Francisco concedeu ao vaticanista do di\u00e1rio italiano &#8220;La Stampa&#8221;, Andrea Tornielli, inicia-se com uma reflex\u00e3o sobre o sentido do Natal. Tratou-se de um col\u00f3quio que durou uma hora e meia, durante o qual o Santo Padre abordou o tema do sofrimento das [&hellip;]","og_url":"https:\/\/www.oarcanjo.net\/site\/jamais-ter-medo-da-ternura-diz-papa-francisco-em-entrevista-ao-jornal-la-stampa\/","og_site_name":"O Arcanjo no ar","article_publisher":"https:\/\/www.facebook.com\/OArcanjoNoAr\/","article_published_time":"2013-12-16T14:35:35+00:00","article_modified_time":"2013-12-16T14:36:26+00:00","og_image":[{"width":300,"height":300,"url":"https:\/\/www.oarcanjo.net\/site\/wp-content\/uploads\/logo-o-arcanjo-no-ar-facebook.png","type":"image\/png"}],"author":"editor","twitter_card":"summary_large_image","twitter_misc":{"Escrito por":"editor","Est. tempo de leitura":"3 minutos"},"schema":{"@context":"https:\/\/schema.org","@graph":[{"@type":"Article","@id":"https:\/\/www.oarcanjo.net\/site\/jamais-ter-medo-da-ternura-diz-papa-francisco-em-entrevista-ao-jornal-la-stampa\/#article","isPartOf":{"@id":"https:\/\/www.oarcanjo.net\/site\/jamais-ter-medo-da-ternura-diz-papa-francisco-em-entrevista-ao-jornal-la-stampa\/"},"author":{"name":"editor","@id":"https:\/\/www.oarcanjo.net\/site\/#\/schema\/person\/f7024d007863202483a31326673a0838"},"headline":"&#8220;Jamais ter medo da ternura&#8221;: diz Papa Francisco em entrevista ao jornal &#8220;La Stampa&#8221;","datePublished":"2013-12-16T14:35:35+00:00","dateModified":"2013-12-16T14:36:26+00:00","mainEntityOfPage":{"@id":"https:\/\/www.oarcanjo.net\/site\/jamais-ter-medo-da-ternura-diz-papa-francisco-em-entrevista-ao-jornal-la-stampa\/"},"wordCount":679,"commentCount":0,"publisher":{"@id":"https:\/\/www.oarcanjo.net\/site\/#organization"},"keywords":["esperan\u00e7a","La Stampa","natal","Papa Francisco","Ternura"],"articleSection":["Not\u00edcias"],"inLanguage":"pt-BR","potentialAction":[{"@type":"CommentAction","name":"Comment","target":["https:\/\/www.oarcanjo.net\/site\/jamais-ter-medo-da-ternura-diz-papa-francisco-em-entrevista-ao-jornal-la-stampa\/#respond"]}]},{"@type":"WebPage","@id":"https:\/\/www.oarcanjo.net\/site\/jamais-ter-medo-da-ternura-diz-papa-francisco-em-entrevista-ao-jornal-la-stampa\/","url":"https:\/\/www.oarcanjo.net\/site\/jamais-ter-medo-da-ternura-diz-papa-francisco-em-entrevista-ao-jornal-la-stampa\/","name":"\"Jamais ter medo da ternura\": diz Papa Francisco em entrevista ao jornal \"La Stampa\" - O Arcanjo no ar","isPartOf":{"@id":"https:\/\/www.oarcanjo.net\/site\/#website"},"datePublished":"2013-12-16T14:35:35+00:00","dateModified":"2013-12-16T14:36:26+00:00","breadcrumb":{"@id":"https:\/\/www.oarcanjo.net\/site\/jamais-ter-medo-da-ternura-diz-papa-francisco-em-entrevista-ao-jornal-la-stampa\/#breadcrumb"},"inLanguage":"pt-BR","potentialAction":[{"@type":"ReadAction","target":["https:\/\/www.oarcanjo.net\/site\/jamais-ter-medo-da-ternura-diz-papa-francisco-em-entrevista-ao-jornal-la-stampa\/"]}]},{"@type":"BreadcrumbList","@id":"https:\/\/www.oarcanjo.net\/site\/jamais-ter-medo-da-ternura-diz-papa-francisco-em-entrevista-ao-jornal-la-stampa\/#breadcrumb","itemListElement":[{"@type":"ListItem","position":1,"name":"In\u00edcio","item":"https:\/\/www.oarcanjo.net\/site\/"},{"@type":"ListItem","position":2,"name":"&#8220;Jamais ter medo da ternura&#8221;: diz Papa Francisco em entrevista ao jornal &#8220;La Stampa&#8221;"}]},{"@type":"WebSite","@id":"https:\/\/www.oarcanjo.net\/site\/#website","url":"https:\/\/www.oarcanjo.net\/site\/","name":"O Arcanjo no ar","description":"Site da Par\u00f3quia S\u00e3o Miguel Arcanjo (Arquidiocese de SP)","publisher":{"@id":"https:\/\/www.oarcanjo.net\/site\/#organization"},"potentialAction":[{"@type":"SearchAction","target":{"@type":"EntryPoint","urlTemplate":"https:\/\/www.oarcanjo.net\/site\/?s={search_term_string}"},"query-input":{"@type":"PropertyValueSpecification","valueRequired":true,"valueName":"search_term_string"}}],"inLanguage":"pt-BR"},{"@type":"Organization","@id":"https:\/\/www.oarcanjo.net\/site\/#organization","name":"Par\u00f3quia S\u00e3o Miguel Arcanjo","url":"https:\/\/www.oarcanjo.net\/site\/","logo":{"@type":"ImageObject","inLanguage":"pt-BR","@id":"https:\/\/www.oarcanjo.net\/site\/#\/schema\/logo\/image\/","url":"https:\/\/www.oarcanjo.net\/site\/wp-content\/uploads\/LogoOArcanjo.png","contentUrl":"https:\/\/www.oarcanjo.net\/site\/wp-content\/uploads\/LogoOArcanjo.png","width":319,"height":99,"caption":"Par\u00f3quia S\u00e3o Miguel Arcanjo"},"image":{"@id":"https:\/\/www.oarcanjo.net\/site\/#\/schema\/logo\/image\/"},"sameAs":["https:\/\/www.facebook.com\/OArcanjoNoAr\/"]},{"@type":"Person","@id":"https:\/\/www.oarcanjo.net\/site\/#\/schema\/person\/f7024d007863202483a31326673a0838","name":"editor","sameAs":["http:\/\/www.oarcanjo.net"]}]}},"publishpress_future_action":{"enabled":false,"date":"2026-05-07 10:48:21","action":"category","newStatus":"draft","terms":[],"taxonomy":"category"},"publishpress_future_workflow_manual_trigger":{"enabledWorkflows":[]},"_links":{"self":[{"href":"https:\/\/www.oarcanjo.net\/site\/wp-json\/wp\/v2\/posts\/24012"}],"collection":[{"href":"https:\/\/www.oarcanjo.net\/site\/wp-json\/wp\/v2\/posts"}],"about":[{"href":"https:\/\/www.oarcanjo.net\/site\/wp-json\/wp\/v2\/types\/post"}],"author":[{"embeddable":true,"href":"https:\/\/www.oarcanjo.net\/site\/wp-json\/wp\/v2\/users\/5"}],"replies":[{"embeddable":true,"href":"https:\/\/www.oarcanjo.net\/site\/wp-json\/wp\/v2\/comments?post=24012"}],"version-history":[{"count":0,"href":"https:\/\/www.oarcanjo.net\/site\/wp-json\/wp\/v2\/posts\/24012\/revisions"}],"wp:attachment":[{"href":"https:\/\/www.oarcanjo.net\/site\/wp-json\/wp\/v2\/media?parent=24012"}],"wp:term":[{"taxonomy":"category","embeddable":true,"href":"https:\/\/www.oarcanjo.net\/site\/wp-json\/wp\/v2\/categories?post=24012"},{"taxonomy":"post_tag","embeddable":true,"href":"https:\/\/www.oarcanjo.net\/site\/wp-json\/wp\/v2\/tags?post=24012"}],"curies":[{"name":"wp","href":"https:\/\/api.w.org\/{rel}","templated":true}]}}