
{"id":24041,"date":"2013-12-17T12:10:26","date_gmt":"2013-12-17T14:10:26","guid":{"rendered":"http:\/\/www.oarcanjo.net\/site\/?p=24041"},"modified":"2013-12-17T12:10:43","modified_gmt":"2013-12-17T14:10:43","slug":"natal-alegrai-vos","status":"publish","type":"post","link":"https:\/\/www.oarcanjo.net\/site\/natal-alegrai-vos\/","title":{"rendered":"Natal: alegrai-vos!"},"content":{"rendered":"<p><em>Cardeal Odilo Pedro Scherer<\/em><\/p>\n<p>Quantas vezes ouvimos, no Advento e no Natal, o convite \u00e0 alegria! \u201cAlegrai-vos e exultai\u201d, convida o profeta Isa\u00edas a um povo que tinha experimentado a prostra\u00e7\u00e3o e o fracasso (cf Is 52,9). E convida toda a natureza a participar da experi\u00eancia de salva\u00e7\u00e3o prometida por Deus: \u201calegre-se a terra que era deserta, exulte a solid\u00e3o da floresta, germine e exulte de alegria e louvores\u201d (Is 35,1). O an\u00fancio da salva\u00e7\u00e3o refere-se \u00e0 a\u00e7\u00e3o de Deus, que resgata o homem e o mundo de sua tristeza e de sua insignific\u00e2ncia.<\/p>\n<p>Quando o anjo Gabriel anunciou a Maria, que Deus a escolhera para ser a m\u00e3e do Salvador, mais uma vez aparece o convite \u00e0 alegria: \u201calegra-te, cheia de gra\u00e7a, o Senhor est\u00e1 contigo! (Lc 2,28). Ao visitar sua prima Isabel, esta vai-lhe ao encontro com um grito de alegre surpresa: \u201cbendita \u00e9s tu entre as mulheres e bendito \u00e9 o fruto do teu ventre!\u201d E revela um segredo sabido somente por ela: \u201clogo que ouvi a tua voz, o menino pulou de alegria no meu ventre!\u201d (cf. Lc 1,42-45).<\/p>\n<p>Maria, por sua vez, n\u00e3o poupa em manifesta\u00e7\u00f5es de alegria e j\u00fabilo, ao proclamar as grandes coisas que Deus estava fazendo por meio dela: \u201ca minha alma engrandece o Senhor e exulta de alegria meu esp\u00edrito em Deus, meu Salvador!\u201d (Cf. Lc 1,46-47). Depois, o nascimento de Jo\u00e3o Batista \u00e9 comemorado com alegria pela vizinhan\u00e7a e pelo pr\u00f3prio pai, Zacarias (Cf. Lc 1,57-68).<\/p>\n<p>No nascimento de Jesus, mais uma vez entra em cena o anjo, que convida os pastores a se alegrarem com a \u201cboa nova\u201d, destinada a ser not\u00edcia boa tamb\u00e9m para todo povo! (Cf. Lc 2,10). Os pastores s\u00e3o inundados de alegria e saem a contar a todos os que viram e ouviram&#8230;<\/p>\n<p>O Natal traz alegria e n\u00e3o \u00e9 sem motivo. \u00c9 Deus que conforta a humanidade, vindo ao seu encontro, fazendo-se pr\u00f3ximo de cada homem. Ningu\u00e9m mais precisa viver nas trevas da desorienta\u00e7\u00e3o, na ang\u00fastia e na solid\u00e3o. O Natal nos lembra que Deus olha para n\u00f3s com imenso amor.<\/p>\n<p>O papa Francisco, na sua recente Exorta\u00e7\u00e3o Apost\u00f3lica \u201cEvangelii Gaudium\u201d, ajudou-nos a ter uma consci\u00eancia renovada de que o an\u00fancio crist\u00e3o \u00e9 uma \u201cboa not\u00edcia\u201d, um motivo de alegria profunda. Deus entrou na nossa hist\u00f3ria; por meio do Filho, Jesus de Nazar\u00e9, viveu na nossa condi\u00e7\u00e3o humana, santificou-a e elevou-a a uma dignidade luminosa! E convida-nos a viver na comunh\u00e3o com ele!<\/p>\n<p>Por isso, o Natal precisa ser celebrado com intensa alegria: em fam\u00edlia, porque se refere a um acontecimento de fam\u00edlia; na par\u00f3quia e nas v\u00e1rias comunidades de f\u00e9, porque \u00e9 um acontecimento de f\u00e9; na comunidade humana inteira, porque o nascimento do Salvador n\u00e3o foi somente para os crist\u00e3os, mas para todas as pessoas \u201cde boa vontade\u201d, ou \u201ca quem Deus quer bem\u201d!<\/p>\n<p>E sejamos n\u00f3s, os crist\u00e3os, os primeiros a dar sentido \u00e0 festa do Natal, para que ela n\u00e3o se perca em exterioridades e no consumo de bens. Demos gra\u00e7as a Deus pela obra da reden\u00e7\u00e3o realizada por meio de Jesus Cristo em nosso favor. Alegrai-vos, alegremo-nos! O Senhor est\u00e1 perto! Ele se fez \u201cEmanuel\u201d, que significa: Deus no meio de n\u00f3s!<\/p>\n<p>Desejo feliz e aben\u00e7oado Natal de Jesus para todos os leitores. Deus esteja sempre em sua vida e lhe d\u00ea muita paz e alegria!<\/p>\n<div id=\"themify_builder_content-24041\" data-postid=\"24041\" class=\"themify_builder_content themify_builder_content-24041 themify_builder themify_builder_front\">\n\t<\/div>\n<!-- \/themify_builder_content -->","protected":false},"excerpt":{"rendered":"<p>Cardeal Odilo Pedro Scherer Quantas vezes ouvimos, no Advento e no Natal, o convite \u00e0 alegria! \u201cAlegrai-vos e exultai\u201d, convida o profeta Isa\u00edas a um povo que tinha experimentado a prostra\u00e7\u00e3o e o fracasso (cf Is 52,9). E convida toda a natureza a participar da experi\u00eancia de salva\u00e7\u00e3o prometida por Deus: \u201calegre-se a terra que [&hellip;]<\/p>\n","protected":false},"author":5,"featured_media":0,"comment_status":"open","ping_status":"open","sticky":false,"template":"","format":"standard","meta":{"ngg_post_thumbnail":0,"footnotes":""},"categories":[9],"tags":[108,2860,60],"yoast_head":"<!-- This site is optimized with the Yoast SEO plugin v23.5 - https:\/\/yoast.com\/wordpress\/plugins\/seo\/ -->\n<title>Natal: alegrai-vos! - O Arcanjo no ar<\/title>\n<meta name=\"robots\" content=\"index, follow, max-snippet:-1, max-image-preview:large, max-video-preview:-1\" \/>\n<link rel=\"canonical\" href=\"https:\/\/www.oarcanjo.net\/site\/natal-alegrai-vos\/\" \/>\n<meta property=\"og:locale\" content=\"pt_BR\" \/>\n<meta property=\"og:type\" content=\"article\" \/>\n<meta property=\"og:title\" content=\"Natal: alegrai-vos! - O Arcanjo no ar\" \/>\n<meta property=\"og:description\" content=\"Cardeal Odilo Pedro Scherer Quantas vezes ouvimos, no Advento e no Natal, o convite \u00e0 alegria! \u201cAlegrai-vos e exultai\u201d, convida o profeta Isa\u00edas a um povo que tinha experimentado a prostra\u00e7\u00e3o e o fracasso (cf Is 52,9). E convida toda a natureza a participar da experi\u00eancia de salva\u00e7\u00e3o prometida por Deus: \u201calegre-se a terra que [&hellip;]\" \/>\n<meta property=\"og:url\" content=\"https:\/\/www.oarcanjo.net\/site\/natal-alegrai-vos\/\" \/>\n<meta property=\"og:site_name\" content=\"O Arcanjo no ar\" \/>\n<meta property=\"article:publisher\" content=\"https:\/\/www.facebook.com\/OArcanjoNoAr\/\" \/>\n<meta property=\"article:published_time\" content=\"2013-12-17T14:10:26+00:00\" \/>\n<meta property=\"article:modified_time\" content=\"2013-12-17T14:10:43+00:00\" \/>\n<meta property=\"og:image\" content=\"https:\/\/www.oarcanjo.net\/site\/wp-content\/uploads\/logo-o-arcanjo-no-ar-facebook.png\" \/>\n\t<meta property=\"og:image:width\" content=\"300\" \/>\n\t<meta property=\"og:image:height\" content=\"300\" \/>\n\t<meta property=\"og:image:type\" content=\"image\/png\" \/>\n<meta name=\"author\" content=\"editor\" \/>\n<meta name=\"twitter:card\" content=\"summary_large_image\" \/>\n<meta name=\"twitter:label1\" content=\"Escrito por\" \/>\n\t<meta name=\"twitter:data1\" content=\"editor\" \/>\n\t<meta name=\"twitter:label2\" content=\"Est. tempo de leitura\" \/>\n\t<meta name=\"twitter:data2\" content=\"3 minutos\" \/>\n<script type=\"application\/ld+json\" class=\"yoast-schema-graph\">{\"@context\":\"https:\/\/schema.org\",\"@graph\":[{\"@type\":\"Article\",\"@id\":\"https:\/\/www.oarcanjo.net\/site\/natal-alegrai-vos\/#article\",\"isPartOf\":{\"@id\":\"https:\/\/www.oarcanjo.net\/site\/natal-alegrai-vos\/\"},\"author\":{\"name\":\"editor\",\"@id\":\"https:\/\/www.oarcanjo.net\/site\/#\/schema\/person\/f7024d007863202483a31326673a0838\"},\"headline\":\"Natal: alegrai-vos!\",\"datePublished\":\"2013-12-17T14:10:26+00:00\",\"dateModified\":\"2013-12-17T14:10:43+00:00\",\"mainEntityOfPage\":{\"@id\":\"https:\/\/www.oarcanjo.net\/site\/natal-alegrai-vos\/\"},\"wordCount\":595,\"commentCount\":0,\"publisher\":{\"@id\":\"https:\/\/www.oarcanjo.net\/site\/#organization\"},\"keywords\":[\"Advento\",\"Evangelii Gaudium\",\"natal\"],\"articleSection\":[\"Reflex\u00f5es\"],\"inLanguage\":\"pt-BR\",\"potentialAction\":[{\"@type\":\"CommentAction\",\"name\":\"Comment\",\"target\":[\"https:\/\/www.oarcanjo.net\/site\/natal-alegrai-vos\/#respond\"]}]},{\"@type\":\"WebPage\",\"@id\":\"https:\/\/www.oarcanjo.net\/site\/natal-alegrai-vos\/\",\"url\":\"https:\/\/www.oarcanjo.net\/site\/natal-alegrai-vos\/\",\"name\":\"Natal: alegrai-vos! - O Arcanjo no ar\",\"isPartOf\":{\"@id\":\"https:\/\/www.oarcanjo.net\/site\/#website\"},\"datePublished\":\"2013-12-17T14:10:26+00:00\",\"dateModified\":\"2013-12-17T14:10:43+00:00\",\"breadcrumb\":{\"@id\":\"https:\/\/www.oarcanjo.net\/site\/natal-alegrai-vos\/#breadcrumb\"},\"inLanguage\":\"pt-BR\",\"potentialAction\":[{\"@type\":\"ReadAction\",\"target\":[\"https:\/\/www.oarcanjo.net\/site\/natal-alegrai-vos\/\"]}]},{\"@type\":\"BreadcrumbList\",\"@id\":\"https:\/\/www.oarcanjo.net\/site\/natal-alegrai-vos\/#breadcrumb\",\"itemListElement\":[{\"@type\":\"ListItem\",\"position\":1,\"name\":\"In\u00edcio\",\"item\":\"https:\/\/www.oarcanjo.net\/site\/\"},{\"@type\":\"ListItem\",\"position\":2,\"name\":\"Natal: alegrai-vos!\"}]},{\"@type\":\"WebSite\",\"@id\":\"https:\/\/www.oarcanjo.net\/site\/#website\",\"url\":\"https:\/\/www.oarcanjo.net\/site\/\",\"name\":\"O Arcanjo no ar\",\"description\":\"Site da Par\u00f3quia S\u00e3o Miguel Arcanjo (Arquidiocese de SP)\",\"publisher\":{\"@id\":\"https:\/\/www.oarcanjo.net\/site\/#organization\"},\"potentialAction\":[{\"@type\":\"SearchAction\",\"target\":{\"@type\":\"EntryPoint\",\"urlTemplate\":\"https:\/\/www.oarcanjo.net\/site\/?s={search_term_string}\"},\"query-input\":{\"@type\":\"PropertyValueSpecification\",\"valueRequired\":true,\"valueName\":\"search_term_string\"}}],\"inLanguage\":\"pt-BR\"},{\"@type\":\"Organization\",\"@id\":\"https:\/\/www.oarcanjo.net\/site\/#organization\",\"name\":\"Par\u00f3quia S\u00e3o Miguel Arcanjo\",\"url\":\"https:\/\/www.oarcanjo.net\/site\/\",\"logo\":{\"@type\":\"ImageObject\",\"inLanguage\":\"pt-BR\",\"@id\":\"https:\/\/www.oarcanjo.net\/site\/#\/schema\/logo\/image\/\",\"url\":\"https:\/\/www.oarcanjo.net\/site\/wp-content\/uploads\/LogoOArcanjo.png\",\"contentUrl\":\"https:\/\/www.oarcanjo.net\/site\/wp-content\/uploads\/LogoOArcanjo.png\",\"width\":319,\"height\":99,\"caption\":\"Par\u00f3quia S\u00e3o Miguel Arcanjo\"},\"image\":{\"@id\":\"https:\/\/www.oarcanjo.net\/site\/#\/schema\/logo\/image\/\"},\"sameAs\":[\"https:\/\/www.facebook.com\/OArcanjoNoAr\/\"]},{\"@type\":\"Person\",\"@id\":\"https:\/\/www.oarcanjo.net\/site\/#\/schema\/person\/f7024d007863202483a31326673a0838\",\"name\":\"editor\",\"sameAs\":[\"http:\/\/www.oarcanjo.net\"]}]}<\/script>\n<!-- \/ Yoast SEO plugin. -->","yoast_head_json":{"title":"Natal: alegrai-vos! - O Arcanjo no ar","robots":{"index":"index","follow":"follow","max-snippet":"max-snippet:-1","max-image-preview":"max-image-preview:large","max-video-preview":"max-video-preview:-1"},"canonical":"https:\/\/www.oarcanjo.net\/site\/natal-alegrai-vos\/","og_locale":"pt_BR","og_type":"article","og_title":"Natal: alegrai-vos! - O Arcanjo no ar","og_description":"Cardeal Odilo Pedro Scherer Quantas vezes ouvimos, no Advento e no Natal, o convite \u00e0 alegria! \u201cAlegrai-vos e exultai\u201d, convida o profeta Isa\u00edas a um povo que tinha experimentado a prostra\u00e7\u00e3o e o fracasso (cf Is 52,9). E convida toda a natureza a participar da experi\u00eancia de salva\u00e7\u00e3o prometida por Deus: \u201calegre-se a terra que [&hellip;]","og_url":"https:\/\/www.oarcanjo.net\/site\/natal-alegrai-vos\/","og_site_name":"O Arcanjo no ar","article_publisher":"https:\/\/www.facebook.com\/OArcanjoNoAr\/","article_published_time":"2013-12-17T14:10:26+00:00","article_modified_time":"2013-12-17T14:10:43+00:00","og_image":[{"width":300,"height":300,"url":"https:\/\/www.oarcanjo.net\/site\/wp-content\/uploads\/logo-o-arcanjo-no-ar-facebook.png","type":"image\/png"}],"author":"editor","twitter_card":"summary_large_image","twitter_misc":{"Escrito por":"editor","Est. tempo de leitura":"3 minutos"},"schema":{"@context":"https:\/\/schema.org","@graph":[{"@type":"Article","@id":"https:\/\/www.oarcanjo.net\/site\/natal-alegrai-vos\/#article","isPartOf":{"@id":"https:\/\/www.oarcanjo.net\/site\/natal-alegrai-vos\/"},"author":{"name":"editor","@id":"https:\/\/www.oarcanjo.net\/site\/#\/schema\/person\/f7024d007863202483a31326673a0838"},"headline":"Natal: alegrai-vos!","datePublished":"2013-12-17T14:10:26+00:00","dateModified":"2013-12-17T14:10:43+00:00","mainEntityOfPage":{"@id":"https:\/\/www.oarcanjo.net\/site\/natal-alegrai-vos\/"},"wordCount":595,"commentCount":0,"publisher":{"@id":"https:\/\/www.oarcanjo.net\/site\/#organization"},"keywords":["Advento","Evangelii Gaudium","natal"],"articleSection":["Reflex\u00f5es"],"inLanguage":"pt-BR","potentialAction":[{"@type":"CommentAction","name":"Comment","target":["https:\/\/www.oarcanjo.net\/site\/natal-alegrai-vos\/#respond"]}]},{"@type":"WebPage","@id":"https:\/\/www.oarcanjo.net\/site\/natal-alegrai-vos\/","url":"https:\/\/www.oarcanjo.net\/site\/natal-alegrai-vos\/","name":"Natal: alegrai-vos! - O Arcanjo no ar","isPartOf":{"@id":"https:\/\/www.oarcanjo.net\/site\/#website"},"datePublished":"2013-12-17T14:10:26+00:00","dateModified":"2013-12-17T14:10:43+00:00","breadcrumb":{"@id":"https:\/\/www.oarcanjo.net\/site\/natal-alegrai-vos\/#breadcrumb"},"inLanguage":"pt-BR","potentialAction":[{"@type":"ReadAction","target":["https:\/\/www.oarcanjo.net\/site\/natal-alegrai-vos\/"]}]},{"@type":"BreadcrumbList","@id":"https:\/\/www.oarcanjo.net\/site\/natal-alegrai-vos\/#breadcrumb","itemListElement":[{"@type":"ListItem","position":1,"name":"In\u00edcio","item":"https:\/\/www.oarcanjo.net\/site\/"},{"@type":"ListItem","position":2,"name":"Natal: alegrai-vos!"}]},{"@type":"WebSite","@id":"https:\/\/www.oarcanjo.net\/site\/#website","url":"https:\/\/www.oarcanjo.net\/site\/","name":"O Arcanjo no ar","description":"Site da Par\u00f3quia S\u00e3o Miguel Arcanjo (Arquidiocese de SP)","publisher":{"@id":"https:\/\/www.oarcanjo.net\/site\/#organization"},"potentialAction":[{"@type":"SearchAction","target":{"@type":"EntryPoint","urlTemplate":"https:\/\/www.oarcanjo.net\/site\/?s={search_term_string}"},"query-input":{"@type":"PropertyValueSpecification","valueRequired":true,"valueName":"search_term_string"}}],"inLanguage":"pt-BR"},{"@type":"Organization","@id":"https:\/\/www.oarcanjo.net\/site\/#organization","name":"Par\u00f3quia S\u00e3o Miguel Arcanjo","url":"https:\/\/www.oarcanjo.net\/site\/","logo":{"@type":"ImageObject","inLanguage":"pt-BR","@id":"https:\/\/www.oarcanjo.net\/site\/#\/schema\/logo\/image\/","url":"https:\/\/www.oarcanjo.net\/site\/wp-content\/uploads\/LogoOArcanjo.png","contentUrl":"https:\/\/www.oarcanjo.net\/site\/wp-content\/uploads\/LogoOArcanjo.png","width":319,"height":99,"caption":"Par\u00f3quia S\u00e3o Miguel Arcanjo"},"image":{"@id":"https:\/\/www.oarcanjo.net\/site\/#\/schema\/logo\/image\/"},"sameAs":["https:\/\/www.facebook.com\/OArcanjoNoAr\/"]},{"@type":"Person","@id":"https:\/\/www.oarcanjo.net\/site\/#\/schema\/person\/f7024d007863202483a31326673a0838","name":"editor","sameAs":["http:\/\/www.oarcanjo.net"]}]}},"publishpress_future_action":{"enabled":false,"date":"2026-05-08 23:09:00","action":"category","newStatus":"draft","terms":[],"taxonomy":"category"},"publishpress_future_workflow_manual_trigger":{"enabledWorkflows":[]},"_links":{"self":[{"href":"https:\/\/www.oarcanjo.net\/site\/wp-json\/wp\/v2\/posts\/24041"}],"collection":[{"href":"https:\/\/www.oarcanjo.net\/site\/wp-json\/wp\/v2\/posts"}],"about":[{"href":"https:\/\/www.oarcanjo.net\/site\/wp-json\/wp\/v2\/types\/post"}],"author":[{"embeddable":true,"href":"https:\/\/www.oarcanjo.net\/site\/wp-json\/wp\/v2\/users\/5"}],"replies":[{"embeddable":true,"href":"https:\/\/www.oarcanjo.net\/site\/wp-json\/wp\/v2\/comments?post=24041"}],"version-history":[{"count":0,"href":"https:\/\/www.oarcanjo.net\/site\/wp-json\/wp\/v2\/posts\/24041\/revisions"}],"wp:attachment":[{"href":"https:\/\/www.oarcanjo.net\/site\/wp-json\/wp\/v2\/media?parent=24041"}],"wp:term":[{"taxonomy":"category","embeddable":true,"href":"https:\/\/www.oarcanjo.net\/site\/wp-json\/wp\/v2\/categories?post=24041"},{"taxonomy":"post_tag","embeddable":true,"href":"https:\/\/www.oarcanjo.net\/site\/wp-json\/wp\/v2\/tags?post=24041"}],"curies":[{"name":"wp","href":"https:\/\/api.w.org\/{rel}","templated":true}]}}