
{"id":24047,"date":"2013-12-20T07:36:19","date_gmt":"2013-12-20T09:36:19","guid":{"rendered":"http:\/\/www.oarcanjo.net\/site\/?p=24047"},"modified":"2013-12-20T07:36:19","modified_gmt":"2013-12-20T09:36:19","slug":"em-audiencia-geral-papa-francisco-fala-sobre-natal","status":"publish","type":"post","link":"https:\/\/www.oarcanjo.net\/site\/em-audiencia-geral-papa-francisco-fala-sobre-natal\/","title":{"rendered":"Em audi\u00eancia geral, papa Francisco fala sobre Natal"},"content":{"rendered":"<p>Milhares de peregrinos foram \u00e0 Pra\u00e7a de S\u00e3o Pedro, nesta quarta-feira, 18 de dezembro, para participar da \u00faltima audi\u00eancia geral deste ano. Antes da Catequese, o papa percorreu a Pra\u00e7a, descendo diversas vezes do carro, beijando crian\u00e7as e saudando a todos os presentes. Mais de 1,5 milh\u00e3o de peregrinos participaram das 30 audi\u00eancias com Francisco em 2013, segundo informou a Prefeitura da Casa Pontif\u00edcia. Hoje, o papa Francisco abordou o tema do Natal.<\/p>\n<p>\u201cO Natal de Jesus \u00e9 a manifesta\u00e7\u00e3o de que Deus se colocou de uma vez por todas da parte do homem, para salvar-nos, para nos erguer do p\u00f3 das nossas mis\u00e9rias, das nossas dificuldades e pecados\u201d, disse Francisco.<\/p>\n<p>\u201cO Natal ensina-nos tamb\u00e9m que se Deus, por meio de Jesus Cristo, se envolveu com o homem at\u00e9 Se tornar um de n\u00f3s, ent\u00e3o tudo o que fizermos a um irm\u00e3o, \u00e9 a Ele que o fazemos, como o pr\u00f3prio Jesus nos ensinou: Sempre que alimentastes, acolhestes, visitastes um destes meus irm\u00e3os mais pequeninos a Mim mesmo o fizestes\u201d, acrescentou.<\/p>\n<p>No final da audi\u00eancia o papa Francisco saudou e aben\u00e7oou os brasileiros. \u201cAmados peregrinos de l\u00edngua portuguesa, a minha cordial sauda\u00e7\u00e3o para todos, em particular para os fi\u00e9is brasileiros de Chapec\u00f3, com votos de um santo Natal repleto de consola\u00e7\u00f5es e gra\u00e7as do Deus Menino. Nos vossos cora\u00e7\u00f5es, fam\u00edlias e comunidades, resplande\u00e7a a luz do Salvador, que nos revela o rosto terno e misericordioso do Pai do C\u00e9u. Ele vos aben\u00e7oe com um Ano Novo sereno e feliz!\u201d<\/p>\n<p><em>Fonte: CNBB<\/em><\/p>\n<div id=\"themify_builder_content-24047\" data-postid=\"24047\" class=\"themify_builder_content themify_builder_content-24047 themify_builder themify_builder_front\">\n\t<\/div>\n<!-- \/themify_builder_content -->","protected":false},"excerpt":{"rendered":"<p>Milhares de peregrinos foram \u00e0 Pra\u00e7a de S\u00e3o Pedro, nesta quarta-feira, 18 de dezembro, para participar da \u00faltima audi\u00eancia geral deste ano. Antes da Catequese, o papa percorreu a Pra\u00e7a, descendo diversas vezes do carro, beijando crian\u00e7as e saudando a todos os presentes. Mais de 1,5 milh\u00e3o de peregrinos participaram das 30 audi\u00eancias com Francisco [&hellip;]<\/p>\n","protected":false},"author":5,"featured_media":0,"comment_status":"open","ping_status":"open","sticky":false,"template":"","format":"standard","meta":{"ngg_post_thumbnail":0,"footnotes":""},"categories":[8],"tags":[1851,60,2433],"yoast_head":"<!-- This site is optimized with the Yoast SEO plugin v23.5 - https:\/\/yoast.com\/wordpress\/plugins\/seo\/ -->\n<title>Em audi\u00eancia geral, papa Francisco fala sobre Natal - O Arcanjo no ar<\/title>\n<meta name=\"robots\" content=\"index, follow, max-snippet:-1, max-image-preview:large, max-video-preview:-1\" \/>\n<link rel=\"canonical\" href=\"https:\/\/www.oarcanjo.net\/site\/em-audiencia-geral-papa-francisco-fala-sobre-natal\/\" \/>\n<meta property=\"og:locale\" content=\"pt_BR\" \/>\n<meta property=\"og:type\" content=\"article\" \/>\n<meta property=\"og:title\" content=\"Em audi\u00eancia geral, papa Francisco fala sobre Natal - O Arcanjo no ar\" \/>\n<meta property=\"og:description\" content=\"Milhares de peregrinos foram \u00e0 Pra\u00e7a de S\u00e3o Pedro, nesta quarta-feira, 18 de dezembro, para participar da \u00faltima audi\u00eancia geral deste ano. Antes da Catequese, o papa percorreu a Pra\u00e7a, descendo diversas vezes do carro, beijando crian\u00e7as e saudando a todos os presentes. Mais de 1,5 milh\u00e3o de peregrinos participaram das 30 audi\u00eancias com Francisco [&hellip;]\" \/>\n<meta property=\"og:url\" content=\"https:\/\/www.oarcanjo.net\/site\/em-audiencia-geral-papa-francisco-fala-sobre-natal\/\" \/>\n<meta property=\"og:site_name\" content=\"O Arcanjo no ar\" \/>\n<meta property=\"article:publisher\" content=\"https:\/\/www.facebook.com\/OArcanjoNoAr\/\" \/>\n<meta property=\"article:published_time\" content=\"2013-12-20T09:36:19+00:00\" \/>\n<meta property=\"og:image\" content=\"https:\/\/www.oarcanjo.net\/site\/wp-content\/uploads\/logo-o-arcanjo-no-ar-facebook.png\" \/>\n\t<meta property=\"og:image:width\" content=\"300\" \/>\n\t<meta property=\"og:image:height\" content=\"300\" \/>\n\t<meta property=\"og:image:type\" content=\"image\/png\" \/>\n<meta name=\"author\" content=\"editor\" \/>\n<meta name=\"twitter:card\" content=\"summary_large_image\" \/>\n<meta name=\"twitter:label1\" content=\"Escrito por\" \/>\n\t<meta name=\"twitter:data1\" content=\"editor\" \/>\n\t<meta name=\"twitter:label2\" content=\"Est. tempo de leitura\" \/>\n\t<meta name=\"twitter:data2\" content=\"1 minuto\" \/>\n<script type=\"application\/ld+json\" class=\"yoast-schema-graph\">{\"@context\":\"https:\/\/schema.org\",\"@graph\":[{\"@type\":\"Article\",\"@id\":\"https:\/\/www.oarcanjo.net\/site\/em-audiencia-geral-papa-francisco-fala-sobre-natal\/#article\",\"isPartOf\":{\"@id\":\"https:\/\/www.oarcanjo.net\/site\/em-audiencia-geral-papa-francisco-fala-sobre-natal\/\"},\"author\":{\"name\":\"editor\",\"@id\":\"https:\/\/www.oarcanjo.net\/site\/#\/schema\/person\/f7024d007863202483a31326673a0838\"},\"headline\":\"Em audi\u00eancia geral, papa Francisco fala sobre Natal\",\"datePublished\":\"2013-12-20T09:36:19+00:00\",\"dateModified\":\"2013-12-20T09:36:19+00:00\",\"mainEntityOfPage\":{\"@id\":\"https:\/\/www.oarcanjo.net\/site\/em-audiencia-geral-papa-francisco-fala-sobre-natal\/\"},\"wordCount\":281,\"commentCount\":0,\"publisher\":{\"@id\":\"https:\/\/www.oarcanjo.net\/site\/#organization\"},\"keywords\":[\"audi\u00eancia\",\"natal\",\"Papa Francisco\"],\"articleSection\":[\"Not\u00edcias\"],\"inLanguage\":\"pt-BR\",\"potentialAction\":[{\"@type\":\"CommentAction\",\"name\":\"Comment\",\"target\":[\"https:\/\/www.oarcanjo.net\/site\/em-audiencia-geral-papa-francisco-fala-sobre-natal\/#respond\"]}]},{\"@type\":\"WebPage\",\"@id\":\"https:\/\/www.oarcanjo.net\/site\/em-audiencia-geral-papa-francisco-fala-sobre-natal\/\",\"url\":\"https:\/\/www.oarcanjo.net\/site\/em-audiencia-geral-papa-francisco-fala-sobre-natal\/\",\"name\":\"Em audi\u00eancia geral, papa Francisco fala sobre Natal - O Arcanjo no ar\",\"isPartOf\":{\"@id\":\"https:\/\/www.oarcanjo.net\/site\/#website\"},\"datePublished\":\"2013-12-20T09:36:19+00:00\",\"dateModified\":\"2013-12-20T09:36:19+00:00\",\"breadcrumb\":{\"@id\":\"https:\/\/www.oarcanjo.net\/site\/em-audiencia-geral-papa-francisco-fala-sobre-natal\/#breadcrumb\"},\"inLanguage\":\"pt-BR\",\"potentialAction\":[{\"@type\":\"ReadAction\",\"target\":[\"https:\/\/www.oarcanjo.net\/site\/em-audiencia-geral-papa-francisco-fala-sobre-natal\/\"]}]},{\"@type\":\"BreadcrumbList\",\"@id\":\"https:\/\/www.oarcanjo.net\/site\/em-audiencia-geral-papa-francisco-fala-sobre-natal\/#breadcrumb\",\"itemListElement\":[{\"@type\":\"ListItem\",\"position\":1,\"name\":\"In\u00edcio\",\"item\":\"https:\/\/www.oarcanjo.net\/site\/\"},{\"@type\":\"ListItem\",\"position\":2,\"name\":\"Em audi\u00eancia geral, papa Francisco fala sobre Natal\"}]},{\"@type\":\"WebSite\",\"@id\":\"https:\/\/www.oarcanjo.net\/site\/#website\",\"url\":\"https:\/\/www.oarcanjo.net\/site\/\",\"name\":\"O Arcanjo no ar\",\"description\":\"Site da Par\u00f3quia S\u00e3o Miguel Arcanjo (Arquidiocese de SP)\",\"publisher\":{\"@id\":\"https:\/\/www.oarcanjo.net\/site\/#organization\"},\"potentialAction\":[{\"@type\":\"SearchAction\",\"target\":{\"@type\":\"EntryPoint\",\"urlTemplate\":\"https:\/\/www.oarcanjo.net\/site\/?s={search_term_string}\"},\"query-input\":{\"@type\":\"PropertyValueSpecification\",\"valueRequired\":true,\"valueName\":\"search_term_string\"}}],\"inLanguage\":\"pt-BR\"},{\"@type\":\"Organization\",\"@id\":\"https:\/\/www.oarcanjo.net\/site\/#organization\",\"name\":\"Par\u00f3quia S\u00e3o Miguel Arcanjo\",\"url\":\"https:\/\/www.oarcanjo.net\/site\/\",\"logo\":{\"@type\":\"ImageObject\",\"inLanguage\":\"pt-BR\",\"@id\":\"https:\/\/www.oarcanjo.net\/site\/#\/schema\/logo\/image\/\",\"url\":\"https:\/\/www.oarcanjo.net\/site\/wp-content\/uploads\/LogoOArcanjo.png\",\"contentUrl\":\"https:\/\/www.oarcanjo.net\/site\/wp-content\/uploads\/LogoOArcanjo.png\",\"width\":319,\"height\":99,\"caption\":\"Par\u00f3quia S\u00e3o Miguel Arcanjo\"},\"image\":{\"@id\":\"https:\/\/www.oarcanjo.net\/site\/#\/schema\/logo\/image\/\"},\"sameAs\":[\"https:\/\/www.facebook.com\/OArcanjoNoAr\/\"]},{\"@type\":\"Person\",\"@id\":\"https:\/\/www.oarcanjo.net\/site\/#\/schema\/person\/f7024d007863202483a31326673a0838\",\"name\":\"editor\",\"sameAs\":[\"http:\/\/www.oarcanjo.net\"]}]}<\/script>\n<!-- \/ Yoast SEO plugin. -->","yoast_head_json":{"title":"Em audi\u00eancia geral, papa Francisco fala sobre Natal - O Arcanjo no ar","robots":{"index":"index","follow":"follow","max-snippet":"max-snippet:-1","max-image-preview":"max-image-preview:large","max-video-preview":"max-video-preview:-1"},"canonical":"https:\/\/www.oarcanjo.net\/site\/em-audiencia-geral-papa-francisco-fala-sobre-natal\/","og_locale":"pt_BR","og_type":"article","og_title":"Em audi\u00eancia geral, papa Francisco fala sobre Natal - O Arcanjo no ar","og_description":"Milhares de peregrinos foram \u00e0 Pra\u00e7a de S\u00e3o Pedro, nesta quarta-feira, 18 de dezembro, para participar da \u00faltima audi\u00eancia geral deste ano. Antes da Catequese, o papa percorreu a Pra\u00e7a, descendo diversas vezes do carro, beijando crian\u00e7as e saudando a todos os presentes. Mais de 1,5 milh\u00e3o de peregrinos participaram das 30 audi\u00eancias com Francisco [&hellip;]","og_url":"https:\/\/www.oarcanjo.net\/site\/em-audiencia-geral-papa-francisco-fala-sobre-natal\/","og_site_name":"O Arcanjo no ar","article_publisher":"https:\/\/www.facebook.com\/OArcanjoNoAr\/","article_published_time":"2013-12-20T09:36:19+00:00","og_image":[{"width":300,"height":300,"url":"https:\/\/www.oarcanjo.net\/site\/wp-content\/uploads\/logo-o-arcanjo-no-ar-facebook.png","type":"image\/png"}],"author":"editor","twitter_card":"summary_large_image","twitter_misc":{"Escrito por":"editor","Est. tempo de leitura":"1 minuto"},"schema":{"@context":"https:\/\/schema.org","@graph":[{"@type":"Article","@id":"https:\/\/www.oarcanjo.net\/site\/em-audiencia-geral-papa-francisco-fala-sobre-natal\/#article","isPartOf":{"@id":"https:\/\/www.oarcanjo.net\/site\/em-audiencia-geral-papa-francisco-fala-sobre-natal\/"},"author":{"name":"editor","@id":"https:\/\/www.oarcanjo.net\/site\/#\/schema\/person\/f7024d007863202483a31326673a0838"},"headline":"Em audi\u00eancia geral, papa Francisco fala sobre Natal","datePublished":"2013-12-20T09:36:19+00:00","dateModified":"2013-12-20T09:36:19+00:00","mainEntityOfPage":{"@id":"https:\/\/www.oarcanjo.net\/site\/em-audiencia-geral-papa-francisco-fala-sobre-natal\/"},"wordCount":281,"commentCount":0,"publisher":{"@id":"https:\/\/www.oarcanjo.net\/site\/#organization"},"keywords":["audi\u00eancia","natal","Papa Francisco"],"articleSection":["Not\u00edcias"],"inLanguage":"pt-BR","potentialAction":[{"@type":"CommentAction","name":"Comment","target":["https:\/\/www.oarcanjo.net\/site\/em-audiencia-geral-papa-francisco-fala-sobre-natal\/#respond"]}]},{"@type":"WebPage","@id":"https:\/\/www.oarcanjo.net\/site\/em-audiencia-geral-papa-francisco-fala-sobre-natal\/","url":"https:\/\/www.oarcanjo.net\/site\/em-audiencia-geral-papa-francisco-fala-sobre-natal\/","name":"Em audi\u00eancia geral, papa Francisco fala sobre Natal - O Arcanjo no ar","isPartOf":{"@id":"https:\/\/www.oarcanjo.net\/site\/#website"},"datePublished":"2013-12-20T09:36:19+00:00","dateModified":"2013-12-20T09:36:19+00:00","breadcrumb":{"@id":"https:\/\/www.oarcanjo.net\/site\/em-audiencia-geral-papa-francisco-fala-sobre-natal\/#breadcrumb"},"inLanguage":"pt-BR","potentialAction":[{"@type":"ReadAction","target":["https:\/\/www.oarcanjo.net\/site\/em-audiencia-geral-papa-francisco-fala-sobre-natal\/"]}]},{"@type":"BreadcrumbList","@id":"https:\/\/www.oarcanjo.net\/site\/em-audiencia-geral-papa-francisco-fala-sobre-natal\/#breadcrumb","itemListElement":[{"@type":"ListItem","position":1,"name":"In\u00edcio","item":"https:\/\/www.oarcanjo.net\/site\/"},{"@type":"ListItem","position":2,"name":"Em audi\u00eancia geral, papa Francisco fala sobre Natal"}]},{"@type":"WebSite","@id":"https:\/\/www.oarcanjo.net\/site\/#website","url":"https:\/\/www.oarcanjo.net\/site\/","name":"O Arcanjo no ar","description":"Site da Par\u00f3quia S\u00e3o Miguel Arcanjo (Arquidiocese de SP)","publisher":{"@id":"https:\/\/www.oarcanjo.net\/site\/#organization"},"potentialAction":[{"@type":"SearchAction","target":{"@type":"EntryPoint","urlTemplate":"https:\/\/www.oarcanjo.net\/site\/?s={search_term_string}"},"query-input":{"@type":"PropertyValueSpecification","valueRequired":true,"valueName":"search_term_string"}}],"inLanguage":"pt-BR"},{"@type":"Organization","@id":"https:\/\/www.oarcanjo.net\/site\/#organization","name":"Par\u00f3quia S\u00e3o Miguel Arcanjo","url":"https:\/\/www.oarcanjo.net\/site\/","logo":{"@type":"ImageObject","inLanguage":"pt-BR","@id":"https:\/\/www.oarcanjo.net\/site\/#\/schema\/logo\/image\/","url":"https:\/\/www.oarcanjo.net\/site\/wp-content\/uploads\/LogoOArcanjo.png","contentUrl":"https:\/\/www.oarcanjo.net\/site\/wp-content\/uploads\/LogoOArcanjo.png","width":319,"height":99,"caption":"Par\u00f3quia S\u00e3o Miguel Arcanjo"},"image":{"@id":"https:\/\/www.oarcanjo.net\/site\/#\/schema\/logo\/image\/"},"sameAs":["https:\/\/www.facebook.com\/OArcanjoNoAr\/"]},{"@type":"Person","@id":"https:\/\/www.oarcanjo.net\/site\/#\/schema\/person\/f7024d007863202483a31326673a0838","name":"editor","sameAs":["http:\/\/www.oarcanjo.net"]}]}},"publishpress_future_action":{"enabled":false,"date":"2026-05-10 05:12:25","action":"category","newStatus":"draft","terms":[],"taxonomy":"category"},"publishpress_future_workflow_manual_trigger":{"enabledWorkflows":[]},"_links":{"self":[{"href":"https:\/\/www.oarcanjo.net\/site\/wp-json\/wp\/v2\/posts\/24047"}],"collection":[{"href":"https:\/\/www.oarcanjo.net\/site\/wp-json\/wp\/v2\/posts"}],"about":[{"href":"https:\/\/www.oarcanjo.net\/site\/wp-json\/wp\/v2\/types\/post"}],"author":[{"embeddable":true,"href":"https:\/\/www.oarcanjo.net\/site\/wp-json\/wp\/v2\/users\/5"}],"replies":[{"embeddable":true,"href":"https:\/\/www.oarcanjo.net\/site\/wp-json\/wp\/v2\/comments?post=24047"}],"version-history":[{"count":0,"href":"https:\/\/www.oarcanjo.net\/site\/wp-json\/wp\/v2\/posts\/24047\/revisions"}],"wp:attachment":[{"href":"https:\/\/www.oarcanjo.net\/site\/wp-json\/wp\/v2\/media?parent=24047"}],"wp:term":[{"taxonomy":"category","embeddable":true,"href":"https:\/\/www.oarcanjo.net\/site\/wp-json\/wp\/v2\/categories?post=24047"},{"taxonomy":"post_tag","embeddable":true,"href":"https:\/\/www.oarcanjo.net\/site\/wp-json\/wp\/v2\/tags?post=24047"}],"curies":[{"name":"wp","href":"https:\/\/api.w.org\/{rel}","templated":true}]}}