
{"id":24049,"date":"2013-12-20T07:38:37","date_gmt":"2013-12-20T09:38:37","guid":{"rendered":"http:\/\/www.oarcanjo.net\/site\/?p=24049"},"modified":"2013-12-20T07:39:45","modified_gmt":"2013-12-20T09:39:45","slug":"beato-jose-de-anchieta-sera-canonizado-afirma-dom-damasceno","status":"publish","type":"post","link":"https:\/\/www.oarcanjo.net\/site\/beato-jose-de-anchieta-sera-canonizado-afirma-dom-damasceno\/","title":{"rendered":"Beato Jos\u00e9 de Anchieta ser\u00e1 canonizado, afirma Dom Damasceno"},"content":{"rendered":"<p>O Jesu\u00edta, Beato Jos\u00e9 de Anchieta, fundador da cidade de S\u00e3o Paulo, logo receber\u00e1 a honra dos altares. Foi o que informou na manh\u00e3 desta quarta-feira, 18\/12, o Arcebispo de Aparecida e presidente da CNBB, Dom Raymundo Damasceno, durante coletiva de imprensa no Santu\u00e1rio Nacional.<\/p>\n<p>O comunicado da Santa S\u00e9 sobre a canoniza\u00e7\u00e3o do beato veio por meio de um telefonema do pr\u00f3prio Papa Francisco a Dom Damasceno.\u00a0 A not\u00edcia em favor do defensor dos ind\u00edgenas, catequista, considerado ap\u00f3stolo do Brasil, foi recebida com alegria pelo Cardeal.<\/p>\n<p>\u201cJos\u00e9 de Anchieta deixou marcar profundas no in\u00edcio da coloniza\u00e7\u00e3o do Brasil, como tamb\u00e9m na sua evangeliza\u00e7\u00e3o. Eu creio que ele merece ser cultuado por toda a Igreja\u201d, disse.<\/p>\n<p>A data da canoniza\u00e7\u00e3o que ainda ser\u00e1 definida pela Santa S\u00e9<\/p>\n<p>Leia mais sobre o\u00a0<a href=\"http:\/\/www.arquidiocesedesaopaulo.org.br\/sites\/arquidiocesedesaopaulo.pucsp.br\/files\/Beato%20Jos%C3%A9%20de%20Anchieta%20-%20Hist%C3%B3ria.pdf\" target=\"_blank\">Beato Jos\u00e9 de Anchieta<\/a><\/p>\n<h3><strong>Na JMJ Rio 2013 Papa Francisco recordou Beato Jos\u00e9 de Anchieta<\/strong><\/h3>\n<p>O Papa Francisco, em sua \u00faltima hom\u00edlia no Brasil durante a Jornada Mundial da Juventude realizada na cidade do Rio de Janeiro em julho de 2013, encorajou mais de 3 milh\u00f5es de jovens que estavam na Missa de envio, na praia de Copacabana, a evangelizarem outros jovens.<\/p>\n<p>O Santo Padre citou o Beato Jos\u00e9 de Anchieta como um modelo de mission\u00e1rio, pois aos 19 anos de idade veio ao Brasil para sua miss\u00e3o evangelizadora.\u00a0\u201cUm grande ap\u00f3stolo do Brasil, o Bem-aventurado Jos\u00e9 de Anchieta, partiu em miss\u00e3o quando tinha apenas dezenove anos! Sabem qual \u00e9 o melhor instrumento para evangelizar os jovens? Outro jovem!\u201d.<\/p>\n<p>\u201cDe forma especial, queria que este mandato de Cristo -\u201dIde\u201d \u2013 ressoasse em voc\u00eas, jovens da Igreja na Am\u00e9rica Latina, comprometidos com a Miss\u00e3o Continental promovida pelos Bispos. O Brasil, a Am\u00e9rica Latina, o mundo precisa de Cristo! Paulo exclama: \u00abAi de mim se eu n\u00e3o pregar o evangelho!\u00bb (1Co 9,16). Este Continente recebeu o an\u00fancio do Evangelho, que marcou o seu caminho e produziu muito fruto. Agora este an\u00fancio \u00e9 confiado tamb\u00e9m a voc\u00eas, para que ressoe com uma for\u00e7a renovada. A Igreja precisa de voc\u00eas, do entusiasmo, da criatividade e da alegria que lhes caracterizam! Um grande ap\u00f3stolo do Brasil, o Bem-aventurado Jos\u00e9 de Anchieta, partiu em miss\u00e3o quando tinha apenas dezenove anos! Sabem qual \u00e9 o melhor instrumento para evangelizar os jovens? Outro jovem! Este \u00e9 o caminho a ser percorrido!\u201d, concluiu o Papa.<\/p>\n<h3>Mais sobre a coletiva com dom Damasceno<\/h3>\n<p>Dentre as novidades apresentadas por Dom Raymundo Damasceno, est\u00e1 a realiza\u00e7\u00e3o de uma edi\u00e7\u00e3o extraordin\u00e1ria do S\u00ednodo dos Bispos para o pr\u00f3ximo ano, em Roma, e que falar\u00e1 sobre a fam\u00edlia. A Assembleia ordin\u00e1ria acontecer\u00e1 em 2015. Al\u00e9m disso, apresentou o tema e o lema da pr\u00f3xima Campanha da Fraternidade, que abordar\u00e1 o tr\u00e1fico humano.<\/p>\n<p>O bispo auxiliar de Aparecida, Dom Darci Jos\u00e9 Nicioli, relembrou tamb\u00e9m os momentos mais marcantes da arquidiocese: a Festa de Frei Galv\u00e3o, Romaria Nacional da Juventude, dia dedicado \u00e0 Padroeira do Brasil e o crescimento de p\u00fablico no Santu\u00e1rio. Segundo ele, mais de 11 milh\u00f5es de fi\u00e9is estiveram na Bas\u00edlica este ano, al\u00e9m da ilustre presen\u00e7a do Papa Francisco em julho durante a Jornada Mundial da Juventude.<\/p>\n<p>\u201cEu gosto de uma frase que ele usou aqui [em Aparecida]: \u2018n\u00e3o deixem que roubem a esperan\u00e7a do nosso cora\u00e7\u00e3o\u2019, e n\u00f3s estamos sedentos de esperan\u00e7a. Ent\u00e3o, tudo isso significa esperan\u00e7a: nunca desanimar , nunca desistir&#8230;\u201d, ressaltou o bispo.<\/p>\n<p>Ainda durante a coletiva, Dom Damasceno destacou ainda dois documentos elaborados pelo Papa neste ano: a Exorta\u00e7\u00e3o Apost\u00f3lica\u00a0<em>Evangelii Gaudium<\/em>, com o apelo para a miss\u00e3o evangelizadora da igreja, e a mensagem de Francisco para o dia 1\u00ba de janeiro de 2014, em que o Pont\u00edfice faz refer\u00eancia \u00e0 Fraternidade como um caminho para a paz.<\/p>\n<p>Por fim, o cardeal expressou sua mensagem aos fi\u00e9is para este Natal. \u201cSomos chamados a viver essa mensagem profunda do Natal, acolher bem o outro, ver no outro um outro eu. Esta \u00e9 a minha mensagem de um Feliz e Santo Natal para todos e tamb\u00e9m um Ano Novo muito aben\u00e7oado, sobre a prote\u00e7\u00e3o de Nossa Senhora Aparecida\u201d, disse.<\/p>\n<p><em>Fonte: Arquidiocese de S\u00e3o Paulo<\/em><\/p>\n<p>&nbsp;<\/p>\n<div id=\"themify_builder_content-24049\" data-postid=\"24049\" class=\"themify_builder_content themify_builder_content-24049 themify_builder themify_builder_front\">\n\t<\/div>\n<!-- \/themify_builder_content -->","protected":false},"excerpt":{"rendered":"<p>O Jesu\u00edta, Beato Jos\u00e9 de Anchieta, fundador da cidade de S\u00e3o Paulo, logo receber\u00e1 a honra dos altares. Foi o que informou na manh\u00e3 desta quarta-feira, 18\/12, o Arcebispo de Aparecida e presidente da CNBB, Dom Raymundo Damasceno, durante coletiva de imprensa no Santu\u00e1rio Nacional. O comunicado da Santa S\u00e9 sobre a canoniza\u00e7\u00e3o do beato [&hellip;]<\/p>\n","protected":false},"author":5,"featured_media":0,"comment_status":"open","ping_status":"open","sticky":false,"template":"","format":"standard","meta":{"ngg_post_thumbnail":0,"footnotes":""},"categories":[8],"tags":[2911,1952,2433,50],"yoast_head":"<!-- This site is optimized with the Yoast SEO plugin v23.5 - https:\/\/yoast.com\/wordpress\/plugins\/seo\/ -->\n<title>Beato Jos\u00e9 de Anchieta ser\u00e1 canonizado, afirma Dom Damasceno - O Arcanjo no ar<\/title>\n<meta name=\"robots\" content=\"index, follow, max-snippet:-1, max-image-preview:large, max-video-preview:-1\" \/>\n<link rel=\"canonical\" href=\"https:\/\/www.oarcanjo.net\/site\/beato-jose-de-anchieta-sera-canonizado-afirma-dom-damasceno\/\" \/>\n<meta property=\"og:locale\" content=\"pt_BR\" \/>\n<meta property=\"og:type\" content=\"article\" \/>\n<meta property=\"og:title\" content=\"Beato Jos\u00e9 de Anchieta ser\u00e1 canonizado, afirma Dom Damasceno - O Arcanjo no ar\" \/>\n<meta property=\"og:description\" content=\"O Jesu\u00edta, Beato Jos\u00e9 de Anchieta, fundador da cidade de S\u00e3o Paulo, logo receber\u00e1 a honra dos altares. Foi o que informou na manh\u00e3 desta quarta-feira, 18\/12, o Arcebispo de Aparecida e presidente da CNBB, Dom Raymundo Damasceno, durante coletiva de imprensa no Santu\u00e1rio Nacional. O comunicado da Santa S\u00e9 sobre a canoniza\u00e7\u00e3o do beato [&hellip;]\" \/>\n<meta property=\"og:url\" content=\"https:\/\/www.oarcanjo.net\/site\/beato-jose-de-anchieta-sera-canonizado-afirma-dom-damasceno\/\" \/>\n<meta property=\"og:site_name\" content=\"O Arcanjo no ar\" \/>\n<meta property=\"article:publisher\" content=\"https:\/\/www.facebook.com\/OArcanjoNoAr\/\" \/>\n<meta property=\"article:published_time\" content=\"2013-12-20T09:38:37+00:00\" \/>\n<meta property=\"article:modified_time\" content=\"2013-12-20T09:39:45+00:00\" \/>\n<meta property=\"og:image\" content=\"https:\/\/www.oarcanjo.net\/site\/wp-content\/uploads\/logo-o-arcanjo-no-ar-facebook.png\" \/>\n\t<meta property=\"og:image:width\" content=\"300\" \/>\n\t<meta property=\"og:image:height\" content=\"300\" \/>\n\t<meta property=\"og:image:type\" content=\"image\/png\" \/>\n<meta name=\"author\" content=\"editor\" \/>\n<meta name=\"twitter:card\" content=\"summary_large_image\" \/>\n<meta name=\"twitter:label1\" content=\"Escrito por\" \/>\n\t<meta name=\"twitter:data1\" content=\"editor\" \/>\n\t<meta name=\"twitter:label2\" content=\"Est. tempo de leitura\" \/>\n\t<meta name=\"twitter:data2\" content=\"4 minutos\" \/>\n<script type=\"application\/ld+json\" class=\"yoast-schema-graph\">{\"@context\":\"https:\/\/schema.org\",\"@graph\":[{\"@type\":\"Article\",\"@id\":\"https:\/\/www.oarcanjo.net\/site\/beato-jose-de-anchieta-sera-canonizado-afirma-dom-damasceno\/#article\",\"isPartOf\":{\"@id\":\"https:\/\/www.oarcanjo.net\/site\/beato-jose-de-anchieta-sera-canonizado-afirma-dom-damasceno\/\"},\"author\":{\"name\":\"editor\",\"@id\":\"https:\/\/www.oarcanjo.net\/site\/#\/schema\/person\/f7024d007863202483a31326673a0838\"},\"headline\":\"Beato Jos\u00e9 de Anchieta ser\u00e1 canonizado, afirma Dom Damasceno\",\"datePublished\":\"2013-12-20T09:38:37+00:00\",\"dateModified\":\"2013-12-20T09:39:45+00:00\",\"mainEntityOfPage\":{\"@id\":\"https:\/\/www.oarcanjo.net\/site\/beato-jose-de-anchieta-sera-canonizado-afirma-dom-damasceno\/\"},\"wordCount\":735,\"commentCount\":0,\"publisher\":{\"@id\":\"https:\/\/www.oarcanjo.net\/site\/#organization\"},\"keywords\":[\"Beato Jos\u00e9 de Anchieta\",\"jesu\u00edta\",\"Papa Francisco\",\"Santo\"],\"articleSection\":[\"Not\u00edcias\"],\"inLanguage\":\"pt-BR\",\"potentialAction\":[{\"@type\":\"CommentAction\",\"name\":\"Comment\",\"target\":[\"https:\/\/www.oarcanjo.net\/site\/beato-jose-de-anchieta-sera-canonizado-afirma-dom-damasceno\/#respond\"]}]},{\"@type\":\"WebPage\",\"@id\":\"https:\/\/www.oarcanjo.net\/site\/beato-jose-de-anchieta-sera-canonizado-afirma-dom-damasceno\/\",\"url\":\"https:\/\/www.oarcanjo.net\/site\/beato-jose-de-anchieta-sera-canonizado-afirma-dom-damasceno\/\",\"name\":\"Beato Jos\u00e9 de Anchieta ser\u00e1 canonizado, afirma Dom Damasceno - O Arcanjo no ar\",\"isPartOf\":{\"@id\":\"https:\/\/www.oarcanjo.net\/site\/#website\"},\"datePublished\":\"2013-12-20T09:38:37+00:00\",\"dateModified\":\"2013-12-20T09:39:45+00:00\",\"breadcrumb\":{\"@id\":\"https:\/\/www.oarcanjo.net\/site\/beato-jose-de-anchieta-sera-canonizado-afirma-dom-damasceno\/#breadcrumb\"},\"inLanguage\":\"pt-BR\",\"potentialAction\":[{\"@type\":\"ReadAction\",\"target\":[\"https:\/\/www.oarcanjo.net\/site\/beato-jose-de-anchieta-sera-canonizado-afirma-dom-damasceno\/\"]}]},{\"@type\":\"BreadcrumbList\",\"@id\":\"https:\/\/www.oarcanjo.net\/site\/beato-jose-de-anchieta-sera-canonizado-afirma-dom-damasceno\/#breadcrumb\",\"itemListElement\":[{\"@type\":\"ListItem\",\"position\":1,\"name\":\"In\u00edcio\",\"item\":\"https:\/\/www.oarcanjo.net\/site\/\"},{\"@type\":\"ListItem\",\"position\":2,\"name\":\"Beato Jos\u00e9 de Anchieta ser\u00e1 canonizado, afirma Dom Damasceno\"}]},{\"@type\":\"WebSite\",\"@id\":\"https:\/\/www.oarcanjo.net\/site\/#website\",\"url\":\"https:\/\/www.oarcanjo.net\/site\/\",\"name\":\"O Arcanjo no ar\",\"description\":\"Site da Par\u00f3quia S\u00e3o Miguel Arcanjo (Arquidiocese de SP)\",\"publisher\":{\"@id\":\"https:\/\/www.oarcanjo.net\/site\/#organization\"},\"potentialAction\":[{\"@type\":\"SearchAction\",\"target\":{\"@type\":\"EntryPoint\",\"urlTemplate\":\"https:\/\/www.oarcanjo.net\/site\/?s={search_term_string}\"},\"query-input\":{\"@type\":\"PropertyValueSpecification\",\"valueRequired\":true,\"valueName\":\"search_term_string\"}}],\"inLanguage\":\"pt-BR\"},{\"@type\":\"Organization\",\"@id\":\"https:\/\/www.oarcanjo.net\/site\/#organization\",\"name\":\"Par\u00f3quia S\u00e3o Miguel Arcanjo\",\"url\":\"https:\/\/www.oarcanjo.net\/site\/\",\"logo\":{\"@type\":\"ImageObject\",\"inLanguage\":\"pt-BR\",\"@id\":\"https:\/\/www.oarcanjo.net\/site\/#\/schema\/logo\/image\/\",\"url\":\"https:\/\/www.oarcanjo.net\/site\/wp-content\/uploads\/LogoOArcanjo.png\",\"contentUrl\":\"https:\/\/www.oarcanjo.net\/site\/wp-content\/uploads\/LogoOArcanjo.png\",\"width\":319,\"height\":99,\"caption\":\"Par\u00f3quia S\u00e3o Miguel Arcanjo\"},\"image\":{\"@id\":\"https:\/\/www.oarcanjo.net\/site\/#\/schema\/logo\/image\/\"},\"sameAs\":[\"https:\/\/www.facebook.com\/OArcanjoNoAr\/\"]},{\"@type\":\"Person\",\"@id\":\"https:\/\/www.oarcanjo.net\/site\/#\/schema\/person\/f7024d007863202483a31326673a0838\",\"name\":\"editor\",\"sameAs\":[\"http:\/\/www.oarcanjo.net\"]}]}<\/script>\n<!-- \/ Yoast SEO plugin. -->","yoast_head_json":{"title":"Beato Jos\u00e9 de Anchieta ser\u00e1 canonizado, afirma Dom Damasceno - O Arcanjo no ar","robots":{"index":"index","follow":"follow","max-snippet":"max-snippet:-1","max-image-preview":"max-image-preview:large","max-video-preview":"max-video-preview:-1"},"canonical":"https:\/\/www.oarcanjo.net\/site\/beato-jose-de-anchieta-sera-canonizado-afirma-dom-damasceno\/","og_locale":"pt_BR","og_type":"article","og_title":"Beato Jos\u00e9 de Anchieta ser\u00e1 canonizado, afirma Dom Damasceno - O Arcanjo no ar","og_description":"O Jesu\u00edta, Beato Jos\u00e9 de Anchieta, fundador da cidade de S\u00e3o Paulo, logo receber\u00e1 a honra dos altares. Foi o que informou na manh\u00e3 desta quarta-feira, 18\/12, o Arcebispo de Aparecida e presidente da CNBB, Dom Raymundo Damasceno, durante coletiva de imprensa no Santu\u00e1rio Nacional. O comunicado da Santa S\u00e9 sobre a canoniza\u00e7\u00e3o do beato [&hellip;]","og_url":"https:\/\/www.oarcanjo.net\/site\/beato-jose-de-anchieta-sera-canonizado-afirma-dom-damasceno\/","og_site_name":"O Arcanjo no ar","article_publisher":"https:\/\/www.facebook.com\/OArcanjoNoAr\/","article_published_time":"2013-12-20T09:38:37+00:00","article_modified_time":"2013-12-20T09:39:45+00:00","og_image":[{"width":300,"height":300,"url":"https:\/\/www.oarcanjo.net\/site\/wp-content\/uploads\/logo-o-arcanjo-no-ar-facebook.png","type":"image\/png"}],"author":"editor","twitter_card":"summary_large_image","twitter_misc":{"Escrito por":"editor","Est. tempo de leitura":"4 minutos"},"schema":{"@context":"https:\/\/schema.org","@graph":[{"@type":"Article","@id":"https:\/\/www.oarcanjo.net\/site\/beato-jose-de-anchieta-sera-canonizado-afirma-dom-damasceno\/#article","isPartOf":{"@id":"https:\/\/www.oarcanjo.net\/site\/beato-jose-de-anchieta-sera-canonizado-afirma-dom-damasceno\/"},"author":{"name":"editor","@id":"https:\/\/www.oarcanjo.net\/site\/#\/schema\/person\/f7024d007863202483a31326673a0838"},"headline":"Beato Jos\u00e9 de Anchieta ser\u00e1 canonizado, afirma Dom Damasceno","datePublished":"2013-12-20T09:38:37+00:00","dateModified":"2013-12-20T09:39:45+00:00","mainEntityOfPage":{"@id":"https:\/\/www.oarcanjo.net\/site\/beato-jose-de-anchieta-sera-canonizado-afirma-dom-damasceno\/"},"wordCount":735,"commentCount":0,"publisher":{"@id":"https:\/\/www.oarcanjo.net\/site\/#organization"},"keywords":["Beato Jos\u00e9 de Anchieta","jesu\u00edta","Papa Francisco","Santo"],"articleSection":["Not\u00edcias"],"inLanguage":"pt-BR","potentialAction":[{"@type":"CommentAction","name":"Comment","target":["https:\/\/www.oarcanjo.net\/site\/beato-jose-de-anchieta-sera-canonizado-afirma-dom-damasceno\/#respond"]}]},{"@type":"WebPage","@id":"https:\/\/www.oarcanjo.net\/site\/beato-jose-de-anchieta-sera-canonizado-afirma-dom-damasceno\/","url":"https:\/\/www.oarcanjo.net\/site\/beato-jose-de-anchieta-sera-canonizado-afirma-dom-damasceno\/","name":"Beato Jos\u00e9 de Anchieta ser\u00e1 canonizado, afirma Dom Damasceno - O Arcanjo no ar","isPartOf":{"@id":"https:\/\/www.oarcanjo.net\/site\/#website"},"datePublished":"2013-12-20T09:38:37+00:00","dateModified":"2013-12-20T09:39:45+00:00","breadcrumb":{"@id":"https:\/\/www.oarcanjo.net\/site\/beato-jose-de-anchieta-sera-canonizado-afirma-dom-damasceno\/#breadcrumb"},"inLanguage":"pt-BR","potentialAction":[{"@type":"ReadAction","target":["https:\/\/www.oarcanjo.net\/site\/beato-jose-de-anchieta-sera-canonizado-afirma-dom-damasceno\/"]}]},{"@type":"BreadcrumbList","@id":"https:\/\/www.oarcanjo.net\/site\/beato-jose-de-anchieta-sera-canonizado-afirma-dom-damasceno\/#breadcrumb","itemListElement":[{"@type":"ListItem","position":1,"name":"In\u00edcio","item":"https:\/\/www.oarcanjo.net\/site\/"},{"@type":"ListItem","position":2,"name":"Beato Jos\u00e9 de Anchieta ser\u00e1 canonizado, afirma Dom Damasceno"}]},{"@type":"WebSite","@id":"https:\/\/www.oarcanjo.net\/site\/#website","url":"https:\/\/www.oarcanjo.net\/site\/","name":"O Arcanjo no ar","description":"Site da Par\u00f3quia S\u00e3o Miguel Arcanjo (Arquidiocese de SP)","publisher":{"@id":"https:\/\/www.oarcanjo.net\/site\/#organization"},"potentialAction":[{"@type":"SearchAction","target":{"@type":"EntryPoint","urlTemplate":"https:\/\/www.oarcanjo.net\/site\/?s={search_term_string}"},"query-input":{"@type":"PropertyValueSpecification","valueRequired":true,"valueName":"search_term_string"}}],"inLanguage":"pt-BR"},{"@type":"Organization","@id":"https:\/\/www.oarcanjo.net\/site\/#organization","name":"Par\u00f3quia S\u00e3o Miguel Arcanjo","url":"https:\/\/www.oarcanjo.net\/site\/","logo":{"@type":"ImageObject","inLanguage":"pt-BR","@id":"https:\/\/www.oarcanjo.net\/site\/#\/schema\/logo\/image\/","url":"https:\/\/www.oarcanjo.net\/site\/wp-content\/uploads\/LogoOArcanjo.png","contentUrl":"https:\/\/www.oarcanjo.net\/site\/wp-content\/uploads\/LogoOArcanjo.png","width":319,"height":99,"caption":"Par\u00f3quia S\u00e3o Miguel Arcanjo"},"image":{"@id":"https:\/\/www.oarcanjo.net\/site\/#\/schema\/logo\/image\/"},"sameAs":["https:\/\/www.facebook.com\/OArcanjoNoAr\/"]},{"@type":"Person","@id":"https:\/\/www.oarcanjo.net\/site\/#\/schema\/person\/f7024d007863202483a31326673a0838","name":"editor","sameAs":["http:\/\/www.oarcanjo.net"]}]}},"publishpress_future_action":{"enabled":false,"date":"2026-05-10 06:38:12","action":"category","newStatus":"draft","terms":[],"taxonomy":"category"},"publishpress_future_workflow_manual_trigger":{"enabledWorkflows":[]},"_links":{"self":[{"href":"https:\/\/www.oarcanjo.net\/site\/wp-json\/wp\/v2\/posts\/24049"}],"collection":[{"href":"https:\/\/www.oarcanjo.net\/site\/wp-json\/wp\/v2\/posts"}],"about":[{"href":"https:\/\/www.oarcanjo.net\/site\/wp-json\/wp\/v2\/types\/post"}],"author":[{"embeddable":true,"href":"https:\/\/www.oarcanjo.net\/site\/wp-json\/wp\/v2\/users\/5"}],"replies":[{"embeddable":true,"href":"https:\/\/www.oarcanjo.net\/site\/wp-json\/wp\/v2\/comments?post=24049"}],"version-history":[{"count":0,"href":"https:\/\/www.oarcanjo.net\/site\/wp-json\/wp\/v2\/posts\/24049\/revisions"}],"wp:attachment":[{"href":"https:\/\/www.oarcanjo.net\/site\/wp-json\/wp\/v2\/media?parent=24049"}],"wp:term":[{"taxonomy":"category","embeddable":true,"href":"https:\/\/www.oarcanjo.net\/site\/wp-json\/wp\/v2\/categories?post=24049"},{"taxonomy":"post_tag","embeddable":true,"href":"https:\/\/www.oarcanjo.net\/site\/wp-json\/wp\/v2\/tags?post=24049"}],"curies":[{"name":"wp","href":"https:\/\/api.w.org\/{rel}","templated":true}]}}