
{"id":24053,"date":"2013-12-20T07:44:20","date_gmt":"2013-12-20T09:44:20","guid":{"rendered":"http:\/\/www.oarcanjo.net\/site\/?p=24053"},"modified":"2013-12-20T07:44:20","modified_gmt":"2013-12-20T09:44:20","slug":"belem-terra-do-pao","status":"publish","type":"post","link":"https:\/\/www.oarcanjo.net\/site\/belem-terra-do-pao\/","title":{"rendered":"Bel\u00e9m: Terra do P\u00e3o"},"content":{"rendered":"<p><em>Dom Dem\u00e9trio Valentini<\/em><\/p>\n<p>Estamos chegando ao Natal de 2013. \u00c9 o primeiro sob o Papa Francisco. Ainda temos bem presente o impacto positivo, causado no final do conclave, com a dupla surpresa: a escolha de um cardeal que ningu\u00e9m imaginava, junto com a escolha do nome Francisco.<\/p>\n<p>Esta dupla surpresa abriu logo um amplo espa\u00e7o de proje\u00e7\u00e3o de expectativas, que foram se confirmando. Como o Francisco de Assis, o agora \u201cFrancisco de Roma\u201d tamb\u00e9m se defronta com o desafio de renovar a Igreja de Cristo, e de retornar \u00e0 viv\u00eancia dos valores evang\u00e9licos.<\/p>\n<p>Foi dentro deste contexto, que S\u00e3o Francisco teve a ideia de celebrar o Natal reproduzindo o cen\u00e1rio de Bel\u00e9m, de onde resultou o \u201cpres\u00e9pio\u201d, que acabou entrando na tradi\u00e7\u00e3o crist\u00e3. Hoje n\u00e3o se celebra o Natal, sem um pres\u00e9pio, por simples que seja.<\/p>\n<p>Pois bem, estas circunst\u00e2ncias nos chamam a aten\u00e7\u00e3o para conferir como vai ser este Natal, com um nome que sintetiza bem dois personagens, colocados a servi\u00e7o da miss\u00e3o de Cristo e da Igreja, o Francisco de Assis e o Francisco de Roma.<\/p>\n<p>Em vista desta sintonia de duas figuras simbolizando os mesmos valores, a Diocese de Jales elaborou sua novena propondo um \u201cNatal com Francisco\u201d.<\/p>\n<p>O \u201cpres\u00e9pio\u201d \u00e9 f\u00e1cil de fazer. O mais desafiador \u00e9 sintonizar com os objetivos que o novo papa vem nos propondo, com surpreendente objetividade e impressionante firmeza.<\/p>\n<p>Uma iniciativa, que encontra respaldo no contexto do Natal, \u00e9 a campanha contra a fome no mundo, lan\u00e7ada pela C\u00e1ritas, e recomendada com particular insist\u00eancia pelo Papa Francisco.<\/p>\n<p>Assumindo esta iniciativa concreta, em tempos ainda de defini\u00e7\u00e3o do seu pontificado, resulta clara a inten\u00e7\u00e3o de fazer desta campanha contra a fome a inspira\u00e7\u00e3o para a Igreja se voltar para a sociedade, e abra\u00e7ar suas causas importantes.<\/p>\n<p>A fome \u00e9 express\u00e3o da necessidade mais premente de toda pessoa humana. Todos temos absoluta necessidade de comer, para viver. A fome se torna s\u00edmbolo das necessidades, que precisam ser atendidas para garantir um m\u00ednimo de dignidade humana.<\/p>\n<p>O bispo em\u00e9rito de S\u00e3o F\u00e9lix do Araguaia, Dom Pedro Casald\u00e1liga, referindo-se ao debate sobre valores relativos e valores absolutos, com sua verve costumeira sentenciou: \u201cs\u00f3 Deus \u00e9 absoluto, e a fome!\u201d<\/p>\n<p>Concordamos com Dom Pedro, se entendemos que a fome dispensa qualquer discuss\u00e3o ou justificativa. Ela precisa ser atendida, e n\u00e3o pode esperar.<\/p>\n<p>Nestes dias de Natal nos encantamos com os gestos prof\u00e9ticos do Papa Francisco, aproximando-se dos mendigos de Roma.<\/p>\n<p>Estes gestos sinalizam o compromisso do combate \u00e0 fome, que precisa ser colocado de maneira absoluta, pela Igreja e pela sociedade. At\u00e9 o nome da cidade onde Jesus nasceu lembra o alimento mais necess\u00e1rio e mais universal.<\/p>\n<p>Bel\u00e9m significa \u201cterra do p\u00e3o\u201d. Que o Natal nos ensine de novo o gesto da partilha do p\u00e3o, como fez Jesus, saciando as multid\u00f5es. Assim o Natal ser\u00e1, certamente, mais feliz, para todos!<\/p>\n<div id=\"themify_builder_content-24053\" data-postid=\"24053\" class=\"themify_builder_content themify_builder_content-24053 themify_builder themify_builder_front\">\n\t<\/div>\n<!-- \/themify_builder_content -->","protected":false},"excerpt":{"rendered":"<p>Dom Dem\u00e9trio Valentini Estamos chegando ao Natal de 2013. \u00c9 o primeiro sob o Papa Francisco. Ainda temos bem presente o impacto positivo, causado no final do conclave, com a dupla surpresa: a escolha de um cardeal que ningu\u00e9m imaginava, junto com a escolha do nome Francisco. Esta dupla surpresa abriu logo um amplo espa\u00e7o [&hellip;]<\/p>\n","protected":false},"author":5,"featured_media":0,"comment_status":"open","ping_status":"open","sticky":false,"template":"","format":"standard","meta":{"ngg_post_thumbnail":0,"footnotes":""},"categories":[9],"tags":[652,2091,90,38,60,2433,54,150,481,2912],"yoast_head":"<!-- This site is optimized with the Yoast SEO plugin v23.5 - https:\/\/yoast.com\/wordpress\/plugins\/seo\/ -->\n<title>Bel\u00e9m: Terra do P\u00e3o - O Arcanjo no ar<\/title>\n<meta name=\"robots\" content=\"index, follow, max-snippet:-1, max-image-preview:large, max-video-preview:-1\" \/>\n<link rel=\"canonical\" href=\"https:\/\/www.oarcanjo.net\/site\/belem-terra-do-pao\/\" \/>\n<meta property=\"og:locale\" content=\"pt_BR\" \/>\n<meta property=\"og:type\" content=\"article\" \/>\n<meta property=\"og:title\" content=\"Bel\u00e9m: Terra do P\u00e3o - O Arcanjo no ar\" \/>\n<meta property=\"og:description\" content=\"Dom Dem\u00e9trio Valentini Estamos chegando ao Natal de 2013. \u00c9 o primeiro sob o Papa Francisco. Ainda temos bem presente o impacto positivo, causado no final do conclave, com a dupla surpresa: a escolha de um cardeal que ningu\u00e9m imaginava, junto com a escolha do nome Francisco. Esta dupla surpresa abriu logo um amplo espa\u00e7o [&hellip;]\" \/>\n<meta property=\"og:url\" content=\"https:\/\/www.oarcanjo.net\/site\/belem-terra-do-pao\/\" \/>\n<meta property=\"og:site_name\" content=\"O Arcanjo no ar\" \/>\n<meta property=\"article:publisher\" content=\"https:\/\/www.facebook.com\/OArcanjoNoAr\/\" \/>\n<meta property=\"article:published_time\" content=\"2013-12-20T09:44:20+00:00\" \/>\n<meta property=\"og:image\" content=\"https:\/\/www.oarcanjo.net\/site\/wp-content\/uploads\/logo-o-arcanjo-no-ar-facebook.png\" \/>\n\t<meta property=\"og:image:width\" content=\"300\" \/>\n\t<meta property=\"og:image:height\" content=\"300\" \/>\n\t<meta property=\"og:image:type\" content=\"image\/png\" \/>\n<meta name=\"author\" content=\"editor\" \/>\n<meta name=\"twitter:card\" content=\"summary_large_image\" \/>\n<meta name=\"twitter:label1\" content=\"Escrito por\" \/>\n\t<meta name=\"twitter:data1\" content=\"editor\" \/>\n\t<meta name=\"twitter:label2\" content=\"Est. tempo de leitura\" \/>\n\t<meta name=\"twitter:data2\" content=\"3 minutos\" \/>\n<script type=\"application\/ld+json\" class=\"yoast-schema-graph\">{\"@context\":\"https:\/\/schema.org\",\"@graph\":[{\"@type\":\"Article\",\"@id\":\"https:\/\/www.oarcanjo.net\/site\/belem-terra-do-pao\/#article\",\"isPartOf\":{\"@id\":\"https:\/\/www.oarcanjo.net\/site\/belem-terra-do-pao\/\"},\"author\":{\"name\":\"editor\",\"@id\":\"https:\/\/www.oarcanjo.net\/site\/#\/schema\/person\/f7024d007863202483a31326673a0838\"},\"headline\":\"Bel\u00e9m: Terra do P\u00e3o\",\"datePublished\":\"2013-12-20T09:44:20+00:00\",\"dateModified\":\"2013-12-20T09:44:20+00:00\",\"mainEntityOfPage\":{\"@id\":\"https:\/\/www.oarcanjo.net\/site\/belem-terra-do-pao\/\"},\"wordCount\":513,\"commentCount\":0,\"publisher\":{\"@id\":\"https:\/\/www.oarcanjo.net\/site\/#organization\"},\"keywords\":[\"Bel\u00e9m\",\"campanha\",\"C\u00e1ritas\",\"fome\",\"natal\",\"Papa Francisco\",\"partilha\",\"pres\u00e9pio\",\"renova\u00e7\u00e3o\",\"Terra do p\u00e3o\"],\"articleSection\":[\"Reflex\u00f5es\"],\"inLanguage\":\"pt-BR\",\"potentialAction\":[{\"@type\":\"CommentAction\",\"name\":\"Comment\",\"target\":[\"https:\/\/www.oarcanjo.net\/site\/belem-terra-do-pao\/#respond\"]}]},{\"@type\":\"WebPage\",\"@id\":\"https:\/\/www.oarcanjo.net\/site\/belem-terra-do-pao\/\",\"url\":\"https:\/\/www.oarcanjo.net\/site\/belem-terra-do-pao\/\",\"name\":\"Bel\u00e9m: Terra do P\u00e3o - O Arcanjo no ar\",\"isPartOf\":{\"@id\":\"https:\/\/www.oarcanjo.net\/site\/#website\"},\"datePublished\":\"2013-12-20T09:44:20+00:00\",\"dateModified\":\"2013-12-20T09:44:20+00:00\",\"breadcrumb\":{\"@id\":\"https:\/\/www.oarcanjo.net\/site\/belem-terra-do-pao\/#breadcrumb\"},\"inLanguage\":\"pt-BR\",\"potentialAction\":[{\"@type\":\"ReadAction\",\"target\":[\"https:\/\/www.oarcanjo.net\/site\/belem-terra-do-pao\/\"]}]},{\"@type\":\"BreadcrumbList\",\"@id\":\"https:\/\/www.oarcanjo.net\/site\/belem-terra-do-pao\/#breadcrumb\",\"itemListElement\":[{\"@type\":\"ListItem\",\"position\":1,\"name\":\"In\u00edcio\",\"item\":\"https:\/\/www.oarcanjo.net\/site\/\"},{\"@type\":\"ListItem\",\"position\":2,\"name\":\"Bel\u00e9m: Terra do P\u00e3o\"}]},{\"@type\":\"WebSite\",\"@id\":\"https:\/\/www.oarcanjo.net\/site\/#website\",\"url\":\"https:\/\/www.oarcanjo.net\/site\/\",\"name\":\"O Arcanjo no ar\",\"description\":\"Site da Par\u00f3quia S\u00e3o Miguel Arcanjo (Arquidiocese de SP)\",\"publisher\":{\"@id\":\"https:\/\/www.oarcanjo.net\/site\/#organization\"},\"potentialAction\":[{\"@type\":\"SearchAction\",\"target\":{\"@type\":\"EntryPoint\",\"urlTemplate\":\"https:\/\/www.oarcanjo.net\/site\/?s={search_term_string}\"},\"query-input\":{\"@type\":\"PropertyValueSpecification\",\"valueRequired\":true,\"valueName\":\"search_term_string\"}}],\"inLanguage\":\"pt-BR\"},{\"@type\":\"Organization\",\"@id\":\"https:\/\/www.oarcanjo.net\/site\/#organization\",\"name\":\"Par\u00f3quia S\u00e3o Miguel Arcanjo\",\"url\":\"https:\/\/www.oarcanjo.net\/site\/\",\"logo\":{\"@type\":\"ImageObject\",\"inLanguage\":\"pt-BR\",\"@id\":\"https:\/\/www.oarcanjo.net\/site\/#\/schema\/logo\/image\/\",\"url\":\"https:\/\/www.oarcanjo.net\/site\/wp-content\/uploads\/LogoOArcanjo.png\",\"contentUrl\":\"https:\/\/www.oarcanjo.net\/site\/wp-content\/uploads\/LogoOArcanjo.png\",\"width\":319,\"height\":99,\"caption\":\"Par\u00f3quia S\u00e3o Miguel Arcanjo\"},\"image\":{\"@id\":\"https:\/\/www.oarcanjo.net\/site\/#\/schema\/logo\/image\/\"},\"sameAs\":[\"https:\/\/www.facebook.com\/OArcanjoNoAr\/\"]},{\"@type\":\"Person\",\"@id\":\"https:\/\/www.oarcanjo.net\/site\/#\/schema\/person\/f7024d007863202483a31326673a0838\",\"name\":\"editor\",\"sameAs\":[\"http:\/\/www.oarcanjo.net\"]}]}<\/script>\n<!-- \/ Yoast SEO plugin. -->","yoast_head_json":{"title":"Bel\u00e9m: Terra do P\u00e3o - O Arcanjo no ar","robots":{"index":"index","follow":"follow","max-snippet":"max-snippet:-1","max-image-preview":"max-image-preview:large","max-video-preview":"max-video-preview:-1"},"canonical":"https:\/\/www.oarcanjo.net\/site\/belem-terra-do-pao\/","og_locale":"pt_BR","og_type":"article","og_title":"Bel\u00e9m: Terra do P\u00e3o - O Arcanjo no ar","og_description":"Dom Dem\u00e9trio Valentini Estamos chegando ao Natal de 2013. \u00c9 o primeiro sob o Papa Francisco. Ainda temos bem presente o impacto positivo, causado no final do conclave, com a dupla surpresa: a escolha de um cardeal que ningu\u00e9m imaginava, junto com a escolha do nome Francisco. Esta dupla surpresa abriu logo um amplo espa\u00e7o [&hellip;]","og_url":"https:\/\/www.oarcanjo.net\/site\/belem-terra-do-pao\/","og_site_name":"O Arcanjo no ar","article_publisher":"https:\/\/www.facebook.com\/OArcanjoNoAr\/","article_published_time":"2013-12-20T09:44:20+00:00","og_image":[{"width":300,"height":300,"url":"https:\/\/www.oarcanjo.net\/site\/wp-content\/uploads\/logo-o-arcanjo-no-ar-facebook.png","type":"image\/png"}],"author":"editor","twitter_card":"summary_large_image","twitter_misc":{"Escrito por":"editor","Est. tempo de leitura":"3 minutos"},"schema":{"@context":"https:\/\/schema.org","@graph":[{"@type":"Article","@id":"https:\/\/www.oarcanjo.net\/site\/belem-terra-do-pao\/#article","isPartOf":{"@id":"https:\/\/www.oarcanjo.net\/site\/belem-terra-do-pao\/"},"author":{"name":"editor","@id":"https:\/\/www.oarcanjo.net\/site\/#\/schema\/person\/f7024d007863202483a31326673a0838"},"headline":"Bel\u00e9m: Terra do P\u00e3o","datePublished":"2013-12-20T09:44:20+00:00","dateModified":"2013-12-20T09:44:20+00:00","mainEntityOfPage":{"@id":"https:\/\/www.oarcanjo.net\/site\/belem-terra-do-pao\/"},"wordCount":513,"commentCount":0,"publisher":{"@id":"https:\/\/www.oarcanjo.net\/site\/#organization"},"keywords":["Bel\u00e9m","campanha","C\u00e1ritas","fome","natal","Papa Francisco","partilha","pres\u00e9pio","renova\u00e7\u00e3o","Terra do p\u00e3o"],"articleSection":["Reflex\u00f5es"],"inLanguage":"pt-BR","potentialAction":[{"@type":"CommentAction","name":"Comment","target":["https:\/\/www.oarcanjo.net\/site\/belem-terra-do-pao\/#respond"]}]},{"@type":"WebPage","@id":"https:\/\/www.oarcanjo.net\/site\/belem-terra-do-pao\/","url":"https:\/\/www.oarcanjo.net\/site\/belem-terra-do-pao\/","name":"Bel\u00e9m: Terra do P\u00e3o - O Arcanjo no ar","isPartOf":{"@id":"https:\/\/www.oarcanjo.net\/site\/#website"},"datePublished":"2013-12-20T09:44:20+00:00","dateModified":"2013-12-20T09:44:20+00:00","breadcrumb":{"@id":"https:\/\/www.oarcanjo.net\/site\/belem-terra-do-pao\/#breadcrumb"},"inLanguage":"pt-BR","potentialAction":[{"@type":"ReadAction","target":["https:\/\/www.oarcanjo.net\/site\/belem-terra-do-pao\/"]}]},{"@type":"BreadcrumbList","@id":"https:\/\/www.oarcanjo.net\/site\/belem-terra-do-pao\/#breadcrumb","itemListElement":[{"@type":"ListItem","position":1,"name":"In\u00edcio","item":"https:\/\/www.oarcanjo.net\/site\/"},{"@type":"ListItem","position":2,"name":"Bel\u00e9m: Terra do P\u00e3o"}]},{"@type":"WebSite","@id":"https:\/\/www.oarcanjo.net\/site\/#website","url":"https:\/\/www.oarcanjo.net\/site\/","name":"O Arcanjo no ar","description":"Site da Par\u00f3quia S\u00e3o Miguel Arcanjo (Arquidiocese de SP)","publisher":{"@id":"https:\/\/www.oarcanjo.net\/site\/#organization"},"potentialAction":[{"@type":"SearchAction","target":{"@type":"EntryPoint","urlTemplate":"https:\/\/www.oarcanjo.net\/site\/?s={search_term_string}"},"query-input":{"@type":"PropertyValueSpecification","valueRequired":true,"valueName":"search_term_string"}}],"inLanguage":"pt-BR"},{"@type":"Organization","@id":"https:\/\/www.oarcanjo.net\/site\/#organization","name":"Par\u00f3quia S\u00e3o Miguel Arcanjo","url":"https:\/\/www.oarcanjo.net\/site\/","logo":{"@type":"ImageObject","inLanguage":"pt-BR","@id":"https:\/\/www.oarcanjo.net\/site\/#\/schema\/logo\/image\/","url":"https:\/\/www.oarcanjo.net\/site\/wp-content\/uploads\/LogoOArcanjo.png","contentUrl":"https:\/\/www.oarcanjo.net\/site\/wp-content\/uploads\/LogoOArcanjo.png","width":319,"height":99,"caption":"Par\u00f3quia S\u00e3o Miguel Arcanjo"},"image":{"@id":"https:\/\/www.oarcanjo.net\/site\/#\/schema\/logo\/image\/"},"sameAs":["https:\/\/www.facebook.com\/OArcanjoNoAr\/"]},{"@type":"Person","@id":"https:\/\/www.oarcanjo.net\/site\/#\/schema\/person\/f7024d007863202483a31326673a0838","name":"editor","sameAs":["http:\/\/www.oarcanjo.net"]}]}},"publishpress_future_action":{"enabled":false,"date":"2026-05-08 23:09:49","action":"category","newStatus":"draft","terms":[],"taxonomy":"category"},"publishpress_future_workflow_manual_trigger":{"enabledWorkflows":[]},"_links":{"self":[{"href":"https:\/\/www.oarcanjo.net\/site\/wp-json\/wp\/v2\/posts\/24053"}],"collection":[{"href":"https:\/\/www.oarcanjo.net\/site\/wp-json\/wp\/v2\/posts"}],"about":[{"href":"https:\/\/www.oarcanjo.net\/site\/wp-json\/wp\/v2\/types\/post"}],"author":[{"embeddable":true,"href":"https:\/\/www.oarcanjo.net\/site\/wp-json\/wp\/v2\/users\/5"}],"replies":[{"embeddable":true,"href":"https:\/\/www.oarcanjo.net\/site\/wp-json\/wp\/v2\/comments?post=24053"}],"version-history":[{"count":0,"href":"https:\/\/www.oarcanjo.net\/site\/wp-json\/wp\/v2\/posts\/24053\/revisions"}],"wp:attachment":[{"href":"https:\/\/www.oarcanjo.net\/site\/wp-json\/wp\/v2\/media?parent=24053"}],"wp:term":[{"taxonomy":"category","embeddable":true,"href":"https:\/\/www.oarcanjo.net\/site\/wp-json\/wp\/v2\/categories?post=24053"},{"taxonomy":"post_tag","embeddable":true,"href":"https:\/\/www.oarcanjo.net\/site\/wp-json\/wp\/v2\/tags?post=24053"}],"curies":[{"name":"wp","href":"https:\/\/api.w.org\/{rel}","templated":true}]}}