
{"id":24062,"date":"2013-12-23T17:19:37","date_gmt":"2013-12-23T19:19:37","guid":{"rendered":"http:\/\/www.oarcanjo.net\/site\/?p=24062"},"modified":"2013-12-23T17:19:37","modified_gmt":"2013-12-23T19:19:37","slug":"papa-no-angelus-que-seja-um-natal-de-justica-que-cada-familia-tenha-uma-casa","status":"publish","type":"post","link":"https:\/\/www.oarcanjo.net\/site\/papa-no-angelus-que-seja-um-natal-de-justica-que-cada-familia-tenha-uma-casa\/","title":{"rendered":"Papa no Angelus: Que seja um Natal de justi\u00e7a, que cada fam\u00edlia tenha uma casa"},"content":{"rendered":"<p>O Papa Francisco rezou a ora\u00e7\u00e3o mariana do Angelus deste domingo, 22 de dezembro, da janela da resid\u00eancia pontif\u00edcia, no Vaticano, com milhares de fi\u00e9is e peregrinos reunidos na Pra\u00e7a S\u00e3o Pedro.<\/p>\n<p>&#8220;Neste 4\u00b0 Domingo do Advento, o Evangelho nos conta os acontecimentos que precederam o nascimento de Jesus, e o evangelista Mateus apresenta esses fatos do ponto de vista de S\u00e3o Jos\u00e9, o noivo da Virgem Maria&#8221;, disse o pont\u00edfice.<\/p>\n<p>&#8220;Jos\u00e9 e Maria viviam em Nazar\u00e9; n\u00e3o moravam ainda juntos, porque o matrim\u00f4nio ainda n\u00e3o tinha sido realizado. Enquanto isso, Maria, depois de acolher o an\u00fancio do Anjo, ficou gr\u00e1vida por obra do Esp\u00edrito Santo. Quando Jos\u00e9 percebeu esse fato, ficou confuso.&#8221;<\/p>\n<p>O Papa sublinhou que &#8220;o Evangelho n\u00e3o explica quais foram os seus pensamentos, mas nos diz o essencial: ele procura fazer a vontade de Deus e est\u00e1 pronto para a ren\u00fancia mais radical. Em vez de se defender e fazer valer os seus direitos, Jos\u00e9 escolhe uma solu\u00e7\u00e3o que representa um enorme sacrif\u00edcio para ele: &#8220;Porque era homem justo e n\u00e3o queria denunciar Maria publicamente, pensava em deix\u00e1-la, sem ningu\u00e9m saber&#8221;.<\/p>\n<p><em>&#8220;Esta breve frase resume um verdadeiro drama interior, se pensarmos no amor que Jos\u00e9 tinha por Maria! Mas, mesmo em tal circunst\u00e2ncia, Jos\u00e9 pretende fazer a vontade de Deus e decide, certamente, com grande dor, de deixar Maria em segredo. Devemos meditar sobre essas palavras, para entender qual foi a prova\u00e7\u00e3o que Jos\u00e9 teve de enfrentar nos dias que precederam o nascimento de Jesus. Uma prova\u00e7\u00e3o semelhante ao sacrif\u00edcio de Abra\u00e3o, quando Deus lhe pediu seu filho Isaac: renunciar \u00e0 coisa mais preciosa, \u00e0 pessoa mais amada. Mas, como no caso de Abra\u00e3o, o Senhor interveio: Ele encontrou a f\u00e9 que procura e abriu um caminho diferente, um caminho de amor e felicidade: Jos\u00e9 \u2013 Lhe disse \u2013 n\u00e3o tenha medo de receber Maria como esposa, porque ela concebeu pela a\u00e7\u00e3o do Esp\u00edrito Santo&#8221;<\/em>, destacou.<\/p>\n<p>Francisco frisou que &#8220;este Evangelho nos mostra a grandeza de S\u00e3o Jos\u00e9. Ele estava seguindo um bom projeto de vida, mas Deus reservou para ele outro projeto, uma miss\u00e3o maior&#8221;.<\/p>\n<p><em>&#8220;Jos\u00e9 era um homem que escutava a voz de Deus, profundamente sens\u00edvel \u00e0 sua vontade secreta, um homem atento \u00e0s mensagens que vinham do profundo do cora\u00e7\u00e3o e do alto. N\u00e3o se recusou a seguir o seu projeto de vida, n\u00e3o permitiu que o ressentimento o envenenasse, mas estava pronto para se colocar \u00e0 disposi\u00e7\u00e3o da novidade que, de maneira desconcertante, lhe foi apresentada. Assim, ele se tornou ainda mais livre e grande&#8221;,<\/em> sublinhou.<\/p>\n<p>&#8220;Aceitando-se segundo o des\u00edgnio do Senhor, Jos\u00e9 se encontra totalmente, al\u00e9m de si. Esta liberdade de renunciar ao que \u00e9 seu, ao possesso sobre a pr\u00f3pria exist\u00eancia, e esta sua plena disponibilidade interior \u00e0 vontade de Deus, nos interpelam e nos mostram o caminho&#8221;, disse ainda o Santo Padre.<\/p>\n<p>O Papa convidou os fi\u00e9is a celebrarem o Natal contemplando Maria e Jos\u00e9. &#8220;Maria, mulher cheia de gra\u00e7a que teve a coragem de confiar-se totalmente \u00e0 Palavra de Deus. Jos\u00e9, homem fiel e justo que preferiu acreditar no Senhor, em vez de ouvir as vozes da d\u00favida e do orgulho humano. Com eles, caminhamos juntos rumo a Bel\u00e9m&#8221;, frisou.<\/p>\n<p>Ap\u00f3s a ora\u00e7\u00e3o mariana do Angelus, o Papa Francisco leu uma frase escrita numa faixa que alguns peregrinos expuseram na Pra\u00e7a S\u00e3o Pedro.<\/p>\n<p><em>&#8220;Leio ali, escrito grande: Os pobres n\u00e3o podem esperar. \u00c9 bonito! Isso me faz pensar que Jesus nasceu num est\u00e1bulo, n\u00e3o nasceu numa casa. Depois teve de fugir, ir para o Egito para salvar sua vida. Mais tarde, voltou para sua casa, em Nazar\u00e9. Penso hoje lendo essa frase em muitas fam\u00edlias que n\u00e3o t\u00eam casa, ou porque nunca a tiveram, ou porque a perderam por v\u00e1rios motivos. Fam\u00edlia e casa est\u00e3o unidas. \u00c9 muito dif\u00edcil levar adiante uma fam\u00edlia sem morar numa casa. Nestes dias de Natal, convido pessoas, entidades sociais e autoridades a fazerem todo o poss\u00edvel para que cada fam\u00edlia tenha uma casa&#8221;<\/em>, disse o pont\u00edfice.<\/p>\n<p>A seguir, o Francisco saudou com afeto os peregrinos provenientes de v\u00e1rios pa\u00edses, fam\u00edlias, grupos paroquiais, associa\u00e7\u00f5es e fi\u00e9is. O Papa saudou a comunidade do Pontif\u00edcio Instituto das Miss\u00f5es Exteriores (PIME), a banda musical de San Giovanni Valdarno, os adolescentes da Par\u00f3quia San Francesco Nuovo, em Rieti, e os atletas da corrida de revezamento que partiU de Alessandria at\u00e9 Roma para testemunhar o compromisso em favor da Som\u00e1lia.<\/p>\n<p>Aos italianos que se reuniram hoje para manifestar seu compromisso social, o Santo Padre espera que d\u00eaem uma contribui\u00e7\u00e3o construtiva, rejeitando as tenta\u00e7\u00f5es de confronto e viol\u00eancia e seguindo sempre o caminho do di\u00e1logo.<\/p>\n<p>O Papa concluiu desejando a todos um bom domingo e um &#8220;Natal de esperan\u00e7a, justi\u00e7a e fraternidade&#8221;.<\/p>\n<p><em>Fonte: R\u00e1dio Vaticano<\/em><\/p>\n<div id=\"themify_builder_content-24062\" data-postid=\"24062\" class=\"themify_builder_content themify_builder_content-24062 themify_builder themify_builder_front\">\n\t<\/div>\n<!-- \/themify_builder_content -->","protected":false},"excerpt":{"rendered":"<p>O Papa Francisco rezou a ora\u00e7\u00e3o mariana do Angelus deste domingo, 22 de dezembro, da janela da resid\u00eancia pontif\u00edcia, no Vaticano, com milhares de fi\u00e9is e peregrinos reunidos na Pra\u00e7a S\u00e3o Pedro. &#8220;Neste 4\u00b0 Domingo do Advento, o Evangelho nos conta os acontecimentos que precederam o nascimento de Jesus, e o evangelista Mateus apresenta esses [&hellip;]<\/p>\n","protected":false},"author":5,"featured_media":0,"comment_status":"open","ping_status":"open","sticky":false,"template":"","format":"standard","meta":{"ngg_post_thumbnail":0,"footnotes":""},"categories":[8],"tags":[2264,119,60,2433],"yoast_head":"<!-- This site is optimized with the Yoast SEO plugin v23.5 - https:\/\/yoast.com\/wordpress\/plugins\/seo\/ -->\n<title>Papa no Angelus: Que seja um Natal de justi\u00e7a, que cada fam\u00edlia tenha uma casa - O Arcanjo no ar<\/title>\n<meta name=\"robots\" content=\"index, follow, max-snippet:-1, max-image-preview:large, max-video-preview:-1\" \/>\n<link rel=\"canonical\" href=\"https:\/\/www.oarcanjo.net\/site\/papa-no-angelus-que-seja-um-natal-de-justica-que-cada-familia-tenha-uma-casa\/\" \/>\n<meta property=\"og:locale\" content=\"pt_BR\" \/>\n<meta property=\"og:type\" content=\"article\" \/>\n<meta property=\"og:title\" content=\"Papa no Angelus: Que seja um Natal de justi\u00e7a, que cada fam\u00edlia tenha uma casa - O Arcanjo no ar\" \/>\n<meta property=\"og:description\" content=\"O Papa Francisco rezou a ora\u00e7\u00e3o mariana do Angelus deste domingo, 22 de dezembro, da janela da resid\u00eancia pontif\u00edcia, no Vaticano, com milhares de fi\u00e9is e peregrinos reunidos na Pra\u00e7a S\u00e3o Pedro. &#8220;Neste 4\u00b0 Domingo do Advento, o Evangelho nos conta os acontecimentos que precederam o nascimento de Jesus, e o evangelista Mateus apresenta esses [&hellip;]\" \/>\n<meta property=\"og:url\" content=\"https:\/\/www.oarcanjo.net\/site\/papa-no-angelus-que-seja-um-natal-de-justica-que-cada-familia-tenha-uma-casa\/\" \/>\n<meta property=\"og:site_name\" content=\"O Arcanjo no ar\" \/>\n<meta property=\"article:publisher\" content=\"https:\/\/www.facebook.com\/OArcanjoNoAr\/\" \/>\n<meta property=\"article:published_time\" content=\"2013-12-23T19:19:37+00:00\" \/>\n<meta property=\"og:image\" content=\"https:\/\/www.oarcanjo.net\/site\/wp-content\/uploads\/logo-o-arcanjo-no-ar-facebook.png\" \/>\n\t<meta property=\"og:image:width\" content=\"300\" \/>\n\t<meta property=\"og:image:height\" content=\"300\" \/>\n\t<meta property=\"og:image:type\" content=\"image\/png\" \/>\n<meta name=\"author\" content=\"editor\" \/>\n<meta name=\"twitter:card\" content=\"summary_large_image\" \/>\n<meta name=\"twitter:label1\" content=\"Escrito por\" \/>\n\t<meta name=\"twitter:data1\" content=\"editor\" \/>\n\t<meta name=\"twitter:label2\" content=\"Est. tempo de leitura\" \/>\n\t<meta name=\"twitter:data2\" content=\"4 minutos\" \/>\n<script type=\"application\/ld+json\" class=\"yoast-schema-graph\">{\"@context\":\"https:\/\/schema.org\",\"@graph\":[{\"@type\":\"Article\",\"@id\":\"https:\/\/www.oarcanjo.net\/site\/papa-no-angelus-que-seja-um-natal-de-justica-que-cada-familia-tenha-uma-casa\/#article\",\"isPartOf\":{\"@id\":\"https:\/\/www.oarcanjo.net\/site\/papa-no-angelus-que-seja-um-natal-de-justica-que-cada-familia-tenha-uma-casa\/\"},\"author\":{\"name\":\"editor\",\"@id\":\"https:\/\/www.oarcanjo.net\/site\/#\/schema\/person\/f7024d007863202483a31326673a0838\"},\"headline\":\"Papa no Angelus: Que seja um Natal de justi\u00e7a, que cada fam\u00edlia tenha uma casa\",\"datePublished\":\"2013-12-23T19:19:37+00:00\",\"dateModified\":\"2013-12-23T19:19:37+00:00\",\"mainEntityOfPage\":{\"@id\":\"https:\/\/www.oarcanjo.net\/site\/papa-no-angelus-que-seja-um-natal-de-justica-que-cada-familia-tenha-uma-casa\/\"},\"wordCount\":869,\"commentCount\":0,\"publisher\":{\"@id\":\"https:\/\/www.oarcanjo.net\/site\/#organization\"},\"keywords\":[\"Angelus\",\"fam\u00edlia\",\"natal\",\"Papa Francisco\"],\"articleSection\":[\"Not\u00edcias\"],\"inLanguage\":\"pt-BR\",\"potentialAction\":[{\"@type\":\"CommentAction\",\"name\":\"Comment\",\"target\":[\"https:\/\/www.oarcanjo.net\/site\/papa-no-angelus-que-seja-um-natal-de-justica-que-cada-familia-tenha-uma-casa\/#respond\"]}]},{\"@type\":\"WebPage\",\"@id\":\"https:\/\/www.oarcanjo.net\/site\/papa-no-angelus-que-seja-um-natal-de-justica-que-cada-familia-tenha-uma-casa\/\",\"url\":\"https:\/\/www.oarcanjo.net\/site\/papa-no-angelus-que-seja-um-natal-de-justica-que-cada-familia-tenha-uma-casa\/\",\"name\":\"Papa no Angelus: Que seja um Natal de justi\u00e7a, que cada fam\u00edlia tenha uma casa - O Arcanjo no ar\",\"isPartOf\":{\"@id\":\"https:\/\/www.oarcanjo.net\/site\/#website\"},\"datePublished\":\"2013-12-23T19:19:37+00:00\",\"dateModified\":\"2013-12-23T19:19:37+00:00\",\"breadcrumb\":{\"@id\":\"https:\/\/www.oarcanjo.net\/site\/papa-no-angelus-que-seja-um-natal-de-justica-que-cada-familia-tenha-uma-casa\/#breadcrumb\"},\"inLanguage\":\"pt-BR\",\"potentialAction\":[{\"@type\":\"ReadAction\",\"target\":[\"https:\/\/www.oarcanjo.net\/site\/papa-no-angelus-que-seja-um-natal-de-justica-que-cada-familia-tenha-uma-casa\/\"]}]},{\"@type\":\"BreadcrumbList\",\"@id\":\"https:\/\/www.oarcanjo.net\/site\/papa-no-angelus-que-seja-um-natal-de-justica-que-cada-familia-tenha-uma-casa\/#breadcrumb\",\"itemListElement\":[{\"@type\":\"ListItem\",\"position\":1,\"name\":\"In\u00edcio\",\"item\":\"https:\/\/www.oarcanjo.net\/site\/\"},{\"@type\":\"ListItem\",\"position\":2,\"name\":\"Papa no Angelus: Que seja um Natal de justi\u00e7a, que cada fam\u00edlia tenha uma casa\"}]},{\"@type\":\"WebSite\",\"@id\":\"https:\/\/www.oarcanjo.net\/site\/#website\",\"url\":\"https:\/\/www.oarcanjo.net\/site\/\",\"name\":\"O Arcanjo no ar\",\"description\":\"Site da Par\u00f3quia S\u00e3o Miguel Arcanjo (Arquidiocese de SP)\",\"publisher\":{\"@id\":\"https:\/\/www.oarcanjo.net\/site\/#organization\"},\"potentialAction\":[{\"@type\":\"SearchAction\",\"target\":{\"@type\":\"EntryPoint\",\"urlTemplate\":\"https:\/\/www.oarcanjo.net\/site\/?s={search_term_string}\"},\"query-input\":{\"@type\":\"PropertyValueSpecification\",\"valueRequired\":true,\"valueName\":\"search_term_string\"}}],\"inLanguage\":\"pt-BR\"},{\"@type\":\"Organization\",\"@id\":\"https:\/\/www.oarcanjo.net\/site\/#organization\",\"name\":\"Par\u00f3quia S\u00e3o Miguel Arcanjo\",\"url\":\"https:\/\/www.oarcanjo.net\/site\/\",\"logo\":{\"@type\":\"ImageObject\",\"inLanguage\":\"pt-BR\",\"@id\":\"https:\/\/www.oarcanjo.net\/site\/#\/schema\/logo\/image\/\",\"url\":\"https:\/\/www.oarcanjo.net\/site\/wp-content\/uploads\/LogoOArcanjo.png\",\"contentUrl\":\"https:\/\/www.oarcanjo.net\/site\/wp-content\/uploads\/LogoOArcanjo.png\",\"width\":319,\"height\":99,\"caption\":\"Par\u00f3quia S\u00e3o Miguel Arcanjo\"},\"image\":{\"@id\":\"https:\/\/www.oarcanjo.net\/site\/#\/schema\/logo\/image\/\"},\"sameAs\":[\"https:\/\/www.facebook.com\/OArcanjoNoAr\/\"]},{\"@type\":\"Person\",\"@id\":\"https:\/\/www.oarcanjo.net\/site\/#\/schema\/person\/f7024d007863202483a31326673a0838\",\"name\":\"editor\",\"sameAs\":[\"http:\/\/www.oarcanjo.net\"]}]}<\/script>\n<!-- \/ Yoast SEO plugin. -->","yoast_head_json":{"title":"Papa no Angelus: Que seja um Natal de justi\u00e7a, que cada fam\u00edlia tenha uma casa - O Arcanjo no ar","robots":{"index":"index","follow":"follow","max-snippet":"max-snippet:-1","max-image-preview":"max-image-preview:large","max-video-preview":"max-video-preview:-1"},"canonical":"https:\/\/www.oarcanjo.net\/site\/papa-no-angelus-que-seja-um-natal-de-justica-que-cada-familia-tenha-uma-casa\/","og_locale":"pt_BR","og_type":"article","og_title":"Papa no Angelus: Que seja um Natal de justi\u00e7a, que cada fam\u00edlia tenha uma casa - O Arcanjo no ar","og_description":"O Papa Francisco rezou a ora\u00e7\u00e3o mariana do Angelus deste domingo, 22 de dezembro, da janela da resid\u00eancia pontif\u00edcia, no Vaticano, com milhares de fi\u00e9is e peregrinos reunidos na Pra\u00e7a S\u00e3o Pedro. &#8220;Neste 4\u00b0 Domingo do Advento, o Evangelho nos conta os acontecimentos que precederam o nascimento de Jesus, e o evangelista Mateus apresenta esses [&hellip;]","og_url":"https:\/\/www.oarcanjo.net\/site\/papa-no-angelus-que-seja-um-natal-de-justica-que-cada-familia-tenha-uma-casa\/","og_site_name":"O Arcanjo no ar","article_publisher":"https:\/\/www.facebook.com\/OArcanjoNoAr\/","article_published_time":"2013-12-23T19:19:37+00:00","og_image":[{"width":300,"height":300,"url":"https:\/\/www.oarcanjo.net\/site\/wp-content\/uploads\/logo-o-arcanjo-no-ar-facebook.png","type":"image\/png"}],"author":"editor","twitter_card":"summary_large_image","twitter_misc":{"Escrito por":"editor","Est. tempo de leitura":"4 minutos"},"schema":{"@context":"https:\/\/schema.org","@graph":[{"@type":"Article","@id":"https:\/\/www.oarcanjo.net\/site\/papa-no-angelus-que-seja-um-natal-de-justica-que-cada-familia-tenha-uma-casa\/#article","isPartOf":{"@id":"https:\/\/www.oarcanjo.net\/site\/papa-no-angelus-que-seja-um-natal-de-justica-que-cada-familia-tenha-uma-casa\/"},"author":{"name":"editor","@id":"https:\/\/www.oarcanjo.net\/site\/#\/schema\/person\/f7024d007863202483a31326673a0838"},"headline":"Papa no Angelus: Que seja um Natal de justi\u00e7a, que cada fam\u00edlia tenha uma casa","datePublished":"2013-12-23T19:19:37+00:00","dateModified":"2013-12-23T19:19:37+00:00","mainEntityOfPage":{"@id":"https:\/\/www.oarcanjo.net\/site\/papa-no-angelus-que-seja-um-natal-de-justica-que-cada-familia-tenha-uma-casa\/"},"wordCount":869,"commentCount":0,"publisher":{"@id":"https:\/\/www.oarcanjo.net\/site\/#organization"},"keywords":["Angelus","fam\u00edlia","natal","Papa Francisco"],"articleSection":["Not\u00edcias"],"inLanguage":"pt-BR","potentialAction":[{"@type":"CommentAction","name":"Comment","target":["https:\/\/www.oarcanjo.net\/site\/papa-no-angelus-que-seja-um-natal-de-justica-que-cada-familia-tenha-uma-casa\/#respond"]}]},{"@type":"WebPage","@id":"https:\/\/www.oarcanjo.net\/site\/papa-no-angelus-que-seja-um-natal-de-justica-que-cada-familia-tenha-uma-casa\/","url":"https:\/\/www.oarcanjo.net\/site\/papa-no-angelus-que-seja-um-natal-de-justica-que-cada-familia-tenha-uma-casa\/","name":"Papa no Angelus: Que seja um Natal de justi\u00e7a, que cada fam\u00edlia tenha uma casa - O Arcanjo no ar","isPartOf":{"@id":"https:\/\/www.oarcanjo.net\/site\/#website"},"datePublished":"2013-12-23T19:19:37+00:00","dateModified":"2013-12-23T19:19:37+00:00","breadcrumb":{"@id":"https:\/\/www.oarcanjo.net\/site\/papa-no-angelus-que-seja-um-natal-de-justica-que-cada-familia-tenha-uma-casa\/#breadcrumb"},"inLanguage":"pt-BR","potentialAction":[{"@type":"ReadAction","target":["https:\/\/www.oarcanjo.net\/site\/papa-no-angelus-que-seja-um-natal-de-justica-que-cada-familia-tenha-uma-casa\/"]}]},{"@type":"BreadcrumbList","@id":"https:\/\/www.oarcanjo.net\/site\/papa-no-angelus-que-seja-um-natal-de-justica-que-cada-familia-tenha-uma-casa\/#breadcrumb","itemListElement":[{"@type":"ListItem","position":1,"name":"In\u00edcio","item":"https:\/\/www.oarcanjo.net\/site\/"},{"@type":"ListItem","position":2,"name":"Papa no Angelus: Que seja um Natal de justi\u00e7a, que cada fam\u00edlia tenha uma casa"}]},{"@type":"WebSite","@id":"https:\/\/www.oarcanjo.net\/site\/#website","url":"https:\/\/www.oarcanjo.net\/site\/","name":"O Arcanjo no ar","description":"Site da Par\u00f3quia S\u00e3o Miguel Arcanjo (Arquidiocese de SP)","publisher":{"@id":"https:\/\/www.oarcanjo.net\/site\/#organization"},"potentialAction":[{"@type":"SearchAction","target":{"@type":"EntryPoint","urlTemplate":"https:\/\/www.oarcanjo.net\/site\/?s={search_term_string}"},"query-input":{"@type":"PropertyValueSpecification","valueRequired":true,"valueName":"search_term_string"}}],"inLanguage":"pt-BR"},{"@type":"Organization","@id":"https:\/\/www.oarcanjo.net\/site\/#organization","name":"Par\u00f3quia S\u00e3o Miguel Arcanjo","url":"https:\/\/www.oarcanjo.net\/site\/","logo":{"@type":"ImageObject","inLanguage":"pt-BR","@id":"https:\/\/www.oarcanjo.net\/site\/#\/schema\/logo\/image\/","url":"https:\/\/www.oarcanjo.net\/site\/wp-content\/uploads\/LogoOArcanjo.png","contentUrl":"https:\/\/www.oarcanjo.net\/site\/wp-content\/uploads\/LogoOArcanjo.png","width":319,"height":99,"caption":"Par\u00f3quia S\u00e3o Miguel Arcanjo"},"image":{"@id":"https:\/\/www.oarcanjo.net\/site\/#\/schema\/logo\/image\/"},"sameAs":["https:\/\/www.facebook.com\/OArcanjoNoAr\/"]},{"@type":"Person","@id":"https:\/\/www.oarcanjo.net\/site\/#\/schema\/person\/f7024d007863202483a31326673a0838","name":"editor","sameAs":["http:\/\/www.oarcanjo.net"]}]}},"publishpress_future_action":{"enabled":false,"date":"2026-05-10 09:31:58","action":"category","newStatus":"draft","terms":[],"taxonomy":"category"},"publishpress_future_workflow_manual_trigger":{"enabledWorkflows":[]},"_links":{"self":[{"href":"https:\/\/www.oarcanjo.net\/site\/wp-json\/wp\/v2\/posts\/24062"}],"collection":[{"href":"https:\/\/www.oarcanjo.net\/site\/wp-json\/wp\/v2\/posts"}],"about":[{"href":"https:\/\/www.oarcanjo.net\/site\/wp-json\/wp\/v2\/types\/post"}],"author":[{"embeddable":true,"href":"https:\/\/www.oarcanjo.net\/site\/wp-json\/wp\/v2\/users\/5"}],"replies":[{"embeddable":true,"href":"https:\/\/www.oarcanjo.net\/site\/wp-json\/wp\/v2\/comments?post=24062"}],"version-history":[{"count":0,"href":"https:\/\/www.oarcanjo.net\/site\/wp-json\/wp\/v2\/posts\/24062\/revisions"}],"wp:attachment":[{"href":"https:\/\/www.oarcanjo.net\/site\/wp-json\/wp\/v2\/media?parent=24062"}],"wp:term":[{"taxonomy":"category","embeddable":true,"href":"https:\/\/www.oarcanjo.net\/site\/wp-json\/wp\/v2\/categories?post=24062"},{"taxonomy":"post_tag","embeddable":true,"href":"https:\/\/www.oarcanjo.net\/site\/wp-json\/wp\/v2\/tags?post=24062"}],"curies":[{"name":"wp","href":"https:\/\/api.w.org\/{rel}","templated":true}]}}