
{"id":24070,"date":"2013-12-23T19:19:42","date_gmt":"2013-12-23T21:19:42","guid":{"rendered":"http:\/\/www.oarcanjo.net\/site\/?p=24070"},"modified":"2014-01-02T14:14:09","modified_gmt":"2014-01-02T16:14:09","slug":"almoco-de-natal-da-sao-martinho","status":"publish","type":"post","link":"https:\/\/www.oarcanjo.net\/site\/almoco-de-natal-da-sao-martinho\/","title":{"rendered":"Almo\u00e7o de Natal da S\u00e3o Martinho"},"content":{"rendered":"<p>Nesta segunda-feira, realizou-se o almo\u00e7o de Natal do Povo da Rua na Comunidade S\u00e3o Martinho de Lima. Pe Julio e o Bispo Dom Edmar estavam l\u00e1, como tamb\u00e9m muitos volunt\u00e1rios da Par\u00f3quia S\u00e3o Miguel Arcanjo. O povo rezou e cantou. As fotos mostram os pratos, os volunt\u00e1rios e especialmente o grande n\u00famero de pessoas em situa\u00e7\u00e3o de rua que aguardavam para o almo\u00e7o. Do lado de fora, outra grande turma aguardava.<\/p>\nngg_shortcode_0_placeholder\n<div id=\"themify_builder_content-24070\" data-postid=\"24070\" class=\"themify_builder_content themify_builder_content-24070 themify_builder themify_builder_front\">\n\t<\/div>\n<!-- \/themify_builder_content -->","protected":false},"excerpt":{"rendered":"<p>Nesta segunda-feira, realizou-se o almo\u00e7o de Natal do Povo da Rua na Comunidade S\u00e3o Martinho de Lima. Pe Julio e o Bispo Dom Edmar estavam l\u00e1, como tamb\u00e9m muitos volunt\u00e1rios da Par\u00f3quia S\u00e3o Miguel Arcanjo. O povo rezou e cantou. As fotos mostram os pratos, os volunt\u00e1rios e especialmente o grande n\u00famero de pessoas em [&hellip;]<\/p>\n","protected":false},"author":10,"featured_media":0,"comment_status":"open","ping_status":"open","sticky":false,"template":"","format":"standard","meta":{"ngg_post_thumbnail":0,"footnotes":""},"categories":[8],"tags":[],"yoast_head":"<!-- This site is optimized with the Yoast SEO plugin v23.5 - https:\/\/yoast.com\/wordpress\/plugins\/seo\/ -->\n<title>Almo\u00e7o de Natal da S\u00e3o Martinho - O Arcanjo no ar<\/title>\n<meta name=\"robots\" content=\"index, follow, max-snippet:-1, max-image-preview:large, max-video-preview:-1\" \/>\n<link rel=\"canonical\" href=\"https:\/\/www.oarcanjo.net\/site\/almoco-de-natal-da-sao-martinho\/\" \/>\n<meta property=\"og:locale\" content=\"pt_BR\" \/>\n<meta property=\"og:type\" content=\"article\" \/>\n<meta property=\"og:title\" content=\"Almo\u00e7o de Natal da S\u00e3o Martinho - O Arcanjo no ar\" \/>\n<meta property=\"og:description\" content=\"Nesta segunda-feira, realizou-se o almo\u00e7o de Natal do Povo da Rua na Comunidade S\u00e3o Martinho de Lima. Pe Julio e o Bispo Dom Edmar estavam l\u00e1, como tamb\u00e9m muitos volunt\u00e1rios da Par\u00f3quia S\u00e3o Miguel Arcanjo. O povo rezou e cantou. As fotos mostram os pratos, os volunt\u00e1rios e especialmente o grande n\u00famero de pessoas em [&hellip;]\" \/>\n<meta property=\"og:url\" content=\"https:\/\/www.oarcanjo.net\/site\/almoco-de-natal-da-sao-martinho\/\" \/>\n<meta property=\"og:site_name\" content=\"O Arcanjo no ar\" \/>\n<meta property=\"article:publisher\" content=\"https:\/\/www.facebook.com\/OArcanjoNoAr\/\" \/>\n<meta property=\"article:published_time\" content=\"2013-12-23T21:19:42+00:00\" \/>\n<meta property=\"article:modified_time\" content=\"2014-01-02T16:14:09+00:00\" \/>\n<meta property=\"og:image\" content=\"https:\/\/www.oarcanjo.net\/site\/wp-content\/uploads\/logo-o-arcanjo-no-ar-facebook.png\" \/>\n\t<meta property=\"og:image:width\" content=\"300\" \/>\n\t<meta property=\"og:image:height\" content=\"300\" \/>\n\t<meta property=\"og:image:type\" content=\"image\/png\" \/>\n<meta name=\"author\" content=\"carlos\" \/>\n<meta name=\"twitter:card\" content=\"summary_large_image\" \/>\n<meta name=\"twitter:label1\" content=\"Escrito por\" \/>\n\t<meta name=\"twitter:data1\" content=\"carlos\" \/>\n<script type=\"application\/ld+json\" class=\"yoast-schema-graph\">{\"@context\":\"https:\/\/schema.org\",\"@graph\":[{\"@type\":\"Article\",\"@id\":\"https:\/\/www.oarcanjo.net\/site\/almoco-de-natal-da-sao-martinho\/#article\",\"isPartOf\":{\"@id\":\"https:\/\/www.oarcanjo.net\/site\/almoco-de-natal-da-sao-martinho\/\"},\"author\":{\"name\":\"carlos\",\"@id\":\"https:\/\/www.oarcanjo.net\/site\/#\/schema\/person\/f7870e710d8c8c30673de3a0ac2e451d\"},\"headline\":\"Almo\u00e7o de Natal da S\u00e3o Martinho\",\"datePublished\":\"2013-12-23T21:19:42+00:00\",\"dateModified\":\"2014-01-02T16:14:09+00:00\",\"mainEntityOfPage\":{\"@id\":\"https:\/\/www.oarcanjo.net\/site\/almoco-de-natal-da-sao-martinho\/\"},\"wordCount\":91,\"commentCount\":0,\"publisher\":{\"@id\":\"https:\/\/www.oarcanjo.net\/site\/#organization\"},\"articleSection\":[\"Not\u00edcias\"],\"inLanguage\":\"pt-BR\",\"potentialAction\":[{\"@type\":\"CommentAction\",\"name\":\"Comment\",\"target\":[\"https:\/\/www.oarcanjo.net\/site\/almoco-de-natal-da-sao-martinho\/#respond\"]}]},{\"@type\":\"WebPage\",\"@id\":\"https:\/\/www.oarcanjo.net\/site\/almoco-de-natal-da-sao-martinho\/\",\"url\":\"https:\/\/www.oarcanjo.net\/site\/almoco-de-natal-da-sao-martinho\/\",\"name\":\"Almo\u00e7o de Natal da S\u00e3o Martinho - O Arcanjo no ar\",\"isPartOf\":{\"@id\":\"https:\/\/www.oarcanjo.net\/site\/#website\"},\"datePublished\":\"2013-12-23T21:19:42+00:00\",\"dateModified\":\"2014-01-02T16:14:09+00:00\",\"breadcrumb\":{\"@id\":\"https:\/\/www.oarcanjo.net\/site\/almoco-de-natal-da-sao-martinho\/#breadcrumb\"},\"inLanguage\":\"pt-BR\",\"potentialAction\":[{\"@type\":\"ReadAction\",\"target\":[\"https:\/\/www.oarcanjo.net\/site\/almoco-de-natal-da-sao-martinho\/\"]}]},{\"@type\":\"BreadcrumbList\",\"@id\":\"https:\/\/www.oarcanjo.net\/site\/almoco-de-natal-da-sao-martinho\/#breadcrumb\",\"itemListElement\":[{\"@type\":\"ListItem\",\"position\":1,\"name\":\"In\u00edcio\",\"item\":\"https:\/\/www.oarcanjo.net\/site\/\"},{\"@type\":\"ListItem\",\"position\":2,\"name\":\"Almo\u00e7o de Natal da S\u00e3o Martinho\"}]},{\"@type\":\"WebSite\",\"@id\":\"https:\/\/www.oarcanjo.net\/site\/#website\",\"url\":\"https:\/\/www.oarcanjo.net\/site\/\",\"name\":\"O Arcanjo no ar\",\"description\":\"Site da Par\u00f3quia S\u00e3o Miguel Arcanjo (Arquidiocese de SP)\",\"publisher\":{\"@id\":\"https:\/\/www.oarcanjo.net\/site\/#organization\"},\"potentialAction\":[{\"@type\":\"SearchAction\",\"target\":{\"@type\":\"EntryPoint\",\"urlTemplate\":\"https:\/\/www.oarcanjo.net\/site\/?s={search_term_string}\"},\"query-input\":{\"@type\":\"PropertyValueSpecification\",\"valueRequired\":true,\"valueName\":\"search_term_string\"}}],\"inLanguage\":\"pt-BR\"},{\"@type\":\"Organization\",\"@id\":\"https:\/\/www.oarcanjo.net\/site\/#organization\",\"name\":\"Par\u00f3quia S\u00e3o Miguel Arcanjo\",\"url\":\"https:\/\/www.oarcanjo.net\/site\/\",\"logo\":{\"@type\":\"ImageObject\",\"inLanguage\":\"pt-BR\",\"@id\":\"https:\/\/www.oarcanjo.net\/site\/#\/schema\/logo\/image\/\",\"url\":\"https:\/\/www.oarcanjo.net\/site\/wp-content\/uploads\/LogoOArcanjo.png\",\"contentUrl\":\"https:\/\/www.oarcanjo.net\/site\/wp-content\/uploads\/LogoOArcanjo.png\",\"width\":319,\"height\":99,\"caption\":\"Par\u00f3quia S\u00e3o Miguel Arcanjo\"},\"image\":{\"@id\":\"https:\/\/www.oarcanjo.net\/site\/#\/schema\/logo\/image\/\"},\"sameAs\":[\"https:\/\/www.facebook.com\/OArcanjoNoAr\/\"]},{\"@type\":\"Person\",\"@id\":\"https:\/\/www.oarcanjo.net\/site\/#\/schema\/person\/f7870e710d8c8c30673de3a0ac2e451d\",\"name\":\"carlos\"}]}<\/script>\n<!-- \/ Yoast SEO plugin. -->","yoast_head_json":{"title":"Almo\u00e7o de Natal da S\u00e3o Martinho - O Arcanjo no ar","robots":{"index":"index","follow":"follow","max-snippet":"max-snippet:-1","max-image-preview":"max-image-preview:large","max-video-preview":"max-video-preview:-1"},"canonical":"https:\/\/www.oarcanjo.net\/site\/almoco-de-natal-da-sao-martinho\/","og_locale":"pt_BR","og_type":"article","og_title":"Almo\u00e7o de Natal da S\u00e3o Martinho - O Arcanjo no ar","og_description":"Nesta segunda-feira, realizou-se o almo\u00e7o de Natal do Povo da Rua na Comunidade S\u00e3o Martinho de Lima. Pe Julio e o Bispo Dom Edmar estavam l\u00e1, como tamb\u00e9m muitos volunt\u00e1rios da Par\u00f3quia S\u00e3o Miguel Arcanjo. O povo rezou e cantou. As fotos mostram os pratos, os volunt\u00e1rios e especialmente o grande n\u00famero de pessoas em [&hellip;]","og_url":"https:\/\/www.oarcanjo.net\/site\/almoco-de-natal-da-sao-martinho\/","og_site_name":"O Arcanjo no ar","article_publisher":"https:\/\/www.facebook.com\/OArcanjoNoAr\/","article_published_time":"2013-12-23T21:19:42+00:00","article_modified_time":"2014-01-02T16:14:09+00:00","og_image":[{"width":300,"height":300,"url":"https:\/\/www.oarcanjo.net\/site\/wp-content\/uploads\/logo-o-arcanjo-no-ar-facebook.png","type":"image\/png"}],"author":"carlos","twitter_card":"summary_large_image","twitter_misc":{"Escrito por":"carlos"},"schema":{"@context":"https:\/\/schema.org","@graph":[{"@type":"Article","@id":"https:\/\/www.oarcanjo.net\/site\/almoco-de-natal-da-sao-martinho\/#article","isPartOf":{"@id":"https:\/\/www.oarcanjo.net\/site\/almoco-de-natal-da-sao-martinho\/"},"author":{"name":"carlos","@id":"https:\/\/www.oarcanjo.net\/site\/#\/schema\/person\/f7870e710d8c8c30673de3a0ac2e451d"},"headline":"Almo\u00e7o de Natal da S\u00e3o Martinho","datePublished":"2013-12-23T21:19:42+00:00","dateModified":"2014-01-02T16:14:09+00:00","mainEntityOfPage":{"@id":"https:\/\/www.oarcanjo.net\/site\/almoco-de-natal-da-sao-martinho\/"},"wordCount":91,"commentCount":0,"publisher":{"@id":"https:\/\/www.oarcanjo.net\/site\/#organization"},"articleSection":["Not\u00edcias"],"inLanguage":"pt-BR","potentialAction":[{"@type":"CommentAction","name":"Comment","target":["https:\/\/www.oarcanjo.net\/site\/almoco-de-natal-da-sao-martinho\/#respond"]}]},{"@type":"WebPage","@id":"https:\/\/www.oarcanjo.net\/site\/almoco-de-natal-da-sao-martinho\/","url":"https:\/\/www.oarcanjo.net\/site\/almoco-de-natal-da-sao-martinho\/","name":"Almo\u00e7o de Natal da S\u00e3o Martinho - O Arcanjo no ar","isPartOf":{"@id":"https:\/\/www.oarcanjo.net\/site\/#website"},"datePublished":"2013-12-23T21:19:42+00:00","dateModified":"2014-01-02T16:14:09+00:00","breadcrumb":{"@id":"https:\/\/www.oarcanjo.net\/site\/almoco-de-natal-da-sao-martinho\/#breadcrumb"},"inLanguage":"pt-BR","potentialAction":[{"@type":"ReadAction","target":["https:\/\/www.oarcanjo.net\/site\/almoco-de-natal-da-sao-martinho\/"]}]},{"@type":"BreadcrumbList","@id":"https:\/\/www.oarcanjo.net\/site\/almoco-de-natal-da-sao-martinho\/#breadcrumb","itemListElement":[{"@type":"ListItem","position":1,"name":"In\u00edcio","item":"https:\/\/www.oarcanjo.net\/site\/"},{"@type":"ListItem","position":2,"name":"Almo\u00e7o de Natal da S\u00e3o Martinho"}]},{"@type":"WebSite","@id":"https:\/\/www.oarcanjo.net\/site\/#website","url":"https:\/\/www.oarcanjo.net\/site\/","name":"O Arcanjo no ar","description":"Site da Par\u00f3quia S\u00e3o Miguel Arcanjo (Arquidiocese de SP)","publisher":{"@id":"https:\/\/www.oarcanjo.net\/site\/#organization"},"potentialAction":[{"@type":"SearchAction","target":{"@type":"EntryPoint","urlTemplate":"https:\/\/www.oarcanjo.net\/site\/?s={search_term_string}"},"query-input":{"@type":"PropertyValueSpecification","valueRequired":true,"valueName":"search_term_string"}}],"inLanguage":"pt-BR"},{"@type":"Organization","@id":"https:\/\/www.oarcanjo.net\/site\/#organization","name":"Par\u00f3quia S\u00e3o Miguel Arcanjo","url":"https:\/\/www.oarcanjo.net\/site\/","logo":{"@type":"ImageObject","inLanguage":"pt-BR","@id":"https:\/\/www.oarcanjo.net\/site\/#\/schema\/logo\/image\/","url":"https:\/\/www.oarcanjo.net\/site\/wp-content\/uploads\/LogoOArcanjo.png","contentUrl":"https:\/\/www.oarcanjo.net\/site\/wp-content\/uploads\/LogoOArcanjo.png","width":319,"height":99,"caption":"Par\u00f3quia S\u00e3o Miguel Arcanjo"},"image":{"@id":"https:\/\/www.oarcanjo.net\/site\/#\/schema\/logo\/image\/"},"sameAs":["https:\/\/www.facebook.com\/OArcanjoNoAr\/"]},{"@type":"Person","@id":"https:\/\/www.oarcanjo.net\/site\/#\/schema\/person\/f7870e710d8c8c30673de3a0ac2e451d","name":"carlos"}]}},"publishpress_future_action":{"enabled":false,"date":"2026-05-07 06:29:55","action":"category","newStatus":"draft","terms":[],"taxonomy":"category"},"publishpress_future_workflow_manual_trigger":{"enabledWorkflows":[]},"_links":{"self":[{"href":"https:\/\/www.oarcanjo.net\/site\/wp-json\/wp\/v2\/posts\/24070"}],"collection":[{"href":"https:\/\/www.oarcanjo.net\/site\/wp-json\/wp\/v2\/posts"}],"about":[{"href":"https:\/\/www.oarcanjo.net\/site\/wp-json\/wp\/v2\/types\/post"}],"author":[{"embeddable":true,"href":"https:\/\/www.oarcanjo.net\/site\/wp-json\/wp\/v2\/users\/10"}],"replies":[{"embeddable":true,"href":"https:\/\/www.oarcanjo.net\/site\/wp-json\/wp\/v2\/comments?post=24070"}],"version-history":[{"count":0,"href":"https:\/\/www.oarcanjo.net\/site\/wp-json\/wp\/v2\/posts\/24070\/revisions"}],"wp:attachment":[{"href":"https:\/\/www.oarcanjo.net\/site\/wp-json\/wp\/v2\/media?parent=24070"}],"wp:term":[{"taxonomy":"category","embeddable":true,"href":"https:\/\/www.oarcanjo.net\/site\/wp-json\/wp\/v2\/categories?post=24070"},{"taxonomy":"post_tag","embeddable":true,"href":"https:\/\/www.oarcanjo.net\/site\/wp-json\/wp\/v2\/tags?post=24070"}],"curies":[{"name":"wp","href":"https:\/\/api.w.org\/{rel}","templated":true}]}}