
{"id":24089,"date":"2013-12-25T22:38:15","date_gmt":"2013-12-26T00:38:15","guid":{"rendered":"http:\/\/www.oarcanjo.net\/site\/?p=24089"},"modified":"2014-01-02T14:13:48","modified_gmt":"2014-01-02T16:13:48","slug":"natal-na-cracolandia","status":"publish","type":"post","link":"https:\/\/www.oarcanjo.net\/site\/natal-na-cracolandia\/","title":{"rendered":"Natal na Cracol\u00e2ndia"},"content":{"rendered":"<p style=\"text-align: justify;\">Nesta tarde de Natal, \u00e0s 15hs ocorreu a celebra\u00e7\u00e3o eucar\u00edstica na cracol\u00e2ndia, at\u00e9 com participa\u00e7\u00e3o ecum\u00eanica em uma das m\u00fasicas e na partilha de lanches\u00a0\u00a0que aconteceu depois. Os lanches e sucos preparados pela Miss\u00e3o Bel\u00e9m e pelos irm\u00e3os\u00a0 da Cristol\u00e2ndia se fundiram e foram entregues para os sofredores de rua da cracol\u00e2ndia. Bonito e significativo o gesto do Pe Julio ao colocar o bon\u00e9 dos evang\u00e9licos e ao mesmo tempo a estola no pastor. Uni\u00e3o plena da f\u00e9.<\/p>\n<p style=\"text-align: justify;\">Na sequ\u00eancia foi encenado o nascimento de Jesus por um grupo teatral e dele participaram tamb\u00e9m as pessoas sofredoras do local, que como os magos, foram levar presentes para Jesus, na forma de um afago, um carinho, um olhar, uma l\u00e1grima. At\u00e9 as rep\u00f3rteres das emissoras de televis\u00e3o estavam emocionadas (muitos olhos marejados).<\/p>\n<p style=\"text-align: justify;\">As fotos mostram\u00a0 o momento celebrativo, a\u00a0 dan\u00e7a e a m\u00fasica, a encena\u00e7\u00e3o, as fragilidades e toda a emo\u00e7\u00e3o. Pe Julio caminhava de um lado para outro acolhendo e aben\u00e7oando, bem como mostrando o caminho da Miss\u00e3o Bel\u00e9m.<\/p>\n<p style=\"text-align: justify;\">Seguem as fotos<\/p>\n<p style=\"text-align: justify;\">ngg_shortcode_0_placeholder<\/p>\n<div id=\"themify_builder_content-24089\" data-postid=\"24089\" class=\"themify_builder_content themify_builder_content-24089 themify_builder themify_builder_front\">\n\t<\/div>\n<!-- \/themify_builder_content -->","protected":false},"excerpt":{"rendered":"<p>Nesta tarde de Natal, \u00e0s 15hs ocorreu a celebra\u00e7\u00e3o eucar\u00edstica na cracol\u00e2ndia, at\u00e9 com participa\u00e7\u00e3o ecum\u00eanica em uma das m\u00fasicas e na partilha de lanches\u00a0\u00a0que aconteceu depois. Os lanches e sucos preparados pela Miss\u00e3o Bel\u00e9m e pelos irm\u00e3os\u00a0 da Cristol\u00e2ndia se fundiram e foram entregues para os sofredores de rua da cracol\u00e2ndia. Bonito e significativo [&hellip;]<\/p>\n","protected":false},"author":10,"featured_media":0,"comment_status":"open","ping_status":"open","sticky":false,"template":"","format":"standard","meta":{"ngg_post_thumbnail":0,"footnotes":""},"categories":[8],"tags":[],"yoast_head":"<!-- This site is optimized with the Yoast SEO plugin v23.5 - https:\/\/yoast.com\/wordpress\/plugins\/seo\/ -->\n<title>Natal na Cracol\u00e2ndia - O Arcanjo no ar<\/title>\n<meta name=\"robots\" content=\"index, follow, max-snippet:-1, max-image-preview:large, max-video-preview:-1\" \/>\n<link rel=\"canonical\" href=\"https:\/\/www.oarcanjo.net\/site\/natal-na-cracolandia\/\" \/>\n<meta property=\"og:locale\" content=\"pt_BR\" \/>\n<meta property=\"og:type\" content=\"article\" \/>\n<meta property=\"og:title\" content=\"Natal na Cracol\u00e2ndia - O Arcanjo no ar\" \/>\n<meta property=\"og:description\" content=\"Nesta tarde de Natal, \u00e0s 15hs ocorreu a celebra\u00e7\u00e3o eucar\u00edstica na cracol\u00e2ndia, at\u00e9 com participa\u00e7\u00e3o ecum\u00eanica em uma das m\u00fasicas e na partilha de lanches\u00a0\u00a0que aconteceu depois. Os lanches e sucos preparados pela Miss\u00e3o Bel\u00e9m e pelos irm\u00e3os\u00a0 da Cristol\u00e2ndia se fundiram e foram entregues para os sofredores de rua da cracol\u00e2ndia. Bonito e significativo [&hellip;]\" \/>\n<meta property=\"og:url\" content=\"https:\/\/www.oarcanjo.net\/site\/natal-na-cracolandia\/\" \/>\n<meta property=\"og:site_name\" content=\"O Arcanjo no ar\" \/>\n<meta property=\"article:publisher\" content=\"https:\/\/www.facebook.com\/OArcanjoNoAr\/\" \/>\n<meta property=\"article:published_time\" content=\"2013-12-26T00:38:15+00:00\" \/>\n<meta property=\"article:modified_time\" content=\"2014-01-02T16:13:48+00:00\" \/>\n<meta property=\"og:image\" content=\"https:\/\/www.oarcanjo.net\/site\/wp-content\/uploads\/logo-o-arcanjo-no-ar-facebook.png\" \/>\n\t<meta property=\"og:image:width\" content=\"300\" \/>\n\t<meta property=\"og:image:height\" content=\"300\" \/>\n\t<meta property=\"og:image:type\" content=\"image\/png\" \/>\n<meta name=\"author\" content=\"carlos\" \/>\n<meta name=\"twitter:card\" content=\"summary_large_image\" \/>\n<meta name=\"twitter:label1\" content=\"Escrito por\" \/>\n\t<meta name=\"twitter:data1\" content=\"carlos\" \/>\n\t<meta name=\"twitter:label2\" content=\"Est. tempo de leitura\" \/>\n\t<meta name=\"twitter:data2\" content=\"1 minuto\" \/>\n<script type=\"application\/ld+json\" class=\"yoast-schema-graph\">{\"@context\":\"https:\/\/schema.org\",\"@graph\":[{\"@type\":\"Article\",\"@id\":\"https:\/\/www.oarcanjo.net\/site\/natal-na-cracolandia\/#article\",\"isPartOf\":{\"@id\":\"https:\/\/www.oarcanjo.net\/site\/natal-na-cracolandia\/\"},\"author\":{\"name\":\"carlos\",\"@id\":\"https:\/\/www.oarcanjo.net\/site\/#\/schema\/person\/f7870e710d8c8c30673de3a0ac2e451d\"},\"headline\":\"Natal na Cracol\u00e2ndia\",\"datePublished\":\"2013-12-26T00:38:15+00:00\",\"dateModified\":\"2014-01-02T16:13:48+00:00\",\"mainEntityOfPage\":{\"@id\":\"https:\/\/www.oarcanjo.net\/site\/natal-na-cracolandia\/\"},\"wordCount\":204,\"commentCount\":0,\"publisher\":{\"@id\":\"https:\/\/www.oarcanjo.net\/site\/#organization\"},\"articleSection\":[\"Not\u00edcias\"],\"inLanguage\":\"pt-BR\",\"potentialAction\":[{\"@type\":\"CommentAction\",\"name\":\"Comment\",\"target\":[\"https:\/\/www.oarcanjo.net\/site\/natal-na-cracolandia\/#respond\"]}]},{\"@type\":\"WebPage\",\"@id\":\"https:\/\/www.oarcanjo.net\/site\/natal-na-cracolandia\/\",\"url\":\"https:\/\/www.oarcanjo.net\/site\/natal-na-cracolandia\/\",\"name\":\"Natal na Cracol\u00e2ndia - O Arcanjo no ar\",\"isPartOf\":{\"@id\":\"https:\/\/www.oarcanjo.net\/site\/#website\"},\"datePublished\":\"2013-12-26T00:38:15+00:00\",\"dateModified\":\"2014-01-02T16:13:48+00:00\",\"breadcrumb\":{\"@id\":\"https:\/\/www.oarcanjo.net\/site\/natal-na-cracolandia\/#breadcrumb\"},\"inLanguage\":\"pt-BR\",\"potentialAction\":[{\"@type\":\"ReadAction\",\"target\":[\"https:\/\/www.oarcanjo.net\/site\/natal-na-cracolandia\/\"]}]},{\"@type\":\"BreadcrumbList\",\"@id\":\"https:\/\/www.oarcanjo.net\/site\/natal-na-cracolandia\/#breadcrumb\",\"itemListElement\":[{\"@type\":\"ListItem\",\"position\":1,\"name\":\"In\u00edcio\",\"item\":\"https:\/\/www.oarcanjo.net\/site\/\"},{\"@type\":\"ListItem\",\"position\":2,\"name\":\"Natal na Cracol\u00e2ndia\"}]},{\"@type\":\"WebSite\",\"@id\":\"https:\/\/www.oarcanjo.net\/site\/#website\",\"url\":\"https:\/\/www.oarcanjo.net\/site\/\",\"name\":\"O Arcanjo no ar\",\"description\":\"Site da Par\u00f3quia S\u00e3o Miguel Arcanjo (Arquidiocese de SP)\",\"publisher\":{\"@id\":\"https:\/\/www.oarcanjo.net\/site\/#organization\"},\"potentialAction\":[{\"@type\":\"SearchAction\",\"target\":{\"@type\":\"EntryPoint\",\"urlTemplate\":\"https:\/\/www.oarcanjo.net\/site\/?s={search_term_string}\"},\"query-input\":{\"@type\":\"PropertyValueSpecification\",\"valueRequired\":true,\"valueName\":\"search_term_string\"}}],\"inLanguage\":\"pt-BR\"},{\"@type\":\"Organization\",\"@id\":\"https:\/\/www.oarcanjo.net\/site\/#organization\",\"name\":\"Par\u00f3quia S\u00e3o Miguel Arcanjo\",\"url\":\"https:\/\/www.oarcanjo.net\/site\/\",\"logo\":{\"@type\":\"ImageObject\",\"inLanguage\":\"pt-BR\",\"@id\":\"https:\/\/www.oarcanjo.net\/site\/#\/schema\/logo\/image\/\",\"url\":\"https:\/\/www.oarcanjo.net\/site\/wp-content\/uploads\/LogoOArcanjo.png\",\"contentUrl\":\"https:\/\/www.oarcanjo.net\/site\/wp-content\/uploads\/LogoOArcanjo.png\",\"width\":319,\"height\":99,\"caption\":\"Par\u00f3quia S\u00e3o Miguel Arcanjo\"},\"image\":{\"@id\":\"https:\/\/www.oarcanjo.net\/site\/#\/schema\/logo\/image\/\"},\"sameAs\":[\"https:\/\/www.facebook.com\/OArcanjoNoAr\/\"]},{\"@type\":\"Person\",\"@id\":\"https:\/\/www.oarcanjo.net\/site\/#\/schema\/person\/f7870e710d8c8c30673de3a0ac2e451d\",\"name\":\"carlos\"}]}<\/script>\n<!-- \/ Yoast SEO plugin. -->","yoast_head_json":{"title":"Natal na Cracol\u00e2ndia - O Arcanjo no ar","robots":{"index":"index","follow":"follow","max-snippet":"max-snippet:-1","max-image-preview":"max-image-preview:large","max-video-preview":"max-video-preview:-1"},"canonical":"https:\/\/www.oarcanjo.net\/site\/natal-na-cracolandia\/","og_locale":"pt_BR","og_type":"article","og_title":"Natal na Cracol\u00e2ndia - O Arcanjo no ar","og_description":"Nesta tarde de Natal, \u00e0s 15hs ocorreu a celebra\u00e7\u00e3o eucar\u00edstica na cracol\u00e2ndia, at\u00e9 com participa\u00e7\u00e3o ecum\u00eanica em uma das m\u00fasicas e na partilha de lanches\u00a0\u00a0que aconteceu depois. Os lanches e sucos preparados pela Miss\u00e3o Bel\u00e9m e pelos irm\u00e3os\u00a0 da Cristol\u00e2ndia se fundiram e foram entregues para os sofredores de rua da cracol\u00e2ndia. Bonito e significativo [&hellip;]","og_url":"https:\/\/www.oarcanjo.net\/site\/natal-na-cracolandia\/","og_site_name":"O Arcanjo no ar","article_publisher":"https:\/\/www.facebook.com\/OArcanjoNoAr\/","article_published_time":"2013-12-26T00:38:15+00:00","article_modified_time":"2014-01-02T16:13:48+00:00","og_image":[{"width":300,"height":300,"url":"https:\/\/www.oarcanjo.net\/site\/wp-content\/uploads\/logo-o-arcanjo-no-ar-facebook.png","type":"image\/png"}],"author":"carlos","twitter_card":"summary_large_image","twitter_misc":{"Escrito por":"carlos","Est. tempo de leitura":"1 minuto"},"schema":{"@context":"https:\/\/schema.org","@graph":[{"@type":"Article","@id":"https:\/\/www.oarcanjo.net\/site\/natal-na-cracolandia\/#article","isPartOf":{"@id":"https:\/\/www.oarcanjo.net\/site\/natal-na-cracolandia\/"},"author":{"name":"carlos","@id":"https:\/\/www.oarcanjo.net\/site\/#\/schema\/person\/f7870e710d8c8c30673de3a0ac2e451d"},"headline":"Natal na Cracol\u00e2ndia","datePublished":"2013-12-26T00:38:15+00:00","dateModified":"2014-01-02T16:13:48+00:00","mainEntityOfPage":{"@id":"https:\/\/www.oarcanjo.net\/site\/natal-na-cracolandia\/"},"wordCount":204,"commentCount":0,"publisher":{"@id":"https:\/\/www.oarcanjo.net\/site\/#organization"},"articleSection":["Not\u00edcias"],"inLanguage":"pt-BR","potentialAction":[{"@type":"CommentAction","name":"Comment","target":["https:\/\/www.oarcanjo.net\/site\/natal-na-cracolandia\/#respond"]}]},{"@type":"WebPage","@id":"https:\/\/www.oarcanjo.net\/site\/natal-na-cracolandia\/","url":"https:\/\/www.oarcanjo.net\/site\/natal-na-cracolandia\/","name":"Natal na Cracol\u00e2ndia - O Arcanjo no ar","isPartOf":{"@id":"https:\/\/www.oarcanjo.net\/site\/#website"},"datePublished":"2013-12-26T00:38:15+00:00","dateModified":"2014-01-02T16:13:48+00:00","breadcrumb":{"@id":"https:\/\/www.oarcanjo.net\/site\/natal-na-cracolandia\/#breadcrumb"},"inLanguage":"pt-BR","potentialAction":[{"@type":"ReadAction","target":["https:\/\/www.oarcanjo.net\/site\/natal-na-cracolandia\/"]}]},{"@type":"BreadcrumbList","@id":"https:\/\/www.oarcanjo.net\/site\/natal-na-cracolandia\/#breadcrumb","itemListElement":[{"@type":"ListItem","position":1,"name":"In\u00edcio","item":"https:\/\/www.oarcanjo.net\/site\/"},{"@type":"ListItem","position":2,"name":"Natal na Cracol\u00e2ndia"}]},{"@type":"WebSite","@id":"https:\/\/www.oarcanjo.net\/site\/#website","url":"https:\/\/www.oarcanjo.net\/site\/","name":"O Arcanjo no ar","description":"Site da Par\u00f3quia S\u00e3o Miguel Arcanjo (Arquidiocese de SP)","publisher":{"@id":"https:\/\/www.oarcanjo.net\/site\/#organization"},"potentialAction":[{"@type":"SearchAction","target":{"@type":"EntryPoint","urlTemplate":"https:\/\/www.oarcanjo.net\/site\/?s={search_term_string}"},"query-input":{"@type":"PropertyValueSpecification","valueRequired":true,"valueName":"search_term_string"}}],"inLanguage":"pt-BR"},{"@type":"Organization","@id":"https:\/\/www.oarcanjo.net\/site\/#organization","name":"Par\u00f3quia S\u00e3o Miguel Arcanjo","url":"https:\/\/www.oarcanjo.net\/site\/","logo":{"@type":"ImageObject","inLanguage":"pt-BR","@id":"https:\/\/www.oarcanjo.net\/site\/#\/schema\/logo\/image\/","url":"https:\/\/www.oarcanjo.net\/site\/wp-content\/uploads\/LogoOArcanjo.png","contentUrl":"https:\/\/www.oarcanjo.net\/site\/wp-content\/uploads\/LogoOArcanjo.png","width":319,"height":99,"caption":"Par\u00f3quia S\u00e3o Miguel Arcanjo"},"image":{"@id":"https:\/\/www.oarcanjo.net\/site\/#\/schema\/logo\/image\/"},"sameAs":["https:\/\/www.facebook.com\/OArcanjoNoAr\/"]},{"@type":"Person","@id":"https:\/\/www.oarcanjo.net\/site\/#\/schema\/person\/f7870e710d8c8c30673de3a0ac2e451d","name":"carlos"}]}},"publishpress_future_action":{"enabled":false,"date":"2026-05-07 08:06:25","action":"category","newStatus":"draft","terms":[],"taxonomy":"category"},"publishpress_future_workflow_manual_trigger":{"enabledWorkflows":[]},"_links":{"self":[{"href":"https:\/\/www.oarcanjo.net\/site\/wp-json\/wp\/v2\/posts\/24089"}],"collection":[{"href":"https:\/\/www.oarcanjo.net\/site\/wp-json\/wp\/v2\/posts"}],"about":[{"href":"https:\/\/www.oarcanjo.net\/site\/wp-json\/wp\/v2\/types\/post"}],"author":[{"embeddable":true,"href":"https:\/\/www.oarcanjo.net\/site\/wp-json\/wp\/v2\/users\/10"}],"replies":[{"embeddable":true,"href":"https:\/\/www.oarcanjo.net\/site\/wp-json\/wp\/v2\/comments?post=24089"}],"version-history":[{"count":0,"href":"https:\/\/www.oarcanjo.net\/site\/wp-json\/wp\/v2\/posts\/24089\/revisions"}],"wp:attachment":[{"href":"https:\/\/www.oarcanjo.net\/site\/wp-json\/wp\/v2\/media?parent=24089"}],"wp:term":[{"taxonomy":"category","embeddable":true,"href":"https:\/\/www.oarcanjo.net\/site\/wp-json\/wp\/v2\/categories?post=24089"},{"taxonomy":"post_tag","embeddable":true,"href":"https:\/\/www.oarcanjo.net\/site\/wp-json\/wp\/v2\/tags?post=24089"}],"curies":[{"name":"wp","href":"https:\/\/api.w.org\/{rel}","templated":true}]}}